{"id":31530,"date":"2017-08-18T13:08:33","date_gmt":"2017-08-18T16:08:33","guid":{"rendered":"https:\/\/www.mochileiros.com\/blog\/?p=31530"},"modified":"2018-09-14T03:24:52","modified_gmt":"2018-09-14T06:24:52","slug":"10-verdades-que-voce-precisa-saber-antes-de-encarar-o-salar-de-uyuni","status":"publish","type":"post","link":"https:\/\/www.mochileiros.com\/blog\/10-verdades-que-voce-precisa-saber-antes-de-encarar-o-salar-de-uyuni","title":{"rendered":"Salar de Uyuni &#8211; 10 verdades que voc\u00ea precisa saber antes de encarar"},"content":{"rendered":"<p>Posso passar uma eternidade listando motivos pelos quais voc\u00ea deveria ir ao <a href=\"https:\/\/umasulamericana.com\/salar-de-uyuni\/\" target=\"_blank\" rel=\"noopener\"><strong>Salar de Uyuni<\/strong><\/a>, um dos lugares mais impressionantes do mundo, mas vou listar 10 antes de come\u00e7ar a te contar umas verdades:<\/p>\n<ol>\n<li>A maior plan\u00edcie de sal do mundo, com mais de 10 mil quil\u00f4metros quadrados<\/li>\n<li>Natureza selvagem andina<\/li>\n<li>Lagos com cores que nem parecem reais<\/li>\n<li>Hotel com m\u00f3veis feitos de sal<\/li>\n<li>Isolamento do mundo<\/li>\n<li>Aventura<\/li>\n<li>Muito cen\u00e1rio para quem curte fotografia<\/li>\n<li>N\u00e3o \u00e9 t\u00e3o caro<\/li>\n<li>Nem \u00e9 muito longe<\/li>\n<li>Perfeito pra incluir em roteiros com Machu Picchu e Atacama<\/li>\n<\/ol>\n<p>Nenhum cent\u00edmetro das centenas de quil\u00f4metros rodados deixa a desejar! Da janela do 4&#215;4, para onde quer que voc\u00ea olhe, ter\u00e1 alguma coisa extraordin\u00e1ria para ser vista, mesmo que seja uma imensid\u00e3o branca.<\/p>\n<p><a href=\"https:\/\/umasulamericana.com\/salar-de-uyuni\/\" target=\"_blank\" rel=\"noopener\">Leia tudo o que voc\u00ea precisa saber sobre o Salar de Uyuni: quando ir, como chegar, quanto custa&#8230;<\/a><\/p>\n<p>E eu t\u00f4 mesmo investindo nos adjetivos, porque o Salar de Uyuni merece todos eles. Na verdade, acredito que o ser humano nem tenha conseguido criar uma palavra que defina aquela beleza toda. Acha que t\u00f4 exagerando? Veja meu <a href=\"http:\/\/www.umasulamericana.com\/relato-fotografico-salar-de-uyuni\/\" target=\"_blank\" rel=\"noopener\">relato fotogr\u00e1fico do tour de 3 dias<\/a>.<\/p>\n<div style=\"width: 1051px\" class=\"wp-caption alignnone\"><img loading=\"lazy\" decoding=\"async\" src=\"https:\/\/umasulamericana.files.wordpress.com\/2017\/02\/relato-salar-de-uyuni-dia-2-trilho-do-trem-no-salar.jpg\" alt=\"\" width=\"1041\" height=\"667\"><p class=\"wp-caption-text\">Foto: Aline Rodrigues &#8211; Uma Sul Americana<\/p><\/div>\n<p>Mas saiba que o <a href=\"https:\/\/umasulamericana.com\/salar-de-uyuni\/\" target=\"_blank\" rel=\"noopener\">Salar de Uyuni<\/a> n\u00e3o \u00e9 f\u00e1cil e nem \u00e9 pra todo mundo &#8211; o que eu acho mais legal!<\/p>\n<p>T\u00e1 disposto a deixar conforto, luxo e higiene por alguns dias? Ent\u00e3o pode sonhar com o Salar de Uyuni!<\/p>\n<p><strong>Vamos \u00e0s 10 coisas que voc\u00ea precisa saber antes de se enfiar em um tour pelo Salar de Uyuni:<\/strong><\/p>\n<div id=\"ez-toc-container\" class=\"ez-toc-v2_0_82_2 counter-hierarchy ez-toc-counter ez-toc-grey ez-toc-container-direction\">\n<div class=\"ez-toc-title-container\">\n<p class=\"ez-toc-title\" style=\"cursor:inherit\">\u00cdndice<\/p>\n<span class=\"ez-toc-title-toggle\"><a href=\"#\" class=\"ez-toc-pull-right ez-toc-btn ez-toc-btn-xs ez-toc-btn-default ez-toc-toggle\" aria-label=\"Alternar tabela de conte\u00fado\"><span class=\"ez-toc-js-icon-con\"><span class=\"\"><span class=\"eztoc-hide\" style=\"display:none;\">Toggle<\/span><span class=\"ez-toc-icon-toggle-span\"><svg style=\"fill: #999;color:#999\" xmlns=\"http:\/\/www.w3.org\/2000\/svg\" class=\"list-377408\" width=\"20px\" height=\"20px\" viewBox=\"0 0 24 24\" fill=\"none\"><path d=\"M6 6H4v2h2V6zm14 0H8v2h12V6zM4 11h2v2H4v-2zm16 0H8v2h12v-2zM4 16h2v2H4v-2zm16 0H8v2h12v-2z\" fill=\"currentColor\"><\/path><\/svg><svg style=\"fill: #999;color:#999\" class=\"arrow-unsorted-368013\" xmlns=\"http:\/\/www.w3.org\/2000\/svg\" width=\"10px\" height=\"10px\" viewBox=\"0 0 24 24\" version=\"1.2\" baseProfile=\"tiny\"><path d=\"M18.2 9.3l-6.2-6.3-6.2 6.3c-.2.2-.3.4-.3.7s.1.5.3.7c.2.2.4.3.7.3h11c.3 0 .5-.1.7-.3.2-.2.3-.5.3-.7s-.1-.5-.3-.7zM5.8 14.7l6.2 6.3 6.2-6.3c.2-.2.3-.5.3-.7s-.1-.5-.3-.7c-.2-.2-.4-.3-.7-.3h-11c-.3 0-.5.1-.7.3-.2.2-.3.5-.3.7s.1.5.3.7z\"\/><\/svg><\/span><\/span><\/span><\/a><\/span><\/div>\n<nav><ul class='ez-toc-list ez-toc-list-level-1 ' ><li class='ez-toc-page-1 ez-toc-heading-level-3'><a class=\"ez-toc-link ez-toc-heading-1\" href=\"https:\/\/www.mochileiros.com\/blog\/10-verdades-que-voce-precisa-saber-antes-de-encarar-o-salar-de-uyuni\/#%E2%99%A5_1_%E2%80%93_Ate_44_horas_sem_banho\" >\u2665 1 &#8211; At\u00e9 44 horas sem banho<\/a><\/li><li class='ez-toc-page-1 ez-toc-heading-level-3'><a class=\"ez-toc-link ez-toc-heading-2\" href=\"https:\/\/www.mochileiros.com\/blog\/10-verdades-que-voce-precisa-saber-antes-de-encarar-o-salar-de-uyuni\/#%E2%99%A5_2_%E2%80%93_Os_guias_nao_falam_ingles_nem_portugues\" >\u2665 2 &#8211; Os guias n\u00e3o falam ingl\u00eas, nem portugu\u00eas<\/a><\/li><li class='ez-toc-page-1 ez-toc-heading-level-3'><a class=\"ez-toc-link ez-toc-heading-3\" href=\"https:\/\/www.mochileiros.com\/blog\/10-verdades-que-voce-precisa-saber-antes-de-encarar-o-salar-de-uyuni\/#%E2%99%A5_3_%E2%80%93_A_maior_parte_da_Travessia_do_Salar_do_Uyuni_nao_e_no_salar\" >\u2665 3 &#8211; A maior parte da Travessia do Salar do Uyuni n\u00e3o \u00e9 no salar<\/a><\/li><li class='ez-toc-page-1 ez-toc-heading-level-3'><a class=\"ez-toc-link ez-toc-heading-4\" href=\"https:\/\/www.mochileiros.com\/blog\/10-verdades-que-voce-precisa-saber-antes-de-encarar-o-salar-de-uyuni\/#%E2%99%A5_4_%E2%80%93_E_mais_caro_comecar_pelo_Atacama_mas_e_mais_recomendado_pela_altitude\" >\u2665 4 &#8211; \u00c9 mais caro come\u00e7ar pelo Atacama, mas \u00e9 mais recomendado pela altitude<\/a><\/li><li class='ez-toc-page-1 ez-toc-heading-level-3'><a class=\"ez-toc-link ez-toc-heading-5\" href=\"https:\/\/www.mochileiros.com\/blog\/10-verdades-que-voce-precisa-saber-antes-de-encarar-o-salar-de-uyuni\/#%E2%99%A5_5_%E2%80%93_O_desconforto_no_4%C3%974\" >\u2665 5 &#8211; O desconforto no 4&#215;4<\/a><\/li><li class='ez-toc-page-1 ez-toc-heading-level-3'><a class=\"ez-toc-link ez-toc-heading-6\" href=\"https:\/\/www.mochileiros.com\/blog\/10-verdades-que-voce-precisa-saber-antes-de-encarar-o-salar-de-uyuni\/#%E2%99%A5_6_%E2%80%93_Comidas_simples_e_tipicas\" >\u2665 6 &#8211; Comidas simples e t\u00edpicas<\/a><\/li><li class='ez-toc-page-1 ez-toc-heading-level-3'><a class=\"ez-toc-link ez-toc-heading-7\" href=\"https:\/\/www.mochileiros.com\/blog\/10-verdades-que-voce-precisa-saber-antes-de-encarar-o-salar-de-uyuni\/#%E2%99%A5_7_%E2%80%93_Fazer_as_fotos_de_perspectiva_levam_tempo\" >\u2665 7 &#8211; Fazer as fotos de perspectiva levam tempo<\/a><\/li><li class='ez-toc-page-1 ez-toc-heading-level-3'><a class=\"ez-toc-link ez-toc-heading-8\" href=\"https:\/\/www.mochileiros.com\/blog\/10-verdades-que-voce-precisa-saber-antes-de-encarar-o-salar-de-uyuni\/#%E2%99%A5_8_%E2%80%93_Os_banheiros_naturais_serao_uma_realidade\" >\u2665 8 &#8211; Os banheiros naturais ser\u00e3o uma realidade<\/a><\/li><li class='ez-toc-page-1 ez-toc-heading-level-3'><a class=\"ez-toc-link ez-toc-heading-9\" href=\"https:\/\/www.mochileiros.com\/blog\/10-verdades-que-voce-precisa-saber-antes-de-encarar-o-salar-de-uyuni\/#%E2%99%A5_9_%E2%80%93_Eletricidade_tomadas_e_equipamentos_eletronicos\" >\u2665 9 &#8211; Eletricidade, tomadas e equipamentos eletr\u00f4nicos<\/a><\/li><li class='ez-toc-page-1 ez-toc-heading-level-3'><a class=\"ez-toc-link ez-toc-heading-10\" href=\"https:\/\/www.mochileiros.com\/blog\/10-verdades-que-voce-precisa-saber-antes-de-encarar-o-salar-de-uyuni\/#%E2%99%A5_10_%E2%80%93_Frio_e_ventania\" >\u2665 10 &#8211; Frio e ventania<\/a><\/li><\/ul><\/nav><\/div>\n<h3><span class=\"ez-toc-section\" id=\"%E2%99%A5_1_%E2%80%93_Ate_44_horas_sem_banho\"><\/span><strong>\u2665 1 &#8211; At\u00e9 44 horas sem banho<\/strong><span class=\"ez-toc-section-end\"><\/span><\/h3>\n<p>N\u00e3o tem energia el\u00e9trica suficiente no Ref\u00fagio.<\/p>\n<p>Se voc\u00ea iniciar sua travessia por San Pedro de Atacama, a ag\u00eancia vai passar perto das 7h da manh\u00e3 na sua hospedagem e, se voc\u00ea tiver tomado banho, esse ser\u00e1 o \u00faltimo at\u00e9 chegar no hotel de sal, perto das 5 da tarde do dia seguinte (se seu carro chegar antes dos outros).<\/p>\n<p>J\u00e1 se come\u00e7ar por Uyuni, seu \u00faltimo banho ser\u00e1 no Hotel de Sal, perto das 6 da tarde. O pr\u00f3ximo banho ser\u00e1 s\u00f3 no Atacama, perto das 2 ou 3 da tarde do terceiro dia!<\/p>\n<p>Ah, o banho no hotel de sal custa 10 bolivianos, mas isso \u00e9 merreca!<\/p>\n<p>Ali\u00e1s, se quiser, pode encarar uma ducha gelada no Ref\u00fagio em uma temperatura m\u00e9dia de 14,3\u00b0C em dezembro ou 3,4\u00b0C em junho, mas que chega facilmente a temperaturas negativas no final tarde e \u00e0 noite (quando voc\u00ea tomaria o banho).<\/p>\n<p>Caso n\u00e3o tenha problema com isso, a higiene fica por conta do len\u00e7o umedecido mesmo!<\/p>\n<div style=\"width: 1248px\" class=\"wp-caption alignnone\"><img loading=\"lazy\" decoding=\"async\" src=\"https:\/\/umasulamericana.files.wordpress.com\/2017\/02\/12094981_842258752548391_980882503493133101_o.jpg\" alt=\"\" width=\"1238\" height=\"826\"><p class=\"wp-caption-text\">Ilha dos Cactos &#8211; Foto: Aline Rodrigues &#8211; Uma Sul Americana<\/p><\/div>\n<h3><span class=\"ez-toc-section\" id=\"%E2%99%A5_2_%E2%80%93_Os_guias_nao_falam_ingles_nem_portugues\"><\/span><strong>\u2665 2 &#8211; Os guias n\u00e3o falam ingl\u00eas, nem portugu\u00eas<\/strong><span class=\"ez-toc-section-end\"><\/span><\/h3>\n<p>A maioria dos guias do Salar de Uyuni falam apenas espanhol. Se voc\u00ea <em>no compreende mucho lo idioma<\/em>\u00a0vai perder um pouquinho das informa\u00e7\u00f5es, mas n\u00e3o s\u00e3o tantas assim. Nada que v\u00e1 fazer perder o encanto da travessia.<\/p>\n<p>Mesmo assim,\u00a0\u00e9 importante saber alguma coisinha para n\u00e3o perder tudo, inclusive informa\u00e7\u00f5es importantes de seguran\u00e7a e orienta\u00e7\u00f5es.<\/p>\n<p>Veja <a href=\"http:\/\/www.umasulamericana.com\/tag\/guia-de-portunhol\/\" target=\"_blank\" rel=\"noopener\">aqui umas dicas de Portunhol<\/a> pra voc\u00ea ir aprendendo at\u00e9 o dia da viagem.<\/p>\n<div style=\"width: 1248px\" class=\"wp-caption alignnone\"><img loading=\"lazy\" decoding=\"async\" src=\"https:\/\/umasulamericana.files.wordpress.com\/2017\/02\/12032655_842258605881739_497006159397561001_o.jpg\" alt=\"\" width=\"1238\" height=\"826\"><p class=\"wp-caption-text\">Guanacos &#8211; Foto: Aline Rodrigues &#8211; Uma Sul Americana<\/p><\/div>\n<h3><span class=\"ez-toc-section\" id=\"%E2%99%A5_3_%E2%80%93_A_maior_parte_da_Travessia_do_Salar_do_Uyuni_nao_e_no_salar\"><\/span><strong>\u2665 3 &#8211; A maior parte da Travessia do Salar do Uyuni n\u00e3o \u00e9 no salar<\/strong><span class=\"ez-toc-section-end\"><\/span><\/h3>\n<p>Dos tr\u00eas dias de tour, tempo em que a maioria das pessoas fazem a travessia, apenas um \u00e9 feito no salar, propriamente dito.<\/p>\n<p>A maior parte do passeio \u00e9 pela Reserva Nacional de Fauna Andina Eduardo Avaroa (<a href=\"http:\/\/boliviarea.com\/ES\/\" target=\"_blank\" rel=\"noopener\">site oficial<\/a>). \u00c9 nesse parque que est\u00e3o as lagunas altipl\u00e2nicas de cores surreais que voc\u00ea v\u00ea nas fotos.<\/p>\n<p>Na verdade, a plan\u00edcie de sal \u00e9 vista em apenas algumas horas, ent\u00e3o se voc\u00ea tava esperando algo diferente, \u00e9 bom que saiba antes para n\u00e3o se frustrar.<\/p>\n<p>Mas o tempo \u00e9 o suficiente pra ter no\u00e7\u00e3o da imensid\u00e3o do salar e mais que suficiente pra voc\u00ea nunca mais se esquecer.<\/p>\n<p>Eu tive que experimentar o ch\u00e3o pra crer que eu tava l\u00e1 mesmo. Leia <a href=\"http:\/\/www.umasulamericana.com\/meu-mochilao-pela-america-do-sul-em-5-sentidos\/\" target=\"_blank\" rel=\"noopener\">aqui<\/a>.<\/p>\n<div style=\"width: 1248px\" class=\"wp-caption alignnone\"><img loading=\"lazy\" decoding=\"async\" src=\"https:\/\/umasulamericana.files.wordpress.com\/2015\/11\/53.jpg\" alt=\"\" width=\"1238\" height=\"826\"><p class=\"wp-caption-text\">Laguna Colorada &#8211; Foto: Aline Rodrigues &#8211; Uma Sul Americana<\/p><\/div>\n<h3><span class=\"ez-toc-section\" id=\"%E2%99%A5_4_%E2%80%93_E_mais_caro_comecar_pelo_Atacama_mas_e_mais_recomendado_pela_altitude\"><\/span><strong>\u2665 4 &#8211; \u00c9 mais caro come\u00e7ar pelo Atacama, mas \u00e9 mais recomendado pela altitude<\/strong><span class=\"ez-toc-section-end\"><\/span><\/h3>\n<p>A diferen\u00e7a financeira de quem come\u00e7a por San Pedro de Atacama pode chegar a R$200 a mais em alguns casos. Veja <a href=\"http:\/\/www.umasulamericana.com\/como-quanto-e-o-passeio-pelo-salar-de-uyuni-relato-de-3-dias-e-2-noites\/\" target=\"_blank\" rel=\"noopener\">aqui <\/a>os pre\u00e7os e op\u00e7\u00f5es dos passeios.<\/p>\n<p>Por\u00e9m, \u00e9 mais recomendado iniciar por l\u00e1 por causa da altitude, inclusive se seu roteiro inclui outras cidades bolivianas.<\/p>\n<p>San Pedro est\u00e1 a 2.400 metros acima do n\u00edvel do mar e, com exce\u00e7\u00e3o dos Geysers del Tatio a 4.320 metros e das lagunas altipl\u00e2nicas chilenas a 4.200, voc\u00ea estar\u00e1 mais baixo que os pontos da travessia do Salar de Uyuni.<\/p>\n<p>Por exemplo:<\/p>\n<ul>\n<li>Geyser Sol de Ma\u00f1ana &#8211;\u00a04900 m<\/li>\n<li>Deserto de Dali &#8211;\u00a04750 m<\/li>\n<li>Laguna Colorada &#8211;\u00a04278 m<\/li>\n<\/ul>\n<p>Numa viagem pelo altiplano, o recomend\u00e1vel \u00e9 subir gradativamente para amenizar os sintomas da altitude, chamado de soroche, que pode ser sentido \u00e0 partir de 2400 metros. Veja <a href=\"https:\/\/umasulamericana.com\/2015\/10\/06\/soroche-como-evitar-os-sintomas-causados-pela-altitude\/\" target=\"_blank\" rel=\"noopener\">aqui<\/a> todas as dicas para diminuir os efeitos do mal de altitude.<\/p>\n<div style=\"width: 1051px\" class=\"wp-caption alignnone\"><img loading=\"lazy\" decoding=\"async\" src=\"https:\/\/umasulamericana.files.wordpress.com\/2017\/02\/relato-salar-de-uyuni-dia-1-geyser-sol-de-mac3b1ana-1.jpg\" alt=\"\" width=\"1041\" height=\"667\"><p class=\"wp-caption-text\">Geyser Sol de Ma\u00f1ana &#8211; Foto: Aline Rodrigues &#8211; Uma Sul Americana<\/p><\/div>\n<h3><span class=\"ez-toc-section\" id=\"%E2%99%A5_5_%E2%80%93_O_desconforto_no_4%C3%974\"><\/span><strong>\u2665 5 &#8211; O desconforto no 4&#215;4<\/strong><span class=\"ez-toc-section-end\"><\/span><\/h3>\n<p>A travessia \u00e9 longa. O 4&#215;4 \u00e9 pequeno. S\u00e3o 6 pessoas nele. Tem uns trechos mais acidentados.\u00a0Fez as contas?<\/p>\n<p>Entre os desembarques para apreciar, fotografar e se alimentar, \u00e9 necess\u00e1rio passar um bom tempo dentro do ve\u00edculo. Sem muito espa\u00e7o para esticar as pernas, sendo chacoalhado de vez em quando, grandes altitudes. A verdade \u00e9 que vai ser desconfort\u00e1vel ficar esse tempo dentro do carro.<\/p>\n<p>Acrescente na conta as m\u00fasicas escolhidas pelo guia, que h\u00e1 uma grande chance de n\u00e3o ser compat\u00edvel com seu gosto musical, e \u00e0 poeira que pode entrar se algu\u00e9m n\u00e3o entender o recado dado para n\u00e3o abrir as janelas.<\/p>\n<p>\u00c9 perrengue, mas faz parte da gra\u00e7a de fazer a travessia.<\/p>\n<div style=\"width: 1248px\" class=\"wp-caption alignnone\"><img loading=\"lazy\" decoding=\"async\" src=\"https:\/\/umasulamericana.files.wordpress.com\/2015\/10\/uyuni2.jpg\" alt=\"\" width=\"1238\" height=\"826\"><p class=\"wp-caption-text\">Foto: Aline Rodrigues &#8211; Uma Sul Americana<\/p><\/div>\n<h3><span class=\"ez-toc-section\" id=\"%E2%99%A5_6_%E2%80%93_Comidas_simples_e_tipicas\"><\/span><strong>\u2665 6 &#8211; Comidas simples e t\u00edpicas<\/strong><span class=\"ez-toc-section-end\"><\/span><\/h3>\n<p>As refei\u00e7\u00f5es principais est\u00e3o inclu\u00eddas no tour: caf\u00e9 da manh\u00e3, almo\u00e7o e jantar.<\/p>\n<p>Sopa, pur\u00ea, salsicha, frango cozido, atum, arroz, salada simples e macarronada entre as op\u00e7\u00f5es do almo\u00e7o e jantar, mas sem op\u00e7\u00e3o de escolha, pois o guia prepara apenas um dos pratos. No caf\u00e9 da manh\u00e3 (tirando o primeiro dia, que \u00e9 maravilhoso e muito bem servido), bolacha de \u00e1gua e sal, ch\u00e1s e p\u00e3es.<\/p>\n<p>Inclusive h\u00e1 um almo\u00e7o que \u00e9 servi\u00e7o frio no meio do nada. No meu caso foi arroz com atum, milho e salada. A comida estava fria, j\u00e1 que n\u00e3o havia como ser esquentada. E a gente come no ch\u00e3o mesmo, com vento e poeira.<\/p>\n<p>Al\u00e9m dos snacks j\u00e1 recomendados para comer entre as refei\u00e7\u00f5es, se voc\u00ea possui restri\u00e7\u00f5es alimentares, leve suas pr\u00f3prias refei\u00e7\u00f5es, porque \u00e9 zero chance de comprar.<\/p>\n<div style=\"width: 1051px\" class=\"wp-caption alignnone\"><img loading=\"lazy\" decoding=\"async\" src=\"https:\/\/umasulamericana.files.wordpress.com\/2017\/02\/relato-salar-de-uyuni-dia-3-nascer-do-sol-na-ilha-incahuasi-ilha-do-pescado2.jpg\" alt=\"\" width=\"1041\" height=\"667\"><p class=\"wp-caption-text\">Ilha dos Cactos &#8211; Foto: Aline Rodrigues &#8211; Uma Sul Americana<\/p><\/div>\n<h3><span class=\"ez-toc-section\" id=\"%E2%99%A5_7_%E2%80%93_Fazer_as_fotos_de_perspectiva_levam_tempo\"><\/span><strong>\u2665 7 &#8211; Fazer as fotos de perspectiva levam tempo<\/strong><span class=\"ez-toc-section-end\"><\/span><\/h3>\n<p>Sabe aquelas fotos super legais, que brincam com a falta de refer\u00eancia da plan\u00edcie de sal? Elas n\u00e3o s\u00e3o t\u00e3o f\u00e1ceis assim de fazer.<\/p>\n<p>Leva um tempo at\u00e9 que se encaixe para parecer que as pessoas s\u00e3o miniaturas ou que objetos pare\u00e7am maiores.<\/p>\n<p>O guia do meu tour manjava dos paranau\u00eas e fez algumas fotos pra gente, mas ele teve que se dividir em todo o grupo. As fotos que eu tentei fazer ficaram uma trag\u00e9dia e quando eu tava pegando as manhas, era hora de partir.<\/p>\n<p>Ent\u00e3o treine em algum lugar antes e pense previamente o que quer fazer.<\/p>\n<div style=\"width: 1248px\" class=\"wp-caption alignnone\"><img loading=\"lazy\" decoding=\"async\" src=\"https:\/\/umasulamericana.files.wordpress.com\/2017\/02\/11225196_842258219215111_1617472172696546553_o.jpg\" alt=\"\" width=\"1238\" height=\"826\"><p class=\"wp-caption-text\">Uma luta \u00e9pica &#8211; Foto: Aline Rodrigues &#8211; Uma Sul Americana<\/p><\/div>\n<h3><span class=\"ez-toc-section\" id=\"%E2%99%A5_8_%E2%80%93_Os_banheiros_naturais_serao_uma_realidade\"><\/span><strong>\u2665 8 &#8211; Os banheiros naturais ser\u00e3o uma realidade<\/strong><span class=\"ez-toc-section-end\"><\/span><\/h3>\n<p>Uma das maiores recomenda\u00e7\u00f5es para lidar com a altitude \u00e9 se manter hidratado bebendo muita \u00e1gua.<\/p>\n<p>Lembra que falei sobre as longas dist\u00e2ncias? Ent\u00e3o!<\/p>\n<p>Tirando o ref\u00fagio e o hotel de sal, voc\u00ea vai se deparar com pouqu\u00edssimos banheiros no caminho.<\/p>\n<p>E nem matolete n\u00e3o \u00e9, porque n\u00e3o tem mato. O deserto ser\u00e1 seu lugar para aliviar aquela \u00e1gua toda. E tor\u00e7a para que o n\u00famero dois s\u00f3 queira dar o (mal) ar da gra\u00e7a a noite.<\/p>\n<p>Por isso \u00e9 altamente recomend\u00e1vel ter seu pr\u00f3prio papel higi\u00eanico e para as meninas, indico ter o condutor urin\u00e1rio, porque abaixar as cal\u00e7as no frio do altiplano \u00e9 um perrengue que pode ser evitado (veja <a href=\"http:\/\/www.umasulamericana.com\/condutor-urinario-feminino-faca-xixi-em-pe-nas-suas-viagens\/\" target=\"_blank\" rel=\"noopener\">aqui <\/a>o que \u00e9 o condutor).<\/p>\n<div style=\"width: 899px\" class=\"wp-caption alignnone\"><img loading=\"lazy\" decoding=\"async\" src=\"https:\/\/umasulamericana.files.wordpress.com\/2017\/07\/opc3a7c3b5es-do-roteiro-peru-bolc3advia-e-chile-10-15-20-25-e-30-dias-laguna-verde-uyuni-bolc3advia.jpg\" alt=\"\" width=\"889\" height=\"593\"><p class=\"wp-caption-text\">Laguna Verde &#8211; Foto: Aline Rodrigues &#8211; Uma Sul Americana<\/p><\/div>\n<h3><span class=\"ez-toc-section\" id=\"%E2%99%A5_9_%E2%80%93_Eletricidade_tomadas_e_equipamentos_eletronicos\"><\/span><strong>\u2665 9 &#8211; Eletricidade, tomadas e equipamentos eletr\u00f4nicos<\/strong><span class=\"ez-toc-section-end\"><\/span><\/h3>\n<p>No ref\u00fagio n\u00e3o h\u00e1 eletricidade antes de escurecer. Pelo que me lembro, isso aconteceu perto das 18h ou 19h. A pouca eletricidade que tem depois desse hor\u00e1rio \u00e9 para iluminar os c\u00f4modos e n\u00e3o h\u00e1 tomadas. Li relatos de quem ficou em ref\u00fagios onde havia uma tomada, mas tinha fila para usar.<\/p>\n<p>No hotel de sal s\u00f3 tem tomada no ambiente compartilhado, onde est\u00e3o as mesas e ainda assim, s\u00e3o poucas. Eu emprestei minha extens\u00e3o pra todo mundo que tava hospedado no meu hotel pra tentar aumentar as chances dos aparelhos serem carregados. E a minha sorte foi que meu guia chegou primeiro no hotel, por isso, al\u00e9m do banho, conseguimos colocar nossas coisas para carregar antes que a galera come\u00e7asse a chegar.<\/p>\n<p>Ou seja, por dois dias voc\u00ea ter\u00e1 que usar a mesma carga para fazer as fotos do Salar de Uyuni. Se puder, tenha uma bateria extra e um carregador port\u00e1til.<\/p>\n<p>E com tudo isso entenda que N\u00c3O TEM INTERNET! N\u00e3o vai ter internet durantes todos os dias da travessia. Avise seus pais pra eles n\u00e3o infartarem!<\/p>\n<div style=\"width: 1051px\" class=\"wp-caption alignnone\"><img loading=\"lazy\" decoding=\"async\" src=\"https:\/\/umasulamericana.files.wordpress.com\/2017\/02\/relato-salar-de-uyuni-dia-3-1.jpg\" alt=\"\" width=\"1041\" height=\"667\"><p class=\"wp-caption-text\">Foto: Aline Rodrigues &#8211; Uma Sul Americana<\/p><\/div>\n<h3><span class=\"ez-toc-section\" id=\"%E2%99%A5_10_%E2%80%93_Frio_e_ventania\"><\/span><strong>\u2665 10 &#8211; Frio e ventania<\/strong><span class=\"ez-toc-section-end\"><\/span><\/h3>\n<p>Como eu disse ali em cima, durante a travessia do Salar de Uyuni a gente pode passar muito frio.<\/p>\n<p>Dezembro \u00e9 o m\u00eas mais quente, com m\u00e1xima de 22\u00b0C e m\u00ednima de 6,5\u00b0C. Em junho, o m\u00eas mais frio, as temperaturas m\u00e1ximas alcan\u00e7am 12,7\u00b0C e as m\u00ednimas -5,8\u00b0C.<\/p>\n<p>Acrescente, a\u00ed o vento. Mas \u00e9 o SENHOR vento, fazendo com que a sensa\u00e7\u00e3o t\u00e9rmica seja menor ainda.<\/p>\n<p>Com hot\u00e9is sem eletricidade, pode esquecer o aquecedor. \u00c9 mandar pra cima do corpo aqueles cobertores que dificilmente s\u00e3o lavados e que todo mundo usa. Na noite do ref\u00fagio, eu nem tirei a roupa toda. Tirei s\u00f3 o casaco e a cal\u00e7a principal, mantendo meia cal\u00e7a, cal\u00e7a fleece e tudo mais. No outro dia de manh\u00e3 foi s\u00f3 levantar e colocar as pe\u00e7as principais por cima.<\/p>\n<p>E o vento? Quase me fez voar na laguna colorada &#8211; e olha que eu sou fora do padr\u00e3o e carrego uns bons quilos a mais nesse corpicho!<\/p>\n<div style=\"width: 1248px\" class=\"wp-caption alignnone\"><img loading=\"lazy\" decoding=\"async\" src=\"https:\/\/umasulamericana.files.wordpress.com\/2017\/02\/12080323_842256639215269_6811680565021027914_o.jpg\" alt=\"\" width=\"1238\" height=\"826\"><p class=\"wp-caption-text\">Flamingo &#8211; Foto: Aline Rodrigues &#8211; Uma Sul Americana<\/p><\/div>\n<p>\u00c9, guerreiro, voc\u00ea vai ter que encarar esses perrengues para poder apreciar as belezas do Salar de Uyuni. N\u00e3o \u00e9 moleza, n\u00e3o \u00e9 para qualquer um!<\/p>\n<p>At\u00e9 porque, se fosse, nem teria a mesma gra\u00e7a! Quando imagino o tour do Salar de Uyuni sem perrengue me d\u00e1 at\u00e9 tristeza.<\/p>\n<p>Os perrengues mais gostosos de viver!<\/p>\n<p>E a\u00ed, vai encarar?<\/p>\n<p><strong>Veja tamb\u00e9m:<\/strong><\/p>\n<blockquote class=\"wp-embedded-content\" data-secret=\"40xWxyPdlQ\"><p><a href=\"https:\/\/umasulamericana.com\/opcoes-de-roteiro-peru-bolivia-e-chile\/\" target=\"_blank\" rel=\"noopener\">Roteiro Peru, Bol\u00edvia e Chile &#8211; Op\u00e7\u00f5es de 10 a 30 dias<\/a><\/p><\/blockquote>\n<p><iframe loading=\"lazy\" class=\"wp-embedded-content\" sandbox=\"allow-scripts\" security=\"restricted\" style=\"position: absolute; clip: rect(1px, 1px, 1px, 1px);\" src=\"https:\/\/umasulamericana.com\/opcoes-de-roteiro-peru-bolivia-e-chile\/embed\/#?secret=40xWxyPdlQ\" data-secret=\"40xWxyPdlQ\" width=\"600\" height=\"338\" title=\"&#8220;Roteiro Peru, Bol\u00edvia e Chile &#8211; Op\u00e7\u00f5es de 10 a 30 dias&#8221; &#8212; Uma Sul Americana\" frameborder=\"0\" marginwidth=\"0\" marginheight=\"0\" scrolling=\"no\"><\/iframe><\/p>\n<blockquote class=\"wp-embedded-content\" data-secret=\"VwAUexEWZJ\"><p><a href=\"https:\/\/umasulamericana.com\/bolivia-10-coisas-que-voce-precisa-saber-antes-de-viajar\/\" target=\"_blank\" rel=\"noopener\">Viagem pela Bol\u00edvia \u2013 10 coisas que voc\u00ea precisa saber antes de ir<\/a><\/p><\/blockquote>\n<p><iframe loading=\"lazy\" class=\"wp-embedded-content\" sandbox=\"allow-scripts\" security=\"restricted\" style=\"position: absolute; clip: rect(1px, 1px, 1px, 1px);\" src=\"https:\/\/umasulamericana.com\/bolivia-10-coisas-que-voce-precisa-saber-antes-de-viajar\/embed\/#?secret=VwAUexEWZJ\" data-secret=\"VwAUexEWZJ\" width=\"600\" height=\"338\" title=\"&#8220;Viagem pela Bol\u00edvia \u2013 10 coisas que voc\u00ea precisa saber antes de ir&#8221; &#8212; Uma Sul Americana\" frameborder=\"0\" marginwidth=\"0\" marginheight=\"0\" scrolling=\"no\"><\/iframe><\/p>\n<blockquote><p>&nbsp;<\/p>\n<p>https:\/\/www.mochileiros.com\/blog\/blog\/10-lugares-no-peru-para-amar<\/p>\n<blockquote class=\"wp-embedded-content\" data-secret=\"vjB5MQcmzu\"><p><a href=\"https:\/\/umasulamericana.com\/salar-de-uyuni\/\" target=\"_blank\" rel=\"noopener\">Salar de Uyuni &#8211; Tudo o que voc\u00ea precisa saber<\/a><\/p><\/blockquote>\n<p><iframe loading=\"lazy\" class=\"wp-embedded-content\" sandbox=\"allow-scripts\" security=\"restricted\" style=\"position: absolute; clip: rect(1px, 1px, 1px, 1px);\" src=\"https:\/\/umasulamericana.com\/salar-de-uyuni\/embed\/#?secret=vjB5MQcmzu\" data-secret=\"vjB5MQcmzu\" width=\"600\" height=\"338\" title=\"&#8220;Salar de Uyuni &#8211; Tudo o que voc\u00ea precisa saber&#8221; &#8212; Uma Sul Americana\" frameborder=\"0\" marginwidth=\"0\" marginheight=\"0\" scrolling=\"no\"><\/iframe><\/p>\n<p>&nbsp;<\/p>\n<p><strong><img decoding=\"async\" src=\"https:\/\/umasulamericana.files.wordpress.com\/2015\/05\/c3adcone-mapa.png?w=15&amp;h=15\" alt=\"\u00edcone mapa\" \/>\u00a0Instagram: <a href=\"https:\/\/www.instagram.com\/umasulamericana\/\" target=\"_blank\" rel=\"noopener\">@umasulamericana<\/a><\/strong><\/p>\n<p><strong><img decoding=\"async\" src=\"https:\/\/umasulamericana.files.wordpress.com\/2015\/05\/c3adcone-mapa.png?w=15&amp;h=15\" alt=\"\u00edcone mapa\" \/>\u00a0Facebook: <a href=\"https:\/\/www.facebook.com\/umasulamericana\" target=\"_blank\" rel=\"noopener\">@umasulamericana<\/a><\/strong><\/p>\n<blockquote><p><a href=\"https:\/\/umasulamericana.com\" target=\"_blank\" rel=\"noopener\"><img decoding=\"async\" src=\"https:\/\/umasulamericana.files.wordpress.com\/2017\/01\/cabec3a7alho1.jpg\" alt=\"\"><\/a><\/p><\/blockquote>\n<\/blockquote>\n<p>&nbsp;<\/p>\n<p>&nbsp;<\/p>\n","protected":false},"excerpt":{"rendered":"<p>Posso passar uma eternidade listando motivos pelos quais voc\u00ea deveria ir ao Salar de Uyuni, um dos lugares mais impressionantes do mundo, mas vou listar 10 antes de come\u00e7ar a te contar umas verdades: A maior plan\u00edcie de sal do mundo, com mais de 10 mil quil\u00f4metros quadrados Natureza selvagem andina Lagos com cores que [&hellip;]<\/p>\n","protected":false},"author":1046,"featured_media":31535,"comment_status":"open","ping_status":"closed","sticky":false,"template":"","format":"standard","meta":{"googlesitekit_rrm_CAoiELM5mIOjYRN0nfylq3_9r-8:productID":"","_crdt_document":"","_daim_seo_power":"","_daim_enable_ail":"","footnotes":""},"categories":[1186,25],"tags":[1176,1494,1213],"class_list":["post-31530","post","type-post","status-publish","format-standard","has-post-thumbnail","hentry","category-america-do-sul","category-bolivia","tag-listas","tag-perrengues","tag-salar-de-uyuni"],"_links":{"self":[{"href":"https:\/\/www.mochileiros.com\/blog\/wp-json\/wp\/v2\/posts\/31530","targetHints":{"allow":["GET"]}}],"collection":[{"href":"https:\/\/www.mochileiros.com\/blog\/wp-json\/wp\/v2\/posts"}],"about":[{"href":"https:\/\/www.mochileiros.com\/blog\/wp-json\/wp\/v2\/types\/post"}],"author":[{"embeddable":true,"href":"https:\/\/www.mochileiros.com\/blog\/wp-json\/wp\/v2\/users\/1046"}],"replies":[{"embeddable":true,"href":"https:\/\/www.mochileiros.com\/blog\/wp-json\/wp\/v2\/comments?post=31530"}],"version-history":[{"count":0,"href":"https:\/\/www.mochileiros.com\/blog\/wp-json\/wp\/v2\/posts\/31530\/revisions"}],"wp:featuredmedia":[{"embeddable":true,"href":"https:\/\/www.mochileiros.com\/blog\/wp-json\/wp\/v2\/media\/31535"}],"wp:attachment":[{"href":"https:\/\/www.mochileiros.com\/blog\/wp-json\/wp\/v2\/media?parent=31530"}],"wp:term":[{"taxonomy":"category","embeddable":true,"href":"https:\/\/www.mochileiros.com\/blog\/wp-json\/wp\/v2\/categories?post=31530"},{"taxonomy":"post_tag","embeddable":true,"href":"https:\/\/www.mochileiros.com\/blog\/wp-json\/wp\/v2\/tags?post=31530"}],"curies":[{"name":"wp","href":"https:\/\/api.w.org\/{rel}","templated":true}]}}