{"id":31686,"date":"2017-08-24T15:55:05","date_gmt":"2017-08-24T18:55:05","guid":{"rendered":"https:\/\/www.mochileiros.com\/blog\/?p=31686"},"modified":"2017-08-24T15:55:05","modified_gmt":"2017-08-24T18:55:05","slug":"3-lugares-com-trilhas-incriveis-em-3-continentes-diferentes","status":"publish","type":"post","link":"https:\/\/www.mochileiros.com\/blog\/3-lugares-com-trilhas-incriveis-em-3-continentes-diferentes","title":{"rendered":"3 lugares espetaculares para fazer trilhas"},"content":{"rendered":"<p>Eu considero fazer trilhas o tipo de esporte mais democr\u00e1tico que existe. Qualquer pessoa em qualquer idade pode praticar, tem v\u00e1rios n\u00edveis, pode ser feita com pouco ou nenhum equipamento, te integra com a natureza e ainda \u00e9 de gra\u00e7a (as vezes se paga um guia).<\/p>\n<p>E aqui v\u00e3o 3 lugares perfeitos para qualquer pessoa que queira uma bela caminhada pois esses lugares tem tudo isso que mencionei e ainda muitas outras coisas para aproveitar.<\/p><div id=\"ez-toc-container\" class=\"ez-toc-v2_0_87 counter-hierarchy ez-toc-counter ez-toc-grey ez-toc-container-direction\">\n<div class=\"ez-toc-title-container\">\n<p class=\"ez-toc-title\" style=\"cursor:inherit\">\u00cdndice<\/p>\n<span class=\"ez-toc-title-toggle\"><a href=\"#\" class=\"ez-toc-pull-right ez-toc-btn ez-toc-btn-xs ez-toc-btn-default ez-toc-toggle\" aria-label=\"Alternar tabela de conte\u00fado\"><span class=\"ez-toc-js-icon-con\"><span class=\"\"><span class=\"eztoc-hide\" style=\"display:none;\">Toggle<\/span><span class=\"ez-toc-icon-toggle-span\"><svg style=\"fill: #999;color:#999\" xmlns=\"http:\/\/www.w3.org\/2000\/svg\" class=\"list-377408\" width=\"20px\" height=\"20px\" viewBox=\"0 0 24 24\" fill=\"none\"><path d=\"M6 6H4v2h2V6zm14 0H8v2h12V6zM4 11h2v2H4v-2zm16 0H8v2h12v-2zM4 16h2v2H4v-2zm16 0H8v2h12v-2z\" fill=\"currentColor\"><\/path><\/svg><svg style=\"fill: #999;color:#999\" class=\"arrow-unsorted-368013\" xmlns=\"http:\/\/www.w3.org\/2000\/svg\" width=\"10px\" height=\"10px\" viewBox=\"0 0 24 24\" version=\"1.2\" baseProfile=\"tiny\"><path d=\"M18.2 9.3l-6.2-6.3-6.2 6.3c-.2.2-.3.4-.3.7s.1.5.3.7c.2.2.4.3.7.3h11c.3 0 .5-.1.7-.3.2-.2.3-.5.3-.7s-.1-.5-.3-.7zM5.8 14.7l6.2 6.3 6.2-6.3c.2-.2.3-.5.3-.7s-.1-.5-.3-.7c-.2-.2-.4-.3-.7-.3h-11c-.3 0-.5.1-.7.3-.2.2-.3.5-.3.7s.1.5.3.7z\"\/><\/svg><\/span><\/span><\/span><\/a><\/span><\/div>\n<nav><ul class='ez-toc-list ez-toc-list-level-1 eztoc-toggle-hide-by-default' ><li class='ez-toc-page-1 ez-toc-heading-level-2'><a class=\"ez-toc-link ez-toc-heading-1\" href=\"https:\/\/www.mochileiros.com\/blog\/3-lugares-com-trilhas-incriveis-em-3-continentes-diferentes\/#1_%E2%80%93_Queenstown\" >1 &#8211; Queenstown<\/a><\/li><li class='ez-toc-page-1 ez-toc-heading-level-2'><a class=\"ez-toc-link ez-toc-heading-2\" href=\"https:\/\/www.mochileiros.com\/blog\/3-lugares-com-trilhas-incriveis-em-3-continentes-diferentes\/#2_%E2%80%93_Capadocia\" >2 &#8211; Capad\u00f3cia<\/a><\/li><li class='ez-toc-page-1 ez-toc-heading-level-2'><a class=\"ez-toc-link ez-toc-heading-3\" href=\"https:\/\/www.mochileiros.com\/blog\/3-lugares-com-trilhas-incriveis-em-3-continentes-diferentes\/#3_%E2%80%93_Chapada_Diamantina\" >3 &#8211; Chapada Diamantina<\/a><\/li><\/ul><\/nav><\/div>\n\n<h2><span class=\"ez-toc-section\" id=\"1_%E2%80%93_Queenstown\"><\/span>1 &#8211; Queenstown<span class=\"ez-toc-section-end\"><\/span><\/h2>\n<div id=\"attachment_31690\" style=\"width: 1010px\" class=\"wp-caption alignnone\"><img loading=\"lazy\" decoding=\"async\" aria-describedby=\"caption-attachment-31690\" class=\"wp-image-31690 size-large\" title=\"Queenstown - amoviajarbarato.com\" src=\"https:\/\/www.mochileiros.com\/blog\/wp-content\/uploads\/2017\/08\/20160408_121122-1024x461.jpg\" alt=\"Queenstown - amoviajarbarato.com\" width=\"1000\" height=\"450\" srcset=\"https:\/\/www.mochileiros.com\/blog\/wp-content\/uploads\/2017\/08\/20160408_121122-1024x461.jpg 1024w, https:\/\/www.mochileiros.com\/blog\/wp-content\/uploads\/2017\/08\/20160408_121122-300x135.jpg 300w, https:\/\/www.mochileiros.com\/blog\/wp-content\/uploads\/2017\/08\/20160408_121122-766x345.jpg 766w, https:\/\/www.mochileiros.com\/blog\/wp-content\/uploads\/2017\/08\/20160408_121122-1536x692.jpg 1536w, https:\/\/www.mochileiros.com\/blog\/wp-content\/uploads\/2017\/08\/20160408_121122.jpg 2048w, https:\/\/www.mochileiros.com\/blog\/wp-content\/uploads\/2017\/08\/20160408_121122-333x150.jpg 333w, https:\/\/www.mochileiros.com\/blog\/wp-content\/uploads\/2017\/08\/20160408_121122-100x45.jpg 100w, https:\/\/www.mochileiros.com\/blog\/wp-content\/uploads\/2017\/08\/20160408_121122-777x350.jpg 777w, https:\/\/www.mochileiros.com\/blog\/wp-content\/uploads\/2017\/08\/20160408_121122-788x354.jpg 788w, https:\/\/www.mochileiros.com\/blog\/wp-content\/uploads\/2017\/08\/20160408_121122-768x346.jpg 768w, https:\/\/www.mochileiros.com\/blog\/wp-content\/uploads\/2017\/08\/20160408_121122-313x141.jpg 313w, https:\/\/www.mochileiros.com\/blog\/wp-content\/uploads\/2017\/08\/20160408_121122-20x9.jpg 20w\" sizes=\"auto, (max-width: 1000px) 100vw, 1000px\" \/><p id=\"caption-attachment-31690\" class=\"wp-caption-text\">Foto: amoviajarbarato.com<\/p><\/div>\n<p>Conhecida mundialmente como uma das mecas de esportes de a\u00e7\u00e3o de todos os tipos, de mountain bike a snowboard, essa pequena cidade na ilha sul da Nova Zel\u00e2ndia possui cen\u00e1rios perfeitos para trilhas de tirar o f\u00f4lego.<\/p>\n<p>Com o lago Wakatipu emoldurado por grandes montanhas, essa cidade tem trilhas beirando o lago a outras que v\u00e3o ao cume de montanhas e pode-se dizer que Queenstown \u00e9 uma j\u00f3ia para os amantes de trilhas.<\/p>\n<div id=\"attachment_31691\" style=\"width: 1010px\" class=\"wp-caption alignnone\"><img loading=\"lazy\" decoding=\"async\" aria-describedby=\"caption-attachment-31691\" class=\"wp-image-31691 size-large\" title=\"Queenstown - Foto: amoviajarbarato.com\" src=\"https:\/\/www.mochileiros.com\/blog\/wp-content\/uploads\/2017\/08\/20160408_143543_RichtoneHDR-1024x549.jpg\" alt=\"Queenstown - Foto: amoviajarbarato.com\" width=\"1000\" height=\"536\" srcset=\"https:\/\/www.mochileiros.com\/blog\/wp-content\/uploads\/2017\/08\/20160408_143543_RichtoneHDR-1024x549.jpg 1024w, https:\/\/www.mochileiros.com\/blog\/wp-content\/uploads\/2017\/08\/20160408_143543_RichtoneHDR-300x161.jpg 300w, https:\/\/www.mochileiros.com\/blog\/wp-content\/uploads\/2017\/08\/20160408_143543_RichtoneHDR-768x412.jpg 768w, https:\/\/www.mochileiros.com\/blog\/wp-content\/uploads\/2017\/08\/20160408_143543_RichtoneHDR-313x168.jpg 313w, https:\/\/www.mochileiros.com\/blog\/wp-content\/uploads\/2017\/08\/20160408_143543_RichtoneHDR-20x11.jpg 20w, https:\/\/www.mochileiros.com\/blog\/wp-content\/uploads\/2017\/08\/20160408_143543_RichtoneHDR.jpg 2048w\" sizes=\"auto, (max-width: 1000px) 100vw, 1000px\" \/><p id=\"caption-attachment-31691\" class=\"wp-caption-text\">No final da trilha Ben Lomond \/ Foto: amoviajarbarato.com<\/p><\/div>\n<div id=\"attachment_31692\" style=\"width: 1010px\" class=\"wp-caption alignnone\"><img loading=\"lazy\" decoding=\"async\" aria-describedby=\"caption-attachment-31692\" class=\"wp-image-31692 size-large\" title=\"Queenstown - Foto: amoviajarbarato.com\" src=\"https:\/\/www.mochileiros.com\/blog\/wp-content\/uploads\/2017\/08\/20160408_145056-1024x576.jpg\" alt=\"Queenstown - Foto: amoviajarbarato.com\" width=\"1000\" height=\"563\" srcset=\"https:\/\/www.mochileiros.com\/blog\/wp-content\/uploads\/2017\/08\/20160408_145056-1024x576.jpg 1024w, https:\/\/www.mochileiros.com\/blog\/wp-content\/uploads\/2017\/08\/20160408_145056-300x169.jpg 300w, https:\/\/www.mochileiros.com\/blog\/wp-content\/uploads\/2017\/08\/20160408_145056-768x432.jpg 768w, https:\/\/www.mochileiros.com\/blog\/wp-content\/uploads\/2017\/08\/20160408_145056-313x176.jpg 313w, https:\/\/www.mochileiros.com\/blog\/wp-content\/uploads\/2017\/08\/20160408_145056-20x11.jpg 20w, https:\/\/www.mochileiros.com\/blog\/wp-content\/uploads\/2017\/08\/20160408_145056.jpg 2048w\" sizes=\"auto, (max-width: 1000px) 100vw, 1000px\" \/><p id=\"caption-attachment-31692\" class=\"wp-caption-text\">As trilhas bem sinalizadas \/ Foto: amoviajarbarato.com<\/p><\/div>\n<div id=\"attachment_31693\" style=\"width: 1010px\" class=\"wp-caption alignnone\"><img loading=\"lazy\" decoding=\"async\" aria-describedby=\"caption-attachment-31693\" class=\"wp-image-31693 size-large\" title=\"Queenstown - Foto: amoviajarbarato.com\" src=\"https:\/\/www.mochileiros.com\/blog\/wp-content\/uploads\/2017\/08\/20160408_144805_RichtoneHDR-1024x576.jpg\" alt=\"Queenstown - Foto: amoviajarbarato.com\" width=\"1000\" height=\"563\" srcset=\"https:\/\/www.mochileiros.com\/blog\/wp-content\/uploads\/2017\/08\/20160408_144805_RichtoneHDR-1024x576.jpg 1024w, https:\/\/www.mochileiros.com\/blog\/wp-content\/uploads\/2017\/08\/20160408_144805_RichtoneHDR-300x169.jpg 300w, https:\/\/www.mochileiros.com\/blog\/wp-content\/uploads\/2017\/08\/20160408_144805_RichtoneHDR-768x432.jpg 768w, https:\/\/www.mochileiros.com\/blog\/wp-content\/uploads\/2017\/08\/20160408_144805_RichtoneHDR-313x176.jpg 313w, https:\/\/www.mochileiros.com\/blog\/wp-content\/uploads\/2017\/08\/20160408_144805_RichtoneHDR-20x11.jpg 20w, https:\/\/www.mochileiros.com\/blog\/wp-content\/uploads\/2017\/08\/20160408_144805_RichtoneHDR.jpg 2048w\" sizes=\"auto, (max-width: 1000px) 100vw, 1000px\" \/><p id=\"caption-attachment-31693\" class=\"wp-caption-text\">Foto: amoviajarbarato.com<\/p><\/div>\n<div id=\"attachment_31694\" style=\"width: 1010px\" class=\"wp-caption alignnone\"><img loading=\"lazy\" decoding=\"async\" aria-describedby=\"caption-attachment-31694\" class=\"wp-image-31694 size-large\" title=\"Queenstown - Foto: amoviajarbarato.com\" src=\"https:\/\/www.mochileiros.com\/blog\/wp-content\/uploads\/2017\/08\/20160408_152100_RichtoneHDR-1024x576.jpg\" alt=\"Queenstown - Foto: amoviajarbarato.com\" width=\"1000\" height=\"563\" srcset=\"https:\/\/www.mochileiros.com\/blog\/wp-content\/uploads\/2017\/08\/20160408_152100_RichtoneHDR-1024x576.jpg 1024w, https:\/\/www.mochileiros.com\/blog\/wp-content\/uploads\/2017\/08\/20160408_152100_RichtoneHDR-300x169.jpg 300w, https:\/\/www.mochileiros.com\/blog\/wp-content\/uploads\/2017\/08\/20160408_152100_RichtoneHDR-768x432.jpg 768w, https:\/\/www.mochileiros.com\/blog\/wp-content\/uploads\/2017\/08\/20160408_152100_RichtoneHDR-313x176.jpg 313w, https:\/\/www.mochileiros.com\/blog\/wp-content\/uploads\/2017\/08\/20160408_152100_RichtoneHDR-20x11.jpg 20w, https:\/\/www.mochileiros.com\/blog\/wp-content\/uploads\/2017\/08\/20160408_152100_RichtoneHDR.jpg 2048w\" sizes=\"auto, (max-width: 1000px) 100vw, 1000px\" \/><p id=\"caption-attachment-31694\" class=\"wp-caption-text\">Foto: amoviajarbarato.com<\/p><\/div>\n<div id=\"attachment_31695\" style=\"width: 1010px\" class=\"wp-caption alignnone\"><img loading=\"lazy\" decoding=\"async\" aria-describedby=\"caption-attachment-31695\" class=\"wp-image-31695 size-large\" title=\"Queenstown - Foto: amoviajarbarato.com\" src=\"https:\/\/www.mochileiros.com\/blog\/wp-content\/uploads\/2017\/08\/20160409_111732_RichtoneHDR-1024x576.jpg\" alt=\"Queenstown - Foto: amoviajarbarato.com\" width=\"1000\" height=\"563\" srcset=\"https:\/\/www.mochileiros.com\/blog\/wp-content\/uploads\/2017\/08\/20160409_111732_RichtoneHDR-1024x576.jpg 1024w, https:\/\/www.mochileiros.com\/blog\/wp-content\/uploads\/2017\/08\/20160409_111732_RichtoneHDR-300x169.jpg 300w, https:\/\/www.mochileiros.com\/blog\/wp-content\/uploads\/2017\/08\/20160409_111732_RichtoneHDR-768x432.jpg 768w, https:\/\/www.mochileiros.com\/blog\/wp-content\/uploads\/2017\/08\/20160409_111732_RichtoneHDR-313x176.jpg 313w, https:\/\/www.mochileiros.com\/blog\/wp-content\/uploads\/2017\/08\/20160409_111732_RichtoneHDR-20x11.jpg 20w, https:\/\/www.mochileiros.com\/blog\/wp-content\/uploads\/2017\/08\/20160409_111732_RichtoneHDR.jpg 2048w\" sizes=\"auto, (max-width: 1000px) 100vw, 1000px\" \/><p id=\"caption-attachment-31695\" class=\"wp-caption-text\">Local perfeito para um descanso no meio de uma trilha \/ Foto: amoviajarbarato.com<\/p><\/div>\n<div id=\"attachment_31697\" style=\"width: 1010px\" class=\"wp-caption alignnone\"><img loading=\"lazy\" decoding=\"async\" aria-describedby=\"caption-attachment-31697\" class=\"wp-image-31697 size-large\" title=\"Queenstown - Foto: amoviajarbarato.com\" src=\"https:\/\/www.mochileiros.com\/blog\/wp-content\/uploads\/2017\/08\/20160410_174051_RichtoneHDR-1024x576.jpg\" alt=\"Queenstown - Foto: amoviajarbarato.com\" width=\"1000\" height=\"563\" srcset=\"https:\/\/www.mochileiros.com\/blog\/wp-content\/uploads\/2017\/08\/20160410_174051_RichtoneHDR-1024x576.jpg 1024w, https:\/\/www.mochileiros.com\/blog\/wp-content\/uploads\/2017\/08\/20160410_174051_RichtoneHDR-300x169.jpg 300w, https:\/\/www.mochileiros.com\/blog\/wp-content\/uploads\/2017\/08\/20160410_174051_RichtoneHDR-768x432.jpg 768w, https:\/\/www.mochileiros.com\/blog\/wp-content\/uploads\/2017\/08\/20160410_174051_RichtoneHDR-313x176.jpg 313w, https:\/\/www.mochileiros.com\/blog\/wp-content\/uploads\/2017\/08\/20160410_174051_RichtoneHDR-20x11.jpg 20w, https:\/\/www.mochileiros.com\/blog\/wp-content\/uploads\/2017\/08\/20160410_174051_RichtoneHDR.jpg 2048w\" sizes=\"auto, (max-width: 1000px) 100vw, 1000px\" \/><p id=\"caption-attachment-31697\" class=\"wp-caption-text\">Foto: amoviajarbarato.com<\/p><\/div>\n<p>&nbsp;<\/p>\n<h2><span class=\"ez-toc-section\" id=\"2_%E2%80%93_Capadocia\"><\/span>2 &#8211; Capad\u00f3cia<span class=\"ez-toc-section-end\"><\/span><\/h2>\n<div id=\"attachment_31698\" style=\"width: 1010px\" class=\"wp-caption alignnone\"><img loading=\"lazy\" decoding=\"async\" aria-describedby=\"caption-attachment-31698\" class=\"wp-image-31698 size-large\" title=\"Voo sobre o Vale do Amor - Foto: amoviajarbarato.com\" src=\"https:\/\/www.mochileiros.com\/blog\/wp-content\/uploads\/2017\/08\/20151208_070833-1024x576.jpg\" alt=\"Voo sobre o Vale do Amor - Foto: amoviajarbarato.com\" width=\"1000\" height=\"563\" srcset=\"https:\/\/www.mochileiros.com\/blog\/wp-content\/uploads\/2017\/08\/20151208_070833-1024x576.jpg 1024w, https:\/\/www.mochileiros.com\/blog\/wp-content\/uploads\/2017\/08\/20151208_070833-300x169.jpg 300w, https:\/\/www.mochileiros.com\/blog\/wp-content\/uploads\/2017\/08\/20151208_070833-768x432.jpg 768w, https:\/\/www.mochileiros.com\/blog\/wp-content\/uploads\/2017\/08\/20151208_070833-313x176.jpg 313w, https:\/\/www.mochileiros.com\/blog\/wp-content\/uploads\/2017\/08\/20151208_070833-20x11.jpg 20w, https:\/\/www.mochileiros.com\/blog\/wp-content\/uploads\/2017\/08\/20151208_070833.jpg 2048w\" sizes=\"auto, (max-width: 1000px) 100vw, 1000px\" \/><p id=\"caption-attachment-31698\" class=\"wp-caption-text\">Voo sobre o Vale do Amor \/ Foto: amoviajarbarato.com<\/p><\/div>\n<p>Essa grande regi\u00e3o na Anat\u00f3lia Central, na Turquia, que abrange v\u00e1rios munic\u00edpios, \u00e9 conhecida mundialmente por suas forma\u00e7\u00f5es rochosas curiosas de formatos f\u00e1licos e chap\u00e9us de fada.<\/p>\n<p>Com cidades subterr\u00e2neas e museus a c\u00e9u aberto, onde vilas inteiras foram escavadas na rocha e um famoso passeio de bal\u00e3o, a Capad\u00f3cia \u00e9 tamb\u00e9m repleta de trilhas \u00fanicas pelos seus diversos vales: do Amor, dos Pombos, Vermelho, Rosa, Zemi.<\/p>\n<div id=\"attachment_31702\" style=\"width: 1010px\" class=\"wp-caption alignnone\"><img loading=\"lazy\" decoding=\"async\" aria-describedby=\"caption-attachment-31702\" class=\"wp-image-31702 size-large\" title=\"Capad\u00f3cia - Foto: amoviajarbarato.com\" src=\"https:\/\/www.mochileiros.com\/blog\/wp-content\/uploads\/2017\/08\/20151209_095516-1024x576.jpg\" alt=\"Capad\u00f3cia - Foto: amoviajarbarato.com\" width=\"1000\" height=\"563\" srcset=\"https:\/\/www.mochileiros.com\/blog\/wp-content\/uploads\/2017\/08\/20151209_095516-1024x576.jpg 1024w, https:\/\/www.mochileiros.com\/blog\/wp-content\/uploads\/2017\/08\/20151209_095516-300x169.jpg 300w, https:\/\/www.mochileiros.com\/blog\/wp-content\/uploads\/2017\/08\/20151209_095516-768x432.jpg 768w, https:\/\/www.mochileiros.com\/blog\/wp-content\/uploads\/2017\/08\/20151209_095516-313x176.jpg 313w, https:\/\/www.mochileiros.com\/blog\/wp-content\/uploads\/2017\/08\/20151209_095516-20x11.jpg 20w, https:\/\/www.mochileiros.com\/blog\/wp-content\/uploads\/2017\/08\/20151209_095516.jpg 2048w\" sizes=\"auto, (max-width: 1000px) 100vw, 1000px\" \/><p id=\"caption-attachment-31702\" class=\"wp-caption-text\">Foto: amoviajarbarato.com<\/p><\/div>\n<div id=\"attachment_31699\" style=\"width: 1010px\" class=\"wp-caption alignnone\"><img loading=\"lazy\" decoding=\"async\" aria-describedby=\"caption-attachment-31699\" class=\"wp-image-31699 size-large\" title=\"Capad\u00f3cia - Foto: amoviajarbarato.com\" src=\"https:\/\/www.mochileiros.com\/blog\/wp-content\/uploads\/2017\/08\/20151208_110142-1024x576.jpg\" alt=\"Capad\u00f3cia - Foto: amoviajarbarato.com\" width=\"1000\" height=\"563\" srcset=\"https:\/\/www.mochileiros.com\/blog\/wp-content\/uploads\/2017\/08\/20151208_110142-1024x576.jpg 1024w, https:\/\/www.mochileiros.com\/blog\/wp-content\/uploads\/2017\/08\/20151208_110142-300x169.jpg 300w, https:\/\/www.mochileiros.com\/blog\/wp-content\/uploads\/2017\/08\/20151208_110142-768x432.jpg 768w, https:\/\/www.mochileiros.com\/blog\/wp-content\/uploads\/2017\/08\/20151208_110142-313x176.jpg 313w, https:\/\/www.mochileiros.com\/blog\/wp-content\/uploads\/2017\/08\/20151208_110142-20x11.jpg 20w, https:\/\/www.mochileiros.com\/blog\/wp-content\/uploads\/2017\/08\/20151208_110142.jpg 2048w\" sizes=\"auto, (max-width: 1000px) 100vw, 1000px\" \/><p id=\"caption-attachment-31699\" class=\"wp-caption-text\">Vale Zemi \/ Foto: amoviajarbarato.com<\/p><\/div>\n<div id=\"attachment_31700\" style=\"width: 586px\" class=\"wp-caption alignnone\"><img loading=\"lazy\" decoding=\"async\" aria-describedby=\"caption-attachment-31700\" class=\"wp-image-31700 size-large\" title=\"Capad\u00f3cia - Foto: amoviajarbarato.com\" src=\"https:\/\/www.mochileiros.com\/blog\/wp-content\/uploads\/2017\/08\/20151209_141815_RichtoneHDR-576x1024.jpg\" alt=\"Capad\u00f3cia - Foto: amoviajarbarato.com\" width=\"576\" height=\"1024\" srcset=\"https:\/\/www.mochileiros.com\/blog\/wp-content\/uploads\/2017\/08\/20151209_141815_RichtoneHDR-576x1024.jpg 576w, https:\/\/www.mochileiros.com\/blog\/wp-content\/uploads\/2017\/08\/20151209_141815_RichtoneHDR-169x300.jpg 169w, https:\/\/www.mochileiros.com\/blog\/wp-content\/uploads\/2017\/08\/20151209_141815_RichtoneHDR-768x1365.jpg 768w, https:\/\/www.mochileiros.com\/blog\/wp-content\/uploads\/2017\/08\/20151209_141815_RichtoneHDR-313x556.jpg 313w, https:\/\/www.mochileiros.com\/blog\/wp-content\/uploads\/2017\/08\/20151209_141815_RichtoneHDR-11x20.jpg 11w, https:\/\/www.mochileiros.com\/blog\/wp-content\/uploads\/2017\/08\/20151209_141815_RichtoneHDR.jpg 1152w\" sizes=\"auto, (max-width: 576px) 100vw, 576px\" \/><p id=\"caption-attachment-31700\" class=\"wp-caption-text\">Monast\u00e9rio e Catedral Selime \/ Capad\u00f3cia &#8211; Foto: amoviajarbarato.com<\/p><\/div>\n<div id=\"attachment_31703\" style=\"width: 1010px\" class=\"wp-caption alignnone\"><img loading=\"lazy\" decoding=\"async\" aria-describedby=\"caption-attachment-31703\" class=\"wp-image-31703 size-large\" title=\"Museu a C\u00e9u Aberto de Zelve - Foto: amoviajarbarato.com\" src=\"https:\/\/www.mochileiros.com\/blog\/wp-content\/uploads\/2017\/08\/20151210_100421_RichtoneHDR-1024x576.jpg\" alt=\"Museu a C\u00e9u Aberto de Zelve - Foto: amoviajarbarato.com\" width=\"1000\" height=\"563\" srcset=\"https:\/\/www.mochileiros.com\/blog\/wp-content\/uploads\/2017\/08\/20151210_100421_RichtoneHDR-1024x576.jpg 1024w, https:\/\/www.mochileiros.com\/blog\/wp-content\/uploads\/2017\/08\/20151210_100421_RichtoneHDR-300x169.jpg 300w, https:\/\/www.mochileiros.com\/blog\/wp-content\/uploads\/2017\/08\/20151210_100421_RichtoneHDR-768x432.jpg 768w, https:\/\/www.mochileiros.com\/blog\/wp-content\/uploads\/2017\/08\/20151210_100421_RichtoneHDR-313x176.jpg 313w, https:\/\/www.mochileiros.com\/blog\/wp-content\/uploads\/2017\/08\/20151210_100421_RichtoneHDR-20x11.jpg 20w, https:\/\/www.mochileiros.com\/blog\/wp-content\/uploads\/2017\/08\/20151210_100421_RichtoneHDR.jpg 2048w\" sizes=\"auto, (max-width: 1000px) 100vw, 1000px\" \/><p id=\"caption-attachment-31703\" class=\"wp-caption-text\">Museu a C\u00e9u Aberto de Zelve \/ Foto: amoviajarbarato.com<\/p><\/div>\n<div id=\"attachment_31705\" style=\"width: 1010px\" class=\"wp-caption alignnone\"><img loading=\"lazy\" decoding=\"async\" aria-describedby=\"caption-attachment-31705\" class=\"wp-image-31705 size-large\" title=\"Pingeon Valley \/ Capad\u00f3cia - Foto: amoviajarbarato.com\" src=\"https:\/\/www.mochileiros.com\/blog\/wp-content\/uploads\/2017\/08\/20151210_134744-1024x273.jpg\" alt=\"Pingeon Valley \/ Capad\u00f3cia - Foto: amoviajarbarato.com\" width=\"1000\" height=\"267\" \/><p id=\"caption-attachment-31705\" class=\"wp-caption-text\">Trilha entre G\u00f6reme e \u00dc\u00e7hisar que sai no Vale dos Pombos \/ Foto: amoviajarbarato.com<\/p><\/div>\n<p>&nbsp;<\/p>\n<p>Com trilhas bem sinalizadas, voc\u00ea pode ir de uma cidade a outra caminhando, pois v\u00e1rias ligam as cidades (G\u00f6reme, U\u00e7hisar, Urg\u00fcp) entre si.<\/p>\n<div class=\"mceTemp\">\n<div class=\"mceTemp\"><img loading=\"lazy\" decoding=\"async\" class=\"wp-image-31716 size-large\" title=\"Pingeon Valley \/ Capad\u00f3cia - Foto: amoviajarbarato.com\" src=\"https:\/\/www.mochileiros.com\/blog\/wp-content\/uploads\/2017\/08\/20151210_150125-1024x576.jpg\" alt=\"Pingeon Valley \/ Capad\u00f3cia - Foto: amoviajarbarato.com\" width=\"1000\" height=\"563\" srcset=\"https:\/\/www.mochileiros.com\/blog\/wp-content\/uploads\/2017\/08\/20151210_150125-1024x576.jpg 1024w, https:\/\/www.mochileiros.com\/blog\/wp-content\/uploads\/2017\/08\/20151210_150125-300x169.jpg 300w, https:\/\/www.mochileiros.com\/blog\/wp-content\/uploads\/2017\/08\/20151210_150125-768x432.jpg 768w, https:\/\/www.mochileiros.com\/blog\/wp-content\/uploads\/2017\/08\/20151210_150125-313x176.jpg 313w, https:\/\/www.mochileiros.com\/blog\/wp-content\/uploads\/2017\/08\/20151210_150125-20x11.jpg 20w, https:\/\/www.mochileiros.com\/blog\/wp-content\/uploads\/2017\/08\/20151210_150125.jpg 1920w\" sizes=\"auto, (max-width: 1000px) 100vw, 1000px\" \/>A trilha do Vale dos Pombos termina em \u00dc\u00e7hisar com o Castelo ao fundo \/ Foto: amoviajarbarato.com&nbsp;<\/p>\n<div id=\"attachment_31717\" style=\"width: 1010px\" class=\"wp-caption alignnone\"><img loading=\"lazy\" decoding=\"async\" aria-describedby=\"caption-attachment-31717\" class=\"wp-image-31717 size-large\" title=\"Castelo de \u00dc\u00e7hisar \/ Foto: amoviajarbarato.com\" src=\"https:\/\/www.mochileiros.com\/blog\/wp-content\/uploads\/2017\/08\/20151210_152439-1024x576.jpg\" alt=\"Castelo de \u00dc\u00e7hisar \/ Foto: amoviajarbarato.com\" width=\"1000\" height=\"563\" srcset=\"https:\/\/www.mochileiros.com\/blog\/wp-content\/uploads\/2017\/08\/20151210_152439-1024x576.jpg 1024w, https:\/\/www.mochileiros.com\/blog\/wp-content\/uploads\/2017\/08\/20151210_152439-300x169.jpg 300w, https:\/\/www.mochileiros.com\/blog\/wp-content\/uploads\/2017\/08\/20151210_152439-768x432.jpg 768w, https:\/\/www.mochileiros.com\/blog\/wp-content\/uploads\/2017\/08\/20151210_152439-313x176.jpg 313w, https:\/\/www.mochileiros.com\/blog\/wp-content\/uploads\/2017\/08\/20151210_152439-20x11.jpg 20w, https:\/\/www.mochileiros.com\/blog\/wp-content\/uploads\/2017\/08\/20151210_152439.jpg 2048w\" sizes=\"auto, (max-width: 1000px) 100vw, 1000px\" \/><p id=\"caption-attachment-31717\" class=\"wp-caption-text\">Castelo de \u00dc\u00e7hisar \/ Foto: amoviajarbarato.com<\/p><\/div>\n<h2><span class=\"ez-toc-section\" id=\"3_%E2%80%93_Chapada_Diamantina\"><\/span>3 &#8211; Chapada Diamantina<span class=\"ez-toc-section-end\"><\/span><\/h2>\n<div id=\"attachment_31708\" style=\"width: 1010px\" class=\"wp-caption alignnone\"><img loading=\"lazy\" decoding=\"async\" aria-describedby=\"caption-attachment-31708\" class=\"wp-image-31708 size-large\" title=\"Chapada Diamantina - Foto: amoviajarbarato.com\" src=\"https:\/\/www.mochileiros.com\/blog\/wp-content\/uploads\/2017\/08\/DSC_0305-1024x583.jpg\" alt=\"Chapada Diamantina - Foto: amoviajarbarato.com\" width=\"1000\" height=\"569\" srcset=\"https:\/\/www.mochileiros.com\/blog\/wp-content\/uploads\/2017\/08\/DSC_0305-1024x583.jpg 1024w, https:\/\/www.mochileiros.com\/blog\/wp-content\/uploads\/2017\/08\/DSC_0305-300x171.jpg 300w, https:\/\/www.mochileiros.com\/blog\/wp-content\/uploads\/2017\/08\/DSC_0305-768x437.jpg 768w, https:\/\/www.mochileiros.com\/blog\/wp-content\/uploads\/2017\/08\/DSC_0305-313x178.jpg 313w, https:\/\/www.mochileiros.com\/blog\/wp-content\/uploads\/2017\/08\/DSC_0305-20x11.jpg 20w, https:\/\/www.mochileiros.com\/blog\/wp-content\/uploads\/2017\/08\/DSC_0305.jpg 1759w\" sizes=\"auto, (max-width: 1000px) 100vw, 1000px\" \/><p id=\"caption-attachment-31708\" class=\"wp-caption-text\">Foto: amoviajarbarato.com<\/p><\/div>\n<p>O Parque Nacional da Chapada Diamantina fica na Bahia. \u00a0\u00c9 enorme e abrange v\u00e1rios munic\u00edpios. Cheio de cachoeiras, c\u00e2nions, vales e montanhas, j\u00e1 \u00e9 parada obrigat\u00f3ria para os trilheiros brasileiros.<\/p>\n<p>Com trilhas f\u00e1ceis a travessias de at\u00e9 3 dias, como a do Vale do Pati, a Chapada tem espa\u00e7o do jovem ao idoso, do experiente a quem est\u00e1 come\u00e7ando, ou s\u00f3 quem est\u00e1 turistando e quer visitar grandes atra\u00e7\u00f5es da Chapada como a Cachoeira da Fuma\u00e7a.<\/p>\n<div id=\"attachment_31713\" style=\"width: 1010px\" class=\"wp-caption alignnone\"><img loading=\"lazy\" decoding=\"async\" aria-describedby=\"caption-attachment-31713\" class=\"wp-image-31713 size-large\" title=\"Chapada Diamantina - Foto: amoviajarbarato.com\" src=\"https:\/\/www.mochileiros.com\/blog\/wp-content\/uploads\/2017\/08\/DSC_0350-1024x576.jpg\" alt=\"Chapada Diamantina - Foto: amoviajarbarato.com\" width=\"1000\" height=\"563\" srcset=\"https:\/\/www.mochileiros.com\/blog\/wp-content\/uploads\/2017\/08\/DSC_0350-1024x576.jpg 1024w, https:\/\/www.mochileiros.com\/blog\/wp-content\/uploads\/2017\/08\/DSC_0350-300x169.jpg 300w, https:\/\/www.mochileiros.com\/blog\/wp-content\/uploads\/2017\/08\/DSC_0350-768x432.jpg 768w, https:\/\/www.mochileiros.com\/blog\/wp-content\/uploads\/2017\/08\/DSC_0350-313x176.jpg 313w, https:\/\/www.mochileiros.com\/blog\/wp-content\/uploads\/2017\/08\/DSC_0350-20x11.jpg 20w, https:\/\/www.mochileiros.com\/blog\/wp-content\/uploads\/2017\/08\/DSC_0350.jpg 2048w\" sizes=\"auto, (max-width: 1000px) 100vw, 1000px\" \/><p id=\"caption-attachment-31713\" class=\"wp-caption-text\">C\u00e2nion de entrada para o Burac\u00e3o &#8211; Foto: amoviajarbarato.com<\/p><\/div>\n<div id=\"attachment_31714\" style=\"width: 586px\" class=\"wp-caption alignnone\"><img loading=\"lazy\" decoding=\"async\" aria-describedby=\"caption-attachment-31714\" class=\"wp-image-31714 size-large\" title=\"Cachoeira do Burac\u00e3o - Foto: amoviajarbarato.com\" src=\"https:\/\/www.mochileiros.com\/blog\/wp-content\/uploads\/2017\/08\/DSC_0394-576x1024.jpg\" alt=\"Cachoeira do Burac\u00e3o - Foto: amoviajarbarato.com\" width=\"576\" height=\"1024\" srcset=\"https:\/\/www.mochileiros.com\/blog\/wp-content\/uploads\/2017\/08\/DSC_0394-576x1024.jpg 576w, https:\/\/www.mochileiros.com\/blog\/wp-content\/uploads\/2017\/08\/DSC_0394-169x300.jpg 169w, https:\/\/www.mochileiros.com\/blog\/wp-content\/uploads\/2017\/08\/DSC_0394-768x1365.jpg 768w, https:\/\/www.mochileiros.com\/blog\/wp-content\/uploads\/2017\/08\/DSC_0394-313x556.jpg 313w, https:\/\/www.mochileiros.com\/blog\/wp-content\/uploads\/2017\/08\/DSC_0394-11x20.jpg 11w, https:\/\/www.mochileiros.com\/blog\/wp-content\/uploads\/2017\/08\/DSC_0394.jpg 1152w\" sizes=\"auto, (max-width: 576px) 100vw, 576px\" \/><p id=\"caption-attachment-31714\" class=\"wp-caption-text\">Cachoeira do Burac\u00e3o &#8211; Foto: amoviajarbarato.com<\/p><\/div>\n<div id=\"attachment_31711\" style=\"width: 586px\" class=\"wp-caption alignnone\"><img loading=\"lazy\" decoding=\"async\" aria-describedby=\"caption-attachment-31711\" class=\"wp-image-31711 size-large\" title=\"Cachoeira da Fuma\u00e7a - Foto: amoviajarbarato.com\" src=\"https:\/\/www.mochileiros.com\/blog\/wp-content\/uploads\/2017\/08\/DSC_0313-576x1024.jpg\" alt=\"Cachoeira da Fuma\u00e7a - Foto: amoviajarbarato.com\" width=\"576\" height=\"1024\" srcset=\"https:\/\/www.mochileiros.com\/blog\/wp-content\/uploads\/2017\/08\/DSC_0313-576x1024.jpg 576w, https:\/\/www.mochileiros.com\/blog\/wp-content\/uploads\/2017\/08\/DSC_0313-169x300.jpg 169w, https:\/\/www.mochileiros.com\/blog\/wp-content\/uploads\/2017\/08\/DSC_0313-768x1365.jpg 768w, https:\/\/www.mochileiros.com\/blog\/wp-content\/uploads\/2017\/08\/DSC_0313-313x556.jpg 313w, https:\/\/www.mochileiros.com\/blog\/wp-content\/uploads\/2017\/08\/DSC_0313-11x20.jpg 11w, https:\/\/www.mochileiros.com\/blog\/wp-content\/uploads\/2017\/08\/DSC_0313.jpg 1152w\" sizes=\"auto, (max-width: 576px) 100vw, 576px\" \/><p id=\"caption-attachment-31711\" class=\"wp-caption-text\">Cachoeira da Fuma\u00e7a &#8211; Foto: amoviajarbarato.com<\/p><\/div>\n<div id=\"attachment_31707\" style=\"width: 1010px\" class=\"wp-caption alignnone\"><img loading=\"lazy\" decoding=\"async\" aria-describedby=\"caption-attachment-31707\" class=\"wp-image-31707 size-large\" title=\"Chapada Diamantina - Pratinha - Foto: amoviajarbarato.com\" src=\"https:\/\/www.mochileiros.com\/blog\/wp-content\/uploads\/2017\/08\/DSC_0264-1024x576.jpg\" alt=\"Chapada Diamantina - Pratinha - Foto: amoviajarbarato.com\" width=\"1000\" height=\"563\" srcset=\"https:\/\/www.mochileiros.com\/blog\/wp-content\/uploads\/2017\/08\/DSC_0264-1024x576.jpg 1024w, https:\/\/www.mochileiros.com\/blog\/wp-content\/uploads\/2017\/08\/DSC_0264-300x169.jpg 300w, https:\/\/www.mochileiros.com\/blog\/wp-content\/uploads\/2017\/08\/DSC_0264-768x432.jpg 768w, https:\/\/www.mochileiros.com\/blog\/wp-content\/uploads\/2017\/08\/DSC_0264-313x176.jpg 313w, https:\/\/www.mochileiros.com\/blog\/wp-content\/uploads\/2017\/08\/DSC_0264-20x11.jpg 20w, https:\/\/www.mochileiros.com\/blog\/wp-content\/uploads\/2017\/08\/DSC_0264.jpg 2048w\" sizes=\"auto, (max-width: 1000px) 100vw, 1000px\" \/><p id=\"caption-attachment-31707\" class=\"wp-caption-text\">Pratinha &#8211; Foto: amoviajarbarato.com<\/p><\/div>\n<p>&#8212;&#8212;&#8212;&#8212;&#8212;&#8212;&#8212;-<\/p>\n<p>Se voc\u00ea quer mais <a href=\"http:\/\/amoviajarbarato.com\/minha-volta-ao-mundo\/\" target=\"_blank\" rel=\"noopener\">lugares \u00fanicos no mundo<\/a>, <a href=\"http:\/\/amoviajarbarato.com\/como-viajar-barato-aqui\/\" target=\"_blank\" rel=\"noopener\">guias e outras dicas de viagem<\/a>\u00a0ent\u00e3o:<\/p>\n<p><strong>Siga-me em minhas redes sociais<\/strong><\/p>\n<p>Site:\u00a0<a href=\"http:\/\/amoviajarbarato.com\/\" target=\"_blank\" rel=\"noopener\">Amo Viajar Barato<\/a><\/p>\n<p>Fotos da volta ao mundo no Insta: <a href=\"https:\/\/www.instagram.com\/amoviajarbarato\/\" target=\"_blank\" rel=\"noopener\">@amoviajarbarato <\/a><\/p>\n<p>Facebook: <a href=\"https:\/\/www.facebook.com\/amoviajarbaratopontocom\/\" target=\"_blank\" rel=\"noopener\">Amo Viajar Barato<\/a><\/p>\n<\/div>\n<\/div>\n<\/p>","protected":false},"excerpt":{"rendered":"<p>Eu considero fazer trilhas o tipo de esporte mais democr\u00e1tico que existe. Qualquer pessoa em qualquer idade pode praticar, tem v\u00e1rios n\u00edveis, pode ser feita com pouco ou nenhum equipamento, te integra com a natureza e ainda \u00e9 de gra\u00e7a (as vezes se paga um guia). E aqui v\u00e3o 3 lugares perfeitos para qualquer pessoa [&hellip;]<\/p>\n","protected":false},"author":1638,"featured_media":31690,"comment_status":"open","ping_status":"closed","sticky":false,"template":"","format":"standard","meta":{"googlesitekit_rrm_CAoiELM5mIOjYRN0nfylq3_9r-8:productID":"","footnotes":""},"categories":[168,1193],"tags":[1705,32,1160,1176,134,1923,1161,1029,1704],"class_list":["post-31686","post","type-post","status-publish","format-standard","has-post-thumbnail","hentry","category-blog","category-brasil","tag-capadocia","tag-chapada-diamantina","tag-hiking","tag-listas","tag-nova-zelandia","tag-queenstown","tag-trekking","tag-trilhas","tag-turquia"],"_links":{"self":[{"href":"https:\/\/www.mochileiros.com\/blog\/wp-json\/wp\/v2\/posts\/31686","targetHints":{"allow":["GET"]}}],"collection":[{"href":"https:\/\/www.mochileiros.com\/blog\/wp-json\/wp\/v2\/posts"}],"about":[{"href":"https:\/\/www.mochileiros.com\/blog\/wp-json\/wp\/v2\/types\/post"}],"author":[{"embeddable":true,"href":"https:\/\/www.mochileiros.com\/blog\/wp-json\/wp\/v2\/users\/1638"}],"replies":[{"embeddable":true,"href":"https:\/\/www.mochileiros.com\/blog\/wp-json\/wp\/v2\/comments?post=31686"}],"version-history":[{"count":0,"href":"https:\/\/www.mochileiros.com\/blog\/wp-json\/wp\/v2\/posts\/31686\/revisions"}],"wp:featuredmedia":[{"embeddable":true,"href":"https:\/\/www.mochileiros.com\/blog\/wp-json\/wp\/v2\/media\/31690"}],"wp:attachment":[{"href":"https:\/\/www.mochileiros.com\/blog\/wp-json\/wp\/v2\/media?parent=31686"}],"wp:term":[{"taxonomy":"category","embeddable":true,"href":"https:\/\/www.mochileiros.com\/blog\/wp-json\/wp\/v2\/categories?post=31686"},{"taxonomy":"post_tag","embeddable":true,"href":"https:\/\/www.mochileiros.com\/blog\/wp-json\/wp\/v2\/tags?post=31686"}],"curies":[{"name":"wp","href":"https:\/\/api.w.org\/{rel}","templated":true}]}}