{"id":32367,"date":"2017-09-17T10:56:34","date_gmt":"2017-09-17T13:56:34","guid":{"rendered":"https:\/\/www.mochileiros.com\/blog\/?p=32367"},"modified":"2017-09-18T14:43:43","modified_gmt":"2017-09-18T17:43:43","slug":"precisamos-falar-temporada-furacoes","status":"publish","type":"post","link":"https:\/\/www.mochileiros.com\/blog\/precisamos-falar-temporada-furacoes","title":{"rendered":"Precisamos falar sobre a Temporada de Furac\u00f5es"},"content":{"rendered":"<p style=\"text-align: justify;\">Ol\u00e1 pessoal! Eu sou a\u00a0<strong>Karen Peressuti<\/strong>\u00a0e escrevo sobre viagens e experiencias no blog\u00a0<strong><a href=\"https:\/\/feriaspraontem.com\/\" target=\"_blank\" rel=\"noopener\">F\u00e9rias pra Ontem<\/a>.\u00a0<\/strong>Hoje, devido ao grande problema que foi o Furac\u00e3o Irma, n\u00e3o vou falar de um assunto muito legal, mas que precisa ser falado: A <strong>Temporada de Furac\u00f5es<\/strong> no Caribe e nos Estados Unidos.<\/p>\n<div id=\"attachment_5788\" style=\"width: 810px\" class=\"wp-caption alignnone\"><img loading=\"lazy\" decoding=\"async\" aria-describedby=\"caption-attachment-5788\" class=\"alignnone size-full wp-image-5788\" src=\"https:\/\/feriaspraontem.files.wordpress.com\/2017\/09\/36861909206_fea38dfcfa_o-e1505088122157.jpg\" alt=\"Furac\u00e3o Irma\" width=\"800\" height=\"800\" \/><p id=\"caption-attachment-5788\" class=\"wp-caption-text\">Furac\u00e3o Irma &#8211; <em>Foto: Divulga\u00e7\u00e3o <a href=\"https:\/\/www.flickr.com\/photos\/gsfc\/36861909206\/in\/photostream\/\" target=\"_blank\" rel=\"noopener\">NASA<\/a><\/em><\/p><\/div>\n<p style=\"text-align: justify;\"><!--more--><\/p>\n<div id=\"ez-toc-container\" class=\"ez-toc-v2_0_82_2 counter-hierarchy ez-toc-counter ez-toc-grey ez-toc-container-direction\">\n<div class=\"ez-toc-title-container\">\n<p class=\"ez-toc-title\" style=\"cursor:inherit\">\u00cdndice<\/p>\n<span class=\"ez-toc-title-toggle\"><a href=\"#\" class=\"ez-toc-pull-right ez-toc-btn ez-toc-btn-xs ez-toc-btn-default ez-toc-toggle\" aria-label=\"Alternar tabela de conte\u00fado\"><span class=\"ez-toc-js-icon-con\"><span class=\"\"><span class=\"eztoc-hide\" style=\"display:none;\">Toggle<\/span><span class=\"ez-toc-icon-toggle-span\"><svg style=\"fill: #999;color:#999\" xmlns=\"http:\/\/www.w3.org\/2000\/svg\" class=\"list-377408\" width=\"20px\" height=\"20px\" viewBox=\"0 0 24 24\" fill=\"none\"><path d=\"M6 6H4v2h2V6zm14 0H8v2h12V6zM4 11h2v2H4v-2zm16 0H8v2h12v-2zM4 16h2v2H4v-2zm16 0H8v2h12v-2z\" fill=\"currentColor\"><\/path><\/svg><svg style=\"fill: #999;color:#999\" class=\"arrow-unsorted-368013\" xmlns=\"http:\/\/www.w3.org\/2000\/svg\" width=\"10px\" height=\"10px\" viewBox=\"0 0 24 24\" version=\"1.2\" baseProfile=\"tiny\"><path d=\"M18.2 9.3l-6.2-6.3-6.2 6.3c-.2.2-.3.4-.3.7s.1.5.3.7c.2.2.4.3.7.3h11c.3 0 .5-.1.7-.3.2-.2.3-.5.3-.7s-.1-.5-.3-.7zM5.8 14.7l6.2 6.3 6.2-6.3c.2-.2.3-.5.3-.7s-.1-.5-.3-.7c-.2-.2-.4-.3-.7-.3h-11c-.3 0-.5.1-.7.3-.2.2-.3.5-.3.7s.1.5.3.7z\"\/><\/svg><\/span><\/span><\/span><\/a><\/span><\/div>\n<nav><ul class='ez-toc-list ez-toc-list-level-1 ' ><li class='ez-toc-page-1 ez-toc-heading-level-2'><a class=\"ez-toc-link ez-toc-heading-1\" href=\"https:\/\/www.mochileiros.com\/blog\/precisamos-falar-temporada-furacoes\/#Primeiramente_O_que_e_um_Furacao\" >Primeiramente: O que \u00e9 um Furac\u00e3o?<\/a><\/li><li class='ez-toc-page-1 ez-toc-heading-level-2'><a class=\"ez-toc-link ez-toc-heading-2\" href=\"https:\/\/www.mochileiros.com\/blog\/precisamos-falar-temporada-furacoes\/#Quando_eles_ocorrem\" >Quando eles ocorrem?<\/a><\/li><li class='ez-toc-page-1 ez-toc-heading-level-2'><a class=\"ez-toc-link ez-toc-heading-3\" href=\"https:\/\/www.mochileiros.com\/blog\/precisamos-falar-temporada-furacoes\/#Quais_os_lugares_MAIS_atingidos_por_furacoes\" >Quais os lugares MAIS atingidos por furac\u00f5es?<\/a><\/li><li class='ez-toc-page-1 ez-toc-heading-level-2'><a class=\"ez-toc-link ez-toc-heading-4\" href=\"https:\/\/www.mochileiros.com\/blog\/precisamos-falar-temporada-furacoes\/#Quais_os_lugares_MENOS_atingidos_por_furacoes_no_Caribe\" >Quais os lugares MENOS\u00a0atingidos por furac\u00f5es no Caribe?<\/a><\/li><li class='ez-toc-page-1 ez-toc-heading-level-2'><a class=\"ez-toc-link ez-toc-heading-5\" href=\"https:\/\/www.mochileiros.com\/blog\/precisamos-falar-temporada-furacoes\/#Visitar_ou_nao_visitar_esses_lugares_nesse_periodo\" >Visitar ou n\u00e3o visitar esses lugares nesse per\u00edodo?<\/a><\/li><li class='ez-toc-page-1 ez-toc-heading-level-2'><a class=\"ez-toc-link ez-toc-heading-6\" href=\"https:\/\/www.mochileiros.com\/blog\/precisamos-falar-temporada-furacoes\/#Dicas_do_Consulado_do_Brasil_em_Miami\" >Dicas do Consulado do Brasil em Miami.<\/a><\/li><li class='ez-toc-page-1 ez-toc-heading-level-2'><a class=\"ez-toc-link ez-toc-heading-7\" href=\"https:\/\/www.mochileiros.com\/blog\/precisamos-falar-temporada-furacoes\/#Informacao_nunca_e_demais_Compartilhe_esse_post_com_os_seus_amigos\" >Informa\u00e7\u00e3o nunca \u00e9 demais! \nCompartilhe esse post com os seus amigos!<\/a><\/li><\/ul><\/nav><\/div>\n<h2 style=\"text-align: justify;\"><span class=\"ez-toc-section\" id=\"Primeiramente_O_que_e_um_Furacao\"><\/span>Primeiramente: O que \u00e9 um Furac\u00e3o?<span class=\"ez-toc-section-end\"><\/span><\/h2>\n<p style=\"text-align: justify;\">Segundo o\u00a0<a href=\"http:\/\/www.inmet.gov.br\/portal\/\" target=\"_blank\" rel=\"noopener\">INMET<\/a>, <strong>Instituto Nacional de Meteorologia<\/strong>, um furac\u00e3o \u00e9 o\u00a0\u201cnome dado a um ciclone tropical de n\u00facleo quente, com ventos cont\u00ednuos de 118 quil\u00f4metros por hora, ou mais, no Oceano Atl\u00e2ntico Norte, mar caribenho, Golfo do M\u00e9xico e no norte oriental do Oceano Pac\u00edfico. Este mesmo ciclone tropical \u00e9 conhecido como tuf\u00e3o no Pac\u00edfico ocidental e como ciclone no Oceano \u00cdndico\u201d.<\/p>\n<h2 style=\"text-align: justify;\"><\/h2>\n<h2 style=\"text-align: justify;\"><span class=\"ez-toc-section\" id=\"Quando_eles_ocorrem\"><\/span>Quando eles ocorrem?<span class=\"ez-toc-section-end\"><\/span><\/h2>\n<p class=\"p1\" style=\"text-align: justify;\"><span class=\"s1\">O per\u00edodo oficial da temporada de furac\u00f5es no Atl\u00e2ntico \u00e9 de <strong>1\u00ba de junho a 30 de novembro<\/strong>. Embora haja chances de furac\u00f5es ocorrerem em qualquer \u00e9poca do ano, esses meses concentram cerca de 97% das atividades tropicais ocorridas entre 1851 e 2013.\u00a0<\/span><\/p>\n<p class=\"p1\" style=\"text-align: justify;\"><span class=\"s1\">Dentro da temporada de furac\u00f5es, as maiores atividades ocorrem entre agosto e outubro, especialmente em setembro. Nesses tr\u00eas meses, h\u00e1 a concentra\u00e7\u00e3o m\u00e9dia de 78% das tempestades tropicais, 87% dos furac\u00f5es de categorias 1 e 2 (mais fracas) e 96% de categorias 3, 4 e 5 (mais fortes) de todo o ano. As atividades mais frequentes acontecem no in\u00edcio ao meio de setembro.<\/span><\/p>\n<h2 style=\"text-align: justify;\"><\/h2>\n<h2 style=\"text-align: justify;\"><span class=\"ez-toc-section\" id=\"Quais_os_lugares_MAIS_atingidos_por_furacoes\"><\/span><span class=\"s1\">Quais os lugares MAIS atingidos por furac\u00f5es?<\/span><span class=\"ez-toc-section-end\"><\/span><\/h2>\n<p style=\"text-align: justify;\"><span class=\"s1\">Segundo o site\u00a0<a href=\"http:\/\/www.hurricanecity.com\/rank.htm\" target=\"_blank\" rel=\"noopener\">Hurricanes City<\/a>, as seguintes cidades e ilhas abaixo foram as mais atingidas apenas por furac\u00f5es entre 1871 e 2017.<\/span><\/p>\n<ol style=\"text-align: justify;\">\n<li>Cape Hatteras, North Carolina<\/li>\n<li>Morehead City, North Carolina<\/li>\n<li>Grand Bahama Island, Bahamas<\/li>\n<li>Cayman Islands<\/li>\n<li>Wilmington, North Carolina<\/li>\n<li>Great Abaco Island, Bahamas<\/li>\n<li>Bermuda<\/li>\n<li>Andros Island, Bahamas<\/li>\n<li>Boca Raton, Florida<\/li>\n<li>Savannah, Georgia<\/li>\n<li>Sable Island, Nova Scotia<\/li>\n<li><strong>Miami<\/strong>, Florida<\/li>\n<li>Myrtle Beach, South Carolina<\/li>\n<li>Hollywood, Florida<\/li>\n<li>Boynton Beach, Florida<\/li>\n<li>Spring Hill, Florida<\/li>\n<li>Tarpon Springs, Florida<\/li>\n<li>Eleuthera Island, Bahamas<\/li>\n<li>Isle of Youth, Cuba<\/li>\n<li>Palm Beach,Florida<\/li>\n<\/ol>\n<h2><\/h2>\n<h2 style=\"text-align: justify;\"><span class=\"ez-toc-section\" id=\"Quais_os_lugares_MENOS_atingidos_por_furacoes_no_Caribe\"><\/span><span class=\"s1\">Quais os lugares MENOS\u00a0atingidos por furac\u00f5es no Caribe?<\/span><span class=\"ez-toc-section-end\"><\/span><\/h2>\n<p style=\"text-align: justify;\"><span class=\"s1\">S\u00e3o as ilhas na por\u00e7\u00e3o sul do Caribe. Entre os locais raramente afetados por furac\u00f5es est\u00e3o:<\/span><\/p>\n<ol style=\"text-align: justify;\">\n<li><span class=\"s1\"> Aruba<\/span><\/li>\n<li><span class=\"s1\">Cura\u00e7ao<\/span><\/li>\n<li><span class=\"s1\">Bonaire<\/span><\/li>\n<li><span class=\"s1\"><a href=\"http:\/\/feriaspraontem.com\/2017\/06\/15\/quanto-custa-san-andres\/\" target=\"_blank\" rel=\"noopener\">San Andr\u00e9s<\/a><\/span><\/li>\n<li><span class=\"s1\">Grenada<\/span><\/li>\n<li><span class=\"s1\">Trinidad e Tobago\u00a0<\/span><\/li>\n<li><span class=\"s1\">A costa de pa\u00edses como Venezuela e Col\u00f4mbia. <\/span><\/li>\n<li><span class=\"s1\">As ilhas no oeste do Caribe tamb\u00e9m tendem a ser menos afetadas do que as ilhas no lado leste.\u00a0<\/span><\/li>\n<\/ol>\n<h2><\/h2>\n<h2 style=\"text-align: justify;\"><span class=\"ez-toc-section\" id=\"Visitar_ou_nao_visitar_esses_lugares_nesse_periodo\"><\/span>Visitar ou n\u00e3o visitar esses lugares nesse per\u00edodo?<span class=\"ez-toc-section-end\"><\/span><\/h2>\n<p style=\"text-align: justify;\">Como esses per\u00edodos normalmente s\u00e3o de baixa temporada nesses locais, a sua viagem ir\u00e1 ficar mais barata e o seu destino n\u00e3o estar\u00e1 t\u00e3o lotado.<\/p>\n<p style=\"text-align: justify;\">Estatisticamente falando, as chances de um furac\u00e3o passar enquanto voc\u00ea est\u00e1 viajando s\u00e3o muito baixas. Mesmo viajando em setembro, o m\u00eas com mais ocorr\u00eancias e visitando uma \u00e1rea suscet\u00edvel a furac\u00f5es, as chances n\u00e3o s\u00e3o grandes. Por\u00e9m voc\u00ea precisa estar atento! Quando eu fui para <a href=\"http:\/\/feriaspraontem.com\/2016\/10\/15\/punta-cana-caribe\/\" target=\"_blank\" rel=\"noopener\">Punta Cana<\/a>, eu encontrei o site <a href=\"http:\/\/www.nhc.noaa.gov\/?atlc\" target=\"_blank\" rel=\"noopener\">National Hurricane Center<\/a>\u00a0que te d\u00e1 alguma no\u00e7\u00e3o se tempestades tropicais ou depress\u00f5es podem virar um furac\u00e3o. Tamb\u00e9m diz como est\u00e3o os furac\u00f5es atuais, mostrando a sua rota e for\u00e7a.<\/p>\n<p style=\"text-align: justify;\">Agora a resposta da pergunta acima \u00e9: Eu acredito que seja melhor <strong>evitar<\/strong> os meses com maior probabilidade (agosto, setembro, outubro). Tirando esses meses eu acho mais tranquilo (de acordo com todas as informa\u00e7\u00f5es acima). Mas caso queira ir mesmo assim, n\u00e3o diga que eu n\u00e3o te avisei&#8230;<\/p>\n<div id=\"attachment_5791\" style=\"width: 810px\" class=\"wp-caption alignnone\"><img loading=\"lazy\" decoding=\"async\" aria-describedby=\"caption-attachment-5791\" class=\"alignnone size-full wp-image-5791\" src=\"https:\/\/feriaspraontem.files.wordpress.com\/2017\/09\/36653336600_76d6f2c3ce_o.jpg\" alt=\"Furac\u00e3o Irma\" width=\"800\" height=\"400\" \/><p id=\"caption-attachment-5791\" class=\"wp-caption-text\">Furac\u00e3o Irma &#8211; <em>Foto: Divulga\u00e7\u00e3o <a href=\"https:\/\/www.flickr.com\/photos\/gsfc\/36653336600\/in\/photostream\/\" target=\"_blank\" rel=\"noopener\">NASA<\/a><\/em><\/p><\/div>\n<h2 style=\"text-align: justify;\"><\/h2>\n<h2 style=\"text-align: justify;\"><span class=\"ez-toc-section\" id=\"Dicas_do_Consulado_do_Brasil_em_Miami\"><\/span><a href=\"http:\/\/miami.itamaraty.gov.br\/pt-br\/preparativos_para_a_temporada_de_furacoes.xml\" target=\"_blank\" rel=\"noopener\">Dicas do Consulado do Brasil em Miami.<\/a><span class=\"ez-toc-section-end\"><\/span><\/h2>\n<h2><\/h2>\n<h2><span class=\"ez-toc-section\" id=\"Informacao_nunca_e_demais_Compartilhe_esse_post_com_os_seus_amigos\"><\/span>Informa\u00e7\u00e3o nunca \u00e9 demais!<br \/>\nCompartilhe esse post com os seus amigos!<span class=\"ez-toc-section-end\"><\/span><\/h2>\n<p>&nbsp;<\/p>\n<p>Meus sinceros sentimentos a todas as fam\u00edlias que sofreram e ainda sofrem com o Furac\u00e3o Irma!<\/p>\n<p>&nbsp;<\/p>\n<p>Para ver o post completo clique <a href=\"https:\/\/feriaspraontem.com\/2017\/09\/14\/precisamos-falar-sobre-a-temporada-de-furacoes\/\" target=\"_blank\" rel=\"noopener\"><strong>AQUI<\/strong><\/a>.<\/p>\n<p>Se voc\u00ea gostou desse post, conhe\u00e7a um pouco mais do blog clicando\u00a0<a href=\"https:\/\/feriaspraontem.com\/\" target=\"_blank\" rel=\"noopener\"><strong>AQUI\u00a0<\/strong><\/a>ou nas redes sociais abaixo.<\/p>\n<p>&nbsp;<\/p>\n<p style=\"text-align: justify;\"><em><strong>Redes:<\/strong><\/em><\/p>\n<p style=\"text-align: justify;\"><em><img loading=\"lazy\" decoding=\"async\" class=\"img\" role=\"presentation\" src=\"https:\/\/www.facebook.com\/images\/emoji.php\/v9\/f39\/1\/24\/2708.png\" alt=\"\" width=\"24\" height=\"24\">\u00a0Facebook:\u00a0<a href=\"https:\/\/www.facebook.com\/feriaspraontemm\/\" target=\"_blank\" rel=\"noopener\">@feriaspraontemm<\/a><\/em><br \/>\n<em><img loading=\"lazy\" decoding=\"async\" class=\"img\" role=\"presentation\" src=\"https:\/\/www.facebook.com\/images\/emoji.php\/v9\/f39\/1\/24\/2708.png\" alt=\"\" width=\"24\" height=\"24\">\u00a0Instagram:\u00a0<a href=\"https:\/\/www.instagram.com\/ferias_praontem\/\" target=\"_blank\" rel=\"noopener\">@ferias_praontem<\/a><\/em><br \/>\n<em><img loading=\"lazy\" decoding=\"async\" class=\"img\" role=\"presentation\" src=\"https:\/\/www.facebook.com\/images\/emoji.php\/v9\/f39\/1\/24\/2708.png\" alt=\"\" width=\"24\" height=\"24\">\u00a0Instagram:<a href=\"https:\/\/www.instagram.com\/karenperessuti\/\" target=\"_blank\" rel=\"noopener\">\u00a0@karenperessuti<\/a><\/em><br \/>\n<em><img loading=\"lazy\" decoding=\"async\" class=\"img\" role=\"presentation\" src=\"https:\/\/www.facebook.com\/images\/emoji.php\/v9\/f39\/1\/24\/2708.png\" alt=\"\" width=\"24\" height=\"24\">\u00a0Dubbi:\u00a0<a href=\"https:\/\/www.dubbi.com.br\/viajante\/karen-peressuti\" target=\"_blank\" rel=\"noopener\">Karen Peressuti<\/a><\/em><br \/>\n<em><img loading=\"lazy\" decoding=\"async\" class=\"img\" role=\"presentation\" src=\"https:\/\/www.facebook.com\/images\/emoji.php\/v9\/f39\/1\/24\/2708.png\" alt=\"\" width=\"24\" height=\"24\">\u00a0Linkedin:\u00a0<\/em><a href=\"https:\/\/www.linkedin.com\/in\/f%C3%A9rias-pra-ontem-649b68145\/\" target=\"_blank\" rel=\"noopener\"><em>F\u00e9rias pra Ontem<\/em><\/a><br \/>\n<em><img loading=\"lazy\" decoding=\"async\" class=\"img\" role=\"presentation\" src=\"https:\/\/www.facebook.com\/images\/emoji.php\/v9\/f39\/1\/24\/2708.png\" alt=\"\" width=\"24\" height=\"24\">\u00a0Bloglovin\u2019:\u00a0<a href=\"https:\/\/www.bloglovin.com\/blogs\/ferias-pra-ontem-18959889\" target=\"_blank\" rel=\"noopener\">F\u00e9rias pra Ontem<\/a><\/em><br \/>\n<em><img loading=\"lazy\" decoding=\"async\" class=\"img\" role=\"presentation\" src=\"https:\/\/www.facebook.com\/images\/emoji.php\/v9\/f39\/1\/24\/2708.png\" alt=\"\" width=\"24\" height=\"24\">\u00a0Blogs Brasil:\u00a0<a href=\"https:\/\/blogsbrasil.com.br\/blog\/feriaspraontem-com\/\" target=\"_blank\" rel=\"noopener\">F\u00e9rias pra Ontem<\/a><\/em><br \/>\n<em><img loading=\"lazy\" decoding=\"async\" class=\"img\" role=\"presentation\" src=\"https:\/\/www.facebook.com\/images\/emoji.php\/v9\/f39\/1\/24\/2708.png\" alt=\"\" width=\"24\" height=\"24\">\u00a0Mochila Brasil:\u00a0<a href=\"https:\/\/www.mochileiros.com\/blog\/author\/karenperessuti\" target=\"_blank\" rel=\"noopener\">Karen Peressuti<br \/>\n<\/a><\/em><em><img loading=\"lazy\" decoding=\"async\" class=\"img\" role=\"presentation\" src=\"https:\/\/www.facebook.com\/images\/emoji.php\/v9\/f39\/1\/24\/2708.png\" alt=\"\" width=\"24\" height=\"24\">\u00a0Pinterest:\u00a0<a href=\"https:\/\/br.pinterest.com\/feriaspraontem\/\" target=\"_blank\" rel=\"noopener\">F\u00e9rias pra Ontem<\/a><\/em><\/p>\n<h3 style=\"text-align: justify;\"><\/h3>\n<h4 style=\"text-align: justify;\"><span style=\"color: #999999;\"><em>Fonte:<\/em><\/span><span style=\"color: #999999;\"><em><a href=\"http:\/\/www.melhoresdestinos.com.br\/temporada-furacoes-caribe.html\" target=\"_blank\" rel=\"noopener\">Melhores Destinos<\/a><\/em><\/span><\/h4>\n","protected":false},"excerpt":{"rendered":"<p>Se voc\u00ea quer viajar para algum lugar dentro das localidades: Oceano Atl\u00e2ntico Norte, mar caribenho, Golfo do M\u00e9xico e no norte oriental do Oceano Pac\u00edfico e dentro dos meses de junho a novembro, venha ver esse post e entender melhor como funciona a temporada dos furac\u00f5es! <\/p>\n","protected":false},"author":1387,"featured_media":32368,"comment_status":"open","ping_status":"closed","sticky":false,"template":"","format":"standard","meta":{"googlesitekit_rrm_CAoiELM5mIOjYRN0nfylq3_9r-8:productID":"","_crdt_document":"","_daim_seo_power":"","_daim_enable_ail":"","footnotes":""},"categories":[168],"tags":[30,362,1822,2021,2023,2024,1818,1774,2022,2025],"class_list":["post-32367","post","type-post","status-publish","format-standard","has-post-thumbnail","hentry","category-blog","tag-caribe","tag-estados-unidos","tag-florida","tag-furacao","tag-furacao-irma","tag-irma","tag-miami","tag-punta-cana","tag-tempestade-tropical","tag-temporada-de-furacoes"],"_links":{"self":[{"href":"https:\/\/www.mochileiros.com\/blog\/wp-json\/wp\/v2\/posts\/32367","targetHints":{"allow":["GET"]}}],"collection":[{"href":"https:\/\/www.mochileiros.com\/blog\/wp-json\/wp\/v2\/posts"}],"about":[{"href":"https:\/\/www.mochileiros.com\/blog\/wp-json\/wp\/v2\/types\/post"}],"author":[{"embeddable":true,"href":"https:\/\/www.mochileiros.com\/blog\/wp-json\/wp\/v2\/users\/1387"}],"replies":[{"embeddable":true,"href":"https:\/\/www.mochileiros.com\/blog\/wp-json\/wp\/v2\/comments?post=32367"}],"version-history":[{"count":0,"href":"https:\/\/www.mochileiros.com\/blog\/wp-json\/wp\/v2\/posts\/32367\/revisions"}],"wp:featuredmedia":[{"embeddable":true,"href":"https:\/\/www.mochileiros.com\/blog\/wp-json\/wp\/v2\/media\/32368"}],"wp:attachment":[{"href":"https:\/\/www.mochileiros.com\/blog\/wp-json\/wp\/v2\/media?parent=32367"}],"wp:term":[{"taxonomy":"category","embeddable":true,"href":"https:\/\/www.mochileiros.com\/blog\/wp-json\/wp\/v2\/categories?post=32367"},{"taxonomy":"post_tag","embeddable":true,"href":"https:\/\/www.mochileiros.com\/blog\/wp-json\/wp\/v2\/tags?post=32367"}],"curies":[{"name":"wp","href":"https:\/\/api.w.org\/{rel}","templated":true}]}}