{"id":32783,"date":"2017-10-04T23:08:30","date_gmt":"2017-10-05T02:08:30","guid":{"rendered":"https:\/\/www.mochileiros.com\/blog\/?p=32783"},"modified":"2017-10-04T23:08:30","modified_gmt":"2017-10-05T02:08:30","slug":"conheca-o-litoral-paranaense","status":"publish","type":"post","link":"https:\/\/www.mochileiros.com\/blog\/conheca-o-litoral-paranaense","title":{"rendered":"Conhe\u00e7a o Litoral Paranaense"},"content":{"rendered":"<p style=\"text-align: justify\">Ol\u00e1 pessoal! Eu sou a\u00a0<strong>Karen Peressuti<\/strong>\u00a0e escrevo sobre viagens e experiencias no blog\u00a0<strong><a href=\"http:\/\/www.feriaspraontem.com\/\" target=\"_blank\" rel=\"noopener\">F\u00e9rias pra Ontem<\/a><\/strong>. Voc\u00ea j\u00e1 pensou em visitar o <strong>litoral paranaense<\/strong>? Ent\u00e3o venha conhecer um pouquinho mais sobre os locais mais bonitos e badalados.<\/p>\n<div id=\"attachment_6077\" style=\"width: 810px\" class=\"wp-caption aligncenter\"><img loading=\"lazy\" decoding=\"async\" aria-describedby=\"caption-attachment-6077\" class=\"alignnone size-full wp-image-6077\" src=\"https:\/\/feriaspraontem.files.wordpress.com\/2017\/09\/img_4964.jpg\" alt=\"Ilha do Mel\" width=\"800\" height=\"400\" \/><p id=\"caption-attachment-6077\" class=\"wp-caption-text\">Ilha do Mel &#8211;<em> Foto: Helen Peressuti<\/em><\/p><\/div>\n<p style=\"text-align: justify\"><!--more--><\/p>\n<p style=\"text-align: justify\">O <strong>Litoral Paranaense<\/strong> \u00e9 muito pequeno comprado com demais estados do Sul do Brasil. Mas ainda assim possui os seus encantos.<\/p>\n<p style=\"text-align: justify\">Mas vamos come\u00e7ar entendendo aonde fica cada cidade e balne\u00e1rios no litoral.<\/p>\n<div id=\"attachment_6083\" style=\"width: 800px\" class=\"wp-caption aligncenter\"><img loading=\"lazy\" decoding=\"async\" aria-describedby=\"caption-attachment-6083\" class=\"alignnone  wp-image-6083\" src=\"https:\/\/feriaspraontem.files.wordpress.com\/2017\/09\/1452077597mapa_litoral.jpg\" alt=\"Litoral Paranaense\" width=\"790\" height=\"465\" \/><p id=\"caption-attachment-6083\" class=\"wp-caption-text\"><em>Imagem: Reprodu\u00e7\u00e3o <\/em><a href=\"http:\/\/www.iap.pr.gov.br\/pagina-297.html\" target=\"_blank\" rel=\"noopener\"><em>IAP<\/em><\/a><\/p><\/div>\n<div id=\"attachment_6084\" style=\"width: 710px\" class=\"wp-caption aligncenter\"><img loading=\"lazy\" decoding=\"async\" aria-describedby=\"caption-attachment-6084\" class=\"alignnone  wp-image-6084\" src=\"https:\/\/feriaspraontem.files.wordpress.com\/2017\/09\/mapa.jpg\" alt=\"Cidades e Balne\u00e1rios Paran\u00e1\" width=\"700\" height=\"963\" \/><p id=\"caption-attachment-6084\" class=\"wp-caption-text\"><em>Imagem: Reprodu\u00e7\u00e3o <\/em><a href=\"http:\/\/www.iap.pr.gov.br\/pagina-297.html\" target=\"_blank\" rel=\"noopener\"><em>IAP<\/em><\/a><\/p><\/div>\n<p style=\"text-align: justify\">Na primeira imagem, voc\u00ea percebe o tamanho do litoral em rela\u00e7\u00e3o ao restante do estado. Na segunda imagem, fica mais f\u00e1cil de se perceber aonde fica cada balne\u00e1rio e cidade.<\/p>\n<hr \/>\n<div id=\"ez-toc-container\" class=\"ez-toc-v2_0_82_2 counter-hierarchy ez-toc-counter ez-toc-grey ez-toc-container-direction\">\n<div class=\"ez-toc-title-container\">\n<p class=\"ez-toc-title\" style=\"cursor:inherit\">\u00cdndice<\/p>\n<span class=\"ez-toc-title-toggle\"><a href=\"#\" class=\"ez-toc-pull-right ez-toc-btn ez-toc-btn-xs ez-toc-btn-default ez-toc-toggle\" aria-label=\"Alternar tabela de conte\u00fado\"><span class=\"ez-toc-js-icon-con\"><span class=\"\"><span class=\"eztoc-hide\" style=\"display:none;\">Toggle<\/span><span class=\"ez-toc-icon-toggle-span\"><svg style=\"fill: #999;color:#999\" xmlns=\"http:\/\/www.w3.org\/2000\/svg\" class=\"list-377408\" width=\"20px\" height=\"20px\" viewBox=\"0 0 24 24\" fill=\"none\"><path d=\"M6 6H4v2h2V6zm14 0H8v2h12V6zM4 11h2v2H4v-2zm16 0H8v2h12v-2zM4 16h2v2H4v-2zm16 0H8v2h12v-2z\" fill=\"currentColor\"><\/path><\/svg><svg style=\"fill: #999;color:#999\" class=\"arrow-unsorted-368013\" xmlns=\"http:\/\/www.w3.org\/2000\/svg\" width=\"10px\" height=\"10px\" viewBox=\"0 0 24 24\" version=\"1.2\" baseProfile=\"tiny\"><path d=\"M18.2 9.3l-6.2-6.3-6.2 6.3c-.2.2-.3.4-.3.7s.1.5.3.7c.2.2.4.3.7.3h11c.3 0 .5-.1.7-.3.2-.2.3-.5.3-.7s-.1-.5-.3-.7zM5.8 14.7l6.2 6.3 6.2-6.3c.2-.2.3-.5.3-.7s-.1-.5-.3-.7c-.2-.2-.4-.3-.7-.3h-11c-.3 0-.5.1-.7.3-.2.2-.3.5-.3.7s.1.5.3.7z\"\/><\/svg><\/span><\/span><\/span><\/a><\/span><\/div>\n<nav><ul class='ez-toc-list ez-toc-list-level-1 ' ><li class='ez-toc-page-1 ez-toc-heading-level-2'><a class=\"ez-toc-link ez-toc-heading-1\" href=\"https:\/\/www.mochileiros.com\/blog\/conheca-o-litoral-paranaense\/#Morretes\" >Morretes<\/a><\/li><li class='ez-toc-page-1 ez-toc-heading-level-2'><a class=\"ez-toc-link ez-toc-heading-2\" href=\"https:\/\/www.mochileiros.com\/blog\/conheca-o-litoral-paranaense\/#Antonina\" >Antonina<\/a><\/li><li class='ez-toc-page-1 ez-toc-heading-level-2'><a class=\"ez-toc-link ez-toc-heading-3\" href=\"https:\/\/www.mochileiros.com\/blog\/conheca-o-litoral-paranaense\/#Pontal_do_Sul\" >Pontal do Sul<\/a><\/li><li class='ez-toc-page-1 ez-toc-heading-level-2'><a class=\"ez-toc-link ez-toc-heading-4\" href=\"https:\/\/www.mochileiros.com\/blog\/conheca-o-litoral-paranaense\/#Matinhos\" >Matinhos<\/a><\/li><li class='ez-toc-page-1 ez-toc-heading-level-2'><a class=\"ez-toc-link ez-toc-heading-5\" href=\"https:\/\/www.mochileiros.com\/blog\/conheca-o-litoral-paranaense\/#Guaratuba\" >Guaratuba<\/a><\/li><li class='ez-toc-page-1 ez-toc-heading-level-2'><a class=\"ez-toc-link ez-toc-heading-6\" href=\"https:\/\/www.mochileiros.com\/blog\/conheca-o-litoral-paranaense\/#Paranagua\" >Paranagu\u00e1<\/a><\/li><li class='ez-toc-page-1 ez-toc-heading-level-2'><a class=\"ez-toc-link ez-toc-heading-7\" href=\"https:\/\/www.mochileiros.com\/blog\/conheca-o-litoral-paranaense\/#Demais_locais\" >Demais locais<\/a><\/li><li class='ez-toc-page-1 ez-toc-heading-level-2'><a class=\"ez-toc-link ez-toc-heading-8\" href=\"https:\/\/www.mochileiros.com\/blog\/conheca-o-litoral-paranaense\/#O_que_esperar_do_Litoral_Paranaense\" >O que esperar do Litoral Paranaense?<\/a><\/li><\/ul><\/nav><\/div>\n<h2 style=\"text-align: justify\"><span class=\"ez-toc-section\" id=\"Morretes\"><\/span>Morretes<span class=\"ez-toc-section-end\"><\/span><\/h2>\n<p style=\"text-align: justify\">Para come\u00e7ar, <strong>Morretes<\/strong> \u00e9 uma cidade litor\u00e2nea, por\u00e9m n\u00e3o possui mar como se pode ver no mapa a cima, mas mesmo assim ela \u00e9 uma cidade incr\u00edvel. Eu j\u00e1 fiz um post exclusivo sobre Morretes, se quiser conferir <a href=\"http:\/\/feriaspraontem.com\/2017\/06\/22\/um-passeio-por-morretes\/\" target=\"_blank\" rel=\"noopener\">CLIQUE AQUI<\/a>. Fiz tamb\u00e9m um post sobre Boia Cross, que aqui no Paran\u00e1 \u00e9 feito tamb\u00e9m em Morretes, <a href=\"http:\/\/feriaspraontem.com\/2017\/07\/06\/meu-fiasco-no-boia-cross\/\" target=\"_blank\" rel=\"noopener\">CLIQUE AQUI<\/a> para ver como foi essa aventura.<\/p>\n<div id=\"attachment_3097\" style=\"width: 810px\" class=\"wp-caption aligncenter\"><img loading=\"lazy\" decoding=\"async\" aria-describedby=\"caption-attachment-3097\" class=\"alignnone size-full wp-image-3097\" src=\"https:\/\/feriaspraontem.files.wordpress.com\/2017\/06\/dsc_0084.jpg\" alt=\"NHUNDIAQUARA\" width=\"800\" height=\"400\" \/><p id=\"caption-attachment-3097\" class=\"wp-caption-text\">Morretes &#8211;<em> Foto: Karen Peressuti \/ F\u00e9rias pra Ontem<\/em><\/p><\/div>\n<hr \/>\n<h2 style=\"text-align: justify\"><span class=\"ez-toc-section\" id=\"Antonina\"><\/span>Antonina<span class=\"ez-toc-section-end\"><\/span><\/h2>\n<p style=\"text-align: justify\">A cidade de <strong>Antonina<\/strong> \u00e9 parecida com Morretes, existem muitos pontos hist\u00f3ricos por\u00e9m o mar chega at\u00e9 l\u00e1. Um fato interessante sobre a cidade \u00e9 que no <strong>carnaval<\/strong> ela lota com a competi\u00e7\u00e3o do homem vestido de mulher mais glamouroso. Nunca fui ver essa festan\u00e7a, mas sempre parece ser muito engra\u00e7ado pelos jornais.<\/p>\n<div id=\"attachment_6211\" style=\"width: 810px\" class=\"wp-caption aligncenter\"><img loading=\"lazy\" decoding=\"async\" aria-describedby=\"caption-attachment-6211\" class=\"alignnone size-full wp-image-6211\" src=\"https:\/\/feriaspraontem.files.wordpress.com\/2017\/09\/antonina.jpg\" alt=\"Antonina\" width=\"800\" height=\"400\" \/><p id=\"caption-attachment-6211\" class=\"wp-caption-text\">Antonina &#8211; <em>Foto: Reprodu\u00e7\u00e3o <a href=\"http:\/\/bandnewsfmcuritiba.com\/antonina-se-junta-a-paranagua-e-morretes-e-adia-festas-de-carnaval\/\" target=\"_blank\" rel=\"noopener\">Band News FM Curitiba<\/a><\/em><\/p><\/div>\n<hr \/>\n<h2 style=\"text-align: justify\"><span class=\"ez-toc-section\" id=\"Pontal_do_Sul\"><\/span>Pontal do Sul<span class=\"ez-toc-section-end\"><\/span><\/h2>\n<p style=\"text-align: justify\">A cidade de <strong>Pontal do Sul<\/strong> \u00e9 onde fica localizada a maravilhosa <strong>Ilha do Mel<\/strong>. Tenho um post exclusivo desse para\u00edso <a href=\"http:\/\/feriaspraontem.com\/2016\/12\/08\/um-passeio-pela-ilha-do-mel\/\" target=\"_blank\" rel=\"noopener\">CLIQUE AQUI<\/a> para conhecer mais.<\/p>\n<p style=\"text-align: justify\">Os balne\u00e1rios pr\u00f3ximos a Ilha do Mel tem as suas prais com \u00e1guas bem mais calmas, Pontal do Paran\u00e1 n\u00e3o possui onda nenhuma, \u00e9 uma delicia.<\/p>\n<p style=\"text-align: justify\">O lugar que eu mais gosto do litoral, tirando a Ilha do Mel, \u00e9 o balne\u00e1rio de <strong>Praia de Leste<\/strong>. Com algumas melhorias na rodovia PR-407, com mercados grandes sendo instalados e com a instala\u00e7\u00e3o da rede de esgoto, esse balne\u00e1rio cresceu muito nos \u00faltimos anos. Existem v\u00e1rios bares e restaurantes muito bons no centrinho. Em \u00e9poca de temporada, o cal\u00e7ad\u00e3o do centrinho fica cheio de gente e at\u00e9 com toldos para estender o tamanho dos bares e restaurantes, fica muito legal!<\/p>\n<div id=\"attachment_6129\" style=\"width: 610px\" class=\"wp-caption aligncenter\"><img loading=\"lazy\" decoding=\"async\" aria-describedby=\"caption-attachment-6129\" class=\"alignnone size-full wp-image-6129\" src=\"https:\/\/feriaspraontem.files.wordpress.com\/2017\/09\/pr-pontal-do-parana-praia-balneario-praia-de-leste-090.jpg\" alt=\"Praia de leste\" width=\"600\" height=\"399\" \/><p id=\"caption-attachment-6129\" class=\"wp-caption-text\">Praia de Leste &#8211; <em>Foto: Reprodu\u00e7\u00e3o\u00a0<a href=\"http:\/\/www.praias-360.com.br\/parana\/pontal-do-parana\/praia-balneario-praia-de-leste\" target=\"_blank\" rel=\"noopener\">Praias 360<\/a><\/em><\/p><\/div>\n<hr \/>\n<h2 style=\"text-align: justify\"><span class=\"ez-toc-section\" id=\"Matinhos\"><\/span>Matinhos<span class=\"ez-toc-section-end\"><\/span><\/h2>\n<p style=\"text-align: justify\">Acredito que a cidade de Matinhos tenha os balne\u00e1rios mais conhecidos do Paran\u00e1. O balne\u00e1rio de <strong>Matinhos<\/strong> tamb\u00e9m tem um centrinho cheio de lojinhas, bares e restaurantes.<\/p>\n<p style=\"text-align: justify\">Ao lado, vem <strong>Caiob\u00e1<\/strong>. \u00c9 uma das partes mais bem estruturadas do litoral. Existem muitos pr\u00e9dios e tem uma cal\u00e7ad\u00e3o beira mar bem gostoso de ficar. Aqui tem a praia brava e a praia mansa.<\/p>\n<div id=\"attachment_6169\" style=\"width: 810px\" class=\"wp-caption aligncenter\"><img loading=\"lazy\" decoding=\"async\" aria-describedby=\"caption-attachment-6169\" class=\"alignnone size-full wp-image-6169\" src=\"https:\/\/feriaspraontem.files.wordpress.com\/2017\/09\/matinhos.jpg\" alt=\"Matinhos\" width=\"800\" height=\"400\" \/><p id=\"caption-attachment-6169\" class=\"wp-caption-text\">Matinhos &#8211; <em>Foto: Reprodu\u00e7\u00e3o <a href=\"http:\/\/www.sescpr.com.br\/caioba\/guia-turistico\/matinhos-e-caioba\/\" target=\"_blank\" rel=\"noopener\">Sescpr<\/a><\/em><\/p><\/div>\n<hr \/>\n<h2 style=\"text-align: justify\"><span class=\"ez-toc-section\" id=\"Guaratuba\"><\/span>Guaratuba<span class=\"ez-toc-section-end\"><\/span><\/h2>\n<p style=\"text-align: justify\">Para se ir para <strong>Guaratuba,<\/strong> a partir de Matinhos, \u00e9 preciso pegar um <strong>ferry boat<\/strong>. Se voc\u00ea vai a p\u00e9, n\u00e3o se precisa pagar nada. Se voc\u00ea vai por outra estrada, antes de chegar ao litoral, n\u00e3o \u00e9 necess\u00e1rio o ferry boat, mas normalmente tem bastante transito. Guaratuba tamb\u00e9m \u00e9 bem estruturada.<\/p>\n<div id=\"attachment_6173\" style=\"width: 810px\" class=\"wp-caption aligncenter\"><img loading=\"lazy\" decoding=\"async\" aria-describedby=\"caption-attachment-6173\" class=\"alignnone size-full wp-image-6173\" src=\"https:\/\/feriaspraontem.files.wordpress.com\/2017\/09\/guaratuba.jpg\" alt=\"Guaratuba\" width=\"800\" height=\"400\" \/><p id=\"caption-attachment-6173\" class=\"wp-caption-text\">Guaratuba &#8211; <em>Foto: Reprodu\u00e7\u00e3o <a href=\"http:\/\/www.portalturismobrasil.com.br\/cidade\/4050\/Guaratuba\" target=\"_blank\" rel=\"noopener\">Portal Turismo Brasil<\/a><\/em><\/p><\/div>\n<hr \/>\n<h2 style=\"text-align: justify\"><span class=\"ez-toc-section\" id=\"Paranagua\"><\/span>Paranagu\u00e1<span class=\"ez-toc-section-end\"><\/span><\/h2>\n<p style=\"text-align: justify\">A cidade de <strong>Paranagu\u00e1<\/strong> \u00e9 onde se localiza o porto mais importante do Paran\u00e1.<\/p>\n<div id=\"attachment_6176\" style=\"width: 810px\" class=\"wp-caption aligncenter\"><img loading=\"lazy\" decoding=\"async\" aria-describedby=\"caption-attachment-6176\" class=\"alignnone size-full wp-image-6176\" src=\"https:\/\/feriaspraontem.files.wordpress.com\/2017\/09\/paranagua.jpg\" alt=\"Paranagu\u00e1\" width=\"800\" height=\"400\" \/><p id=\"caption-attachment-6176\" class=\"wp-caption-text\">Porto de Paranagu\u00e1 &#8211; <em>Foto: Reprodu\u00e7\u00e3o <a href=\"http:\/\/www.guiageo-parana.com\/paranagua\/porto.htm\" target=\"_blank\" rel=\"noopener\">Guia Geo Paran\u00e1<\/a><\/em><\/p><\/div>\n<hr \/>\n<h2 style=\"text-align: justify\"><span class=\"ez-toc-section\" id=\"Demais_locais\"><\/span>Demais locais<span class=\"ez-toc-section-end\"><\/span><\/h2>\n<p style=\"text-align: justify\">Os locais que citei a cima s\u00e3o os mais conhecidos e os que eu j\u00e1 visitei. Os demais locais, tirando alguns balne\u00e1rios de apenas pequenas quadras, ainda n\u00e3o tive a oportunidade de conhecer.<\/p>\n<hr \/>\n<h2 style=\"text-align: justify\"><span class=\"ez-toc-section\" id=\"O_que_esperar_do_Litoral_Paranaense\"><\/span>O que esperar do Litoral Paranaense?<span class=\"ez-toc-section-end\"><\/span><\/h2>\n<p style=\"text-align: justify\">O litoral paranaense n\u00e3o \u00e9 um lugar ainda muito bem estruturado. Ainda existem diversos <strong>problemas<\/strong> e poucas alternativas de mercados e farm\u00e1cias, por exemplo. Por\u00e9m \u00e9 um lugar que est\u00e1 melhorando com o passar dos anos e espero que fique cada vez melhor e mais seguro.<\/p>\n<p style=\"text-align: justify\">As praias aqui, em sua maioria, possuem uma <strong>grande faixa de areia<\/strong>, deixando a paisagem ainda mais agrad\u00e1vel.<\/p>\n<p style=\"text-align: justify\">Se voc\u00ea quiser conhecer, recomendo voc\u00ea se hospedar em <strong>Caiob\u00e1, Guaratuba, Praia de Leste, Pontal do Paran\u00e1 ou Ilha do Mel<\/strong>, s\u00e3o os locais que possuem a melhor estrutura.<\/p>\n<hr \/>\n<p style=\"text-align: justify\">Acho que \u00e9 isso pessoal! Espero que tenham curtido esse post.<\/p>\n<p style=\"text-align: justify\">Voc\u00eas j\u00e1 conhecem algum desses lugares? Comentem aqui como foi essa experiencia.<\/p>\n<div id=\"attachment_3109\" style=\"width: 810px\" class=\"wp-caption aligncenter\"><img loading=\"lazy\" decoding=\"async\" aria-describedby=\"caption-attachment-3109\" class=\"alignnone size-full wp-image-3109\" src=\"https:\/\/feriaspraontem.files.wordpress.com\/2017\/06\/dsc_0078.jpg\" alt=\"BR-277\" width=\"800\" height=\"400\" \/><p id=\"caption-attachment-3109\" class=\"wp-caption-text\">BR-277 &#8211; <em>Foto: Karen Peressuti \/ F\u00e9rias pra Ontem<\/em><\/p><\/div>\n<p>&nbsp;<\/p>\n<p>Para ver mais fotos desses lugares encantadores, confira\u00a0<a href=\"https:\/\/feriaspraontem.com\/2017\/09\/28\/conheca-o-litoral-paranaense\/\" target=\"_blank\" rel=\"noopener\">AQUI<\/a>\u00a0o post completo no blog.<\/p>\n<p>Se voc\u00ea gostou desse post, conhe\u00e7a um pouco mais do blog clicando\u00a0<a href=\"https:\/\/feriaspraontem.com\/\" target=\"_blank\" rel=\"noopener\">AQUI\u00a0<\/a>ou nas redes sociais abaixo.<\/p>\n<p>&nbsp;<\/p>\n<hr \/>\n<p><em><strong>Redes:<\/strong><\/em><\/p>\n<p><em><img loading=\"lazy\" decoding=\"async\" class=\"img\" role=\"presentation\" src=\"https:\/\/www.facebook.com\/images\/emoji.php\/v9\/f39\/1\/24\/2708.png\" alt=\"\" width=\"24\" height=\"24\">\u00a0Facebook:\u00a0<a href=\"https:\/\/www.facebook.com\/feriaspraontemm\/\" target=\"_blank\" rel=\"noopener\">@feriaspraontemm<\/a><\/em><br \/>\n<em><img loading=\"lazy\" decoding=\"async\" class=\"img\" role=\"presentation\" src=\"https:\/\/www.facebook.com\/images\/emoji.php\/v9\/f39\/1\/24\/2708.png\" alt=\"\" width=\"24\" height=\"24\">\u00a0Instagram:\u00a0<a href=\"https:\/\/www.instagram.com\/ferias_praontem\/\" target=\"_blank\" rel=\"noopener\">@ferias_praontem<\/a><\/em><br \/>\n<em><img loading=\"lazy\" decoding=\"async\" class=\"img\" role=\"presentation\" src=\"https:\/\/www.facebook.com\/images\/emoji.php\/v9\/f39\/1\/24\/2708.png\" alt=\"\" width=\"24\" height=\"24\">\u00a0Instagram:<a href=\"https:\/\/www.instagram.com\/karenperessuti\/\" target=\"_blank\" rel=\"noopener\">\u00a0@karenperessuti<\/a><\/em><br \/>\n<em><img loading=\"lazy\" decoding=\"async\" class=\"img\" role=\"presentation\" src=\"https:\/\/www.facebook.com\/images\/emoji.php\/v9\/f39\/1\/24\/2708.png\" alt=\"\" width=\"24\" height=\"24\">\u00a0Dubbi:\u00a0<a href=\"https:\/\/www.dubbi.com.br\/viajante\/karen-peressuti\" target=\"_blank\" rel=\"noopener\">Karen Peressuti<\/a><\/em><br \/>\n<em><img loading=\"lazy\" decoding=\"async\" class=\"img\" role=\"presentation\" src=\"https:\/\/www.facebook.com\/images\/emoji.php\/v9\/f39\/1\/24\/2708.png\" alt=\"\" width=\"24\" height=\"24\">\u00a0Linkedin:\u00a0<\/em><a href=\"https:\/\/www.linkedin.com\/in\/f%C3%A9rias-pra-ontem-649b68145\/\" target=\"_blank\" rel=\"noopener\"><em>F\u00e9rias pra Ontem<\/em><\/a><br \/>\n<em><img loading=\"lazy\" decoding=\"async\" class=\"img\" role=\"presentation\" src=\"https:\/\/www.facebook.com\/images\/emoji.php\/v9\/f39\/1\/24\/2708.png\" alt=\"\" width=\"24\" height=\"24\">\u00a0Bloglovin\u2019:\u00a0<a href=\"https:\/\/www.bloglovin.com\/blogs\/ferias-pra-ontem-18959889\" target=\"_blank\" rel=\"noopener\">F\u00e9rias pra Ontem<\/a><\/em><br \/>\n<em><img loading=\"lazy\" decoding=\"async\" class=\"img\" role=\"presentation\" src=\"https:\/\/www.facebook.com\/images\/emoji.php\/v9\/f39\/1\/24\/2708.png\" alt=\"\" width=\"24\" height=\"24\">\u00a0Blogs Brasil:\u00a0<a href=\"https:\/\/blogsbrasil.com.br\/blog\/feriaspraontem-com\/\" target=\"_blank\" rel=\"noopener\">F\u00e9rias pra Ontem<\/a><\/em><br \/>\n<em><img loading=\"lazy\" decoding=\"async\" class=\"img\" role=\"presentation\" src=\"https:\/\/www.facebook.com\/images\/emoji.php\/v9\/f39\/1\/24\/2708.png\" alt=\"\" width=\"24\" height=\"24\">\u00a0Mochila Brasil:\u00a0<a href=\"https:\/\/www.mochileiros.com\/blog\/author\/karenperessuti\" target=\"_blank\" rel=\"noopener\">Karen Peressuti<br \/>\n<\/a><\/em><em><img loading=\"lazy\" decoding=\"async\" class=\"img\" role=\"presentation\" src=\"https:\/\/www.facebook.com\/images\/emoji.php\/v9\/f39\/1\/24\/2708.png\" alt=\"\" width=\"24\" height=\"24\">\u00a0Pinterest:\u00a0<a href=\"https:\/\/br.pinterest.com\/feriaspraontem\/\" target=\"_blank\" rel=\"noopener\">F\u00e9rias pra Ontem<\/a><\/em><\/p>\n","protected":false},"excerpt":{"rendered":"<p>Conhe\u00e7a o Litoral Paranaense<\/p>\n","protected":false},"author":1387,"featured_media":32784,"comment_status":"open","ping_status":"closed","sticky":false,"template":"","format":"standard","meta":{"googlesitekit_rrm_CAoiELM5mIOjYRN0nfylq3_9r-8:productID":"","_crdt_document":"","_daim_seo_power":"","_daim_enable_ail":"","footnotes":""},"categories":[168],"tags":[2036,2088,2082,2084,1833,1834,1731,2083,2035,2079,85,2081,2087,2086,2080,1461,2085,1724],"class_list":["post-32783","post","type-post","status-publish","format-standard","has-post-thumbnail","hentry","category-blog","tag-antonina","tag-boia-cross","tag-caioba","tag-guaratuba","tag-ilha-do-mel","tag-litoral","tag-mar","tag-matinhos","tag-morretes","tag-oceano","tag-parana","tag-paranagua","tag-pontal-do-parana","tag-pontal-do-sul","tag-pr","tag-praia","tag-praia-de-leste","tag-sul"],"_links":{"self":[{"href":"https:\/\/www.mochileiros.com\/blog\/wp-json\/wp\/v2\/posts\/32783","targetHints":{"allow":["GET"]}}],"collection":[{"href":"https:\/\/www.mochileiros.com\/blog\/wp-json\/wp\/v2\/posts"}],"about":[{"href":"https:\/\/www.mochileiros.com\/blog\/wp-json\/wp\/v2\/types\/post"}],"author":[{"embeddable":true,"href":"https:\/\/www.mochileiros.com\/blog\/wp-json\/wp\/v2\/users\/1387"}],"replies":[{"embeddable":true,"href":"https:\/\/www.mochileiros.com\/blog\/wp-json\/wp\/v2\/comments?post=32783"}],"version-history":[{"count":0,"href":"https:\/\/www.mochileiros.com\/blog\/wp-json\/wp\/v2\/posts\/32783\/revisions"}],"wp:featuredmedia":[{"embeddable":true,"href":"https:\/\/www.mochileiros.com\/blog\/wp-json\/wp\/v2\/media\/32784"}],"wp:attachment":[{"href":"https:\/\/www.mochileiros.com\/blog\/wp-json\/wp\/v2\/media?parent=32783"}],"wp:term":[{"taxonomy":"category","embeddable":true,"href":"https:\/\/www.mochileiros.com\/blog\/wp-json\/wp\/v2\/categories?post=32783"},{"taxonomy":"post_tag","embeddable":true,"href":"https:\/\/www.mochileiros.com\/blog\/wp-json\/wp\/v2\/tags?post=32783"}],"curies":[{"name":"wp","href":"https:\/\/api.w.org\/{rel}","templated":true}]}}