{"id":32985,"date":"2023-03-24T16:16:07","date_gmt":"2023-03-24T19:16:07","guid":{"rendered":"https:\/\/www.mochileiros.com\/blog\/?p=32985"},"modified":"2023-03-24T16:17:19","modified_gmt":"2023-03-24T19:17:19","slug":"melhor-van-para-construir-motorhome","status":"publish","type":"post","link":"https:\/\/www.mochileiros.com\/blog\/melhor-van-para-construir-motorhome","title":{"rendered":"Motorhome: Qual a melhor van pra construir o seu?"},"content":{"rendered":"\n<p class=\"wp-block-paragraph\">Voc\u00ea est\u00e1 come\u00e7ando a pesquisar e procurar informa\u00e7\u00f5es de como construir seu motorhome?\u00a0 Ent\u00e3o j\u00e1 coloque a\u00ed nos seus favoritos o link da nossa p\u00e1gina com todos os nossos posts sobre esse assunto: <strong><a href=\"https:\/\/www.mochileiros.com\/blog\/tag\/vanlife\"><span style=\"text-decoration: underline;\">Van life<\/span><\/a><\/strong>.\u00a0 &#8220;Van life&#8221; \u00e9 o termo usado mundialmente pra definir o estilo de vida de quem vive e viajar a bordo de uma van convertida em motorhome, as chamadas campervans.<\/p>\n\n\n\n<div id=\"ez-toc-container\" class=\"ez-toc-v2_0_82_2 counter-hierarchy ez-toc-counter ez-toc-grey ez-toc-container-direction\">\n<div class=\"ez-toc-title-container\">\n<p class=\"ez-toc-title\" style=\"cursor:inherit\">\u00cdndice<\/p>\n<span class=\"ez-toc-title-toggle\"><a href=\"#\" class=\"ez-toc-pull-right ez-toc-btn ez-toc-btn-xs ez-toc-btn-default ez-toc-toggle\" aria-label=\"Alternar tabela de conte\u00fado\"><span class=\"ez-toc-js-icon-con\"><span class=\"\"><span class=\"eztoc-hide\" style=\"display:none;\">Toggle<\/span><span class=\"ez-toc-icon-toggle-span\"><svg style=\"fill: #999;color:#999\" xmlns=\"http:\/\/www.w3.org\/2000\/svg\" class=\"list-377408\" width=\"20px\" height=\"20px\" viewBox=\"0 0 24 24\" fill=\"none\"><path d=\"M6 6H4v2h2V6zm14 0H8v2h12V6zM4 11h2v2H4v-2zm16 0H8v2h12v-2zM4 16h2v2H4v-2zm16 0H8v2h12v-2z\" fill=\"currentColor\"><\/path><\/svg><svg style=\"fill: #999;color:#999\" class=\"arrow-unsorted-368013\" xmlns=\"http:\/\/www.w3.org\/2000\/svg\" width=\"10px\" height=\"10px\" viewBox=\"0 0 24 24\" version=\"1.2\" baseProfile=\"tiny\"><path d=\"M18.2 9.3l-6.2-6.3-6.2 6.3c-.2.2-.3.4-.3.7s.1.5.3.7c.2.2.4.3.7.3h11c.3 0 .5-.1.7-.3.2-.2.3-.5.3-.7s-.1-.5-.3-.7zM5.8 14.7l6.2 6.3 6.2-6.3c.2-.2.3-.5.3-.7s-.1-.5-.3-.7c-.2-.2-.4-.3-.7-.3h-11c-.3 0-.5.1-.7.3-.2.2-.3.5-.3.7s.1.5.3.7z\"\/><\/svg><\/span><\/span><\/span><\/a><\/span><\/div>\n<nav><ul class='ez-toc-list ez-toc-list-level-1 ' ><li class='ez-toc-page-1 ez-toc-heading-level-2'><a class=\"ez-toc-link ez-toc-heading-1\" href=\"https:\/\/www.mochileiros.com\/blog\/melhor-van-para-construir-motorhome\/#Qual_a_diferenca_entre_motorhome_e_Campervan\" >Qual a diferen\u00e7a entre motorhome e Campervan?<\/a><\/li><li class='ez-toc-page-1 ez-toc-heading-level-2'><a class=\"ez-toc-link ez-toc-heading-2\" href=\"https:\/\/www.mochileiros.com\/blog\/melhor-van-para-construir-motorhome\/#Como_documentar_seu_motorhome_campervan\" >Como documentar seu motorhome \/campervan?<\/a><\/li><li class='ez-toc-page-1 ez-toc-heading-level-2'><a class=\"ez-toc-link ez-toc-heading-3\" href=\"https:\/\/www.mochileiros.com\/blog\/melhor-van-para-construir-motorhome\/#Qual_e_a_van_mais_barata_para_montar_um_motorhome_campervan\" >Qual \u00e9 a van mais barata para montar um motorhome \/ campervan?<\/a><\/li><li class='ez-toc-page-1 ez-toc-heading-level-2'><a class=\"ez-toc-link ez-toc-heading-4\" href=\"https:\/\/www.mochileiros.com\/blog\/melhor-van-para-construir-motorhome\/#Qual_categoria_de_CNH_preciso_ter_para_dirigir_um_motorhome_ou_campervan\" >Qual categoria de CNH preciso ter para dirigir um motorhome ou campervan?<\/a><\/li><li class='ez-toc-page-1 ez-toc-heading-level-2'><a class=\"ez-toc-link ez-toc-heading-5\" href=\"https:\/\/www.mochileiros.com\/blog\/melhor-van-para-construir-motorhome\/#Qual_e_o_consumo_medio_na_estrada_a_cada_1000_km_de_cada_modelo\" >Qual \u00e9 o consumo m\u00e9dio na estrada a cada 1.000 km de cada modelo?<\/a><\/li><li class='ez-toc-page-1 ez-toc-heading-level-2'><a class=\"ez-toc-link ez-toc-heading-6\" href=\"https:\/\/www.mochileiros.com\/blog\/melhor-van-para-construir-motorhome\/#Volkswagen_Kombi\" >Volkswagen Kombi<\/a><\/li><li class='ez-toc-page-1 ez-toc-heading-level-2'><a class=\"ez-toc-link ez-toc-heading-7\" href=\"https:\/\/www.mochileiros.com\/blog\/melhor-van-para-construir-motorhome\/#Kia_Besta\" >Kia Besta<\/a><\/li><li class='ez-toc-page-1 ez-toc-heading-level-2'><a class=\"ez-toc-link ez-toc-heading-8\" href=\"https:\/\/www.mochileiros.com\/blog\/melhor-van-para-construir-motorhome\/#Mercedes_Benz_180D\" >Mercedes Benz 180D<\/a><\/li><li class='ez-toc-page-1 ez-toc-heading-level-2'><a class=\"ez-toc-link ez-toc-heading-9\" href=\"https:\/\/www.mochileiros.com\/blog\/melhor-van-para-construir-motorhome\/#Fiat_Ducato_Peugeot_Boxer_Citroen_Jumper\" >Fiat Ducato \/ Peugeot Boxer \/ Citroen Jumper*<\/a><\/li><li class='ez-toc-page-1 ez-toc-heading-level-2'><a class=\"ez-toc-link ez-toc-heading-10\" href=\"https:\/\/www.mochileiros.com\/blog\/melhor-van-para-construir-motorhome\/#Iveco_Daily_Furgone\" >Iveco Daily Furgone<\/a><\/li><li class='ez-toc-page-1 ez-toc-heading-level-2'><a class=\"ez-toc-link ez-toc-heading-11\" href=\"https:\/\/www.mochileiros.com\/blog\/melhor-van-para-construir-motorhome\/#Mercedes_Benz_Sprinter\" >Mercedes Benz Sprinter<\/a><\/li><li class='ez-toc-page-1 ez-toc-heading-level-2'><a class=\"ez-toc-link ez-toc-heading-12\" href=\"https:\/\/www.mochileiros.com\/blog\/melhor-van-para-construir-motorhome\/#Renault_Master\" >Renault Master<\/a><\/li><\/ul><\/nav><\/div>\n<h2 class=\"wp-block-heading\"><span class=\"ez-toc-section\" id=\"Qual_a_diferenca_entre_motorhome_e_Campervan\"><\/span><strong>Qual a diferen\u00e7a entre motorhome e Campervan?<\/strong><span class=\"ez-toc-section-end\"><\/span><\/h2>\n\n\n\n<p class=\"wp-block-paragraph\">Campervan \u00e9 como s\u00e3o chamadas na Europa e EUA, as vans convertidas na base do &#8220;fa\u00e7a voc\u00ea mesmo&#8221;.\u00a0 \u00a0Depois de ler este post, pesquise no Google por &#8220;<strong><a href=\"https:\/\/www.google.com.br\/search?q=Van+Conversion&amp;oq=Van+Conversion&amp;aqs=chrome..69i57&amp;sourceid=chrome&amp;ie=UTF-8\" target=\"_blank\" rel=\"noopener noreferrer\"><span style=\"text-decoration: underline;\">Van Conversion<\/span><\/a><\/strong>&#8220;, que voc\u00ea ir\u00e1 encontrar uma infinidade de projetos de convers\u00f5es de todos os tipos e em vans de v\u00e1rios modelos, sempre executadas pelos pr\u00f3prios donos.<\/p>\n\n\n\n<p class=\"wp-block-paragraph\">Mas e no Brasil \u00e9 poss\u00edvel fazer isso? Sim, \u00e9 poss\u00edvel e nesse post mostraremos como fazer e qual \u00e9 a melhor van para voc\u00ea!<\/p>\n\n\n\n<h2 class=\"wp-block-heading\"><span class=\"ez-toc-section\" id=\"Como_documentar_seu_motorhome_campervan\"><\/span><strong>Como documentar seu motorhome \/campervan?<\/strong><span class=\"ez-toc-section-end\"><\/span><\/h2>\n\n\n\n<p class=\"wp-block-paragraph\">A legisla\u00e7\u00e3o brasileira permite que voc\u00ea mesmo construa seu motorhome desde que siga as normas do inmetro e assine um documento se responsabilizando pela constru\u00e7\u00e3o. Os detalhes desse processo voc\u00ea pode conferir no v\u00eddeo abaixo do canal <a href=\"https:\/\/www.youtube.com\/channel\/UCMjO5--EHqdlDy4XpayXa1A\" target=\"_blank\" rel=\"noopener noreferrer\">Motorhome o Sonho<\/a>:<\/p>\n\n\n\n<figure class=\"wp-block-embed is-type-video is-provider-youtube wp-block-embed-youtube wp-embed-aspect-16-9 wp-has-aspect-ratio\"><div class=\"wp-block-embed__wrapper\">\n<iframe loading=\"lazy\" title=\"Como documentar um motorhome artesanal | Documenta\u00e7\u00e3o Motorcasa #88\" width=\"740\" height=\"416\" src=\"https:\/\/www.youtube.com\/embed\/8eX2mofgRvs?feature=oembed\" frameborder=\"0\" allow=\"accelerometer; autoplay; clipboard-write; encrypted-media; gyroscope; picture-in-picture; web-share\" referrerpolicy=\"strict-origin-when-cross-origin\" allowfullscreen><\/iframe>\n<\/div><\/figure>\n\n\n\n<h2 class=\"wp-block-heading\"><span class=\"ez-toc-section\" id=\"Qual_e_a_van_mais_barata_para_montar_um_motorhome_campervan\"><\/span><strong>Qual \u00e9 a van mais barata para montar um motorhome \/ campervan?<\/strong><span class=\"ez-toc-section-end\"><\/span><\/h2>\n\n\n\n<p class=\"wp-block-paragraph\">O carro mais utilizado no Brasil para esse fim obviamente ainda \u00e9 a Volkswagen Kombi e pra quem j\u00e1 se decidiu por ela, n\u00f3s fizemos um post especial sobre&nbsp;<a href=\"https:\/\/www.mochileiros.com\/blog\/blog\/coisas-que-voce-precisa-saber-antes-de-comprar-uma-kombi-para-viajar\" target=\"_blank\" rel=\"noopener noreferrer\">8 coisas que voc\u00ea precisa saber antes de comprar uma Kombi para Viajar<\/a>.&nbsp; Ainda n\u00e3o h\u00e1 nenhum ve\u00edculo dispon\u00edvel no mercado brasileiro com o mesmo custo benef\u00edcio da Kombi. Os ve\u00edculos dispon\u00edveis com espa\u00e7o interno similar ou superior s\u00e3o bem mais caros.&nbsp;A \u00fanica van que chega perto de uma concorr\u00eancia direta com a Kombi \u00e9 a Kia Besta, que deixou de ser importada para o Brasil desde 2006.<\/p>\n\n\n\n<p class=\"wp-block-paragraph\">As vans de maior porte s\u00e3o no m\u00ednimo o dobro do pre\u00e7o da kombi e os carros 4&#215;4, SUV&#8217; s ou fug\u00f5es menores, que tamb\u00e9m podem ser utilizados para esse fim, s\u00e3o geralmente mais caros e n\u00e3o possuem o mesmo espa\u00e7o interno.&nbsp; Para este fim, a Kombi ainda n\u00e3o possui um concorrente direto na mesma faixa de pre\u00e7o.&nbsp; Talvez seja por isso que o interesse pelo ve\u00edculo continue crescendo como mostra <a href=\"https:\/\/trends.google.com.br\/trends\/explore?date=all&amp;geo=BR&amp;q=%2Fm%2F0gct26\" target=\"_blank\" rel=\"noopener noreferrer\">esse gr\u00e1fico<\/a> do Google Trends.<\/p>\n\n\n\n<h2 class=\"wp-block-heading\"><span class=\"ez-toc-section\" id=\"Qual_categoria_de_CNH_preciso_ter_para_dirigir_um_motorhome_ou_campervan\"><\/span>Qual categoria de CNH preciso ter para dirigir um motorhome ou campervan?<span class=\"ez-toc-section-end\"><\/span><\/h2>\n\n\n\n<p class=\"wp-block-paragraph\">A maioria das pessoas possui carteira de habilita\u00e7\u00e3o <strong>categoria B <\/strong>utilizada para dirigir ve\u00edculos de passeio.<\/p>\n\n\n\n<p class=\"wp-block-paragraph\">Com sua CNH categoria B voc\u00ea \u00e9 autorizado a dirigir qualquer ve\u00edculo cujo o <strong>PBT ( Peso Bruto Total)<\/strong> registrado no documento n\u00e3o ultrapasse os 3.500 KG.<\/p>\n\n\n\n<p class=\"wp-block-paragraph\">Se o PBT registrado na CRLV for acima dos 3.500 KG, ser\u00e1 necess\u00e1rio carteira de habilita\u00e7\u00e3o <strong>Categoria C.<\/strong><\/p>\n\n\n\n<p class=\"wp-block-paragraph\">Essa informa\u00e7\u00e3o referente a tonelagem m\u00e1xima geralmente est\u00e1 registrada nos campos&nbsp; &#8220;CAP\/POT\/CIL&#8221; ou &#8220;OBSERVA\u00c7\u00d5ES&#8221;&nbsp; do <strong><a href=\"https:\/\/carsale.uol.com.br\/2016\/05\/17\/aprenda-o-significado-de-todos-os-itens-da-documentacao-veicular\" target=\"_blank\" rel=\"noopener\">CRLV<\/a><\/strong> do ve\u00edculo.<\/p>\n\n\n\n<p class=\"wp-block-paragraph\">Se o ve\u00edculo j\u00e1 estiver documentado como motor casa, voc\u00ea poder\u00e1 dirigi-lo com a carteira <strong>categoria B<\/strong> desde que ele n\u00e3o ultrapasse os 6.000 KG de <strong>PBT<\/strong><\/p>\n\n\n\n<p class=\"wp-block-paragraph\">Voc\u00ea pode at\u00e9 comprar uma van que ultrapasse os 3.500 de PBT, mas s\u00f3 poder\u00e1 dirig\u00ed-la com sua CNH categoria B quando j\u00e1 estiver documentada para motor casa.<\/p>\n\n\n\n<figure class=\"wp-block-image\"><img decoding=\"async\" src=\"https:\/\/www.mochileiros.com\/blog\/wp-content\/uploads\/2020\/08\/CRLV-745x1024.png\" alt=\"\"><\/figure>\n\n\n\n<h2 class=\"wp-block-heading\"><span class=\"ez-toc-section\" id=\"Qual_e_o_consumo_medio_na_estrada_a_cada_1000_km_de_cada_modelo\"><\/span><strong>Qual \u00e9 o consumo m\u00e9dio na estrada a cada 1.000 km de cada modelo?<\/strong><span class=\"ez-toc-section-end\"><\/span><\/h2>\n\n\n\n<p class=\"wp-block-paragraph\"><strong>Valores usados como base 24\/03\/2023:\u00a0<\/strong><br \/><strong>Gasolina:<\/strong> R$ 5,50<br \/><strong>\u00c1lcool:<\/strong> R$ 4,30<br \/><strong>Diesel:<\/strong> R$ 6<\/p>\n\n\n\n<ol class=\"wp-block-list\">\n<li><strong>Kombi 1.6:<\/strong>\u00a0Consumo 111 litros \/ gasolina (9 Km\/l) <strong>= R$ 610,50<\/strong><\/li>\n\n\n\n<li><strong>Mercedes Sprinter: <\/strong>100 litros \/ diesel\u00a0(10 Km\/l)<strong> = R$ 600<\/strong><\/li>\n\n\n\n<li><strong>Kombi Flex 1.4:<\/strong>\u00a0 133 litros \/ \u00e1lcool\u00a0 (7,5 km\/l) <strong>= R$ 571<\/strong><\/li>\n\n\n\n<li><strong>MB 180d:\u00a0 <\/strong>90 litros \/ diesel (11 Km\/l) <strong>= R$ 540<\/strong><\/li>\n\n\n\n<li><strong>Iveco Daily:\u00a0<\/strong>90 litros \/ diesel (11 Km\/l)<strong> = R$ 540<\/strong><\/li>\n\n\n\n<li><strong>Fiat Ducato:<\/strong> 83 litros \/ diesel\u00a0(12 Km\/l) <strong>= R$ 498<\/strong><\/li>\n\n\n\n<li><strong>Renaul Master:<\/strong>\u00a083 litros \/ diesel\u00a0(12 Km\/l) <strong>= R$ 498<\/strong><\/li>\n\n\n\n<li><strong>Kombi Flex 1.4:<\/strong>\u00a0 90 litros \/ gasolina\u00a0 (11 Km\/l) <strong>= R$ 495<\/strong><\/li>\n\n\n\n<li><strong>Kia Besta 2.7: <\/strong>66 litros \/ diesel ( 15km\/l)<strong> = R$ 396<\/strong><\/li>\n<\/ol>\n\n\n\n<p class=\"wp-block-paragraph\">Ent\u00e3o vamos \u00e0 lista&#8230;<\/p>\n\n\n\n<h2 class=\"wp-block-heading\"><span class=\"ez-toc-section\" id=\"Volkswagen_Kombi\"><\/span>Volkswagen Kombi<span class=\"ez-toc-section-end\"><\/span><\/h2>\n\n\n\n<figure class=\"wp-block-image\"><a href=\"https:\/\/www.youtube.com\/c\/KombideJah\/videos\" target=\"_blank\" rel=\"noopener\"><img decoding=\"async\" src=\"https:\/\/www.mochileiros.com\/blog\/wp-content\/uploads\/2017\/06\/Kombi_Jah.jpg\" alt=\"Kombi de Jah: Um Motorhome constru\u00eddo com uma Kombi\"\/><\/a><figcaption class=\"wp-element-caption\">Kombi de Jah &#8211; Projeto econ\u00f4mico de kombi motorhome criado pelo viajante Murilo braido<\/figcaption><\/figure>\n\n\n\n<h3 class=\"wp-block-heading\"><strong>Pre\u00e7o:<\/strong><\/h3>\n\n\n\n<p class=\"wp-block-paragraph\">Voc\u00ea encontra modelos com razo\u00e1vel estado de conserva\u00e7\u00e3o a partir dos <strong><a href=\"https:\/\/veiculos.mercadolivre.com.br\/kombi-furg%C3%A3o_OrderId_PRICE\" target=\"_blank\" rel=\"noopener noreferrer\"><span style=\"text-decoration: underline;\">R$ 20.000<\/span><\/a><\/strong><\/p>\n\n\n\n<h3 class=\"wp-block-heading\">A van mais barata<\/h3>\n\n\n\n<p class=\"wp-block-paragraph\">Apesar de ser um carro do estilo &#8220;lata e motor&#8221;, ainda continua sendo o melhor custo\/benef\u00edcio. Com R$ 30.000 voc\u00ea monta uma kombi motorhome completa.<\/p>\n\n\n\n<p class=\"wp-block-paragraph\"><strong>Pr\u00f3s<\/strong><\/p>\n\n\n\n<ul class=\"wp-block-list\">\n<li>Tra\u00e7\u00e3o Traseira<\/li>\n\n\n\n<li>Manuten\u00e7\u00e3o barata e farta m\u00e3o de obra<\/li>\n\n\n\n<li>Possui uma comunidade de propriet\u00e1rios fan\u00e1ticos em diversos pa\u00edses.<\/li>\n<\/ul>\n\n\n\n<p class=\"wp-block-paragraph\"><strong>Contras<\/strong><\/p>\n\n\n\n<ul class=\"wp-block-list\">\n<li>Faltam itens de seguran\u00e7a. Mesmo os \u00faltimos modelos fabricados n\u00e3o possuem freios ABS e Airbags<\/li>\n\n\n\n<li>Modelos com motor 1.6 a gasolina s\u00e3o beberr\u00f5es<\/li>\n<\/ul>\n\n\n\n<h3 class=\"wp-block-heading\"><strong>Projetos de viagens que usam kombi:<br \/><\/strong><\/h3>\n\n\n\n<p class=\"wp-block-paragraph\">Diversos! Confira na nossa tag: <strong><a href=\"https:\/\/www.mochileiros.com\/blog\/tag\/viajar-de-kombi\"><span style=\"text-decoration: underline;\">Viajar de Kombi <\/span><\/a><\/strong><\/p>\n\n\n\n<h3 class=\"wp-block-heading\"><strong>Sites com opini\u00e3o dos donos de Kombi:<\/strong><\/h3>\n\n\n\n<p class=\"wp-block-paragraph\"><strong><a href=\"http:\/\/www.carrosnaweb.com.br\/opiniaolista.asp?fabricante=Volkswagen&amp;modelo=KOMBI\" target=\"_blank\" rel=\"noopener noreferrer\"><span style=\"text-decoration: underline;\">aqui<\/span><\/a><\/strong>, <a href=\"http:\/\/www.carroclub.com.br\/volkswagen\/kombi\/opiniao-dos-donos\/clube-volkswagen-kombi.aspx\" target=\"_blank\" rel=\"noopener noreferrer\"><strong><span style=\"text-decoration: underline;\">aqui<\/span><\/strong><\/a> e <a href=\"http:\/\/www.icarros.com.br\/volkswagen\/kombi\/opinioes\" target=\"_blank\" rel=\"noopener noreferrer\"><strong><span style=\"text-decoration: underline;\">aqui<\/span><\/strong><\/a><\/p>\n\n\n\n<h2 class=\"wp-block-heading\"><span class=\"ez-toc-section\" id=\"Kia_Besta\"><\/span>Kia Besta<span class=\"ez-toc-section-end\"><\/span><\/h2>\n\n\n\n<figure class=\"wp-block-image\"><img decoding=\"async\" src=\"https:\/\/www.mochileiros.com\/blog\/wp-content\/uploads\/2017\/10\/15235784_218910878549910_7504589159879003453_o.jpg\" alt=\"Motorhome constru\u00eddo com uma van kia besta\"\/><figcaption class=\"wp-element-caption\">Os irm\u00e3os Luciano Maia e Fernando Maia e sua Kia Besta &#8211; Foto: Badjao Trip.<\/figcaption><\/figure>\n\n\n\n<h3 class=\"wp-block-heading\"><strong>Pre\u00e7o:&nbsp;<\/strong><\/h3>\n\n\n\n<p class=\"wp-block-paragraph\">Usados a partir de <strong><a href=\"https:\/\/carros.mercadolivre.com.br\/carros-e-caminhonetes\/kia\/besta\/kia-besta_OrderId_PRICE\" target=\"_blank\" rel=\"noopener noreferrer\"><span style=\"text-decoration: underline;\">R$ 25.000<\/span><\/a><\/strong><\/p>\n\n\n\n<h3 class=\"wp-block-heading\">A van mais econ\u00f4mica<\/h3>\n\n\n\n<p class=\"wp-block-paragraph\">Vai ser muito dif\u00edcil voc\u00ea encontrar uma Besta conservada e barata com menos de 150.000 km. Se encontrar ter\u00e1 que mudar a documenta\u00e7\u00e3o dela para furg\u00e3o, pois a maioria tem documenta\u00e7\u00e3o para transporte de passageiros. Voc\u00ea vai ter dor de cabe\u00e7a para encontrar pe\u00e7as, mas nada que n\u00e3o se resolva via internet e na pior das hip\u00f3teses, via importa\u00e7\u00e3o, pois o carro ainda segue sendo fabricado em outros pa\u00edses com o nome de Kia Pregio.<\/p>\n\n\n\n<p class=\"wp-block-paragraph\"><strong>Pr\u00f3s<\/strong><\/p>\n\n\n\n<ul class=\"wp-block-list\">\n<li>&nbsp;Motor diesel bastante econ\u00f4mico<\/li>\n\n\n\n<li>Bem recomendada pelos donos<\/li>\n\n\n\n<li>Manuten\u00e7\u00e3o \u00e9 considerada barata<\/li>\n<\/ul>\n\n\n\n<p class=\"wp-block-paragraph\"><strong>Contras<\/strong><\/p>\n\n\n\n<ul class=\"wp-block-list\">\n<li>Dif\u00edcil encontrar unidades com baixa quilometragem.<\/li>\n\n\n\n<li>Os modelos maiores como a GS Gran 3.0 t\u00eam o mesmo pre\u00e7o de vans mais modernas<\/li>\n\n\n\n<li>Dificuldade de encontrar algumas pe\u00e7as, pois o carro n\u00e3o \u00e9 mais&nbsp;importado para o Brasil desde 2006.<\/li>\n\n\n\n<li>Modelos com Motor 2.2 tem desempenho ruim.<\/li>\n<\/ul>\n\n\n\n<h3 class=\"wp-block-heading\"><strong>Projetos de viagens que usam a Kia Besta:<\/strong><\/h3>\n\n\n\n<p class=\"wp-block-paragraph\"><strong><br \/><\/strong><a href=\"https:\/\/www.instagram.com\/agrandeviagemnamaionese\/\" target=\"_blank\" rel=\"noopener noreferrer\"><strong>Grande Viagem na Maionese<\/strong><\/a>:<br \/>Um Italiano e uma cabo-verdiana rodaram 30.000 km pela Am\u00e9rica do Sul com uma Kia Besta batizada de Maionese<\/p>\n\n\n\n<p class=\"wp-block-paragraph\"><strong><a href=\"https:\/\/www.facebook.com\/BadjaoTrip\/\" target=\"_blank\" rel=\"noopener noreferrer\">BadJao Trip<\/a><\/strong>:<br \/>Dois irm\u00e3os com uma Kia Besta em uma viagem pela Am\u00e9rica do Sul<\/p>\n\n\n\n<h3 class=\"wp-block-heading\"><strong>Sites com opini\u00e3o dos donos de kia Besta<\/strong><strong>:<\/strong><\/h3>\n\n\n\n<p class=\"wp-block-paragraph\"><strong><a href=\"http:\/\/www.carrosnaweb.com.br\/opiniaolista.asp?curpage=1&amp;fabricante=Kia&amp;modelo=BESTA&amp;anomod=&amp;donoa=&amp;versao=&amp;ordenacao=1&amp;km=\" target=\"_blank\" rel=\"noopener noreferrer\">aqui<\/a><\/strong><\/p>\n\n\n\n<h2 class=\"wp-block-heading\"><span class=\"ez-toc-section\" id=\"Mercedes_Benz_180D\"><\/span>Mercedes Benz 180D<span class=\"ez-toc-section-end\"><\/span><\/h2>\n\n\n\n<figure class=\"wp-block-image\"><img decoding=\"async\" src=\"https:\/\/www.mochileiros.com\/blog\/wp-content\/uploads\/2017\/10\/20664079_502332920114671_581705974525522843_n.jpg\" alt=\"\"><\/figure>\n\n\n\n<h3 class=\"wp-block-heading\"><strong>Pre\u00e7o:<\/strong><\/h3>\n\n\n\n<p class=\"wp-block-paragraph\">Usados&nbsp;a partir de <strong><a href=\"https:\/\/carros.mercadolivre.com.br\/carros-e-caminhonetes\/mercedes-benz\/180-d\/_OrderId_PRICE\" target=\"_blank\" rel=\"noopener noreferrer\">R$ 15.000<\/a><\/strong><\/p>\n\n\n\n<h3 class=\"wp-block-heading\">Raridade<\/h3>\n\n\n\n<p class=\"wp-block-paragraph\">Apesar de ser uma Mercedes, \u00e9 uma van com tra\u00e7\u00e3o dianteira e motor pouco potente. Voc\u00ea vai encontrar mec\u00e2nicos pra consertar, mas vai penar pra encontrar pe\u00e7as. \u00c9 um carro que parou de ser fabricado em 1996 quando foi substitu\u00edda pela Mercedes Sprinter.<\/p>\n\n\n\n<p class=\"wp-block-paragraph\"><strong>Pr\u00f3s<\/strong><\/p>\n\n\n\n<ul class=\"wp-block-list\">\n<li>Movida a Diesel<\/li>\n\n\n\n<li>Espa\u00e7o interno maior que a Kombi<\/li>\n<\/ul>\n\n\n\n<p class=\"wp-block-paragraph\"><strong>Contras<\/strong><\/p>\n\n\n\n<ul class=\"wp-block-list\">\n<li>Tra\u00e7\u00e3o dianteira<\/li>\n\n\n\n<li>Fora de linha e poucos modelos rodando<\/li>\n\n\n\n<li>Dificuldade para encontrar pe\u00e7as<\/li>\n\n\n\n<li>Motor com baixa pot\u00eancia<\/li>\n\n\n\n<li>Possui poucas unidades \u00e0 venda, todas dos anos 1994 e 1995 quando alguns destes ve\u00edculos foram importados da Espanha para o Brasil.<\/li>\n<\/ul>\n\n\n\n<h3 class=\"wp-block-heading\"><strong>Projetos de viagens com a MB 180D:<\/strong><\/h3>\n\n\n\n<p class=\"wp-block-paragraph\"><strong><br \/><a href=\"https:\/\/www.youtube.com\/channel\/UCaivMpMR1yNCmu92c1XU_XA?sub_confirmation=1\" target=\"_blank\" rel=\"noopener noreferrer\">Vanbora:<\/a><br \/><\/strong>o m\u00fasico Roger Farina rodou um peda\u00e7o do Brasil com uma van Mercedes MB180, a Bebete Vanbora. O carro foi trocado posteriormente por uma Fiat Doblo.<\/p>\n\n\n\n<h3 class=\"wp-block-heading\"><strong>Sites com opini\u00e3o dos donos: <\/strong><\/h3>\n\n\n\n<p class=\"wp-block-paragraph\"><strong><a href=\"http:\/\/www.oficinabrasil.com.br\/noticia\/reparador-diesel\/apesar-da-boa-fama-dos-mercedes-benz-mb180d-da-trabalho-ao-reparador\" target=\"_blank\" rel=\"noopener noreferrer\">aqui<\/a><\/strong> e <strong><a href=\"https:\/\/autosorfaos.wordpress.com\/2010\/03\/29\/mercedes-benz-180d\/\" target=\"_blank\" rel=\"noopener noreferrer\">aqui<\/a><\/strong><\/p>\n\n\n\n<h2 class=\"wp-block-heading\"><span class=\"ez-toc-section\" id=\"Fiat_Ducato_Peugeot_Boxer_Citroen_Jumper\"><\/span>Fiat Ducato \/ Peugeot Boxer \/ Citroen Jumper*<span class=\"ez-toc-section-end\"><\/span><\/h2>\n\n\n\n<p class=\"wp-block-paragraph\">*Essas 3 vans s\u00e3o o mesmo carro com 3 marcas diferentes.<\/p>\n\n\n\n<figure class=\"wp-block-image\"><img decoding=\"async\" src=\"https:\/\/www.mochileiros.com\/blog\/wp-content\/uploads\/2017\/10\/20819722_1022453807857597_6346555143902094713_o.jpg\" alt=\"\"><figcaption class=\"wp-element-caption\">Fiat Ducato do Projeto Gente Feliz &#8211; Foto: Projeto Gente Feliz<\/figcaption><\/figure>\n\n\n\n<h3 class=\"wp-block-heading\"><strong>Pre\u00e7o:<\/strong><\/h3>\n\n\n\n<p class=\"wp-block-paragraph\">Usados a partir de <strong><a href=\"http:\/\/carros.mercadolivre.com.br\/carros-e-caminhonetes\/fiat\/ducato\/fiat-ducato_OrderId_PRICE\" target=\"_blank\" rel=\"noopener noreferrer\"><span style=\"text-decoration: underline;\">R$ 45.000<\/span><\/a><\/strong><\/p>\n\n\n\n<p class=\"wp-block-paragraph\"><strong>Conforto e boa dirigibilidade<\/strong><\/p>\n\n\n\n<p class=\"wp-block-paragraph\">A Fiat Ducato foi durante muitos anos a van mais vendidas do Brasil. O carro tamb\u00e9m \u00e9 montado com outro nome pelas montadoras francesas Peugeot e Citroen. Por esse motivo \u00e9 f\u00e1cil encontrar pe\u00e7as e m\u00e3o de obra para manuten\u00e7\u00e3o. Por ser um modelo mais moderno, possui dirigibilidade e conforto similar a um carro de passeio. D\u00ea prefer\u00eancia ao modelo com motor 2.8. Os modelos equipados com motor Multijet 2.3 16V (a diesel) fabricados entre 2011 e 2013 apresentaram trinca de cabe\u00e7ote antes dos 40 mil KM, fato que gerou protestos de propriet\u00e1rios e foi alvo de investiga\u00e7\u00e3o do minist\u00e9rio p\u00fablico de Minas Gerais.<\/p>\n\n\n\n<p class=\"wp-block-paragraph\"><strong>Pr\u00f3s<\/strong><\/p>\n\n\n\n<ul class=\"wp-block-list\">\n<li>Motor econ\u00f4mico<\/li>\n\n\n\n<li>F\u00e1cil encontrar pe\u00e7as em pa\u00edses da Am\u00e9rica do Sul<\/li>\n\n\n\n<li>Boa Dirigibilidade e conforto<\/li>\n<\/ul>\n\n\n\n<p class=\"wp-block-paragraph\"><strong>Contras<\/strong><\/p>\n\n\n\n<ul class=\"wp-block-list\">\n<li>Tra\u00e7\u00e3o Dianteira<\/li>\n\n\n\n<li>Manuten\u00e7\u00e3o cara<\/li>\n<\/ul>\n\n\n\n<h3 class=\"wp-block-heading\"><strong>Projetos de viagens com o Fiat Ducato:<\/strong><\/h3>\n\n\n\n<p class=\"wp-block-paragraph\"><a href=\"https:\/\/www.donorteaonorte.com.br\/\" target=\"_blank\" rel=\"noopener\"><strong>Do Norte ao Norte: <\/strong><\/a><br \/>Projeto vanlife dos viajantes Elka e Luis<\/p>\n\n\n\n<p class=\"wp-block-paragraph\"><strong><a href=\"https:\/\/www.facebook.com\/projetogentefelizsjc\/\" target=\"_blank\" rel=\"noopener noreferrer\">Projeto Gente Feliz<\/a><\/strong>:<br \/>Projeto de um casal de atletas viajando pelo Brasil.<\/p>\n\n\n\n<p class=\"wp-block-paragraph\"><a href=\"http:\/\/www.ericoroma.com.br\" target=\"_blank\" rel=\"noopener noreferrer\"><strong>Erico Roma<\/strong>:<\/a><br \/>Uma fiat Ducato transformada em motorhome<\/p>\n\n\n\n<h3 class=\"wp-block-heading\"><strong>Sites com opini\u00e3o dos donos:<\/strong><\/h3>\n\n\n\n<p class=\"wp-block-paragraph\"><strong><a href=\"http:\/\/www.icarros.com.br\/fiat\/ducato\/opinioes\" target=\"_blank\" rel=\"noopener noreferrer\">aqui<\/a><\/strong>, <strong><a href=\"http:\/\/www.carrosnaweb.com.br\/opiniaolista.asp?fabricante=Fiat&amp;modelo=DUCATO\" target=\"_blank\" rel=\"noopener noreferrer\">aqui<\/a><\/strong>&nbsp;e <strong><a href=\"https:\/\/www.em.com.br\/app\/noticia\/economia\/2015\/12\/19\/internas_economia,718906\/proprietarios-de-vans-ducato-protestam-contra-montadora-na-avenida-raj.shtml\" target=\"_blank\" rel=\"noopener noreferrer\">aqui<\/a><\/strong><\/p>\n\n\n\n<h2 class=\"wp-block-heading\"><span class=\"ez-toc-section\" id=\"Iveco_Daily_Furgone\"><\/span>Iveco Daily Furgone<span class=\"ez-toc-section-end\"><\/span><\/h2>\n\n\n\n<figure class=\"wp-block-image\"><img decoding=\"async\" src=\"https:\/\/www.mochileiros.com\/blog\/wp-content\/uploads\/2017\/10\/23157001_172681466647970_2353339597927731660_o-e1539673793408.jpg\" alt=\"Van Iveco Daily transformada em Motorhome pelo projeto Trilhando Rotas\"\/><figcaption class=\"wp-element-caption\">Iveco Daily do projeto Trilhando Rotas<\/figcaption><\/figure>\n\n\n\n<h3 class=\"wp-block-heading\">Pre\u00e7o:<\/h3>\n\n\n\n<p class=\"wp-block-paragraph\">usados em bom estado a partir de <strong><a href=\"https:\/\/veiculos.mercadolivre.com.br\/iveco-daily-furg%C3%A3o_OrderId_PRICE\" target=\"_blank\" rel=\"noopener noreferrer\"><span style=\"text-decoration: underline;\">R$ 40.000<\/span><\/a><\/strong><\/p>\n\n\n\n<h3 class=\"wp-block-heading\">Robusta<\/h3>\n\n\n\n<p class=\"wp-block-paragraph\">Por ter tra\u00e7\u00e3o traseira (alguns modelos com rodado duplo) e motor potente \u00e9 um carro robusto e confi\u00e1vel. Os modelos fabricados entre 1998 e 2001 como a 3510 e 4912 foram importadas da It\u00e1lia e s\u00e3o 100% mec\u00e2nicos, sem nenhum componente eletr\u00f4nico. Qualquer bom mec\u00e2nico diesel d\u00e1 conta do recado. As pe\u00e7as voc\u00ea encontra na rede de concession\u00e1rias e na internet em lojas com Iveparts e Ivecompany. A IVECO Daily \u00e9 a 3\u00aa van mais vendida no pa\u00eds.<\/p>\n\n\n\n<p class=\"wp-block-paragraph\"><strong>Pr\u00f3s<\/strong><\/p>\n\n\n\n<ul class=\"wp-block-list\">\n<li>Tra\u00e7\u00e3o Traseira (alguns modelos com rodado duplo)<\/li>\n\n\n\n<li>Motor Robusto<\/li>\n\n\n\n<li>Ve\u00edculo utilizado em frotas de diversos servi\u00e7os p\u00fablicos e privados<\/li>\n<\/ul>\n\n\n\n<p class=\"wp-block-paragraph\"><strong>Contras<\/strong><\/p>\n\n\n\n<ul class=\"wp-block-list\">\n<li>Manuten\u00e7\u00e3o na rede de concession\u00e1rias \u00e9 cara<\/li>\n\n\n\n<li>Unidades com 10 anos de uso n\u00e3o saem por menos de R$ 50.000<\/li>\n<\/ul>\n\n\n\n<h3 class=\"wp-block-heading\"><strong>Projetos de viagens com Iveco Daily:<\/strong><\/h3>\n\n\n\n<p class=\"wp-block-paragraph\"><strong><br \/><a href=\"http:\/\/www.aventurapelasamericas.com.br\" target=\"_blank\" rel=\"noopener noreferrer\">Aventura pelas Am\u00e9ricas<\/a>:<\/strong><br \/>Casal de brasileiros viajou por 18 pa\u00edses em uma Iveco Daily Motorhome<\/p>\n\n\n\n<p class=\"wp-block-paragraph\"><strong><br \/><\/strong><a href=\"https:\/\/www.instagram.com\/nowhere_van\/\" target=\"_blank\" rel=\"noopener noreferrer\"><strong>NowHere Van<\/strong><\/a>:<br \/>Casal holand\u00eas transformou uma Iveco Daily 1996 em Campervan<\/p>\n\n\n\n<p class=\"wp-block-paragraph\"><strong><a href=\"https:\/\/www.facebook.com\/casaltrilhandorotas\" target=\"_blank\" rel=\"noopener\">Trilhando Rotas<\/a>:<\/strong><br \/>Casal de brasileiros rodou Am\u00e9rica do Sul com uma Iveco Daily 4912<\/p>\n\n\n\n<h3 class=\"wp-block-heading\"><strong>Sites com opini\u00e3o dos donos:<\/strong><\/h3>\n\n\n\n<p class=\"wp-block-paragraph\"><strong> <a href=\"http:\/\/www.carrosnaweb.com.br\/opiniaolista.asp?fabricante=Iveco&amp;modelo=DAILY\" target=\"_blank\" rel=\"noopener noreferrer\">aqui<\/a><\/strong><\/p>\n\n\n\n<h2 class=\"wp-block-heading\"><span class=\"ez-toc-section\" id=\"Mercedes_Benz_Sprinter\"><\/span>Mercedes Benz Sprinter<span class=\"ez-toc-section-end\"><\/span><\/h2>\n\n\n\n<figure class=\"wp-block-image\"><img decoding=\"async\" src=\"https:\/\/www.mochileiros.com\/blog\/wp-content\/uploads\/2017\/10\/15844273_758292340999748_5011849181234299267_o.jpg\" alt=\"\"><figcaption class=\"wp-element-caption\">Mercedes Sprinter do Projeto Passa Fronteiras &#8211; Foto: Passa Fronteiras<\/figcaption><\/figure>\n\n\n\n<h3 class=\"wp-block-heading\"><strong>Pre\u00e7o:<\/strong><\/h3>\n\n\n\n<p class=\"wp-block-paragraph\">usados&nbsp;a partir de&nbsp;&nbsp;<strong><a href=\"http:\/\/carros.mercadolivre.com.br\/carros-e-caminhonetes\/mercedes-benz\/sprinter-chassi\/mercedes-sprinter_OrderId_PRICE\" target=\"_blank\" rel=\"noopener noreferrer\">R$ 40.000<\/a><\/strong><\/p>\n\n\n\n<h3 class=\"wp-block-heading\">Uma Mercedes-Benz<\/h3>\n\n\n\n<p class=\"wp-block-paragraph\">No mundo diesel \u00e9 o que mais se aproxima da kombi no quesito facilidade em encontrar pe\u00e7as e manuten\u00e7\u00e3o, al\u00e9m de ser um carro robusto e com tra\u00e7\u00e3o positiva traseira. Compre um modelo com motor 100% mec\u00e2nico como as 310 e a 312D por exemplo. Os modelos mais novos possuem muitos componentes eletr\u00f4nicos, o que faz elevar o pre\u00e7o e a dificuldade da manuten\u00e7\u00e3o.<\/p>\n\n\n\n<p class=\"wp-block-paragraph\"><strong>Pr\u00f3s<\/strong><\/p>\n\n\n\n<ul class=\"wp-block-list\">\n<li>Tra\u00e7\u00e3o Traseira<\/li>\n\n\n\n<li>Mec\u00e2nica Mercedes<\/li>\n\n\n\n<li>F\u00e1cil encontrar pe\u00e7as e oficinas especializadas<\/li>\n<\/ul>\n\n\n\n<p class=\"wp-block-paragraph\"><strong>Contras<\/strong><\/p>\n\n\n\n<ul class=\"wp-block-list\">\n<li>Manuten\u00e7\u00e3o dos modelos mais recentes \u00e9 considerada cara<\/li>\n\n\n\n<li>Unidades com 10 anos de uso n\u00e3o saem por menos de R$ 50.000<\/li>\n<\/ul>\n\n\n\n<h3 class=\"wp-block-heading\"><strong>Projetos de viagens com A Mercedes Sprinter:<\/strong><\/h3>\n\n\n\n<p class=\"wp-block-paragraph\"><strong><br \/><\/strong><a href=\"http:\/\/expedicaoamericadosul2015.blogspot.com.br\/\" target=\"_blank\" rel=\"noopener noreferrer\"><strong>Expedi\u00e7\u00e3o Am\u00e9rica do Sul<\/strong><\/a>:<strong><br \/><\/strong>Uma viagem pela Am\u00e9rica do Sul \u00e0 bordo de uma Sprinter<br \/><strong><br \/><\/strong><a href=\"https:\/\/www.mochileiros.com\/blog\/blog\/casal-transforma-base-movel-da-pm-em-motorhome-e-segue-rumo-ao-alasca\" target=\"_blank\" rel=\"noopener noreferrer\"><strong>Passa Fronteiras<\/strong><\/a>:<br \/>Casal viajou at\u00e9 os EUA em uma Sprinter ex-base da PM<\/p>\n\n\n\n<p class=\"wp-block-paragraph\"><strong><a href=\"https:\/\/www.youtube.com\/vancomtudo\" target=\"_blank\" rel=\"noopener noreferrer\">Van com Tudo<\/a><\/strong>:<br \/>Fam\u00edlia viajou do Brasil at\u00e9 o Alasca com uma Sprinter Motorhome<\/p>\n\n\n\n<p class=\"wp-block-paragraph\"><strong><a href=\"https:\/\/www.youtube.com\/channel\/UCIPGIDywigs5SbZgIUvCrvQ\" target=\"_blank\" rel=\"noopener\">Traveleiros<\/a><\/strong><br \/>Lais e Renan est\u00e3o dando uma volta ao mundo a bordo de uma Mercedes Sprinter convertida por eles mesmos em um belo motorhome<\/p>\n\n\n\n<h3 class=\"wp-block-heading\"><strong>Sites com opini\u00e3o dos donos: <\/strong><\/h3>\n\n\n\n<p class=\"wp-block-paragraph\"><strong><a href=\"http:\/\/www.opiniaosobrecarros.com.br\/avaliacao-de-veiculo.php?marca=Mercedes-Benz&amp;modelo=Sprinter\" target=\"_blank\" rel=\"noopener noreferrer\">aqui<\/a>,<\/strong> <strong><a href=\"http:\/\/www.blogdojoaolins.com\/2015\/09\/sprinter-ou-ducato.html\" target=\"_blank\" rel=\"noopener noreferrer\">aqui<\/a><\/strong><\/p>\n\n\n\n<h2 class=\"wp-block-heading\"><span class=\"ez-toc-section\" id=\"Renault_Master\"><\/span>Renault Master<span class=\"ez-toc-section-end\"><\/span><\/h2>\n\n\n\n<figure class=\"wp-block-image\"><img decoding=\"async\" src=\"https:\/\/www.mochileiros.com\/blog\/wp-content\/uploads\/2017\/10\/maxresdefault.jpg\" alt=\"\"><\/figure>\n\n\n\n<h3 class=\"wp-block-heading\"><strong>Pre\u00e7o:<\/strong><\/h3>\n\n\n\n<p class=\"wp-block-paragraph\">Usados a partir de <strong><a href=\"http:\/\/carros.mercadolivre.com.br\/carros-e-caminhonetes\/renault\/master-furgao\/renault-master_OrderId_PRICE\" target=\"_blank\" rel=\"noopener noreferrer\"><span style=\"text-decoration: underline;\">R$ 50.000<\/span><\/a><\/strong><\/p>\n\n\n\n<h3 class=\"wp-block-heading\">A mais usada pelas f\u00e1bricas de motorhome<\/h3>\n\n\n\n<p class=\"wp-block-paragraph\">Por conta do espa\u00e7o interno e do conforto da cabine tem sido muito usada na constru\u00e7\u00e3o de novos motorhomes. Al\u00e9m disso as marcas francesas s\u00e3o muito populares no Chile e Argentina, o que aumenta a chance de encontrar pe\u00e7as e manuten\u00e7\u00e3o em uma viagem pela Am\u00e9rica do Sul<\/p>\n\n\n\n<p class=\"wp-block-paragraph\"><strong>Pr\u00f3s<\/strong><\/p>\n\n\n\n<ul class=\"wp-block-list\">\n<li>Motor mais econ\u00f4mico entre as vans de grande porte vendidas no Brasil<\/li>\n\n\n\n<li>Ve\u00edculo bastante usado em frotas e pelas montadoras brasileiras de motorhome<\/li>\n<\/ul>\n\n\n\n<p class=\"wp-block-paragraph\"><strong>Contras<\/strong><\/p>\n\n\n\n<ul class=\"wp-block-list\">\n<li>Tra\u00e7\u00e3o Dianteira<\/li>\n\n\n\n<li>Manuten\u00e7\u00e3o cara<\/li>\n<\/ul>\n\n\n\n<h3 class=\"wp-block-heading\"><strong>Projetos de viagens com Renault Master:<\/strong><\/h3>\n\n\n\n<p class=\"wp-block-paragraph\"><strong><br \/><\/strong><a href=\"http:\/\/www.rodandopelasamericas.com.br\/\" target=\"_blank\" rel=\"noopener noreferrer\"><strong>Rodando pela Am\u00e9ricas<\/strong>:<\/a><br \/>Casal Brasileiro fez uma viagem de ida e volta para os EUA, \u00e0 bordo de uma Renault Master<\/p>\n\n\n\n<h3 class=\"wp-block-heading\"><strong>Sites com opini\u00e3o dos donos:<\/strong><\/h3>\n\n\n\n<p class=\"wp-block-paragraph\"><strong><a href=\"http:\/\/www.carrosnaweb.com.br\/opiniaolista.asp?fabricante=Renault&amp;modelo=MASTER\" target=\"_blank\" rel=\"noopener noreferrer\">aqui<\/a> <\/strong>e&nbsp;<strong><a href=\"https:\/\/www.noticiasautomotivas.com.br\/usado-da-semana-opiniao-do-dono-renault-master\/\" target=\"_blank\" rel=\"noopener noreferrer\">aqui<\/a><\/strong>.<\/p>\n","protected":false},"excerpt":{"rendered":"<p>Voc\u00ea est\u00e1 come\u00e7ando a pesquisar e procurar informa\u00e7\u00f5es de como construir seu motorhome?\u00a0 Ent\u00e3o j\u00e1 coloque a\u00ed nos seus favoritos o link da nossa p\u00e1gina com todos os nossos posts sobre esse assunto: Van life.\u00a0 &#8220;Van life&#8221; \u00e9 o termo usado mundialmente pra definir o estilo de vida de quem vive e viajar a bordo [&hellip;]<\/p>\n","protected":false},"author":55,"featured_media":36098,"comment_status":"open","ping_status":"closed","sticky":false,"template":"","format":"standard","meta":{"googlesitekit_rrm_CAoiELM5mIOjYRN0nfylq3_9r-8:productID":"","_crdt_document":"","_daim_seo_power":"1000","_daim_enable_ail":"1","footnotes":""},"categories":[168],"tags":[2950,1365],"class_list":["post-32985","post","type-post","status-publish","format-standard","has-post-thumbnail","hentry","category-blog","tag-projeto-motorhome","tag-vanlife"],"_links":{"self":[{"href":"https:\/\/www.mochileiros.com\/blog\/wp-json\/wp\/v2\/posts\/32985","targetHints":{"allow":["GET"]}}],"collection":[{"href":"https:\/\/www.mochileiros.com\/blog\/wp-json\/wp\/v2\/posts"}],"about":[{"href":"https:\/\/www.mochileiros.com\/blog\/wp-json\/wp\/v2\/types\/post"}],"author":[{"embeddable":true,"href":"https:\/\/www.mochileiros.com\/blog\/wp-json\/wp\/v2\/users\/55"}],"replies":[{"embeddable":true,"href":"https:\/\/www.mochileiros.com\/blog\/wp-json\/wp\/v2\/comments?post=32985"}],"version-history":[{"count":0,"href":"https:\/\/www.mochileiros.com\/blog\/wp-json\/wp\/v2\/posts\/32985\/revisions"}],"wp:featuredmedia":[{"embeddable":true,"href":"https:\/\/www.mochileiros.com\/blog\/wp-json\/wp\/v2\/media\/36098"}],"wp:attachment":[{"href":"https:\/\/www.mochileiros.com\/blog\/wp-json\/wp\/v2\/media?parent=32985"}],"wp:term":[{"taxonomy":"category","embeddable":true,"href":"https:\/\/www.mochileiros.com\/blog\/wp-json\/wp\/v2\/categories?post=32985"},{"taxonomy":"post_tag","embeddable":true,"href":"https:\/\/www.mochileiros.com\/blog\/wp-json\/wp\/v2\/tags?post=32985"}],"curies":[{"name":"wp","href":"https:\/\/api.w.org\/{rel}","templated":true}]}}