{"id":33889,"date":"2017-11-19T20:11:51","date_gmt":"2017-11-19T23:11:51","guid":{"rendered":"https:\/\/www.mochileiros.com\/blog\/?p=33889"},"modified":"2017-11-19T20:11:51","modified_gmt":"2017-11-19T23:11:51","slug":"new-york-new-york","status":"publish","type":"post","link":"https:\/\/www.mochileiros.com\/blog\/new-york-new-york","title":{"rendered":"New York, New York \u266a\u266a\u266a"},"content":{"rendered":"<p style=\"text-align: justify\">Ol\u00e1 pessoal! Eu sou a\u00a0<strong>Karen Peressuti<\/strong>\u00a0e escrevo sobre viagens e experiencias no blog\u00a0<strong><a href=\"http:\/\/www.feriaspraontem.com\/\" target=\"_blank\" rel=\"noopener\">F\u00e9rias pra Ontem<\/a>. <\/strong>Hoje eu vou falar sobre <strong>New York<\/strong>.\u00a0Eu fui para Nova Iorque nos Estados Unidos em outubro de <strong>2008<\/strong>, logo ap\u00f3s sair de <a href=\"http:\/\/feriaspraontem.com\/2017\/05\/25\/uma-cidade-de-filme-chamada-middletown\/\" target=\"_blank\" rel=\"noopener\">Middletown-OH<\/a>. Fiquei apenas 5 dias. Como est\u00e1vamos em um grupo grande, um \u00f4nibus foi nos buscar no aeroporto. Ao entrar na ilha o motorista colocou para tocar a m\u00fasica <strong>New York, New York do Frank Sinatra\u00a0\u266a\u266a\u266a<\/strong>. S\u00e9rio eu quase chorei gente, foi muito emocionante.<\/p>\n<p style=\"text-align: justify\"><img loading=\"lazy\" decoding=\"async\" class=\"\" src=\"https:\/\/feriaspraontem.files.wordpress.com\/2017\/06\/dsc00597-e1498698073220.jpg?w=1400&amp;h=\" width=\"800\" height=\"494\" alt=\"\"><\/p>\n<p style=\"text-align: justify\"><!--more-->N\u00f3s ficamos em um <strong>hostel<\/strong> l\u00e1 pela quadra 90. O hostel era grande, tinha 2 corredores cada um com 12 quartos. N\u00e3o sei se em todos os quartos, mas no nosso tinha duas beliches. Onde ficamos em 4 meninas do grupo. O problema de alguns hostels para mim \u00e9 o banheiro. Tinha apenas 2 banheiros no corredor, 6 quartos para cada banheiro. E tamb\u00e9m n\u00e3o era muito limpo, eu cuidava para n\u00e3o encostar nas paredes. Al\u00e9m disso tinha um quarto na frente do nosso, acredito que, s\u00f3 tinha um cara, esse cara ficava de cueca e com a porta aberta. Sem no\u00e7\u00e3o!<\/p>\n<h2><\/h2>\n<div id=\"ez-toc-container\" class=\"ez-toc-v2_0_82_2 counter-hierarchy ez-toc-counter ez-toc-grey ez-toc-container-direction\">\n<div class=\"ez-toc-title-container\">\n<p class=\"ez-toc-title\" style=\"cursor:inherit\">\u00cdndice<\/p>\n<span class=\"ez-toc-title-toggle\"><a href=\"#\" class=\"ez-toc-pull-right ez-toc-btn ez-toc-btn-xs ez-toc-btn-default ez-toc-toggle\" aria-label=\"Alternar tabela de conte\u00fado\"><span class=\"ez-toc-js-icon-con\"><span class=\"\"><span class=\"eztoc-hide\" style=\"display:none;\">Toggle<\/span><span class=\"ez-toc-icon-toggle-span\"><svg style=\"fill: #999;color:#999\" xmlns=\"http:\/\/www.w3.org\/2000\/svg\" class=\"list-377408\" width=\"20px\" height=\"20px\" viewBox=\"0 0 24 24\" fill=\"none\"><path d=\"M6 6H4v2h2V6zm14 0H8v2h12V6zM4 11h2v2H4v-2zm16 0H8v2h12v-2zM4 16h2v2H4v-2zm16 0H8v2h12v-2z\" fill=\"currentColor\"><\/path><\/svg><svg style=\"fill: #999;color:#999\" class=\"arrow-unsorted-368013\" xmlns=\"http:\/\/www.w3.org\/2000\/svg\" width=\"10px\" height=\"10px\" viewBox=\"0 0 24 24\" version=\"1.2\" baseProfile=\"tiny\"><path d=\"M18.2 9.3l-6.2-6.3-6.2 6.3c-.2.2-.3.4-.3.7s.1.5.3.7c.2.2.4.3.7.3h11c.3 0 .5-.1.7-.3.2-.2.3-.5.3-.7s-.1-.5-.3-.7zM5.8 14.7l6.2 6.3 6.2-6.3c.2-.2.3-.5.3-.7s-.1-.5-.3-.7c-.2-.2-.4-.3-.7-.3h-11c-.3 0-.5.1-.7.3-.2.2-.3.5-.3.7s.1.5.3.7z\"\/><\/svg><\/span><\/span><\/span><\/a><\/span><\/div>\n<nav><ul class='ez-toc-list ez-toc-list-level-1 ' ><li class='ez-toc-page-1 ez-toc-heading-level-2'><a class=\"ez-toc-link ez-toc-heading-1\" href=\"https:\/\/www.mochileiros.com\/blog\/new-york-new-york\/#1o_dia\" >1\u00ba dia<\/a><\/li><li class='ez-toc-page-1 ez-toc-heading-level-2'><a class=\"ez-toc-link ez-toc-heading-2\" href=\"https:\/\/www.mochileiros.com\/blog\/new-york-new-york\/#2o_dia\" >2\u00ba dia<\/a><\/li><li class='ez-toc-page-1 ez-toc-heading-level-2'><a class=\"ez-toc-link ez-toc-heading-3\" href=\"https:\/\/www.mochileiros.com\/blog\/new-york-new-york\/#i\" >\u00a0<\/a><\/li><li class='ez-toc-page-1 ez-toc-heading-level-2'><a class=\"ez-toc-link ez-toc-heading-4\" href=\"https:\/\/www.mochileiros.com\/blog\/new-york-new-york\/#3o_dia\" >3\u00ba dia<\/a><\/li><li class='ez-toc-page-1 ez-toc-heading-level-2'><a class=\"ez-toc-link ez-toc-heading-5\" href=\"https:\/\/www.mochileiros.com\/blog\/new-york-new-york\/#4o_dia\" >4\u00ba dia<\/a><\/li><li class='ez-toc-page-1 ez-toc-heading-level-2'><a class=\"ez-toc-link ez-toc-heading-6\" href=\"https:\/\/www.mochileiros.com\/blog\/new-york-new-york\/#5o_dia\" >5\u00ba dia<\/a><\/li><li class='ez-toc-page-1 ez-toc-heading-level-2'><a class=\"ez-toc-link ez-toc-heading-7\" href=\"https:\/\/www.mochileiros.com\/blog\/new-york-new-york\/#Comilancas\" >Comilan\u00e7as<\/a><\/li><li class='ez-toc-page-1 ez-toc-heading-level-2'><a class=\"ez-toc-link ez-toc-heading-8\" href=\"https:\/\/www.mochileiros.com\/blog\/new-york-new-york\/#Localizacao\" >Localiza\u00e7\u00e3o<\/a><\/li><li class='ez-toc-page-1 ez-toc-heading-level-2'><a class=\"ez-toc-link ez-toc-heading-9\" href=\"https:\/\/www.mochileiros.com\/blog\/new-york-new-york\/#Me_Arrependo\" >Me Arrependo:<\/a><\/li><\/ul><\/nav><\/div>\n<h2><span class=\"ez-toc-section\" id=\"1o_dia\"><\/span>1\u00ba dia<span class=\"ez-toc-section-end\"><\/span><\/h2>\n<p style=\"text-align: justify\">N\u00f3s fomos de metro at\u00e9 o porto, onde se vai para a <strong>Est\u00e1tua da Liberdade<\/strong>. O dia estava aberto, mas estava bem friozionho. Sabe aquele ventinho? Ent\u00e3o&#8230;<\/p>\n<p style=\"text-align: justify\">Para ir at\u00e9 a est\u00e1tua, voc\u00ea pega praticamente um <strong>navio<\/strong>, de t\u00e3o grande. Voc\u00ea precisa desse navio porque a Est\u00e1tua da Liberdade fica numa ilha. L\u00e1 na ilha n\u00e3o estava t\u00e3o cheia, a ilhazinha \u00e9 at\u00e9 grandinha. Eu n\u00e3o subi l\u00e1 no alto da est\u00e1tua, na ilha voc\u00ea j\u00e1 tem uma boa vis\u00e3o de tudo.<\/p>\n<p><img loading=\"lazy\" decoding=\"async\" class=\"\" src=\"https:\/\/feriaspraontem.files.wordpress.com\/2017\/06\/dsc00613.jpg?w=700&amp;h=\" width=\"485\" height=\"646\" alt=\"\"><\/p>\n<p style=\"text-align: justify\">Dali fomos para o <strong>Museu da Imigra\u00e7\u00e3o<\/strong>, que tamb\u00e9m \u00e9 por ali. A entrada dele \u00e9 muito bonita, e l\u00e1 dentro \u00e9 um pouco emocionante, tem uma energia&#8230;<\/p>\n<div id=\"attachment_3418\" style=\"width: 810px\" class=\"wp-caption alignnone\"><img loading=\"lazy\" decoding=\"async\" aria-describedby=\"caption-attachment-3418\" class=\"alignnone  wp-image-3418\" src=\"https:\/\/feriaspraontem.files.wordpress.com\/2017\/06\/dsc00520.jpg\" alt=\"Museu da Imigra\u00e7\u00e3o\" width=\"800\" height=\"600\" \/><p id=\"caption-attachment-3418\" class=\"wp-caption-text\">Museu da Imigra\u00e7\u00e3o &#8211;\u00a0 <em>Foto:\u00a0Verkhovena Turismo<\/em><\/p><\/div>\n<p style=\"text-align: justify\">Ao voltar para o porto, fomos andando at\u00e9 a <strong>Times Square<\/strong>. Sim! S\u00e3o <strong>44<\/strong> quadras! Mas foi bom porque conhecemos muitos lugares. No caminho passamos por <strong>Chinatown<\/strong> e compramos umas besteirinhas.<\/p>\n<div id=\"attachment_3421\" style=\"width: 810px\" class=\"wp-caption alignnone\"><img loading=\"lazy\" decoding=\"async\" aria-describedby=\"caption-attachment-3421\" class=\"alignnone  wp-image-3421\" src=\"https:\/\/feriaspraontem.files.wordpress.com\/2017\/06\/dsc00529.jpg\" alt=\"Chinatown\" width=\"800\" height=\"600\" \/><p id=\"caption-attachment-3421\" class=\"wp-caption-text\">Chinatown &#8211;\u00a0 <em>Foto:\u00a0Verkhovena Turismo<\/em><\/p><\/div>\n<p style=\"text-align: justify\">Passamos tamb\u00e9m pela <strong>Rockefeller Center<\/strong>, mas por n\u00e3o estar no inverno n\u00e3o tinha a pista de patina\u00e7\u00e3o.<\/p>\n<div id=\"attachment_3426\" style=\"width: 810px\" class=\"wp-caption alignnone\"><img loading=\"lazy\" decoding=\"async\" aria-describedby=\"caption-attachment-3426\" class=\"alignnone  wp-image-3426\" src=\"https:\/\/feriaspraontem.files.wordpress.com\/2017\/06\/img_7109.jpg\" alt=\"Rockefeller Center\" width=\"800\" height=\"534\" \/><p id=\"caption-attachment-3426\" class=\"wp-caption-text\">Rockefeller Center &#8211;\u00a0 <em>Foto:\u00a0Verkhovena Turismo<\/em><\/p><\/div>\n<p style=\"text-align: justify\">No caminho tamb\u00e9m passamos por <strong>Wall Street<\/strong> e tiramos fotos com o touro.<\/p>\n<div id=\"attachment_3429\" style=\"width: 810px\" class=\"wp-caption alignnone\"><img loading=\"lazy\" decoding=\"async\" aria-describedby=\"caption-attachment-3429\" class=\"alignnone  wp-image-3429\" src=\"https:\/\/feriaspraontem.files.wordpress.com\/2017\/06\/img_7080.jpg\" alt=\"Wall Street\" width=\"800\" height=\"534\" \/><p id=\"caption-attachment-3429\" class=\"wp-caption-text\">Wall Street &#8211;\u00a0 <em>Foto:\u00a0Verkhovena Turismo<\/em><\/p><\/div>\n<p style=\"text-align: justify\">Ao chegar na <strong>Times Square<\/strong>, j\u00e1 estava noite, ent\u00e3o deu para curtir muito as luzes de todos aqueles pr\u00e9dios. Eu n\u00e3o moro em uma cidade <strong>24 hrs<\/strong>, ent\u00e3o chegar e ver tudo aberto at\u00e9 mil horas da madrugada \u00e9 muito louco. E tipo, tem muita luz e luz e luz.<\/p>\n<h2><\/h2>\n<h2><span class=\"ez-toc-section\" id=\"2o_dia\"><\/span>2\u00ba dia<span class=\"ez-toc-section-end\"><\/span><\/h2>\n<p style=\"text-align: justify\">Come\u00e7amos o 2\u00ba dia passeando pelo <strong>Central Park<\/strong>. Ele \u00e9 muito grande, tem o tamanho de <strong>51<\/strong> quadras, cercado ao norte, pela West 110th Street, ao sul pela West 59th Street. Eu deveria ter aproveitado mais, devia ter gasto um dia todo explorando ele. \u00c9 simplesmente apaixonante. QUERO VOLTAR!!!<\/p>\n<p style=\"text-align: justify\">Nesse mesmo dia fomos para o\u00a0<strong>Museu de Arte Moderna<\/strong> e o <strong>Museu de Hist\u00f3ria Natural<\/strong>. Os dois s\u00e3o muito legais, mas n\u00e3o sou muito de museu, teria deixado o de \u00a0Arte Moderna de lado para curtir mais o <strong>Central Park<\/strong>, mas \u00e9 minha opini\u00e3o. Mas o de Hist\u00f3ria Natural \u00e9 muito legal, n\u00e3o deixem de ir.<\/p>\n<h2><span class=\"ez-toc-section\" id=\"i\"><\/span>\u00a0<img loading=\"lazy\" decoding=\"async\" class=\"\" src=\"https:\/\/feriaspraontem.files.wordpress.com\/2017\/06\/dsc00634.jpg?w=1200&amp;h=\" width=\"799\" height=\"599\" alt=\"\"><span class=\"ez-toc-section-end\"><\/span><\/h2>\n<h2><span class=\"ez-toc-section\" id=\"3o_dia\"><\/span>3\u00ba dia<span class=\"ez-toc-section-end\"><\/span><\/h2>\n<p style=\"text-align: justify\">Neste dia, come\u00e7amos indo at\u00e9 a ponte do <strong>Brooklyn<\/strong>, atravessamos ela a p\u00e9. Tem uma parte superior s\u00f3 para pedestres e ciclistas!<\/p>\n<p style=\"text-align: justify\">Depois, subimos no <strong>Empire State Building<\/strong>. Bem, aqui voc\u00ea tinha uma boa vista de <strong>New York<\/strong>, por\u00e9m ficava muito espremido, pessoal te empurrando para tirar uma foto na beirada. Achei meio caro (U$19,00) para subir l\u00e1 e ser t\u00e3o cheio desse jeito. Mas a vista&#8230;<\/p>\n<h2><\/h2>\n<h2><span class=\"ez-toc-section\" id=\"4o_dia\"><\/span>4\u00ba dia<span class=\"ez-toc-section-end\"><\/span><\/h2>\n<p style=\"text-align: justify\">Tivemos um dia livre mais de <strong>compras<\/strong>. Eu tinha 15 anos, s\u00f3 conhecia as marcas\u00a0<strong>Nike<\/strong> e <strong>Victoria\u2019s Secret,<\/strong> ent\u00e3o fiz compras bobas e sem nenhum fundamento <em>rsrs<\/em>. Mas tirando isso, comprei um notebook para meu pai, um jogo de computador para mim, um t\u00eanis, v\u00e1rios creminhos e perfumes.<\/p>\n<h2><\/h2>\n<h2><span class=\"ez-toc-section\" id=\"5o_dia\"><\/span>5\u00ba dia<span class=\"ez-toc-section-end\"><\/span><\/h2>\n<p style=\"text-align: justify\">No quinto dia, j\u00e1 era tempo de voltar para casa onde fomos muito bem recepcionados em <strong>Curitiba<\/strong> com uma comidinha bem brasileira depois de 17 dias fora de casa (<a href=\"http:\/\/feriaspraontem.com\/2017\/05\/25\/uma-cidade-de-filme-chamada-middletown\/\" target=\"_blank\" rel=\"noopener\">Middletown<\/a>+New York).<\/p>\n<h2><\/h2>\n<h2><span class=\"ez-toc-section\" id=\"Comilancas\"><\/span>Comilan\u00e7as<span class=\"ez-toc-section-end\"><\/span><\/h2>\n<p style=\"text-align: justify\">Sobre as refei\u00e7\u00f5es, comemos muito <strong>fast food<\/strong> mesmo. No caf\u00e9 da manh\u00e3 \u00edamos ao <strong>Dunkin&#8217; Donuts<\/strong>, eu comia um donuts salgado, um doce e um chocolate quente. Almo\u00e7o era sempre <strong>MC<\/strong> ou <strong>BK<\/strong>, na maioria das vezes MC, n\u00e3o tinha tanto BK assim, n\u00e3o nas ruas principais pelo menos.<\/p>\n<p style=\"text-align: justify\">Na janta com\u00edamos\u00a0<strong>pizza<\/strong>, <strong>subway<\/strong>, <strong>Pringles<\/strong> ou tamb\u00e9m <strong>frutas\u00a0<\/strong>tinha uma barraquinha perto do hostel.<\/p>\n<h2><\/h2>\n<h2><span class=\"ez-toc-section\" id=\"Localizacao\"><\/span>Localiza\u00e7\u00e3o<span class=\"ez-toc-section-end\"><\/span><\/h2>\n<p><strong>NY<\/strong> \u00e9 um cidade que n\u00e3o tem como voc\u00ea se perder. \u00c9 muito f\u00e1cil! Eu com 15 anos e perdida que sou, consegui me achar!<\/p>\n<div id=\"attachment_3472\" style=\"width: 809px\" class=\"wp-caption alignnone\"><img loading=\"lazy\" decoding=\"async\" aria-describedby=\"caption-attachment-3472\" class=\"alignnone  wp-image-3472\" src=\"https:\/\/feriaspraontem.files.wordpress.com\/2017\/06\/ny.jpg\" alt=\"Manhattan\" width=\"799\" height=\"565\" \/><p id=\"caption-attachment-3472\" class=\"wp-caption-text\">Imagem: Divulga\u00e7\u00e3o \/ Jamie Malone<\/p><\/div>\n<h2><span class=\"ez-toc-section\" id=\"Me_Arrependo\"><\/span>Me Arrependo:<span class=\"ez-toc-section-end\"><\/span><\/h2>\n<p style=\"text-align: justify\">De n\u00e3o ter conhecido outros restaurantes t\u00edpicos de l\u00e1, de n\u00e3o ter passado mais tempo no Central Park, de n\u00e3o ter ido a <strong>Esta\u00e7\u00e3o Central<\/strong> e tamb\u00e9m de n\u00e3o ter assistido um show na <strong>Broadway<\/strong>.<\/p>\n<h2><\/h2>\n<p style=\"text-align: justify\"><strong>Dicas: <\/strong><\/p>\n<ul style=\"text-align: justify\">\n<li>Passe mais dias e aproveite tudo que a cidade tem a lhe oferecer.<\/li>\n<li>Aproveite o m\u00e1ximo o Central Park.<\/li>\n<\/ul>\n<p style=\"text-align: justify\"><strong>O que mais gostei:<\/strong> Central Park <em>\u2665<\/em>.<\/p>\n<p style=\"text-align: justify\"><strong>O que n\u00e3o gostei:<\/strong> O hostel, certeza.<\/p>\n<h4><\/h4>\n<h4>Para ver todas as fotos desse lugar incr\u00edvel, confira\u00a0<a href=\"https:\/\/feriaspraontem.com\/2017\/06\/29\/new-york-new-york\/\" target=\"_blank\" rel=\"noopener\">AQUI<\/a>\u00a0o post completo no blog.<\/h4>\n<h4>Se voc\u00ea gostou desse post, conhe\u00e7a um pouco mais do blog clicando\u00a0<a href=\"https:\/\/feriaspraontem.com\/\" target=\"_blank\" rel=\"noopener\">AQUI\u00a0<\/a>ou nas redes sociais abaixo.<\/h4>\n<p>&nbsp;<\/p>\n<p><em><strong>Redes:<\/strong><\/em><\/p>\n<p><em><img loading=\"lazy\" decoding=\"async\" class=\"img\" role=\"presentation\" src=\"https:\/\/www.facebook.com\/images\/emoji.php\/v9\/f39\/1\/24\/2708.png\" alt=\"\" width=\"24\" height=\"24\">\u00a0Facebook: <a href=\"https:\/\/www.facebook.com\/feriaspraontemm\/\" target=\"_blank\" rel=\"noopener\">@feriaspraontemm<\/a><\/em><br \/>\n<em><img loading=\"lazy\" decoding=\"async\" class=\"img\" role=\"presentation\" src=\"https:\/\/www.facebook.com\/images\/emoji.php\/v9\/f39\/1\/24\/2708.png\" alt=\"\" width=\"24\" height=\"24\">\u00a0Instagram: <a href=\"https:\/\/www.instagram.com\/ferias_praontem\/\" target=\"_blank\" rel=\"noopener\">@ferias_praontem<\/a><\/em><br \/>\n<em><img loading=\"lazy\" decoding=\"async\" class=\"img\" role=\"presentation\" src=\"https:\/\/www.facebook.com\/images\/emoji.php\/v9\/f39\/1\/24\/2708.png\" alt=\"\" width=\"24\" height=\"24\">\u00a0Instagram:<a href=\"https:\/\/www.instagram.com\/karenperessuti\/\" target=\"_blank\" rel=\"noopener\"> @karenperessuti<\/a><\/em><br \/>\n<em><img loading=\"lazy\" decoding=\"async\" class=\"img\" role=\"presentation\" src=\"https:\/\/www.facebook.com\/images\/emoji.php\/v9\/f39\/1\/24\/2708.png\" alt=\"\" width=\"24\" height=\"24\">\u00a0Dubbi: <a href=\"https:\/\/www.dubbi.com.br\/viajante\/karen-peressuti\" target=\"_blank\" rel=\"noopener\">Karen Peressuti<\/a><\/em><br \/>\n<em><img loading=\"lazy\" decoding=\"async\" class=\"img\" role=\"presentation\" src=\"https:\/\/www.facebook.com\/images\/emoji.php\/v9\/f39\/1\/24\/2708.png\" alt=\"\" width=\"24\" height=\"24\">\u00a0Linkedin: <\/em><a href=\"https:\/\/www.linkedin.com\/in\/f%C3%A9rias-pra-ontem-649b68145\/\" target=\"_blank\" rel=\"noopener\"><em>F\u00e9rias pra Ontem<\/em><\/a><br \/>\n<em><img loading=\"lazy\" decoding=\"async\" class=\"img\" role=\"presentation\" src=\"https:\/\/www.facebook.com\/images\/emoji.php\/v9\/f39\/1\/24\/2708.png\" alt=\"\" width=\"24\" height=\"24\">\u00a0Bloglovin&#8217;: <a href=\"https:\/\/www.bloglovin.com\/blogs\/ferias-pra-ontem-18959889\" target=\"_blank\" rel=\"noopener\">F\u00e9rias pra Ontem<\/a><\/em><br \/>\n<em><img loading=\"lazy\" decoding=\"async\" class=\"img\" role=\"presentation\" src=\"https:\/\/www.facebook.com\/images\/emoji.php\/v9\/f39\/1\/24\/2708.png\" alt=\"\" width=\"24\" height=\"24\">\u00a0Blogs Brasil: <a href=\"https:\/\/blogsbrasil.com.br\/blog\/feriaspraontem-com\/\" target=\"_blank\" rel=\"noopener\">F\u00e9rias pra Ontem<\/a><\/em><\/p>\n","protected":false},"excerpt":{"rendered":"<p>Eu fui para New York nos Estados Unidos alguns anos atr\u00e1s, fiquei apenas 5 dias e j\u00e1 me encantei completamente. Confira aqui o meu relato!<\/p>\n","protected":false},"author":1387,"featured_media":33891,"comment_status":"open","ping_status":"closed","sticky":false,"template":"","format":"standard","meta":{"googlesitekit_rrm_CAoiELM5mIOjYRN0nfylq3_9r-8:productID":"","_crdt_document":"","_daim_seo_power":"","_daim_enable_ail":"","footnotes":""},"categories":[168],"tags":[2157,2156,2153,2150,2158,362,2146,2147,1179,2031,2148,2154,2155,1046,1047,1086,1716,2151,2149,2152],"class_list":["post-33889","post","type-post","status-publish","format-standard","has-post-thumbnail","hentry","category-blog","tag-broadway","tag-brooklyn-empire-state-building","tag-central-park","tag-chinatown","tag-estacao-central","tag-estados-unidos","tag-estados-unidos-da-america","tag-estatua-da-liberdade","tag-eua","tag-hostel","tag-museu-da-imigracao","tag-museu-de-arte-moderna","tag-museu-de-historia-natural","tag-new-york","tag-nova-iorque","tag-nova-york","tag-ny","tag-rockefeller-center","tag-times-square","tag-wall-street"],"_links":{"self":[{"href":"https:\/\/www.mochileiros.com\/blog\/wp-json\/wp\/v2\/posts\/33889","targetHints":{"allow":["GET"]}}],"collection":[{"href":"https:\/\/www.mochileiros.com\/blog\/wp-json\/wp\/v2\/posts"}],"about":[{"href":"https:\/\/www.mochileiros.com\/blog\/wp-json\/wp\/v2\/types\/post"}],"author":[{"embeddable":true,"href":"https:\/\/www.mochileiros.com\/blog\/wp-json\/wp\/v2\/users\/1387"}],"replies":[{"embeddable":true,"href":"https:\/\/www.mochileiros.com\/blog\/wp-json\/wp\/v2\/comments?post=33889"}],"version-history":[{"count":0,"href":"https:\/\/www.mochileiros.com\/blog\/wp-json\/wp\/v2\/posts\/33889\/revisions"}],"wp:featuredmedia":[{"embeddable":true,"href":"https:\/\/www.mochileiros.com\/blog\/wp-json\/wp\/v2\/media\/33891"}],"wp:attachment":[{"href":"https:\/\/www.mochileiros.com\/blog\/wp-json\/wp\/v2\/media?parent=33889"}],"wp:term":[{"taxonomy":"category","embeddable":true,"href":"https:\/\/www.mochileiros.com\/blog\/wp-json\/wp\/v2\/categories?post=33889"},{"taxonomy":"post_tag","embeddable":true,"href":"https:\/\/www.mochileiros.com\/blog\/wp-json\/wp\/v2\/tags?post=33889"}],"curies":[{"name":"wp","href":"https:\/\/api.w.org\/{rel}","templated":true}]}}