{"id":34021,"date":"2017-11-28T14:14:10","date_gmt":"2017-11-28T17:14:10","guid":{"rendered":"https:\/\/www.mochileiros.com\/blog\/?p=34021"},"modified":"2019-10-03T21:43:40","modified_gmt":"2019-10-04T00:43:40","slug":"casal-brasileiro-vai-rodar-o-mundo-bordo-de-uma-picape-1965","status":"publish","type":"post","link":"https:\/\/www.mochileiros.com\/blog\/casal-brasileiro-vai-rodar-o-mundo-bordo-de-uma-picape-1965","title":{"rendered":"Casal brasileiro vai rodar o mundo a bordo de uma picape 1951"},"content":{"rendered":"<p style=\"text-align: left;\">A paix\u00e3o por viagens e por carros antigos est\u00e1 h\u00e1 tempos na vida de Andr\u00e9 Jardim e J\u00falia Prates. No dia-a-dia eles t\u00eam a companhia de um Fusca 1974, apelidado carinhosamente de Quindim (ele \u00e9 bem amarelinho!) &#8211; que tamb\u00e9m j\u00e1 fez pequenas viagens. O caso ficou mais s\u00e9rio quando decidiram em 2014 partir com a Mary Jane, uma Veraneio 1965 do Brasil rumo ao Uruguai. Agora a aventura ser\u00e1 com a Mary Lou, uma picape Chevrolet modelo 3100 fabricada em 1951 &#8211; aquele tipo de carro de encher os olhos de qualquer um, seja um apaixonado por autom\u00f3veis antigos ou n\u00e3o.<br \/>\n\u201cO legal de viajar com um carro antigo \u00e9 a liga\u00e7\u00e3o que se cria entre o carro e as pessoas. Em todos os lugares que passamos sempre encontramos algu\u00e9m que, ao ver o carro, tem uma lembran\u00e7a que remete a inf\u00e2ncia ou adolesc\u00eancia\u201d, comenta J\u00falia.<br \/>\nAndr\u00e9 conta que eles n\u00e3o tinham muitas experi\u00eancias com viagens de carro, &#8220;muito menos conhecimentos de mec\u00e2nica&#8221;, mas foram em frente. &#8220;Compramos algumas caixas de pl\u00e1stico para armazenamento de alimentos e utens\u00edlios de cozinha, us\u00e1vamos um cooler da d\u00e9cada de 1950 com bastante gelo para manter nossos alimentos refrigerados e o nosso fog\u00e3o foi uma churrasqueira de alum\u00ednio comprada dias antes da partida\u201d, lembra Andr\u00e9 sobre a viagem com a Veraneio.<br \/>\nO que para muitos seria um &#8216;turismo de oficina&#8217;, para eles foi uma grande aventura e de l\u00e1 para c\u00e1, n\u00e3o pararam mais.<\/p>\n<div id=\"attachment_34024\" style=\"width: 810px\" class=\"wp-caption aligncenter\"><img loading=\"lazy\" decoding=\"async\" aria-describedby=\"caption-attachment-34024\" class=\"wp-image-34024 size-full\" src=\"https:\/\/www.mochileiros.com\/blog\/wp-content\/uploads\/2017\/11\/andreejulia01.jpg\" alt=\"\" width=\"800\" height=\"519\" srcset=\"https:\/\/www.mochileiros.com\/blog\/wp-content\/uploads\/2017\/11\/andreejulia01.jpg 800w, https:\/\/www.mochileiros.com\/blog\/wp-content\/uploads\/2017\/11\/andreejulia01-300x195.jpg 300w, https:\/\/www.mochileiros.com\/blog\/wp-content\/uploads\/2017\/11\/andreejulia01-768x498.jpg 768w, https:\/\/www.mochileiros.com\/blog\/wp-content\/uploads\/2017\/11\/andreejulia01-313x203.jpg 313w, https:\/\/www.mochileiros.com\/blog\/wp-content\/uploads\/2017\/11\/andreejulia01-20x13.jpg 20w\" sizes=\"auto, (max-width: 800px) 100vw, 800px\" \/><p id=\"caption-attachment-34024\" class=\"wp-caption-text\">Mary Jane, Andr\u00e9 e J\u00falia partiram para o Uruguai | Foto: expedicaonaestrada.com<\/p><\/div>\n<div id=\"attachment_34025\" style=\"width: 810px\" class=\"wp-caption aligncenter\"><img loading=\"lazy\" decoding=\"async\" aria-describedby=\"caption-attachment-34025\" class=\"wp-image-34025 size-full\" src=\"https:\/\/www.mochileiros.com\/blog\/wp-content\/uploads\/2017\/11\/andreejulia02.jpg\" alt=\"\" width=\"800\" height=\"600\" srcset=\"https:\/\/www.mochileiros.com\/blog\/wp-content\/uploads\/2017\/11\/andreejulia02.jpg 800w, https:\/\/www.mochileiros.com\/blog\/wp-content\/uploads\/2017\/11\/andreejulia02-300x225.jpg 300w, https:\/\/www.mochileiros.com\/blog\/wp-content\/uploads\/2017\/11\/andreejulia02-768x576.jpg 768w, https:\/\/www.mochileiros.com\/blog\/wp-content\/uploads\/2017\/11\/andreejulia02-313x235.jpg 313w, https:\/\/www.mochileiros.com\/blog\/wp-content\/uploads\/2017\/11\/andreejulia02-20x15.jpg 20w\" sizes=\"auto, (max-width: 800px) 100vw, 800px\" \/><p id=\"caption-attachment-34025\" class=\"wp-caption-text\">Durante a viagem com a Veraneio, o casal dormia nela e tamb\u00e9m em campings | Foto: expedicaonaestrada.com<\/p><\/div>\n<p style=\"text-align: left;\">Movidos n\u00e3o s\u00f3 pela gasolina do motor (e bota gasolina nisso &#8211; voc\u00ea deve estar pensando), mas por desafios, Andr\u00e9 e J\u00falia resolveram sair da zona de conforto e agora, pensando em uma aventura ainda maior, em agosto de 2015 eles iniciaram a prepara\u00e7\u00e3o do mais \u201cnovo\u201d carro da dupla: uma antiga picape Chevrolet, modelo 3100, fabricada em 1951 que est\u00e1 h\u00e1 mais de 30 anos na fam\u00edlia do Andr\u00e9.<\/p>\n<div id=\"attachment_34027\" style=\"width: 532px\" class=\"wp-caption aligncenter\"><img loading=\"lazy\" decoding=\"async\" aria-describedby=\"caption-attachment-34027\" class=\"wp-image-34027 size-full\" src=\"https:\/\/www.mochileiros.com\/blog\/wp-content\/uploads\/2017\/11\/andreejulia06.jpg\" alt=\"\" width=\"522\" height=\"550\" srcset=\"https:\/\/www.mochileiros.com\/blog\/wp-content\/uploads\/2017\/11\/andreejulia06.jpg 522w, https:\/\/www.mochileiros.com\/blog\/wp-content\/uploads\/2017\/11\/andreejulia06-285x300.jpg 285w, https:\/\/www.mochileiros.com\/blog\/wp-content\/uploads\/2017\/11\/andreejulia06-313x330.jpg 313w, https:\/\/www.mochileiros.com\/blog\/wp-content\/uploads\/2017\/11\/andreejulia06-20x20.jpg 20w\" sizes=\"auto, (max-width: 522px) 100vw, 522px\" \/><p id=\"caption-attachment-34027\" class=\"wp-caption-text\">A picape \u00e9 conhecida no mundo do antigomobilismo como \u201cChevrolet Boca de Sapo\u201d, devido a semelhan\u00e7a que a grade dianteira teria com a boca de um sapo | Foto: expedicaonaestrada.com<\/p><\/div>\n<div id=\"attachment_34028\" style=\"width: 810px\" class=\"wp-caption aligncenter\"><img loading=\"lazy\" decoding=\"async\" aria-describedby=\"caption-attachment-34028\" class=\"wp-image-34028 size-full\" src=\"https:\/\/www.mochileiros.com\/blog\/wp-content\/uploads\/2017\/11\/andreejulia07.jpg\" alt=\"\" width=\"800\" height=\"534\" srcset=\"https:\/\/www.mochileiros.com\/blog\/wp-content\/uploads\/2017\/11\/andreejulia07.jpg 800w, https:\/\/www.mochileiros.com\/blog\/wp-content\/uploads\/2017\/11\/andreejulia07-300x200.jpg 300w, https:\/\/www.mochileiros.com\/blog\/wp-content\/uploads\/2017\/11\/andreejulia07-768x513.jpg 768w, https:\/\/www.mochileiros.com\/blog\/wp-content\/uploads\/2017\/11\/andreejulia07-313x209.jpg 313w, https:\/\/www.mochileiros.com\/blog\/wp-content\/uploads\/2017\/11\/andreejulia07-20x13.jpg 20w\" sizes=\"auto, (max-width: 800px) 100vw, 800px\" \/><p id=\"caption-attachment-34028\" class=\"wp-caption-text\">Foto: expedicaonaestrada.com<\/p><\/div>\n<p style=\"text-align: left;\">Painel solar, baterias estacion\u00e1rias, fog\u00e3o (a gasolina), geladeira 12v, arm\u00e1rios e at\u00e9 uma barraca automotiva fazem parte da infraestrutura da Mary Lou. Tudo foi cuidadosamente pensado e preparado para que o casal de aventureiros possam dar uma volta ao mundo a bordo de um carro 50&#8217;s. &#8220;N\u00e3o \u00e9 f\u00e1cil se propor de viajar com um carro com mais de 30 anos. Pe\u00e7as e componentes que n\u00e3o s\u00e3o mais fabricados, o radiador ferve, o carburador entope e o marcador de gasolina sempre marca mais do que realmente parece ter&#8221;, comentam.<\/p>\n<div id=\"attachment_34031\" style=\"width: 810px\" class=\"wp-caption aligncenter\"><img loading=\"lazy\" decoding=\"async\" aria-describedby=\"caption-attachment-34031\" class=\"wp-image-34031 size-full\" src=\"https:\/\/www.mochileiros.com\/blog\/wp-content\/uploads\/2017\/11\/andreejulia08.jpg\" alt=\"\" width=\"800\" height=\"600\" srcset=\"https:\/\/www.mochileiros.com\/blog\/wp-content\/uploads\/2017\/11\/andreejulia08.jpg 800w, https:\/\/www.mochileiros.com\/blog\/wp-content\/uploads\/2017\/11\/andreejulia08-300x225.jpg 300w, https:\/\/www.mochileiros.com\/blog\/wp-content\/uploads\/2017\/11\/andreejulia08-768x576.jpg 768w, https:\/\/www.mochileiros.com\/blog\/wp-content\/uploads\/2017\/11\/andreejulia08-313x235.jpg 313w, https:\/\/www.mochileiros.com\/blog\/wp-content\/uploads\/2017\/11\/andreejulia08-20x15.jpg 20w\" sizes=\"auto, (max-width: 800px) 100vw, 800px\" \/><p id=\"caption-attachment-34031\" class=\"wp-caption-text\">Podemos at\u00e9 dizer que a Mary Lou transformou-se num (motor-home) duplex | Foto: expedicaonaestrada.com<\/p><\/div>\n<div id=\"attachment_34032\" style=\"width: 690px\" class=\"wp-caption aligncenter\"><img loading=\"lazy\" decoding=\"async\" aria-describedby=\"caption-attachment-34032\" class=\"wp-image-34032 size-full\" src=\"https:\/\/www.mochileiros.com\/blog\/wp-content\/uploads\/2017\/11\/andreejulia05.jpg\" alt=\"\" width=\"680\" height=\"342\" srcset=\"https:\/\/www.mochileiros.com\/blog\/wp-content\/uploads\/2017\/11\/andreejulia05.jpg 680w, https:\/\/www.mochileiros.com\/blog\/wp-content\/uploads\/2017\/11\/andreejulia05-300x151.jpg 300w, https:\/\/www.mochileiros.com\/blog\/wp-content\/uploads\/2017\/11\/andreejulia05-313x157.jpg 313w, https:\/\/www.mochileiros.com\/blog\/wp-content\/uploads\/2017\/11\/andreejulia05-20x10.jpg 20w\" sizes=\"auto, (max-width: 680px) 100vw, 680px\" \/><p id=\"caption-attachment-34032\" class=\"wp-caption-text\">Este deve ser o roteiro da expedi\u00e7\u00e3o | Foto: expedicaonaestrada.com<\/p><\/div>\n<div id=\"attachment_34034\" style=\"width: 810px\" class=\"wp-caption aligncenter\"><img loading=\"lazy\" decoding=\"async\" aria-describedby=\"caption-attachment-34034\" class=\"wp-image-34034 size-full\" src=\"https:\/\/www.mochileiros.com\/blog\/wp-content\/uploads\/2017\/11\/andreejulia04.jpg\" alt=\"\" width=\"800\" height=\"533\" srcset=\"https:\/\/www.mochileiros.com\/blog\/wp-content\/uploads\/2017\/11\/andreejulia04.jpg 800w, https:\/\/www.mochileiros.com\/blog\/wp-content\/uploads\/2017\/11\/andreejulia04-300x200.jpg 300w, https:\/\/www.mochileiros.com\/blog\/wp-content\/uploads\/2017\/11\/andreejulia04-768x512.jpg 768w, https:\/\/www.mochileiros.com\/blog\/wp-content\/uploads\/2017\/11\/andreejulia04-313x209.jpg 313w, https:\/\/www.mochileiros.com\/blog\/wp-content\/uploads\/2017\/11\/andreejulia04-20x13.jpg 20w\" sizes=\"auto, (max-width: 800px) 100vw, 800px\" \/><p id=\"caption-attachment-34034\" class=\"wp-caption-text\">Andr\u00e9 e J\u00falia | Foto: expedicaonaestrada.com<\/p><\/div>\n<p style=\"text-align: left;\">S\u00e3o muitos os perrengues em uma viagem e Andr\u00e9 e J\u00falia j\u00e1 passaram por alguns que poderiam at\u00e9 desanim\u00e1-los e faz\u00ea-los buscar um carro mais novo, moderno; mas as duas paix\u00f5es juntas &#8211; viagem e carros antigos &#8211; falaram mais alto. &#8220;N\u00e3o \u00e9 a velha idade do carro que ir\u00e1 nos fazer desistir de um sonho&#8221;, afirmam.<br \/>\nAssim, eles v\u00e3o seguindo o caminho, devagarinho, desbravando fronteiras, sem pressa, curtindo cada instante e descobrindo que a estrada \u00e9 o seu mais novo lar.<\/p>\n<p>Para saber mais sobre a expedi\u00e7\u00e3o, o carro (e sua customiza\u00e7\u00e3o) e os viajantes acesse o <span style=\"text-decoration: underline;\"><a href=\"http:\/\/expedicaonaestrada.com\/\" target=\"_blank\" rel=\"noopener noreferrer\">site<\/a><\/span> e acompanhe as publica\u00e7\u00f5es no <span style=\"text-decoration: underline;\"><a href=\"https:\/\/www.facebook.com\/expnaestrada\/\" target=\"_blank\" rel=\"noopener noreferrer\">Facebook<\/a><\/span>, <span style=\"text-decoration: underline;\"><a href=\"https:\/\/www.instagram.com\/expnaestrada\/\" target=\"_blank\" rel=\"noopener noreferrer\">Instagram<\/a><\/span>, <span style=\"text-decoration: underline;\"><a href=\"https:\/\/twitter.com\/expnaestrada\" target=\"_blank\" rel=\"noopener noreferrer\">Twitter<\/a><\/span> e <span style=\"text-decoration: underline;\"><a href=\"https:\/\/www.youtube.com\/channel\/UC7GyEvk0wg8bJX5yfA8hjSw\" target=\"_blank\" rel=\"noopener noreferrer\">YouTube<\/a><\/span>.<\/p>\n","protected":false},"excerpt":{"rendered":"<p>A paix\u00e3o por viagens e por carros antigos est\u00e1 h\u00e1 tempos na vida de Andr\u00e9 Jardim e J\u00falia Prates. No dia-a-dia eles t\u00eam a companhia de um Fusca 1974, apelidado carinhosamente de Quindim (ele \u00e9 bem amarelinho!) &#8211; que tamb\u00e9m j\u00e1 fez pequenas viagens. O caso ficou mais s\u00e9rio quando decidiram em 2014 partir com [&hellip;]<\/p>\n","protected":false},"author":55,"featured_media":34037,"comment_status":"open","ping_status":"closed","sticky":false,"template":"","format":"standard","meta":{"googlesitekit_rrm_CAoiELM5mIOjYRN0nfylq3_9r-8:productID":"","_crdt_document":"","_daim_seo_power":"1000","_daim_enable_ail":"1","footnotes":""},"categories":[168],"tags":[1071,1070,1126],"class_list":["post-34021","post","type-post","status-publish","format-standard","has-post-thumbnail","hentry","category-blog","tag-road-trip","tag-viagem-de-carro","tag-volta-ao-mundo"],"_links":{"self":[{"href":"https:\/\/www.mochileiros.com\/blog\/wp-json\/wp\/v2\/posts\/34021","targetHints":{"allow":["GET"]}}],"collection":[{"href":"https:\/\/www.mochileiros.com\/blog\/wp-json\/wp\/v2\/posts"}],"about":[{"href":"https:\/\/www.mochileiros.com\/blog\/wp-json\/wp\/v2\/types\/post"}],"author":[{"embeddable":true,"href":"https:\/\/www.mochileiros.com\/blog\/wp-json\/wp\/v2\/users\/55"}],"replies":[{"embeddable":true,"href":"https:\/\/www.mochileiros.com\/blog\/wp-json\/wp\/v2\/comments?post=34021"}],"version-history":[{"count":0,"href":"https:\/\/www.mochileiros.com\/blog\/wp-json\/wp\/v2\/posts\/34021\/revisions"}],"wp:featuredmedia":[{"embeddable":true,"href":"https:\/\/www.mochileiros.com\/blog\/wp-json\/wp\/v2\/media\/34037"}],"wp:attachment":[{"href":"https:\/\/www.mochileiros.com\/blog\/wp-json\/wp\/v2\/media?parent=34021"}],"wp:term":[{"taxonomy":"category","embeddable":true,"href":"https:\/\/www.mochileiros.com\/blog\/wp-json\/wp\/v2\/categories?post=34021"},{"taxonomy":"post_tag","embeddable":true,"href":"https:\/\/www.mochileiros.com\/blog\/wp-json\/wp\/v2\/tags?post=34021"}],"curies":[{"name":"wp","href":"https:\/\/api.w.org\/{rel}","templated":true}]}}