{"id":34279,"date":"2017-12-06T16:52:51","date_gmt":"2017-12-06T19:52:51","guid":{"rendered":"https:\/\/www.mochileiros.com\/blog\/?p=34279"},"modified":"2017-12-18T14:02:24","modified_gmt":"2017-12-18T17:02:24","slug":"o-homem-e-montanha","status":"publish","type":"post","link":"https:\/\/www.mochileiros.com\/blog\/o-homem-e-montanha","title":{"rendered":"O homem e a montanha"},"content":{"rendered":"<p>Por <em>Rodrigo Dallano di Falco*<\/em><\/p>\n<p>Me embrenhando pelas trilhas que levam ao topo de uma paisagem montanhosa, vivenciei, entre um passo e outro, um encontro comigo mesmo e com a natureza. Percorrer esse tipo de terreno causa isso na gente. \u00c9 um misto de medo, curiosidade, descoberta e pequenas conquistas que nos permite entender a import\u00e2ncia da subida para alcan\u00e7ar o cume.<\/p>\n<div id=\"attachment_34281\" style=\"width: 1010px\" class=\"wp-caption aligncenter\"><img loading=\"lazy\" decoding=\"async\" aria-describedby=\"caption-attachment-34281\" class=\"wp-image-34281 size-full\" src=\"https:\/\/www.mochileiros.com\/blog\/wp-content\/uploads\/2017\/12\/dallano01.jpg\" alt=\"\" width=\"1000\" height=\"667\" srcset=\"https:\/\/www.mochileiros.com\/blog\/wp-content\/uploads\/2017\/12\/dallano01.jpg 1000w, https:\/\/www.mochileiros.com\/blog\/wp-content\/uploads\/2017\/12\/dallano01-300x200.jpg 300w, https:\/\/www.mochileiros.com\/blog\/wp-content\/uploads\/2017\/12\/dallano01-1024x683.jpg 1024w, https:\/\/www.mochileiros.com\/blog\/wp-content\/uploads\/2017\/12\/dallano01-768x512.jpg 768w, https:\/\/www.mochileiros.com\/blog\/wp-content\/uploads\/2017\/12\/dallano01-1536x1025.jpg 1536w, https:\/\/www.mochileiros.com\/blog\/wp-content\/uploads\/2017\/12\/dallano01-2048x1366.jpg 2048w, https:\/\/www.mochileiros.com\/blog\/wp-content\/uploads\/2017\/12\/dallano01-225x150.jpg 225w, https:\/\/www.mochileiros.com\/blog\/wp-content\/uploads\/2017\/12\/dallano01-100x67.jpg 100w, https:\/\/www.mochileiros.com\/blog\/wp-content\/uploads\/2017\/12\/dallano01-525x350.jpg 525w, https:\/\/www.mochileiros.com\/blog\/wp-content\/uploads\/2017\/12\/dallano01-788x525.jpg 788w, https:\/\/www.mochileiros.com\/blog\/wp-content\/uploads\/2017\/12\/dallano01-313x209.jpg 313w, https:\/\/www.mochileiros.com\/blog\/wp-content\/uploads\/2017\/12\/dallano01-20x13.jpg 20w\" sizes=\"auto, (max-width: 1000px) 100vw, 1000px\" \/><p id=\"caption-attachment-34281\" class=\"wp-caption-text\">&#8220;Ao percorrer as trilhas para alcan\u00e7ar o topo de uma serra \u00e9 poss\u00edvel encontrar, al\u00e9m de belas paisagens, a si mesmo.&#8221; &#8211; Rodrigo Dallano | Foto: Rodrigo Dallano.<\/p><\/div>\n<div id=\"attachment_34282\" style=\"width: 1010px\" class=\"wp-caption aligncenter\"><img loading=\"lazy\" decoding=\"async\" aria-describedby=\"caption-attachment-34282\" class=\"wp-image-34282 size-full\" src=\"https:\/\/www.mochileiros.com\/blog\/wp-content\/uploads\/2017\/12\/dallano02.jpg\" alt=\"\" width=\"1000\" height=\"519\" srcset=\"https:\/\/www.mochileiros.com\/blog\/wp-content\/uploads\/2017\/12\/dallano02.jpg 1000w, https:\/\/www.mochileiros.com\/blog\/wp-content\/uploads\/2017\/12\/dallano02-300x156.jpg 300w, https:\/\/www.mochileiros.com\/blog\/wp-content\/uploads\/2017\/12\/dallano02-768x399.jpg 768w, https:\/\/www.mochileiros.com\/blog\/wp-content\/uploads\/2017\/12\/dallano02-313x162.jpg 313w, https:\/\/www.mochileiros.com\/blog\/wp-content\/uploads\/2017\/12\/dallano02-20x10.jpg 20w\" sizes=\"auto, (max-width: 1000px) 100vw, 1000px\" \/><p id=\"caption-attachment-34282\" class=\"wp-caption-text\">Foto: Rodrigo Dallano.<\/p><\/div>\n<p>A montanha \u00e9 uma escolha e uma escola. Ela me fez compreender o que minha m\u00e3e j\u00e1 costumava me dizer, que \u201csomente com esfor\u00e7o se conquista os objetivos e que muitos dos sofrimentos nos ensinam e nos preparam para algo maior\u201d. Foi durante o percurso que aprendi a me ouvir, a escutar meus medos e a entender que havia um tempo certo para enfrent\u00e1-los. Foi l\u00e1 tamb\u00e9m que aprendi a lidar com as minhas fraquezas, e a buscar for\u00e7as que eu n\u00e3o imaginava ter. A natureza me abrigou, me ensinou uma por\u00e7\u00e3o de coisas sobre a vida e permitiu me conhecer um pouco mais. A singularidade desses momentos coloriram meus olhos com leveza de alma. Uma vez me perguntaram o que eu sentia quando chegava ao meu destino, ao ponto mais alto: \u201cSinto que sou parte daquilo tudo. Que sou parte da montanha e ela faz parte de de mim. \u00c9 reencontro.<\/p>\n<div id=\"attachment_34285\" style=\"width: 1010px\" class=\"wp-caption aligncenter\"><img loading=\"lazy\" decoding=\"async\" aria-describedby=\"caption-attachment-34285\" class=\"wp-image-34285 size-full\" src=\"https:\/\/www.mochileiros.com\/blog\/wp-content\/uploads\/2017\/12\/dallano03.jpg\" alt=\"\" width=\"1000\" height=\"667\" srcset=\"https:\/\/www.mochileiros.com\/blog\/wp-content\/uploads\/2017\/12\/dallano03.jpg 1000w, https:\/\/www.mochileiros.com\/blog\/wp-content\/uploads\/2017\/12\/dallano03-300x200.jpg 300w, https:\/\/www.mochileiros.com\/blog\/wp-content\/uploads\/2017\/12\/dallano03-768x512.jpg 768w, https:\/\/www.mochileiros.com\/blog\/wp-content\/uploads\/2017\/12\/dallano03-313x209.jpg 313w, https:\/\/www.mochileiros.com\/blog\/wp-content\/uploads\/2017\/12\/dallano03-20x13.jpg 20w\" sizes=\"auto, (max-width: 1000px) 100vw, 1000px\" \/><p id=\"caption-attachment-34285\" class=\"wp-caption-text\">Foto: Rodrigo Dallano.<\/p><\/div>\n<p><em>*Rodrigo Dallano \u00e9 fot\u00f3grafo e montanhista.<br \/>\nVoc\u00ea pode conferir mais algumas imagens dele logo abaixo e muitas outras no <a href=\"https:\/\/www.instagram.com\/rfdallano\/\" target=\"_blank\" rel=\"noopener\">https:\/\/www.instagram.com\/rfdallano\/<\/a><\/em><\/p>\n<p>[justified_image_grid preset=1 mobile_preset=1 caption=off mobile_caption=off lightbox=photoswipe mobile_lightbox=photoswipe]<\/p>\n","protected":false},"excerpt":{"rendered":"<p>Por Rodrigo Dallano di Falco* Me embrenhando pelas trilhas que levam ao topo de uma paisagem montanhosa, vivenciei, entre um passo e outro, um encontro comigo mesmo e com a natureza. Percorrer esse tipo de terreno causa isso na gente. \u00c9 um misto de medo, curiosidade, descoberta e pequenas conquistas que nos permite entender a [&hellip;]<\/p>\n","protected":false},"author":55,"featured_media":34281,"comment_status":"open","ping_status":"closed","sticky":false,"template":"","format":"standard","meta":{"googlesitekit_rrm_CAoiELM5mIOjYRN0nfylq3_9r-8:productID":"","_crdt_document":"","_daim_seo_power":"","_daim_enable_ail":"","footnotes":""},"categories":[168],"tags":[39,1206],"class_list":["post-34279","post","type-post","status-publish","format-standard","has-post-thumbnail","hentry","category-blog","tag-fotografia-de-viagem","tag-historias-inspiradoras"],"_links":{"self":[{"href":"https:\/\/www.mochileiros.com\/blog\/wp-json\/wp\/v2\/posts\/34279","targetHints":{"allow":["GET"]}}],"collection":[{"href":"https:\/\/www.mochileiros.com\/blog\/wp-json\/wp\/v2\/posts"}],"about":[{"href":"https:\/\/www.mochileiros.com\/blog\/wp-json\/wp\/v2\/types\/post"}],"author":[{"embeddable":true,"href":"https:\/\/www.mochileiros.com\/blog\/wp-json\/wp\/v2\/users\/55"}],"replies":[{"embeddable":true,"href":"https:\/\/www.mochileiros.com\/blog\/wp-json\/wp\/v2\/comments?post=34279"}],"version-history":[{"count":0,"href":"https:\/\/www.mochileiros.com\/blog\/wp-json\/wp\/v2\/posts\/34279\/revisions"}],"wp:featuredmedia":[{"embeddable":true,"href":"https:\/\/www.mochileiros.com\/blog\/wp-json\/wp\/v2\/media\/34281"}],"wp:attachment":[{"href":"https:\/\/www.mochileiros.com\/blog\/wp-json\/wp\/v2\/media?parent=34279"}],"wp:term":[{"taxonomy":"category","embeddable":true,"href":"https:\/\/www.mochileiros.com\/blog\/wp-json\/wp\/v2\/categories?post=34279"},{"taxonomy":"post_tag","embeddable":true,"href":"https:\/\/www.mochileiros.com\/blog\/wp-json\/wp\/v2\/tags?post=34279"}],"curies":[{"name":"wp","href":"https:\/\/api.w.org\/{rel}","templated":true}]}}