{"id":34509,"date":"2017-12-14T20:48:51","date_gmt":"2017-12-14T23:48:51","guid":{"rendered":"https:\/\/www.mochileiros.com\/blog\/?p=34509"},"modified":"2017-12-15T14:06:05","modified_gmt":"2017-12-15T17:06:05","slug":"visita-museu-egipcio-curitiba","status":"publish","type":"post","link":"https:\/\/www.mochileiros.com\/blog\/visita-museu-egipcio-curitiba","title":{"rendered":"Visita ao Museu Eg\u00edpcio em Curitiba"},"content":{"rendered":"<p style=\"text-align: justify;\">Ol\u00e1 pessoal! Eu sou a\u00a0<strong>Karen Peressuti<\/strong>\u00a0e escrevo sobre viagens e experiencias no blog\u00a0<strong><a href=\"http:\/\/www.feriaspraontem.com\/\" target=\"_blank\" rel=\"noopener\">F\u00e9rias pra Ontem<\/a>.<\/strong> Hoje vim falar para voc\u00eas como foi o meu ultimo passeio nas minhas f\u00e9rias. Eu visitei o pouco conhecido\u00a0<strong>Museu Eg\u00edpcio <\/strong>em Curitiba, venha conferir como \u00e9 esse lugar interessante.<\/p>\n<div id=\"attachment_7500\" style=\"width: 812px\" class=\"wp-caption aligncenter\"><img loading=\"lazy\" decoding=\"async\" aria-describedby=\"caption-attachment-7500\" class=\"alignnone wp-image-7500\" src=\"https:\/\/feriaspraontem.files.wordpress.com\/2017\/11\/editada.jpg\" alt=\"Museu Eg\u00edpcio e Rosacruz em Curitiba\" width=\"802\" height=\"487\" \/><p id=\"caption-attachment-7500\" class=\"wp-caption-text\"><em>Foto: Acervo pessoal \/ F\u00e9rias pra Ontem<\/em><\/p><\/div>\n<p style=\"text-align: justify;\"><!--more--><\/p>\n<div id=\"ez-toc-container\" class=\"ez-toc-v2_0_82_2 counter-hierarchy ez-toc-counter ez-toc-grey ez-toc-container-direction\">\n<div class=\"ez-toc-title-container\">\n<p class=\"ez-toc-title\" style=\"cursor:inherit\">\u00cdndice<\/p>\n<span class=\"ez-toc-title-toggle\"><a href=\"#\" class=\"ez-toc-pull-right ez-toc-btn ez-toc-btn-xs ez-toc-btn-default ez-toc-toggle\" aria-label=\"Alternar tabela de conte\u00fado\"><span class=\"ez-toc-js-icon-con\"><span class=\"\"><span class=\"eztoc-hide\" style=\"display:none;\">Toggle<\/span><span class=\"ez-toc-icon-toggle-span\"><svg style=\"fill: #999;color:#999\" xmlns=\"http:\/\/www.w3.org\/2000\/svg\" class=\"list-377408\" width=\"20px\" height=\"20px\" viewBox=\"0 0 24 24\" fill=\"none\"><path d=\"M6 6H4v2h2V6zm14 0H8v2h12V6zM4 11h2v2H4v-2zm16 0H8v2h12v-2zM4 16h2v2H4v-2zm16 0H8v2h12v-2z\" fill=\"currentColor\"><\/path><\/svg><svg style=\"fill: #999;color:#999\" class=\"arrow-unsorted-368013\" xmlns=\"http:\/\/www.w3.org\/2000\/svg\" width=\"10px\" height=\"10px\" viewBox=\"0 0 24 24\" version=\"1.2\" baseProfile=\"tiny\"><path d=\"M18.2 9.3l-6.2-6.3-6.2 6.3c-.2.2-.3.4-.3.7s.1.5.3.7c.2.2.4.3.7.3h11c.3 0 .5-.1.7-.3.2-.2.3-.5.3-.7s-.1-.5-.3-.7zM5.8 14.7l6.2 6.3 6.2-6.3c.2-.2.3-.5.3-.7s-.1-.5-.3-.7c-.2-.2-.4-.3-.7-.3h-11c-.3 0-.5.1-.7.3-.2.2-.3.5-.3.7s.1.5.3.7z\"\/><\/svg><\/span><\/span><\/span><\/a><\/span><\/div>\n<nav><ul class='ez-toc-list ez-toc-list-level-1 ' ><li class='ez-toc-page-1 ez-toc-heading-level-2'><a class=\"ez-toc-link ez-toc-heading-1\" href=\"https:\/\/www.mochileiros.com\/blog\/visita-museu-egipcio-curitiba\/#Museu_Egipcio\" >Museu Eg\u00edpcio<\/a><\/li><li class='ez-toc-page-1 ez-toc-heading-level-2'><a class=\"ez-toc-link ez-toc-heading-2\" href=\"https:\/\/www.mochileiros.com\/blog\/visita-museu-egipcio-curitiba\/#O_que_eu_achei_do_museu\" >O que eu achei do museu<\/a><ul class='ez-toc-list-level-3' ><li class='ez-toc-heading-level-3'><a class=\"ez-toc-link ez-toc-heading-3\" href=\"https:\/\/www.mochileiros.com\/blog\/visita-museu-egipcio-curitiba\/#Endereco_e_horarios\" >Endere\u00e7o e hor\u00e1rios:<\/a><\/li><li class='ez-toc-page-1 ez-toc-heading-level-3'><a class=\"ez-toc-link ez-toc-heading-4\" href=\"https:\/\/www.mochileiros.com\/blog\/visita-museu-egipcio-curitiba\/#Ingresso\" >Ingresso:<\/a><\/li><\/ul><\/li><\/ul><\/nav><\/div>\n<h2 style=\"text-align: justify;\"><span class=\"ez-toc-section\" id=\"Museu_Egipcio\"><\/span>Museu Eg\u00edpcio<span class=\"ez-toc-section-end\"><\/span><\/h2>\n<p style=\"text-align: justify;\">O Museu Eg\u00edpcio da Rosacruz em Curitiba-PR \u00e9 formado por cerca de <strong>700 pe\u00e7as<\/strong> relacionadas ao <strong>Antigo Egito<\/strong>, possuindo pe\u00e7as que contam as hist\u00f3rias dos fara\u00f3s, da religi\u00e3o e do cotidiano daquela civiliza\u00e7\u00e3o. O museu foi fundado em 17 de outubro de 1990 pelo ex-Grande Mestre, Frater Charles Vega Parucker.<\/p>\n<p style=\"text-align: justify;\">De um lado da rua est\u00e1 o museu e do outro lado fica a administra\u00e7\u00e3o. Os dois pr\u00e9dios s\u00e3o imponentes e decorados ao modelo Egito Antigo.<\/p>\n<div id=\"attachment_7501\" style=\"width: 863px\" class=\"wp-caption aligncenter\"><img loading=\"lazy\" decoding=\"async\" aria-describedby=\"caption-attachment-7501\" class=\"alignnone wp-image-7501\" src=\"https:\/\/feriaspraontem.files.wordpress.com\/2017\/11\/dsc_0354.jpg\" alt=\"Museu Eg\u00edpcio e Rosacruz\" width=\"853\" height=\"480\" \/><p id=\"caption-attachment-7501\" class=\"wp-caption-text\"><em>Foto: Acervo pessoal \/ F\u00e9rias pra Ontem<\/em><\/p><\/div>\n<p style=\"text-align: justify;\">No museu h\u00e1 <strong>r\u00e9plicas fieis<\/strong> de objetos cujos originais s\u00e3o conservados nos acervos de diversos museus pelo mundo. A pe\u00e7a mais importante do Museu Eg\u00edpcio \u00e9 a <strong>m\u00famia original<\/strong> de uma dama eg\u00edpcia chamada \u201c<strong>Tothmea<\/strong>\u201d, que possui cerca de <strong>2600 anos<\/strong>. Ela est\u00e1 na cole\u00e7\u00e3o do museu desde 1995.\u00a0\u201cTothmea\u201d possivelmente foi uma cantora ou musicista de um templo eg\u00edpcio dedicado \u00e0 deusa \u00cdsis. Na sala onde se encontra a m\u00famia n\u00e3o se pode tirar fotos (nem com e nem sem flash), o ar condicionado fica ligado bem forte e a sala possui um cheiro esquisito.<\/p>\n<p style=\"text-align: justify;\">Falando em m\u00famia, tamb\u00e9m existe uma\u00a0de uma <strong>menina de cerca de dois anos apelidada de\u00a0\u201cWanra\u201d<\/strong>. Esta \u00e9 uma m\u00famia andina e seu corpo foi preservado naturalmente, atrav\u00e9s das caracter\u00edsticas do ambiente onde foi enterrada.<\/p>\n<div id=\"attachment_7505\" style=\"width: 577px\" class=\"wp-caption aligncenter\"><img loading=\"lazy\" decoding=\"async\" aria-describedby=\"caption-attachment-7505\" class=\"alignnone size-full wp-image-7505\" src=\"https:\/\/feriaspraontem.files.wordpress.com\/2017\/11\/mumia-andina2.jpg\" alt=\"M\u00famia Andina\" width=\"567\" height=\"321\" \/><p id=\"caption-attachment-7505\" class=\"wp-caption-text\">M\u00famia Andina &#8211; <em>Foto: Divulga\u00e7\u00e3o Museu Eg\u00edpcio<\/em><\/p><\/div>\n<p style=\"text-align: justify;\">Quando eu e minha m\u00e3e chegamos no museu o tempo estava fechado, pronto para uma tempestade, ent\u00e3o ventava muito. Enquanto est\u00e1vamos observando os itens, o vento uivava nas janelas. Minha m\u00e3e, que n\u00e3o \u00e9 acostumada com esse barulho, come\u00e7ou a ficar com medo e queria ir embora, ainda mais depois de ver a m\u00famia\u00a0\u201cTothmea\u201d. <em>haha<\/em><\/p>\n<blockquote><p><em>&#8220;Filha, vamos embora! Parece que as m\u00famias est\u00e3o gritando!&#8221;<\/em><em><br \/>\n<\/em><\/p><\/blockquote>\n<p style=\"text-align: justify;\">Dentro do museu encontra-se a r\u00e9plica da <strong>Pedra da Roseta<\/strong>. A Pedra da Roseta permitiu que a l\u00edngua eg\u00edpcia pudesse finalmente ser traduzida, isso porque nela h\u00e1 o mesmo texto em mais duas l\u00ednguas: dem\u00f3tico e grego. Ao ver a pedra lembrei instantaneamente do meu professor de hist\u00f3ria. \ud83d\ude42<\/p>\n<div id=\"attachment_7506\" style=\"width: 500px\" class=\"wp-caption aligncenter\"><img loading=\"lazy\" decoding=\"async\" aria-describedby=\"caption-attachment-7506\" class=\"alignnone wp-image-7506\" src=\"https:\/\/feriaspraontem.files.wordpress.com\/2017\/11\/dsc_0362.jpg\" alt=\"Pedra da Roseta\" width=\"490\" height=\"687\" \/><p id=\"caption-attachment-7506\" class=\"wp-caption-text\">Pedra da Roseta &#8211; <em>Foto: acervo pessoal \/ F\u00e9rias pra Ontem<\/em><\/p><\/div>\n<p style=\"text-align: justify;\">Ao lado de fora, existem grandes estatuas, port\u00f5es e decora\u00e7\u00f5es. Mas como estava com o c\u00e9u preto e ventando muito, havia v\u00e1rias &#8220;sujeiras&#8221; de arvore pelo ch\u00e3o que n\u00e3o paravam de cair.<\/p>\n<h2 style=\"text-align: justify;\"><span class=\"ez-toc-section\" id=\"O_que_eu_achei_do_museu\"><\/span>O que eu achei do museu<span class=\"ez-toc-section-end\"><\/span><\/h2>\n<p style=\"text-align: justify;\">O museu n\u00e3o \u00e9 grande, ent\u00e3o voc\u00ea faz a visita em no m\u00e1ximo uma hora. Se voc\u00ea \u00e9 pessoas que gosta de ler tudo, ent\u00e3o talvez voc\u00ea demore um pouco mais.<br \/>\nEu nunca tinha visitado esse museu e me surpreendi, primeiramente por custar apenas R$5,00 o ingresso inteiro e segundo por eu me interessar muito por essa misteriosa historia dos eg\u00edpcios. Foi muito legal conhecer esse ponto que pouca gente sabe que existe.<\/p>\n<div id=\"attachment_7511\" style=\"width: 607px\" class=\"wp-caption aligncenter\"><img loading=\"lazy\" decoding=\"async\" aria-describedby=\"caption-attachment-7511\" class=\"alignnone wp-image-7511\" src=\"https:\/\/feriaspraontem.files.wordpress.com\/2017\/11\/dsc_0387.jpg\" alt=\"Museu Eg\u00edpcio\" width=\"597\" height=\"878\" \/><p id=\"caption-attachment-7511\" class=\"wp-caption-text\">A Esfinge de Gise &#8211;<em> Foto: acervo pessoal \/ F\u00e9rias pra Ontem<\/em><\/p><\/div>\n<hr \/>\n<h3 style=\"text-align: justify;\"><span class=\"ez-toc-section\" id=\"Endereco_e_horarios\"><\/span>Endere\u00e7o e hor\u00e1rios:<span class=\"ez-toc-section-end\"><\/span><\/h3>\n<p style=\"text-align: justify;\">Rua Nicar\u00e1gua, 2641 &#8211; Bacacheri, Curitiba<br \/>\nDias de semana: 08:00 &#8211; 12:00, 13:00 &#8211; 17:00<br \/>\nSabado: 10:00 &#8211; 17:00<br \/>\nDomingo: 09:00 &#8211; 12:00<\/p>\n<h3 style=\"text-align: justify;\"><span class=\"ez-toc-section\" id=\"Ingresso\"><\/span>Ingresso:<span class=\"ez-toc-section-end\"><\/span><\/h3>\n<p style=\"text-align: justify;\">Inteira: R$5,00<br \/>\nMeia: R$3,00<\/p>\n<p style=\"text-align: justify;\"><strong>Site do museu:<\/strong>\u00a0<a href=\"http:\/\/museuegipcioerosacruz.org.br\/\" target=\"_blank\" rel=\"noopener\">http:\/\/museuegipcioerosacruz.org.br\/<\/a><\/p>\n<p>&nbsp;<\/p>\n<h4>PARA VER TODAS AS FOTOS DESSE LUGAR INCR\u00cdVEL, CONFIRA\u00a0<a href=\"https:\/\/feriaspraontem.com\/2017\/11\/30\/visita-ao-museu-egipcio-em-curitiba\/\" target=\"_blank\" rel=\"noopener\">AQUI<\/a>\u00a0O POST COMPLETO NO BLOG.<\/h4>\n<h4>SE VOC\u00ca QUER VER MAIS POSTS RELACIONADOS A OR\u00c7AMENTO, CONFIRA <a href=\"https:\/\/feriaspraontem.com\/category\/orcamento\/\" target=\"_blank\" rel=\"noopener\">AQUI<\/a>.<\/h4>\n<h4>SE VOC\u00ca GOSTOU DESSE POST, CONHE\u00c7A UM POUCO MAIS DO BLOG CLICANDO\u00a0<a href=\"https:\/\/feriaspraontem.com\/\" target=\"_blank\" rel=\"noopener\">AQUI\u00a0<\/a>OU NAS REDES SOCIAIS ABAIXO.<\/h4>\n<p>&nbsp;<\/p>\n<p style=\"text-align: justify;\">Voc\u00ea j\u00e1 visitou algum museu com pe\u00e7as eg\u00edpcias pelo mundo? Conte nos coment\u00e1rios o que achou.<\/p>\n<hr \/>\n<p style=\"text-align: justify;\"><em><strong>Redes:<\/strong><\/em><\/p>\n<p style=\"text-align: justify;\"><em><img loading=\"lazy\" decoding=\"async\" class=\"img\" role=\"presentation\" src=\"https:\/\/www.facebook.com\/images\/emoji.php\/v9\/f39\/1\/24\/2708.png\" alt=\"\" width=\"24\" height=\"24\">\u00a0Facebook:\u00a0<a href=\"https:\/\/www.facebook.com\/feriaspraontemm\/\" target=\"_blank\" rel=\"noopener\">@feriaspraontemm<\/a><\/em><br \/>\n<em><img loading=\"lazy\" decoding=\"async\" class=\"img\" role=\"presentation\" src=\"https:\/\/www.facebook.com\/images\/emoji.php\/v9\/f39\/1\/24\/2708.png\" alt=\"\" width=\"24\" height=\"24\">\u00a0Instagram:\u00a0<a href=\"https:\/\/www.instagram.com\/ferias_praontem\/\" target=\"_blank\" rel=\"noopener\">@ferias_praontem<\/a><\/em><br \/>\n<em><img loading=\"lazy\" decoding=\"async\" class=\"img\" role=\"presentation\" src=\"https:\/\/www.facebook.com\/images\/emoji.php\/v9\/f39\/1\/24\/2708.png\" alt=\"\" width=\"24\" height=\"24\">\u00a0Instagram:<a href=\"https:\/\/www.instagram.com\/karenperessuti\/\" target=\"_blank\" rel=\"noopener\">\u00a0@karenperessuti<\/a><\/em><br \/>\n<em><img loading=\"lazy\" decoding=\"async\" class=\"img\" role=\"presentation\" src=\"https:\/\/www.facebook.com\/images\/emoji.php\/v9\/f39\/1\/24\/2708.png\" alt=\"\" width=\"24\" height=\"24\">\u00a0Dubbi:\u00a0<a href=\"https:\/\/www.dubbi.com.br\/viajante\/karen-peressuti\" target=\"_blank\" rel=\"noopener\">Karen Peressuti<\/a><\/em><br \/>\n<em><img loading=\"lazy\" decoding=\"async\" class=\"img\" role=\"presentation\" src=\"https:\/\/www.facebook.com\/images\/emoji.php\/v9\/f39\/1\/24\/2708.png\" alt=\"\" width=\"24\" height=\"24\">\u00a0Linkedin:\u00a0<\/em><a href=\"https:\/\/www.linkedin.com\/in\/f%C3%A9rias-pra-ontem-649b68145\/\" target=\"_blank\" rel=\"noopener\"><em>F\u00e9rias pra Ontem<\/em><\/a><br \/>\n<em><img loading=\"lazy\" decoding=\"async\" class=\"img\" role=\"presentation\" src=\"https:\/\/www.facebook.com\/images\/emoji.php\/v9\/f39\/1\/24\/2708.png\" alt=\"\" width=\"24\" height=\"24\">\u00a0Bloglovin\u2019:\u00a0<a href=\"https:\/\/www.bloglovin.com\/blogs\/ferias-pra-ontem-18959889\" target=\"_blank\" rel=\"noopener\">F\u00e9rias pra Ontem<\/a><\/em><br \/>\n<em><img loading=\"lazy\" decoding=\"async\" class=\"img\" role=\"presentation\" src=\"https:\/\/www.facebook.com\/images\/emoji.php\/v9\/f39\/1\/24\/2708.png\" alt=\"\" width=\"24\" height=\"24\">\u00a0Blogs Brasil:\u00a0<a href=\"https:\/\/blogsbrasil.com.br\/blog\/feriaspraontem-com\/\" target=\"_blank\" rel=\"noopener\">F\u00e9rias pra Ontem<\/a><\/em><br \/>\n<em><img loading=\"lazy\" decoding=\"async\" class=\"img\" role=\"presentation\" src=\"https:\/\/www.facebook.com\/images\/emoji.php\/v9\/f39\/1\/24\/2708.png\" alt=\"\" width=\"24\" height=\"24\">\u00a0Mochila Brasil:\u00a0<a href=\"https:\/\/www.mochileiros.com\/blog\/author\/karenperessuti\" target=\"_blank\" rel=\"noopener\">Karen Peressuti<br \/>\n<\/a><\/em><em><img loading=\"lazy\" decoding=\"async\" class=\"img\" role=\"presentation\" src=\"https:\/\/www.facebook.com\/images\/emoji.php\/v9\/f39\/1\/24\/2708.png\" alt=\"\" width=\"24\" height=\"24\">\u00a0Pinterest:\u00a0<a href=\"https:\/\/br.pinterest.com\/feriaspraontem\/\" target=\"_blank\" rel=\"noopener\">F\u00e9rias pra Ontem<\/a><\/em><\/p>\n<hr \/>\n","protected":false},"excerpt":{"rendered":"<p>Ol\u00e1 pessoal! Eu sou a\u00a0Karen Peressuti\u00a0e escrevo sobre viagens e experiencias no blog\u00a0F\u00e9rias pra Ontem. Hoje vim falar para voc\u00eas como foi o meu ultimo passeio nas minhas f\u00e9rias. Eu visitei o pouco conhecido\u00a0Museu Eg\u00edpcio em Curitiba, venha conferir como \u00e9 esse lugar interessante.<\/p>\n","protected":false},"author":1387,"featured_media":34524,"comment_status":"open","ping_status":"closed","sticky":false,"template":"","format":"standard","meta":{"googlesitekit_rrm_CAoiELM5mIOjYRN0nfylq3_9r-8:productID":"","_crdt_document":"","_daim_seo_power":"","_daim_enable_ail":"","footnotes":""},"categories":[168],"tags":[1723,1880,85],"class_list":["post-34509","post","type-post","status-publish","format-standard","has-post-thumbnail","hentry","category-blog","tag-curitiba","tag-egito","tag-parana"],"_links":{"self":[{"href":"https:\/\/www.mochileiros.com\/blog\/wp-json\/wp\/v2\/posts\/34509","targetHints":{"allow":["GET"]}}],"collection":[{"href":"https:\/\/www.mochileiros.com\/blog\/wp-json\/wp\/v2\/posts"}],"about":[{"href":"https:\/\/www.mochileiros.com\/blog\/wp-json\/wp\/v2\/types\/post"}],"author":[{"embeddable":true,"href":"https:\/\/www.mochileiros.com\/blog\/wp-json\/wp\/v2\/users\/1387"}],"replies":[{"embeddable":true,"href":"https:\/\/www.mochileiros.com\/blog\/wp-json\/wp\/v2\/comments?post=34509"}],"version-history":[{"count":0,"href":"https:\/\/www.mochileiros.com\/blog\/wp-json\/wp\/v2\/posts\/34509\/revisions"}],"wp:featuredmedia":[{"embeddable":true,"href":"https:\/\/www.mochileiros.com\/blog\/wp-json\/wp\/v2\/media\/34524"}],"wp:attachment":[{"href":"https:\/\/www.mochileiros.com\/blog\/wp-json\/wp\/v2\/media?parent=34509"}],"wp:term":[{"taxonomy":"category","embeddable":true,"href":"https:\/\/www.mochileiros.com\/blog\/wp-json\/wp\/v2\/categories?post=34509"},{"taxonomy":"post_tag","embeddable":true,"href":"https:\/\/www.mochileiros.com\/blog\/wp-json\/wp\/v2\/tags?post=34509"}],"curies":[{"name":"wp","href":"https:\/\/api.w.org\/{rel}","templated":true}]}}