{"id":34715,"date":"2018-01-04T12:48:06","date_gmt":"2018-01-04T15:48:06","guid":{"rendered":"https:\/\/www.mochileiros.com\/blog\/?p=34715"},"modified":"2018-01-04T15:48:40","modified_gmt":"2018-01-04T18:48:40","slug":"um-passeio-por-morretes-pr","status":"publish","type":"post","link":"https:\/\/www.mochileiros.com\/blog\/um-passeio-por-morretes-pr","title":{"rendered":"Um passeio por Morretes-PR"},"content":{"rendered":"<p>Ol\u00e1 pessoal! Eu sou a\u00a0<strong>Karen Peressuti<\/strong>\u00a0e escrevo sobre viagens e experiencias no blog\u00a0<strong><a href=\"http:\/\/www.feriaspraontem.com\/\" target=\"_blank\" rel=\"noopener\">F\u00e9rias pra Ontem<\/a>.\u00a0<\/strong>O assunto hoje \u00e9 <strong>Morretes<\/strong>! Morretes \u00e9 uma cidade hist\u00f3rica e est\u00e1 localizada na regi\u00e3o litor\u00e2nea do <strong>Paran\u00e1<\/strong>.<\/p>\n<div id=\"attachment_3094\" style=\"width: 810px\" class=\"wp-caption aligncenter\"><img loading=\"lazy\" decoding=\"async\" aria-describedby=\"caption-attachment-3094\" class=\" size-full wp-image-3094 aligncenter\" src=\"https:\/\/feriaspraontem.files.wordpress.com\/2017\/06\/dsc_0083.jpg\" alt=\"Morretes\" width=\"800\" height=\"400\" \/><p id=\"caption-attachment-3094\" class=\"wp-caption-text\"><em>Foto: Karen Peressuti \/ F\u00e9rias pra Ontem<\/em><\/p><\/div>\n<p><!--more--><\/p>\n<p style=\"text-align: justify;\">J\u00e1 fui para Morretes incont\u00e1veis vezes, para diversos restaurantes, j\u00e1 fui pescar e j\u00e1 desci o rio <strong>Nhundiaquara<\/strong> de boia, o conhecido <strong>boiacross<\/strong>.<\/p>\n<p style=\"text-align: justify;\">Eu vou para <strong>Morretes<\/strong> desde crian\u00e7a, no come\u00e7o ia com minha fam\u00edlia pescar lambari, meu pai levava lingui\u00e7a e faz\u00edamos um churrasco e com\u00edamos com p\u00e3o, nesse meio tempo eu tomava banho de rio. Com o tempo, esse ponto em que pesc\u00e1vamos come\u00e7ou a lotar de gente e tamb\u00e9m os peixes n\u00e3o caiam mais nas iscas.<\/p>\n<p style=\"text-align: justify;\">Quando a situa\u00e7\u00e3o da grana melhorou come\u00e7amos a descobrir os restaurantes, e acho que at\u00e9 hoje o restaurante que eu mais gosto de l\u00e1 \u00e9 o <strong>Hotel e Restaurante NHUNDIAQUARA<\/strong>.<\/p>\n<div id=\"attachment_3097\" style=\"width: 810px\" class=\"wp-caption aligncenter\"><img loading=\"lazy\" decoding=\"async\" aria-describedby=\"caption-attachment-3097\" class=\" size-full wp-image-3097 aligncenter\" src=\"https:\/\/feriaspraontem.files.wordpress.com\/2017\/06\/dsc_0084.jpg\" alt=\"NHUNDIAQUARA\" width=\"800\" height=\"400\" \/><p id=\"caption-attachment-3097\" class=\"wp-caption-text\"><em>Foto: Karen Peressuti \/ F\u00e9rias pra Ontem<\/em><\/p><\/div>\n<p style=\"text-align: justify;\">O prato tipico de Morretes \u00e9 o <a href=\"http:\/\/www.nundiaquara.com.br\/barreado.php\" target=\"_blank\" rel=\"noopener\">Barreado<\/a>. O <strong>barreado<\/strong> \u00e9 uma carne que foi cozida por horas e horas em uma panela de barro vedada, assim a carne at\u00e9 se desfia sozinha de t\u00e3o macia e molinha.<\/p>\n<p style=\"text-align: justify;\">Costuma-se servir com farinha, e l\u00e1 eles sabem muito bem prepara-lo, n\u00e3o fica aquele concreto e n\u00e3o fazem aquele show de virar o prato em cima da cabe\u00e7a da gente e o barreado n\u00e3o cair. Voc\u00ea pode colocar banana junto no seu prato, e s\u00e9rio, fica uma del\u00edcia, muito melhor do que sem! O restante dos acompanhantes s\u00e3o: arroz, camar\u00e3o, peixe, croquete de peixe (delicia), salada de marisco e outras saladas.<\/p>\n<div id=\"attachment_3101\" style=\"width: 361px\" class=\"wp-caption aligncenter\"><img loading=\"lazy\" decoding=\"async\" aria-describedby=\"caption-attachment-3101\" class=\"alignnone wp-image-3101\" src=\"https:\/\/feriaspraontem.files.wordpress.com\/2017\/06\/barreado_mesa.jpg\" alt=\"Barreado\" width=\"351\" height=\"468\" \/><p id=\"caption-attachment-3101\" class=\"wp-caption-text\"><em>Foto: Divulga\u00e7\u00e3o \/\u00a0<\/em><a href=\"http:\/\/g1.globo.com\/pr\/parana\/noticia\/2012\/01\/aprenda-fazer-barreado-principal-atracao-turistica-de-morretes.html\" target=\"_blank\" rel=\"noopener\"><em>G1<\/em><\/a><\/p><\/div>\n<p style=\"text-align: justify;\">No domingo, tem uma <strong>feirinha<\/strong> com artesanato no centro, tem muitas coisas maravilhosas e tamb\u00e9m <b>orqu\u00eddeas<\/b>\u00a0baratinhas.<\/p>\n<div id=\"attachment_3105\" style=\"width: 388px\" class=\"wp-caption aligncenter\"><img loading=\"lazy\" decoding=\"async\" aria-describedby=\"caption-attachment-3105\" class=\" wp-image-3105 aligncenter\" src=\"https:\/\/feriaspraontem.files.wordpress.com\/2017\/06\/18645857_671199889743526_3653070359004971008_n-e1498010912143.jpg\" alt=\"Orquidia\" width=\"378\" height=\"449\" \/><p id=\"caption-attachment-3105\" class=\"wp-caption-text\"><em>Foto: Karen Peressuti \/ F\u00e9rias pra Ontem<\/em><\/p><\/div>\n<p style=\"text-align: justify;\">O grande destaque vai para <strong>Estrada\u00a0da Graciosa<\/strong>, que \u00e9 um caminho secund\u00e1rio, voc\u00ea pode ir pela <strong>BR-277<\/strong> tamb\u00e9m. E na Estrada da Graciosa o caminho \u00e9 todo com vegeta\u00e7\u00e3o, flores, passarinhos cantando e cachoeiras no caminho. Antigamente elas eram mais vis\u00edveis, acabaram mudando de lugar com o tempo.<\/p>\n<p style=\"text-align: justify;\">A estrada \u00e9 cheia de <strong>curvinhas<\/strong>, em alguns pontos voc\u00ea consegue ver Antonina do alto, consegue ver a cachoeira V\u00e9u da Noiva e existem tamb\u00e9m v\u00e1rios quiosques que voc\u00ea pode parar e fazer seu churrasco.<\/p>\n<div id=\"attachment_3114\" style=\"width: 810px\" class=\"wp-caption aligncenter\"><img loading=\"lazy\" decoding=\"async\" aria-describedby=\"caption-attachment-3114\" class=\"alignnone size-full wp-image-3114\" src=\"https:\/\/feriaspraontem.files.wordpress.com\/2017\/06\/16504702674_57765e360f_k.jpg\" alt=\"Portal\" width=\"800\" height=\"400\" \/><p id=\"caption-attachment-3114\" class=\"wp-caption-text\"><em>Foto: <a href=\"https:\/\/www.flickr.com\/photos\/91167791@N03\/\" target=\"_blank\" rel=\"noopener\">ROMULO MOREIRA<\/a><\/em><\/p><\/div>\n<div id=\"attachment_3115\" style=\"width: 810px\" class=\"wp-caption aligncenter\"><img loading=\"lazy\" decoding=\"async\" aria-describedby=\"caption-attachment-3115\" class=\"alignnone size-full wp-image-3115\" src=\"https:\/\/feriaspraontem.files.wordpress.com\/2017\/06\/17234626803_5013884a1e_k.jpg\" alt=\"Estrada da Graciosa\" width=\"800\" height=\"400\" \/><p id=\"caption-attachment-3115\" class=\"wp-caption-text\"><em>Foto: <a href=\"https:\/\/www.flickr.com\/photos\/55953988@N00\/\" target=\"_blank\" rel=\"noopener\">Ot\u00e1vio Nogueira<\/a><\/em><\/p><\/div>\n<div id=\"attachment_3109\" style=\"width: 810px\" class=\"wp-caption aligncenter\"><img loading=\"lazy\" decoding=\"async\" aria-describedby=\"caption-attachment-3109\" class=\"alignnone size-full wp-image-3109\" src=\"https:\/\/feriaspraontem.files.wordpress.com\/2017\/06\/dsc_0078.jpg\" alt=\"BR-277\" width=\"800\" height=\"400\" \/><p id=\"caption-attachment-3109\" class=\"wp-caption-text\">BR-277 &#8211; <em>Foto: Karen Peressuti \/ F\u00e9rias pra Ontem<\/em><\/p><\/div>\n<div id=\"attachment_3134\" style=\"width: 810px\" class=\"wp-caption aligncenter\"><img loading=\"lazy\" decoding=\"async\" aria-describedby=\"caption-attachment-3134\" class=\"alignnone size-full wp-image-3134\" src=\"https:\/\/feriaspraontem.files.wordpress.com\/2017\/06\/dsc_0091.jpg\" alt=\"Morretes\" width=\"800\" height=\"400\" \/><p id=\"caption-attachment-3134\" class=\"wp-caption-text\"><em>Foto: Karen Peressuti \/ F\u00e9rias pra Ontem<\/em><\/p><\/div>\n<p><strong>Dicas:\u00a0<\/strong><\/p>\n<ul>\n<li style=\"text-align: justify;\">L\u00e1 tem muito mosquito, rio e vegeta\u00e7\u00e3o s\u00e3o bem convidativos para eles. Ent\u00e3o n\u00e3o esque\u00e7a seu repelente.<\/li>\n<li style=\"text-align: justify;\">Tem tamb\u00e9m a descida de trem, dizem que \u00e9 muito legal, mas eu nunca fiz.<\/li>\n<\/ul>\n<p><strong>O que eu mais gostei: <\/strong><\/p>\n<ul>\n<li style=\"text-align: justify;\">A comida, \u00e9 claro!<\/li>\n<li style=\"text-align: justify;\">A cidade que \u00e9 hist\u00f3rica \u00e9 linda.<\/li>\n<\/ul>\n<p><strong>O que menos gostei: <\/strong><\/p>\n<ul>\n<li style=\"text-align: justify;\">O banho de rio est\u00e1 meio cheio de gente ultimamente, n\u00e3o \u00e9 mais t\u00e3o sossegado igual a antes.<\/li>\n<\/ul>\n<p><strong>Informa\u00e7\u00f5es:<\/strong> <a href=\"http:\/\/www.morretes.pr.gov.br\/\" target=\"_blank\" rel=\"noopener\">http:\/\/www.morretes.pr.gov.br\/<\/a><\/p>\n<p>&nbsp;<\/p>\n<h4>PARA VER TODAS AS FOTOS DESSE LUGAR INCR\u00cdVEL, CONFIRA\u00a0<a href=\"https:\/\/feriaspraontem.com\/2017\/06\/22\/um-passeio-por-morretes\/\" target=\"_blank\" rel=\"noopener\">AQUI<\/a>\u00a0O POST COMPLETO NO BLOG.<\/h4>\n<h4>CONFIRA <a href=\"https:\/\/feriaspraontem.com\/2017\/07\/06\/meu-fiasco-no-boia-cross\/\" target=\"_blank\" rel=\"noopener\">AQUI <\/a>O RELATO SOBRE MEU FIASCO NO BOIACROSS.<\/h4>\n<h4>SE VOC\u00ca GOSTOU DESSE POST, CONHE\u00c7A UM POUCO MAIS DO BLOG CLICANDO\u00a0<a href=\"https:\/\/feriaspraontem.com\/\" target=\"_blank\" rel=\"noopener\">AQUI\u00a0<\/a>OU NAS REDES SOCIAIS ABAIXO.<\/h4>\n<p>&nbsp;<\/p>\n<p><em><strong>Redes:<\/strong><\/em><\/p>\n<p><em><img loading=\"lazy\" decoding=\"async\" class=\"img\" role=\"presentation\" src=\"https:\/\/www.facebook.com\/images\/emoji.php\/v9\/f39\/1\/24\/2708.png\" alt=\"\" width=\"24\" height=\"24\">\u00a0Facebook: <a href=\"https:\/\/www.facebook.com\/feriaspraontemm\/\" target=\"_blank\" rel=\"noopener\">@feriaspraontemm<\/a><\/em><br \/>\n<em><img loading=\"lazy\" decoding=\"async\" class=\"img\" role=\"presentation\" src=\"https:\/\/www.facebook.com\/images\/emoji.php\/v9\/f39\/1\/24\/2708.png\" alt=\"\" width=\"24\" height=\"24\">\u00a0Instagram: <a href=\"https:\/\/www.instagram.com\/ferias_praontem\/\" target=\"_blank\" rel=\"noopener\">@ferias_praontem<\/a><\/em><br \/>\n<em><img loading=\"lazy\" decoding=\"async\" class=\"img\" role=\"presentation\" src=\"https:\/\/www.facebook.com\/images\/emoji.php\/v9\/f39\/1\/24\/2708.png\" alt=\"\" width=\"24\" height=\"24\">\u00a0Instagram:<a href=\"https:\/\/www.instagram.com\/karenperessuti\/\" target=\"_blank\" rel=\"noopener\"> @karenperessuti<\/a><\/em><br \/>\n<em><img loading=\"lazy\" decoding=\"async\" class=\"img\" role=\"presentation\" src=\"https:\/\/www.facebook.com\/images\/emoji.php\/v9\/f39\/1\/24\/2708.png\" alt=\"\" width=\"24\" height=\"24\">\u00a0Dubbi: <a href=\"https:\/\/www.dubbi.com.br\/viajante\/karen-peressuti\" target=\"_blank\" rel=\"noopener\">Karen Peressuti<\/a><\/em><br \/>\n<em><img loading=\"lazy\" decoding=\"async\" class=\"img\" role=\"presentation\" src=\"https:\/\/www.facebook.com\/images\/emoji.php\/v9\/f39\/1\/24\/2708.png\" alt=\"\" width=\"24\" height=\"24\">\u00a0Linkedin: <a href=\"https:\/\/www.linkedin.com\/in\/f%C3%A9rias-pra-ontem-649b68145\/\" target=\"_blank\" rel=\"noopener\">F\u00e9rias pra Ontem<\/a><\/em><br \/>\n<em><img loading=\"lazy\" decoding=\"async\" class=\"img\" role=\"presentation\" src=\"https:\/\/www.facebook.com\/images\/emoji.php\/v9\/f39\/1\/24\/2708.png\" alt=\"\" width=\"24\" height=\"24\">\u00a0Bloglovin&#8217;: <a href=\"https:\/\/www.bloglovin.com\/blogs\/ferias-pra-ontem-18959889\" target=\"_blank\" rel=\"noopener\">F\u00e9rias pra Ontem<\/a><\/em><br \/>\n<em><img loading=\"lazy\" decoding=\"async\" class=\"img\" role=\"presentation\" src=\"https:\/\/www.facebook.com\/images\/emoji.php\/v9\/f39\/1\/24\/2708.png\" alt=\"\" width=\"24\" height=\"24\">\u00a0Blogs Brasil: <a href=\"https:\/\/blogsbrasil.com.br\/blog\/feriaspraontem-com\/\" target=\"_blank\" rel=\"noopener\">F\u00e9rias pra Ontem<\/a><\/em><\/p>\n","protected":false},"excerpt":{"rendered":"<p>Morretes \u00e9 uma cidade hist\u00f3rica que est\u00e1 localizada na regi\u00e3o litor\u00e2nea do Paran\u00e1. Rios, arvores e o famoso barreado v\u00e3o fazer voc\u00ea ficar morrendo de vontade de conhecer esse lugar.<\/p>\n","protected":false},"author":1387,"featured_media":34717,"comment_status":"open","ping_status":"closed","sticky":false,"template":"","format":"standard","meta":{"googlesitekit_rrm_CAoiELM5mIOjYRN0nfylq3_9r-8:productID":"","_crdt_document":"","_daim_seo_power":"","_daim_enable_ail":"","footnotes":""},"categories":[168],"tags":[2188,2035,85],"class_list":["post-34715","post","type-post","status-publish","format-standard","has-post-thumbnail","hentry","category-blog","tag-barreado","tag-morretes","tag-parana"],"_links":{"self":[{"href":"https:\/\/www.mochileiros.com\/blog\/wp-json\/wp\/v2\/posts\/34715","targetHints":{"allow":["GET"]}}],"collection":[{"href":"https:\/\/www.mochileiros.com\/blog\/wp-json\/wp\/v2\/posts"}],"about":[{"href":"https:\/\/www.mochileiros.com\/blog\/wp-json\/wp\/v2\/types\/post"}],"author":[{"embeddable":true,"href":"https:\/\/www.mochileiros.com\/blog\/wp-json\/wp\/v2\/users\/1387"}],"replies":[{"embeddable":true,"href":"https:\/\/www.mochileiros.com\/blog\/wp-json\/wp\/v2\/comments?post=34715"}],"version-history":[{"count":0,"href":"https:\/\/www.mochileiros.com\/blog\/wp-json\/wp\/v2\/posts\/34715\/revisions"}],"wp:featuredmedia":[{"embeddable":true,"href":"https:\/\/www.mochileiros.com\/blog\/wp-json\/wp\/v2\/media\/34717"}],"wp:attachment":[{"href":"https:\/\/www.mochileiros.com\/blog\/wp-json\/wp\/v2\/media?parent=34715"}],"wp:term":[{"taxonomy":"category","embeddable":true,"href":"https:\/\/www.mochileiros.com\/blog\/wp-json\/wp\/v2\/categories?post=34715"},{"taxonomy":"post_tag","embeddable":true,"href":"https:\/\/www.mochileiros.com\/blog\/wp-json\/wp\/v2\/tags?post=34715"}],"curies":[{"name":"wp","href":"https:\/\/api.w.org\/{rel}","templated":true}]}}