{"id":35086,"date":"2018-01-22T17:35:31","date_gmt":"2018-01-22T20:35:31","guid":{"rendered":"https:\/\/www.mochileiros.com\/blog\/?p=35086"},"modified":"2018-01-22T17:37:26","modified_gmt":"2018-01-22T20:37:26","slug":"a-coreia-do-norte-na-visao-de-viajante-curitibano","status":"publish","type":"post","link":"https:\/\/www.mochileiros.com\/blog\/a-coreia-do-norte-na-visao-de-viajante-curitibano","title":{"rendered":"A Coreia do Norte na vis\u00e3o de viajante curitibano"},"content":{"rendered":"<p style=\"text-align: left;\">Autor do livro &#8220;De Mochila pelas Am\u00e9ricas&#8221;, o jornalista, fot\u00f3grafo e viajante, Ike Weber, acaba de retornar de sua terceira expedi\u00e7\u00e3o de longo prazo, desta vez pelo Extremo Oriente. Entre os pa\u00edses visitados, a Coreia do Norte, foco de tens\u00e3o mundial, desde o ano passado. Weber esteve tamb\u00e9m na Coreia do Sul, na China e em Taiwan. Suas jornadas s\u00e3o expedi\u00e7\u00f5es jornal\u00edsticas, culturais e de aventura as quais ele divide com seus leitores no blog <a href=\"http:\/\/ikeweber.com\/\" target=\"_blank\" rel=\"noopener\">www.ikeweber.com<\/a><br \/>\n&#8220;Parecia ter entrado no cen\u00e1rio de um filme, com poucos atores, ou em uma cidade de brinquedo, sem publicidade ou an\u00fancios pelas ruas&#8221;, conta o jornalista, ao relatar a sua primeira impress\u00e3o ao chegar ao pa\u00eds mais fechado do mundo. \u00c9 complexo descrever uma viagem \u00e0 Rep\u00fablica Popular Democr\u00e1tica da Coreia (DPRK), nome oficial do pa\u00eds comunista. &#8220;H\u00e1 mitos, lendas, e tamb\u00e9m muita realidade na vida local&#8221;, diz.<\/p>\n<div id=\"attachment_35088\" style=\"width: 1010px\" class=\"wp-caption aligncenter\"><img loading=\"lazy\" decoding=\"async\" aria-describedby=\"caption-attachment-35088\" class=\"wp-image-35088 size-large\" src=\"https:\/\/www.mochileiros.com\/blog\/wp-content\/uploads\/2018\/01\/ikecoreiadonorte01-1024x768.jpg\" alt=\"\" width=\"1000\" height=\"750\" srcset=\"https:\/\/www.mochileiros.com\/blog\/wp-content\/uploads\/2018\/01\/ikecoreiadonorte01.jpg 1024w, https:\/\/www.mochileiros.com\/blog\/wp-content\/uploads\/2018\/01\/ikecoreiadonorte01-300x225.jpg 300w, https:\/\/www.mochileiros.com\/blog\/wp-content\/uploads\/2018\/01\/ikecoreiadonorte01-768x576.jpg 768w, https:\/\/www.mochileiros.com\/blog\/wp-content\/uploads\/2018\/01\/ikecoreiadonorte01-313x235.jpg 313w, https:\/\/www.mochileiros.com\/blog\/wp-content\/uploads\/2018\/01\/ikecoreiadonorte01-20x15.jpg 20w\" sizes=\"auto, (max-width: 1000px) 100vw, 1000px\" \/><p id=\"caption-attachment-35088\" class=\"wp-caption-text\">Ike com guias norte-coreanos | Foto: Divulga\u00e7\u00e3o.<\/p><\/div>\n<p style=\"text-align: left;\">Weber precisou se submeter a um processo burocr\u00e1tico, assinar documentos e se comprometer a seguir uma s\u00e9rie de regras antes de conseguir o visto e a autoriza\u00e7\u00e3o de entrada no pa\u00eds. As viagens independentes s\u00e3o proibidas, com rar\u00edssimas exce\u00e7\u00f5es. Os interessados precisam contratar servi\u00e7os de guia de empresa ocidental autorizada pelo governo coreano, que, por sua vez, se submete \u00e0 orienta\u00e7\u00e3o da ag\u00eancia estatal de turismo.<br \/>\nIke Weber era o \u00fanico participante latino americano do grupo. Pouqu\u00edssimos s\u00e3o os brasileiros que visitam a Coreia do Norte. Antes da partida, foi preciso participar de uma reuni\u00e3o de briefing em Beijing, na China. Entre as regras, a proibi\u00e7\u00e3o de tirar fotografias sem autoriza\u00e7\u00e3o; nenhuma c\u00e2mera fotogr\u00e1fica com lentes de mais de 250 mm seria permitida; em todo o trajeto o viajante estaria na companhia de dois guias coreanos e um ocidental; nenhum livro sobre a Coreia, impresso ou documento religioso poderia entrar no pa\u00eds.<\/p>\n<div id=\"attachment_35089\" style=\"width: 1010px\" class=\"wp-caption aligncenter\"><img loading=\"lazy\" decoding=\"async\" aria-describedby=\"caption-attachment-35089\" class=\"wp-image-35089 size-large\" src=\"https:\/\/www.mochileiros.com\/blog\/wp-content\/uploads\/2018\/01\/ikecoreiadonorte02-1024x768.jpg\" alt=\"\" width=\"1000\" height=\"750\" srcset=\"https:\/\/www.mochileiros.com\/blog\/wp-content\/uploads\/2018\/01\/ikecoreiadonorte02.jpg 1024w, https:\/\/www.mochileiros.com\/blog\/wp-content\/uploads\/2018\/01\/ikecoreiadonorte02-300x225.jpg 300w, https:\/\/www.mochileiros.com\/blog\/wp-content\/uploads\/2018\/01\/ikecoreiadonorte02-768x576.jpg 768w, https:\/\/www.mochileiros.com\/blog\/wp-content\/uploads\/2018\/01\/ikecoreiadonorte02-313x235.jpg 313w, https:\/\/www.mochileiros.com\/blog\/wp-content\/uploads\/2018\/01\/ikecoreiadonorte02-20x15.jpg 20w\" sizes=\"auto, (max-width: 1000px) 100vw, 1000px\" \/><p id=\"caption-attachment-35089\" class=\"wp-caption-text\">Poucos brasileiros visitam a Coreia do Norte | Foto: Divulga\u00e7\u00e3o.<\/p><\/div>\n<p style=\"text-align: left;\">Conversas com os locais poderiam ocorrer, brevemente e em locais espec\u00edficos, e, em determinados lugares, as sauda\u00e7\u00f5es em sinal de respeito aos l\u00edderes eram fortemente recomendadas. &#8220;Como n\u00e3o h\u00e1 religi\u00e3o praticada na Coreia do Norte, o que existe \u00e9 uma esp\u00e9cie de culto pol\u00edtico-religioso&#8221;, acrescenta Weber, que circulou por \u00e1reas p\u00fablicas, pr\u00e9dios governamentais, fazendas cooperativas, f\u00e1bricas e \u00e1reas de lazer, em tr\u00eas cidades diferentes da DPRK.<br \/>\n&#8220;Os primeiros dias foram de entendimento para detectar o que era a vida real e o que era uma apresenta\u00e7\u00e3o para visitantes&#8221;, identificou o jornalista. As perguntas mais delicadas, conta, deveriam ser submetidas primeiramente ao guia ocidental, antes de serem feitas aos funcion\u00e1rios da ag\u00eancia norte-coreana de turismo. &#8220;H\u00e1 v\u00e1rios pontos interessantes, complexos e delicados sobre a vida no pa\u00eds, como a compreens\u00e3o que eles t\u00eam do desenvolvimento b\u00e9lico, as restri\u00e7\u00f5es de acesso \u00e0 tecnologia e o controle da informa\u00e7\u00e3o&#8221;, comenta Ike Weber.<\/p>\n<h3 style=\"text-align: left;\">Mais sobre o viajante<\/h3>\n<p style=\"text-align: left;\">Ike Weber realiza expedi\u00e7\u00f5es de longo prazo pelo mundo desde 2012, quando resolver deixar a fun\u00e7\u00e3o de Diretor de Comunica\u00e7\u00e3o do Sistema Federa\u00e7\u00e3o das Ind\u00fastrias do Paran\u00e1 para realizar um sonho. Queria viajar sem data de regresso, explorar e documentar pa\u00edses e culturas diferentes, com profundidade e tempo.<br \/>\nA primeira viagem durou 11 meses. Weber saiu do Sul do Peru e foi at\u00e9 o centro-norte do Alaska, s\u00f3 por terra e \u00e1gua, em sistema multimodal de transporte \u2013 de \u00f4nibus, barco, trem, carona, cavalo, bicicleta, motocicleta, caiaque, ferry boat e a p\u00e9. Na volta lan\u00e7ou o livro &#8220;De Mochila pelas Am\u00e9ricas \u2013 Hist\u00f3rias, Reflex\u00f5es e Experi\u00eancias&#8221; (publicado pela Literal Link) organizou duas exposi\u00e7\u00f5es fotogr\u00e1ficas e realizou palestras em todas as regi\u00f5es do Brasil. Mais tarde, saiu para explorar algumas regi\u00f5es da \u00c1sia, por sete meses. Agora acaba de retornar da Expedi\u00e7\u00e3o Extremo Oriente.<\/p>\n<div id=\"attachment_35090\" style=\"width: 970px\" class=\"wp-caption aligncenter\"><img loading=\"lazy\" decoding=\"async\" aria-describedby=\"caption-attachment-35090\" class=\"wp-image-35090 size-full\" src=\"https:\/\/www.mochileiros.com\/blog\/wp-content\/uploads\/2018\/01\/livroike.jpg\" alt=\"\" width=\"960\" height=\"1391\" srcset=\"https:\/\/www.mochileiros.com\/blog\/wp-content\/uploads\/2018\/01\/livroike.jpg 960w, https:\/\/www.mochileiros.com\/blog\/wp-content\/uploads\/2018\/01\/livroike-207x300.jpg 207w, https:\/\/www.mochileiros.com\/blog\/wp-content\/uploads\/2018\/01\/livroike-768x1113.jpg 768w, https:\/\/www.mochileiros.com\/blog\/wp-content\/uploads\/2018\/01\/livroike-707x1024.jpg 707w, https:\/\/www.mochileiros.com\/blog\/wp-content\/uploads\/2018\/01\/livroike-313x454.jpg 313w, https:\/\/www.mochileiros.com\/blog\/wp-content\/uploads\/2018\/01\/livroike-14x20.jpg 14w\" sizes=\"auto, (max-width: 960px) 100vw, 960px\" \/><p id=\"caption-attachment-35090\" class=\"wp-caption-text\">O viajante \u00e9 autor do &#8220;De Mochila pelas Am\u00e9ricas&#8221; | Foto: Divulga\u00e7\u00e3o.<\/p><\/div>\n<p>Mais sobre o livro, sobre esta e outras viagens do autor podem ser conferidas no <a href=\"http:\/\/ikeweber.com\/\" target=\"_blank\" rel=\"noopener\">site<\/a>, <a href=\"https:\/\/www.instagram.com\/weber.ike\/\" target=\"_blank\" rel=\"noopener\">Instagram<\/a> e <a href=\"https:\/\/www.facebook.com\/profile.php?id=100005211376309\" target=\"_blank\" rel=\"noopener\">Facebook.<\/a><\/p>\n<p><em>A foto (da home) que traz at\u00e9 este post \u00e9 do viajante na Coreia do Norte | Reprodu\u00e7\u00e3o Facebook.<\/em><\/p>\n","protected":false},"excerpt":{"rendered":"<p>Autor do livro &#8220;De Mochila pelas Am\u00e9ricas&#8221;, o jornalista, fot\u00f3grafo e viajante, Ike Weber, acaba de retornar de sua terceira expedi\u00e7\u00e3o de longo prazo, desta vez pelo Extremo Oriente. Entre os pa\u00edses visitados, a Coreia do Norte, foco de tens\u00e3o mundial, desde o ano passado. Weber esteve tamb\u00e9m na Coreia do Sul, na China e [&hellip;]<\/p>\n","protected":false},"author":55,"featured_media":35091,"comment_status":"open","ping_status":"closed","sticky":false,"template":"","format":"standard","meta":{"googlesitekit_rrm_CAoiELM5mIOjYRN0nfylq3_9r-8:productID":"","_crdt_document":"","_daim_seo_power":"","_daim_enable_ail":"","footnotes":""},"categories":[168],"tags":[1198],"class_list":["post-35086","post","type-post","status-publish","format-standard","has-post-thumbnail","hentry","category-blog","tag-coreia-do-norte"],"_links":{"self":[{"href":"https:\/\/www.mochileiros.com\/blog\/wp-json\/wp\/v2\/posts\/35086","targetHints":{"allow":["GET"]}}],"collection":[{"href":"https:\/\/www.mochileiros.com\/blog\/wp-json\/wp\/v2\/posts"}],"about":[{"href":"https:\/\/www.mochileiros.com\/blog\/wp-json\/wp\/v2\/types\/post"}],"author":[{"embeddable":true,"href":"https:\/\/www.mochileiros.com\/blog\/wp-json\/wp\/v2\/users\/55"}],"replies":[{"embeddable":true,"href":"https:\/\/www.mochileiros.com\/blog\/wp-json\/wp\/v2\/comments?post=35086"}],"version-history":[{"count":0,"href":"https:\/\/www.mochileiros.com\/blog\/wp-json\/wp\/v2\/posts\/35086\/revisions"}],"wp:featuredmedia":[{"embeddable":true,"href":"https:\/\/www.mochileiros.com\/blog\/wp-json\/wp\/v2\/media\/35091"}],"wp:attachment":[{"href":"https:\/\/www.mochileiros.com\/blog\/wp-json\/wp\/v2\/media?parent=35086"}],"wp:term":[{"taxonomy":"category","embeddable":true,"href":"https:\/\/www.mochileiros.com\/blog\/wp-json\/wp\/v2\/categories?post=35086"},{"taxonomy":"post_tag","embeddable":true,"href":"https:\/\/www.mochileiros.com\/blog\/wp-json\/wp\/v2\/tags?post=35086"}],"curies":[{"name":"wp","href":"https:\/\/api.w.org\/{rel}","templated":true}]}}