{"id":35453,"date":"2018-02-07T14:21:10","date_gmt":"2018-02-07T17:21:10","guid":{"rendered":"https:\/\/www.mochileiros.com\/blog\/?p=35453"},"modified":"2018-02-07T14:22:15","modified_gmt":"2018-02-07T17:22:15","slug":"casal-brasileiro-largou-tudo-para-conhecer-o-mundo-e-viver-a-bordo-de-um-carro","status":"publish","type":"post","link":"https:\/\/www.mochileiros.com\/blog\/casal-brasileiro-largou-tudo-para-conhecer-o-mundo-e-viver-a-bordo-de-um-carro","title":{"rendered":"Casal brasileiro largou tudo para conhecer o mundo e viver a bordo de um carro"},"content":{"rendered":"<p>O ga\u00facho R\u00f4mulo Wolff Pereira, 37, formado em Administra\u00e7\u00e3o e p\u00f3s-graduado em Tecnologia de Informa\u00e7\u00e3o e a mineira Mirella Rabelo, 35, formada em Administra\u00e7\u00e3o com MBA em Marketing, se conheceram em 2013 em um famoso aplicativo de relacionamentos e logo no primeiro encontro falaram do desejo de ambos de largar tudo e viajar pelo mundo.<br \/>\nR\u00f4mulo j\u00e1 tinha planos de fazer um Mochil\u00e3o pelo mundo e ap\u00f3s 6 meses de relacionamento convidou Mirella para curtirem juntos essa aventura. Para pagar a viagem e viabilizar o projeto &#8220;Travel and Share\u201d \u2013 que em ingl\u00eas significa Viajar e Compartilhar, eles trabalharam por mais um ano e, em julho de 2014, pediram as contas para se dedicarem integralmente ao planejamento da viagem.<br \/>\nCriaram a plataforma de entretenimento de viagens, o Travel and Share, al\u00e9m de perfis em redes sociais. Para financiar a viagem prestavam consultoria em marketing digital e cria\u00e7\u00e3o de conte\u00fado \u00e1udio visual para empresas.<\/p>\n<div id=\"attachment_35455\" style=\"width: 970px\" class=\"wp-caption aligncenter\"><img loading=\"lazy\" decoding=\"async\" aria-describedby=\"caption-attachment-35455\" class=\"wp-image-35455 size-full\" src=\"https:\/\/www.mochileiros.com\/blog\/wp-content\/uploads\/2018\/02\/travelandshare00.jpg\" alt=\"\" width=\"960\" height=\"960\" srcset=\"https:\/\/www.mochileiros.com\/blog\/wp-content\/uploads\/2018\/02\/travelandshare00.jpg 960w, https:\/\/www.mochileiros.com\/blog\/wp-content\/uploads\/2018\/02\/travelandshare00-150x150.jpg 150w, https:\/\/www.mochileiros.com\/blog\/wp-content\/uploads\/2018\/02\/travelandshare00-300x300.jpg 300w, https:\/\/www.mochileiros.com\/blog\/wp-content\/uploads\/2018\/02\/travelandshare00-768x768.jpg 768w, https:\/\/www.mochileiros.com\/blog\/wp-content\/uploads\/2018\/02\/travelandshare00-80x80.jpg 80w, https:\/\/www.mochileiros.com\/blog\/wp-content\/uploads\/2018\/02\/travelandshare00-350x350.jpg 350w, https:\/\/www.mochileiros.com\/blog\/wp-content\/uploads\/2018\/02\/travelandshare00-313x313.jpg 313w, https:\/\/www.mochileiros.com\/blog\/wp-content\/uploads\/2018\/02\/travelandshare00-20x20.jpg 20w\" sizes=\"auto, (max-width: 960px) 100vw, 960px\" \/><p id=\"caption-attachment-35455\" class=\"wp-caption-text\">Em algum lugar da Holanda&#8230; | Foto: Divulga\u00e7\u00e3o\/@travelandsharebr<\/p><\/div>\n<div id=\"attachment_35456\" style=\"width: 576px\" class=\"wp-caption aligncenter\"><img loading=\"lazy\" decoding=\"async\" aria-describedby=\"caption-attachment-35456\" class=\"wp-image-35456 size-full\" src=\"https:\/\/www.mochileiros.com\/blog\/wp-content\/uploads\/2018\/02\/travelandshare01.jpg\" alt=\"\" width=\"566\" height=\"379\" srcset=\"https:\/\/www.mochileiros.com\/blog\/wp-content\/uploads\/2018\/02\/travelandshare01.jpg 566w, https:\/\/www.mochileiros.com\/blog\/wp-content\/uploads\/2018\/02\/travelandshare01-300x201.jpg 300w, https:\/\/www.mochileiros.com\/blog\/wp-content\/uploads\/2018\/02\/travelandshare01-1024x686.jpg 1024w, https:\/\/www.mochileiros.com\/blog\/wp-content\/uploads\/2018\/02\/travelandshare01-768x514.jpg 768w, https:\/\/www.mochileiros.com\/blog\/wp-content\/uploads\/2018\/02\/travelandshare01-1536x1029.jpg 1536w, https:\/\/www.mochileiros.com\/blog\/wp-content\/uploads\/2018\/02\/travelandshare01-2048x1371.jpg 2048w, https:\/\/www.mochileiros.com\/blog\/wp-content\/uploads\/2018\/02\/travelandshare01-224x150.jpg 224w, https:\/\/www.mochileiros.com\/blog\/wp-content\/uploads\/2018\/02\/travelandshare01-100x67.jpg 100w, https:\/\/www.mochileiros.com\/blog\/wp-content\/uploads\/2018\/02\/travelandshare01-523x350.jpg 523w, https:\/\/www.mochileiros.com\/blog\/wp-content\/uploads\/2018\/02\/travelandshare01-788x527.jpg 788w, https:\/\/www.mochileiros.com\/blog\/wp-content\/uploads\/2018\/02\/travelandshare01-313x210.jpg 313w, https:\/\/www.mochileiros.com\/blog\/wp-content\/uploads\/2018\/02\/travelandshare01-20x13.jpg 20w\" sizes=\"auto, (max-width: 566px) 100vw, 566px\" \/><p id=\"caption-attachment-35456\" class=\"wp-caption-text\">Gallega, R\u00f4mulo e Mirella | Foto: Divulga\u00e7\u00e3o.<\/p><\/div>\n<p>Com as economias, o recurso adquirido atrav\u00e9s de parcerias fechadas com uma grande marca de chinelos, cacha\u00e7a brasileira, sucos, e apenas quatro trocas de roupas cada um, deram o ponta p\u00e9 inicial na viagem e na v\u00e9spera do Natal de 2014 iniciaram uma volta ao mundo a bordo da fiel companheira Gallega (um ve\u00edculo patrocinado por uma grande marca automotiva). Quando estavam nos EUA conseguiram uma parceria, que tornou essa viagem ainda mais incr\u00edvel com uma \u201ccasinha\u201d montada na ca\u00e7amba do ve\u00edculo.<\/p>\n<div id=\"attachment_35457\" style=\"width: 970px\" class=\"wp-caption aligncenter\"><img loading=\"lazy\" decoding=\"async\" aria-describedby=\"caption-attachment-35457\" class=\"wp-image-35457 size-full\" src=\"https:\/\/www.mochileiros.com\/blog\/wp-content\/uploads\/2018\/02\/travelandshare02.jpg\" alt=\"\" width=\"960\" height=\"960\" srcset=\"https:\/\/www.mochileiros.com\/blog\/wp-content\/uploads\/2018\/02\/travelandshare02.jpg 960w, https:\/\/www.mochileiros.com\/blog\/wp-content\/uploads\/2018\/02\/travelandshare02-150x150.jpg 150w, https:\/\/www.mochileiros.com\/blog\/wp-content\/uploads\/2018\/02\/travelandshare02-300x300.jpg 300w, https:\/\/www.mochileiros.com\/blog\/wp-content\/uploads\/2018\/02\/travelandshare02-768x768.jpg 768w, https:\/\/www.mochileiros.com\/blog\/wp-content\/uploads\/2018\/02\/travelandshare02-80x80.jpg 80w, https:\/\/www.mochileiros.com\/blog\/wp-content\/uploads\/2018\/02\/travelandshare02-350x350.jpg 350w, https:\/\/www.mochileiros.com\/blog\/wp-content\/uploads\/2018\/02\/travelandshare02-313x313.jpg 313w, https:\/\/www.mochileiros.com\/blog\/wp-content\/uploads\/2018\/02\/travelandshare02-20x20.jpg 20w\" sizes=\"auto, (max-width: 960px) 100vw, 960px\" \/><p id=\"caption-attachment-35457\" class=\"wp-caption-text\">Foto: Divulga\u00e7\u00e3o\/@travelandsharebr<\/p><\/div>\n<div id=\"attachment_35458\" style=\"width: 970px\" class=\"wp-caption aligncenter\"><img loading=\"lazy\" decoding=\"async\" aria-describedby=\"caption-attachment-35458\" class=\"wp-image-35458 size-full\" src=\"https:\/\/www.mochileiros.com\/blog\/wp-content\/uploads\/2018\/02\/travelandshare03.jpg\" alt=\"\" width=\"960\" height=\"686\" srcset=\"https:\/\/www.mochileiros.com\/blog\/wp-content\/uploads\/2018\/02\/travelandshare03.jpg 960w, https:\/\/www.mochileiros.com\/blog\/wp-content\/uploads\/2018\/02\/travelandshare03-300x214.jpg 300w, https:\/\/www.mochileiros.com\/blog\/wp-content\/uploads\/2018\/02\/travelandshare03-768x549.jpg 768w, https:\/\/www.mochileiros.com\/blog\/wp-content\/uploads\/2018\/02\/travelandshare03-313x224.jpg 313w, https:\/\/www.mochileiros.com\/blog\/wp-content\/uploads\/2018\/02\/travelandshare03-20x14.jpg 20w\" sizes=\"auto, (max-width: 960px) 100vw, 960px\" \/><p id=\"caption-attachment-35458\" class=\"wp-caption-text\">A sala&#8230; | Foto: Divulga\u00e7\u00e3o\/@travelandsharebr<\/p><\/div>\n<div id=\"attachment_35459\" style=\"width: 970px\" class=\"wp-caption aligncenter\"><img loading=\"lazy\" decoding=\"async\" aria-describedby=\"caption-attachment-35459\" class=\"wp-image-35459 size-full\" src=\"https:\/\/www.mochileiros.com\/blog\/wp-content\/uploads\/2018\/02\/travelandshare04.jpg\" alt=\"\" width=\"960\" height=\"960\" srcset=\"https:\/\/www.mochileiros.com\/blog\/wp-content\/uploads\/2018\/02\/travelandshare04.jpg 960w, https:\/\/www.mochileiros.com\/blog\/wp-content\/uploads\/2018\/02\/travelandshare04-150x150.jpg 150w, https:\/\/www.mochileiros.com\/blog\/wp-content\/uploads\/2018\/02\/travelandshare04-300x300.jpg 300w, https:\/\/www.mochileiros.com\/blog\/wp-content\/uploads\/2018\/02\/travelandshare04-768x768.jpg 768w, https:\/\/www.mochileiros.com\/blog\/wp-content\/uploads\/2018\/02\/travelandshare04-80x80.jpg 80w, https:\/\/www.mochileiros.com\/blog\/wp-content\/uploads\/2018\/02\/travelandshare04-350x350.jpg 350w, https:\/\/www.mochileiros.com\/blog\/wp-content\/uploads\/2018\/02\/travelandshare04-313x313.jpg 313w, https:\/\/www.mochileiros.com\/blog\/wp-content\/uploads\/2018\/02\/travelandshare04-20x20.jpg 20w\" sizes=\"auto, (max-width: 960px) 100vw, 960px\" \/><p id=\"caption-attachment-35459\" class=\"wp-caption-text\">vira quarto | Foto: Divulga\u00e7\u00e3o\/@travelandsharebr<\/p><\/div>\n<div id=\"attachment_35460\" style=\"width: 970px\" class=\"wp-caption aligncenter\"><img loading=\"lazy\" decoding=\"async\" aria-describedby=\"caption-attachment-35460\" class=\"wp-image-35460 size-full\" src=\"https:\/\/www.mochileiros.com\/blog\/wp-content\/uploads\/2018\/02\/travelandshare05.jpg\" alt=\"\" width=\"960\" height=\"805\" srcset=\"https:\/\/www.mochileiros.com\/blog\/wp-content\/uploads\/2018\/02\/travelandshare05.jpg 960w, https:\/\/www.mochileiros.com\/blog\/wp-content\/uploads\/2018\/02\/travelandshare05-300x252.jpg 300w, https:\/\/www.mochileiros.com\/blog\/wp-content\/uploads\/2018\/02\/travelandshare05-768x644.jpg 768w, https:\/\/www.mochileiros.com\/blog\/wp-content\/uploads\/2018\/02\/travelandshare05-313x262.jpg 313w, https:\/\/www.mochileiros.com\/blog\/wp-content\/uploads\/2018\/02\/travelandshare05-20x17.jpg 20w\" sizes=\"auto, (max-width: 960px) 100vw, 960px\" \/><p id=\"caption-attachment-35460\" class=\"wp-caption-text\">Gallega em algum ponto da Noruega | Foto: Divulga\u00e7\u00e3o\/@travelandsharebr<\/p><\/div>\n<p>Al\u00e9m disso, eles utilizaram o <a href=\"https:\/\/www.mochileiros.com\/blog\/mochilando-sem-gastar-com-hospedagem\" target=\"_blank\" rel=\"noopener\">CouchSurfing<\/a>, uma comunidade na internet, em que locais disponibilizam seu sof\u00e1 ou quarto para que viajantes como eles, possam passar a noite. Foi uma forma em que o casal encontrou para fazer amigos e conhecer os costumes locais gastando pouco. \u201cNossa ideia inicial era poder se hospedar e n\u00e3o pagar estadia, mas depois que tivemos nossas primeiras experi\u00eancias percebemos que \u00e9 muito mais que um espa\u00e7o em uma casa para voc\u00ea dormir\u201d, conta R\u00f4mulo.<\/p>\n<div id=\"attachment_35461\" style=\"width: 970px\" class=\"wp-caption aligncenter\"><img loading=\"lazy\" decoding=\"async\" aria-describedby=\"caption-attachment-35461\" class=\"wp-image-35461 size-full\" src=\"https:\/\/www.mochileiros.com\/blog\/wp-content\/uploads\/2018\/02\/travelandshare06.jpg\" alt=\"\" width=\"960\" height=\"736\" srcset=\"https:\/\/www.mochileiros.com\/blog\/wp-content\/uploads\/2018\/02\/travelandshare06.jpg 960w, https:\/\/www.mochileiros.com\/blog\/wp-content\/uploads\/2018\/02\/travelandshare06-300x230.jpg 300w, https:\/\/www.mochileiros.com\/blog\/wp-content\/uploads\/2018\/02\/travelandshare06-768x589.jpg 768w, https:\/\/www.mochileiros.com\/blog\/wp-content\/uploads\/2018\/02\/travelandshare06-313x240.jpg 313w, https:\/\/www.mochileiros.com\/blog\/wp-content\/uploads\/2018\/02\/travelandshare06-20x15.jpg 20w\" sizes=\"auto, (max-width: 960px) 100vw, 960px\" \/><p id=\"caption-attachment-35461\" class=\"wp-caption-text\">Foto: Divulga\u00e7\u00e3o\/@travelandsharebr<\/p><\/div>\n<p>Mirella e R\u00f4mulo est\u00e3o h\u00e1 3 anos viajando o mundo e at\u00e9 agora visitaram mais de 38 pa\u00edses.<br \/>\nPara conhecer mais sobre a hist\u00f3ria deles e suas viagens acompanhe o <a href=\"http:\/\/travelandshare.com.br\/\" target=\"_blank\" rel=\"noopener\">site<\/a> e o Travel and Share no <a href=\"https:\/\/www.facebook.com\/travelandsharebr\/\" target=\"_blank\" rel=\"noopener\">Facebook<\/a>, <a href=\"https:\/\/www.youtube.com\/travelandsharebr\" target=\"_blank\" rel=\"noopener\">YouTube<\/a> e <a href=\"https:\/\/www.instagram.com\/travelandshare\/\" target=\"_blank\" rel=\"noopener\">Instagram<\/a>.<br \/>\nEm maio, o casal lan\u00e7ar\u00e1 seu primeiro livro que reunir\u00e1 li\u00e7\u00f5es de empreendedorismo e a experi\u00eancia vivida por eles nos \u00faltimos tr\u00eas anos. Tamb\u00e9m far\u00e3o palestras pelo Brasil e em algumas cidades na Am\u00e9rica do Norte e Europa. Fique ligado(a) na agenda!<\/p>\n","protected":false},"excerpt":{"rendered":"<p>O ga\u00facho R\u00f4mulo Wolff Pereira, 37, formado em Administra\u00e7\u00e3o e p\u00f3s-graduado em Tecnologia de Informa\u00e7\u00e3o e a mineira Mirella Rabelo, 35, formada em Administra\u00e7\u00e3o com MBA em Marketing, se conheceram em 2013 em um famoso aplicativo de relacionamentos e logo no primeiro encontro falaram do desejo de ambos de largar tudo e viajar pelo mundo. [&hellip;]<\/p>\n","protected":false},"author":55,"featured_media":35456,"comment_status":"open","ping_status":"closed","sticky":false,"template":"","format":"standard","meta":{"googlesitekit_rrm_CAoiELM5mIOjYRN0nfylq3_9r-8:productID":"","_crdt_document":"","_daim_seo_power":"","_daim_enable_ail":"","footnotes":""},"categories":[168],"tags":[1365,1070,1126],"class_list":["post-35453","post","type-post","status-publish","format-standard","has-post-thumbnail","hentry","category-blog","tag-vanlife","tag-viagem-de-carro","tag-volta-ao-mundo"],"_links":{"self":[{"href":"https:\/\/www.mochileiros.com\/blog\/wp-json\/wp\/v2\/posts\/35453","targetHints":{"allow":["GET"]}}],"collection":[{"href":"https:\/\/www.mochileiros.com\/blog\/wp-json\/wp\/v2\/posts"}],"about":[{"href":"https:\/\/www.mochileiros.com\/blog\/wp-json\/wp\/v2\/types\/post"}],"author":[{"embeddable":true,"href":"https:\/\/www.mochileiros.com\/blog\/wp-json\/wp\/v2\/users\/55"}],"replies":[{"embeddable":true,"href":"https:\/\/www.mochileiros.com\/blog\/wp-json\/wp\/v2\/comments?post=35453"}],"version-history":[{"count":0,"href":"https:\/\/www.mochileiros.com\/blog\/wp-json\/wp\/v2\/posts\/35453\/revisions"}],"wp:featuredmedia":[{"embeddable":true,"href":"https:\/\/www.mochileiros.com\/blog\/wp-json\/wp\/v2\/media\/35456"}],"wp:attachment":[{"href":"https:\/\/www.mochileiros.com\/blog\/wp-json\/wp\/v2\/media?parent=35453"}],"wp:term":[{"taxonomy":"category","embeddable":true,"href":"https:\/\/www.mochileiros.com\/blog\/wp-json\/wp\/v2\/categories?post=35453"},{"taxonomy":"post_tag","embeddable":true,"href":"https:\/\/www.mochileiros.com\/blog\/wp-json\/wp\/v2\/tags?post=35453"}],"curies":[{"name":"wp","href":"https:\/\/api.w.org\/{rel}","templated":true}]}}