{"id":35708,"date":"2018-02-27T21:36:00","date_gmt":"2018-02-28T00:36:00","guid":{"rendered":"https:\/\/www.mochileiros.com\/blog\/?p=35708"},"modified":"2019-05-09T11:49:01","modified_gmt":"2019-05-09T14:49:01","slug":"viajantes-brasileiros-registram-incriveis-paisagens-vistas-de-dentro-de-suas-barracas","status":"publish","type":"post","link":"https:\/\/www.mochileiros.com\/blog\/viajantes-brasileiros-registram-incriveis-paisagens-vistas-de-dentro-de-suas-barracas","title":{"rendered":"Viajantes brasileiros registram incr\u00edveis paisagens vistas de dentro de suas barracas"},"content":{"rendered":"<p>Se a gente j\u00e1 viu por <span style=\"text-decoration: underline;\"><a href=\"https:\/\/www.mochileiros.com\/blog\/blog\/brasileiros-mundo-afora-pes-brazucas-tocando-todo-o-planeta\" target=\"_blank\" rel=\"noopener noreferrer\">aqui<\/a><\/span> que \u00e9 quase uma unanimidade entre os viajantes fotografarem seus p\u00e9s mundo afora, outra &#8220;mania&#8221; daqueles que acampam \u00e9 registrar as paisagens atrav\u00e9s das portas\/janelas de suas barracas. E que vistas!<br \/>\nDepois de mostrarmos por <span style=\"text-decoration: underline;\"><a href=\"https:\/\/www.mochileiros.com\/blog\/blog\/incriveis-paisagens-vistas-de-dentro-da-barraca\" target=\"_blank\" rel=\"noopener noreferrer\">aqui<\/a><\/span> as incr\u00edveis vistas capturadas pelas lentes do fot\u00f3grafo e viajante russo, Oleg Grigoryev viajantes brasileiros enviaram seus cliques para n\u00f3s.<br \/>\nConfira!<\/p>\n<div id=\"attachment_35710\" style=\"width: 1010px\" class=\"wp-caption aligncenter\"><img loading=\"lazy\" decoding=\"async\" aria-describedby=\"caption-attachment-35710\" class=\"wp-image-35710 size-full\" src=\"https:\/\/www.mochileiros.com\/blog\/wp-content\/uploads\/2018\/02\/01.jpg\" alt=\"\" width=\"1000\" height=\"1333\" srcset=\"https:\/\/www.mochileiros.com\/blog\/wp-content\/uploads\/2018\/02\/01.jpg 1000w, https:\/\/www.mochileiros.com\/blog\/wp-content\/uploads\/2018\/02\/01-225x300.jpg 225w, https:\/\/www.mochileiros.com\/blog\/wp-content\/uploads\/2018\/02\/01-768x1024.jpg 768w, https:\/\/www.mochileiros.com\/blog\/wp-content\/uploads\/2018\/02\/01-313x417.jpg 313w, https:\/\/www.mochileiros.com\/blog\/wp-content\/uploads\/2018\/02\/01-15x20.jpg 15w\" sizes=\"auto, (max-width: 1000px) 100vw, 1000px\" \/><p id=\"caption-attachment-35710\" class=\"wp-caption-text\">Sueli Hioka \u00e9 veterana no mochil\u00e3o, mas diz n\u00e3o ser tanto com as barracas. Neste momento ela registrou a vista em ponto do Circuito W de Torres del Paine &#8211; Chile | Foto: Arquivo pessoal.<\/p><\/div>\n<div id=\"attachment_35711\" style=\"width: 1010px\" class=\"wp-caption aligncenter\"><img loading=\"lazy\" decoding=\"async\" aria-describedby=\"caption-attachment-35711\" class=\"wp-image-35711 size-full\" src=\"https:\/\/www.mochileiros.com\/blog\/wp-content\/uploads\/2018\/02\/02.jpg\" alt=\"\" width=\"1000\" height=\"248\" srcset=\"https:\/\/www.mochileiros.com\/blog\/wp-content\/uploads\/2018\/02\/02.jpg 1000w, https:\/\/www.mochileiros.com\/blog\/wp-content\/uploads\/2018\/02\/02-300x74.jpg 300w, https:\/\/www.mochileiros.com\/blog\/wp-content\/uploads\/2018\/02\/02-768x190.jpg 768w, https:\/\/www.mochileiros.com\/blog\/wp-content\/uploads\/2018\/02\/02-313x78.jpg 313w, https:\/\/www.mochileiros.com\/blog\/wp-content\/uploads\/2018\/02\/02-20x5.jpg 20w\" sizes=\"auto, (max-width: 1000px) 100vw, 1000px\" \/><p id=\"caption-attachment-35711\" class=\"wp-caption-text\">O Vin\u00edcius Schmitt j\u00e1 mandou logo uma panor\u00e2mica da Serra do Corvo Branco &#8211; Urubici (SC) | Foto: Arquivo pessoal.<\/p><\/div>\n<div id=\"attachment_35712\" style=\"width: 1010px\" class=\"wp-caption aligncenter\"><img loading=\"lazy\" decoding=\"async\" aria-describedby=\"caption-attachment-35712\" class=\"wp-image-35712 size-full\" src=\"https:\/\/www.mochileiros.com\/blog\/wp-content\/uploads\/2018\/02\/03.jpg\" alt=\"\" width=\"1000\" height=\"1356\" srcset=\"https:\/\/www.mochileiros.com\/blog\/wp-content\/uploads\/2018\/02\/03.jpg 1000w, https:\/\/www.mochileiros.com\/blog\/wp-content\/uploads\/2018\/02\/03-221x300.jpg 221w, https:\/\/www.mochileiros.com\/blog\/wp-content\/uploads\/2018\/02\/03-768x1041.jpg 768w, https:\/\/www.mochileiros.com\/blog\/wp-content\/uploads\/2018\/02\/03-755x1024.jpg 755w, https:\/\/www.mochileiros.com\/blog\/wp-content\/uploads\/2018\/02\/03-313x424.jpg 313w, https:\/\/www.mochileiros.com\/blog\/wp-content\/uploads\/2018\/02\/03-15x20.jpg 15w\" sizes=\"auto, (max-width: 1000px) 100vw, 1000px\" \/><p id=\"caption-attachment-35712\" class=\"wp-caption-text\">Esta foi a vista da Bruna Lara em Cumuruxatiba (BA) | Foto: Arquivo pessoal.<\/p><\/div>\n<div id=\"attachment_35713\" style=\"width: 1010px\" class=\"wp-caption aligncenter\"><img loading=\"lazy\" decoding=\"async\" aria-describedby=\"caption-attachment-35713\" class=\"wp-image-35713 size-full\" src=\"https:\/\/www.mochileiros.com\/blog\/wp-content\/uploads\/2018\/02\/04.jpg\" alt=\"\" width=\"1000\" height=\"711\" srcset=\"https:\/\/www.mochileiros.com\/blog\/wp-content\/uploads\/2018\/02\/04.jpg 1000w, https:\/\/www.mochileiros.com\/blog\/wp-content\/uploads\/2018\/02\/04-300x213.jpg 300w, https:\/\/www.mochileiros.com\/blog\/wp-content\/uploads\/2018\/02\/04-768x546.jpg 768w, https:\/\/www.mochileiros.com\/blog\/wp-content\/uploads\/2018\/02\/04-313x223.jpg 313w, https:\/\/www.mochileiros.com\/blog\/wp-content\/uploads\/2018\/02\/04-20x14.jpg 20w\" sizes=\"auto, (max-width: 1000px) 100vw, 1000px\" \/><p id=\"caption-attachment-35713\" class=\"wp-caption-text\">Mayara e Henrique avistando de dentro da barraca a paisagem da represa do Rio Claro, em Sales\u00f3polis (SP) | Foto: Arquivo pessoal.<\/p><\/div>\n<div id=\"attachment_35715\" style=\"width: 1010px\" class=\"wp-caption alignnone\"><a href=\"https:\/\/www.mochileiros.com\/blog\/blog\/viajantes-brasileiros-registram-incriveis-paisagens-vistas-de-dentro-de-suas-barracas\/attachment\/05-8\" rel=\"attachment wp-att-35715\"><img loading=\"lazy\" decoding=\"async\" aria-describedby=\"caption-attachment-35715\" class=\"size-full wp-image-35715\" src=\"https:\/\/www.mochileiros.com\/blog\/wp-content\/uploads\/2018\/02\/05.jpg\" alt=\"\" width=\"1000\" height=\"750\" srcset=\"https:\/\/www.mochileiros.com\/blog\/wp-content\/uploads\/2018\/02\/05.jpg 1000w, https:\/\/www.mochileiros.com\/blog\/wp-content\/uploads\/2018\/02\/05-300x225.jpg 300w, https:\/\/www.mochileiros.com\/blog\/wp-content\/uploads\/2018\/02\/05-768x576.jpg 768w, https:\/\/www.mochileiros.com\/blog\/wp-content\/uploads\/2018\/02\/05-313x235.jpg 313w, https:\/\/www.mochileiros.com\/blog\/wp-content\/uploads\/2018\/02\/05-20x15.jpg 20w\" sizes=\"auto, (max-width: 1000px) 100vw, 1000px\" \/><\/a><p id=\"caption-attachment-35715\" class=\"wp-caption-text\">Este foi o nascer do sol que o Carlo Bandeira pegou acampando no Pico Tucum, ao fundo o Pico Paran\u00e1 (PR) | Foto: Arquivo pessoal.<\/p><\/div>\n<div id=\"attachment_35716\" style=\"width: 1010px\" class=\"wp-caption alignnone\"><a href=\"https:\/\/www.mochileiros.com\/blog\/blog\/viajantes-brasileiros-registram-incriveis-paisagens-vistas-de-dentro-de-suas-barracas\/attachment\/06-8\" rel=\"attachment wp-att-35716\"><img loading=\"lazy\" decoding=\"async\" aria-describedby=\"caption-attachment-35716\" class=\"size-full wp-image-35716\" src=\"https:\/\/www.mochileiros.com\/blog\/wp-content\/uploads\/2018\/02\/06.jpg\" alt=\"\" width=\"1000\" height=\"999\" srcset=\"https:\/\/www.mochileiros.com\/blog\/wp-content\/uploads\/2018\/02\/06.jpg 1000w, https:\/\/www.mochileiros.com\/blog\/wp-content\/uploads\/2018\/02\/06-150x150.jpg 150w, https:\/\/www.mochileiros.com\/blog\/wp-content\/uploads\/2018\/02\/06-300x300.jpg 300w, https:\/\/www.mochileiros.com\/blog\/wp-content\/uploads\/2018\/02\/06-768x767.jpg 768w, https:\/\/www.mochileiros.com\/blog\/wp-content\/uploads\/2018\/02\/06-80x80.jpg 80w, https:\/\/www.mochileiros.com\/blog\/wp-content\/uploads\/2018\/02\/06-350x350.jpg 350w, https:\/\/www.mochileiros.com\/blog\/wp-content\/uploads\/2018\/02\/06-313x313.jpg 313w, https:\/\/www.mochileiros.com\/blog\/wp-content\/uploads\/2018\/02\/06-20x20.jpg 20w\" sizes=\"auto, (max-width: 1000px) 100vw, 1000px\" \/><\/a><p id=\"caption-attachment-35716\" class=\"wp-caption-text\">Que portinha na Chapada dos Veadeiros a do Pedro Vannucci&#8230; | Foto: Arquivo pessoal.<\/p><\/div>\n<div id=\"attachment_35717\" style=\"width: 1010px\" class=\"wp-caption alignnone\"><a href=\"https:\/\/www.mochileiros.com\/blog\/blog\/viajantes-brasileiros-registram-incriveis-paisagens-vistas-de-dentro-de-suas-barracas\/attachment\/08-8\" rel=\"attachment wp-att-35717\"><img loading=\"lazy\" decoding=\"async\" aria-describedby=\"caption-attachment-35717\" class=\"size-full wp-image-35717\" src=\"https:\/\/www.mochileiros.com\/blog\/wp-content\/uploads\/2018\/02\/08.jpg\" alt=\"\" width=\"1000\" height=\"750\" srcset=\"https:\/\/www.mochileiros.com\/blog\/wp-content\/uploads\/2018\/02\/08.jpg 1000w, https:\/\/www.mochileiros.com\/blog\/wp-content\/uploads\/2018\/02\/08-300x225.jpg 300w, https:\/\/www.mochileiros.com\/blog\/wp-content\/uploads\/2018\/02\/08-768x576.jpg 768w, https:\/\/www.mochileiros.com\/blog\/wp-content\/uploads\/2018\/02\/08-313x235.jpg 313w, https:\/\/www.mochileiros.com\/blog\/wp-content\/uploads\/2018\/02\/08-20x15.jpg 20w\" sizes=\"auto, (max-width: 1000px) 100vw, 1000px\" \/><\/a><p id=\"caption-attachment-35717\" class=\"wp-caption-text\">Maur\u00edcio Resende em sua casinha na Praia do Sono &#8211; Paraty (RJ) | Foto: Arquivo pessoal.<\/p><\/div>\n<div id=\"attachment_35718\" style=\"width: 1010px\" class=\"wp-caption aligncenter\"><img loading=\"lazy\" decoding=\"async\" aria-describedby=\"caption-attachment-35718\" class=\"wp-image-35718 size-full\" src=\"https:\/\/www.mochileiros.com\/blog\/wp-content\/uploads\/2018\/02\/09.jpg\" alt=\"\" width=\"1000\" height=\"667\" srcset=\"https:\/\/www.mochileiros.com\/blog\/wp-content\/uploads\/2018\/02\/09.jpg 1000w, https:\/\/www.mochileiros.com\/blog\/wp-content\/uploads\/2018\/02\/09-300x200.jpg 300w, https:\/\/www.mochileiros.com\/blog\/wp-content\/uploads\/2018\/02\/09-768x512.jpg 768w, https:\/\/www.mochileiros.com\/blog\/wp-content\/uploads\/2018\/02\/09-313x209.jpg 313w, https:\/\/www.mochileiros.com\/blog\/wp-content\/uploads\/2018\/02\/09-20x13.jpg 20w\" sizes=\"auto, (max-width: 1000px) 100vw, 1000px\" \/><p id=\"caption-attachment-35718\" class=\"wp-caption-text\">Amanhecer na Praia das Cariocas, uma praia de rio no Jalap\u00e3o. Clique enviado por Tha\u00eds Freitas e feito por Mariana Yusim. As amigas que viajaram juntas s\u00e3o autoras do blog <a href=\"https:\/\/www.viajadora.com\/\" target=\"_blank\" rel=\"noopener noreferrer\"><span style=\"text-decoration: underline;\">Viajador<\/span>a<\/a> | Foto: Arquivo pessoal.<\/p><\/div>\n<div id=\"attachment_35720\" style=\"width: 1010px\" class=\"wp-caption aligncenter\"><img loading=\"lazy\" decoding=\"async\" aria-describedby=\"caption-attachment-35720\" class=\"wp-image-35720 size-full\" src=\"https:\/\/www.mochileiros.com\/blog\/wp-content\/uploads\/2018\/02\/010.jpg\" alt=\"\" width=\"1000\" height=\"562\" srcset=\"https:\/\/www.mochileiros.com\/blog\/wp-content\/uploads\/2018\/02\/010.jpg 1000w, https:\/\/www.mochileiros.com\/blog\/wp-content\/uploads\/2018\/02\/010-300x169.jpg 300w, https:\/\/www.mochileiros.com\/blog\/wp-content\/uploads\/2018\/02\/010-768x432.jpg 768w, https:\/\/www.mochileiros.com\/blog\/wp-content\/uploads\/2018\/02\/010-313x176.jpg 313w, https:\/\/www.mochileiros.com\/blog\/wp-content\/uploads\/2018\/02\/010-20x11.jpg 20w\" sizes=\"auto, (max-width: 1000px) 100vw, 1000px\" \/><p id=\"caption-attachment-35720\" class=\"wp-caption-text\">Desejando &#8220;bons ventos&#8221; o Lucas de Lucas Samuel, enviou esse clique pra gente da Casa del Arbol, em Ba\u00f1os no Equador | Foto: Arquivo pessoal.<\/p><\/div>\n<div id=\"attachment_35721\" style=\"width: 1010px\" class=\"wp-caption aligncenter\"><img loading=\"lazy\" decoding=\"async\" aria-describedby=\"caption-attachment-35721\" class=\"wp-image-35721 size-full\" src=\"https:\/\/www.mochileiros.com\/blog\/wp-content\/uploads\/2018\/02\/011.jpg\" alt=\"\" width=\"1000\" height=\"750\" srcset=\"https:\/\/www.mochileiros.com\/blog\/wp-content\/uploads\/2018\/02\/011.jpg 1000w, https:\/\/www.mochileiros.com\/blog\/wp-content\/uploads\/2018\/02\/011-300x225.jpg 300w, https:\/\/www.mochileiros.com\/blog\/wp-content\/uploads\/2018\/02\/011-1024x768.jpg 1024w, https:\/\/www.mochileiros.com\/blog\/wp-content\/uploads\/2018\/02\/011-768x576.jpg 768w, https:\/\/www.mochileiros.com\/blog\/wp-content\/uploads\/2018\/02\/011-1536x1152.jpg 1536w, https:\/\/www.mochileiros.com\/blog\/wp-content\/uploads\/2018\/02\/011-2048x1536.jpg 2048w, https:\/\/www.mochileiros.com\/blog\/wp-content\/uploads\/2018\/02\/011-200x150.jpg 200w, https:\/\/www.mochileiros.com\/blog\/wp-content\/uploads\/2018\/02\/011-100x75.jpg 100w, https:\/\/www.mochileiros.com\/blog\/wp-content\/uploads\/2018\/02\/011-467x350.jpg 467w, https:\/\/www.mochileiros.com\/blog\/wp-content\/uploads\/2018\/02\/011-788x591.jpg 788w, https:\/\/www.mochileiros.com\/blog\/wp-content\/uploads\/2018\/02\/011-313x235.jpg 313w, https:\/\/www.mochileiros.com\/blog\/wp-content\/uploads\/2018\/02\/011-20x15.jpg 20w\" sizes=\"auto, (max-width: 1000px) 100vw, 1000px\" \/><p id=\"caption-attachment-35721\" class=\"wp-caption-text\">E essas cores que o Leo Rodolfo Schmitz pegou no acampamento de expedi\u00e7\u00e3o ao Cerro Marmolejo? (Regi\u00e3o de Cajon del Maipo &#8211; Chile) | Foto: Arquivo pessoal.<\/p><\/div>\n<div id=\"attachment_35886\" style=\"width: 1010px\" class=\"wp-caption aligncenter\"><img loading=\"lazy\" decoding=\"async\" aria-describedby=\"caption-attachment-35886\" class=\"wp-image-35886 size-full\" src=\"https:\/\/www.mochileiros.com\/blog\/wp-content\/uploads\/2018\/02\/012.jpg\" alt=\"\" width=\"1000\" height=\"750\" srcset=\"https:\/\/www.mochileiros.com\/blog\/wp-content\/uploads\/2018\/02\/012.jpg 1000w, https:\/\/www.mochileiros.com\/blog\/wp-content\/uploads\/2018\/02\/012-300x225.jpg 300w, https:\/\/www.mochileiros.com\/blog\/wp-content\/uploads\/2018\/02\/012-768x576.jpg 768w, https:\/\/www.mochileiros.com\/blog\/wp-content\/uploads\/2018\/02\/012-313x235.jpg 313w, https:\/\/www.mochileiros.com\/blog\/wp-content\/uploads\/2018\/02\/012-20x15.jpg 20w\" sizes=\"auto, (max-width: 1000px) 100vw, 1000px\" \/><p id=\"caption-attachment-35886\" class=\"wp-caption-text\">Vista a partir da barraca de Rafael Bicalho Cardoso, na Pedra Bonita &#8211; Rio de Janeiro (RJ) | Foto: Arquivo pessoal.<\/p><\/div>\n<div id=\"attachment_35888\" style=\"width: 704px\" class=\"wp-caption aligncenter\"><img loading=\"lazy\" decoding=\"async\" aria-describedby=\"caption-attachment-35888\" class=\"wp-image-35888 size-full\" src=\"https:\/\/www.mochileiros.com\/blog\/wp-content\/uploads\/2018\/02\/013.jpg\" alt=\"\" width=\"694\" height=\"521\" srcset=\"https:\/\/www.mochileiros.com\/blog\/wp-content\/uploads\/2018\/02\/013.jpg 694w, https:\/\/www.mochileiros.com\/blog\/wp-content\/uploads\/2018\/02\/013-300x225.jpg 300w, https:\/\/www.mochileiros.com\/blog\/wp-content\/uploads\/2018\/02\/013-313x235.jpg 313w, https:\/\/www.mochileiros.com\/blog\/wp-content\/uploads\/2018\/02\/013-20x15.jpg 20w\" sizes=\"auto, (max-width: 694px) 100vw, 694px\" \/><p id=\"caption-attachment-35888\" class=\"wp-caption-text\">Clique no vulc\u00e3o Rinjani &#8211; Lombok, Indon\u00e9sia. Ele foi feito pelo viajante R\u00f4mulo Goulart Ferreira com uma GoPro Hero 4 Black | Foto: Arquivo pessoal.<\/p><\/div>\n<div id=\"attachment_35889\" style=\"width: 730px\" class=\"wp-caption aligncenter\"><img loading=\"lazy\" decoding=\"async\" aria-describedby=\"caption-attachment-35889\" class=\"wp-image-35889 size-full\" src=\"https:\/\/www.mochileiros.com\/blog\/wp-content\/uploads\/2018\/02\/014.jpg\" alt=\"\" width=\"720\" height=\"405\" srcset=\"https:\/\/www.mochileiros.com\/blog\/wp-content\/uploads\/2018\/02\/014.jpg 720w, https:\/\/www.mochileiros.com\/blog\/wp-content\/uploads\/2018\/02\/014-300x169.jpg 300w, https:\/\/www.mochileiros.com\/blog\/wp-content\/uploads\/2018\/02\/014-313x176.jpg 313w, https:\/\/www.mochileiros.com\/blog\/wp-content\/uploads\/2018\/02\/014-20x11.jpg 20w\" sizes=\"auto, (max-width: 720px) 100vw, 720px\" \/><p id=\"caption-attachment-35889\" class=\"wp-caption-text\">Nascer do sol no cume do Morro dos Perdidos, em Tijucas do Sul (PR). Janelinha privilegiada de Vanessa Huf | Foto: Arquivo pessoal.<\/p><\/div>\n<div id=\"attachment_35890\" style=\"width: 1010px\" class=\"wp-caption aligncenter\"><img loading=\"lazy\" decoding=\"async\" aria-describedby=\"caption-attachment-35890\" class=\"wp-image-35890 size-full\" src=\"https:\/\/www.mochileiros.com\/blog\/wp-content\/uploads\/2018\/02\/015.jpg\" alt=\"\" width=\"1000\" height=\"563\" srcset=\"https:\/\/www.mochileiros.com\/blog\/wp-content\/uploads\/2018\/02\/015.jpg 1000w, https:\/\/www.mochileiros.com\/blog\/wp-content\/uploads\/2018\/02\/015-300x169.jpg 300w, https:\/\/www.mochileiros.com\/blog\/wp-content\/uploads\/2018\/02\/015-768x432.jpg 768w, https:\/\/www.mochileiros.com\/blog\/wp-content\/uploads\/2018\/02\/015-313x176.jpg 313w, https:\/\/www.mochileiros.com\/blog\/wp-content\/uploads\/2018\/02\/015-20x11.jpg 20w\" sizes=\"auto, (max-width: 1000px) 100vw, 1000px\" \/><p id=\"caption-attachment-35890\" class=\"wp-caption-text\">Vista da &#8220;casinha&#8221; de Cibele Gomes e Raphael Luna em Trindade &#8211; Paraty (RJ) | Foto: Arquivo pessoal.<\/p><\/div>\n<div id=\"attachment_35891\" style=\"width: 1010px\" class=\"wp-caption aligncenter\"><img loading=\"lazy\" decoding=\"async\" aria-describedby=\"caption-attachment-35891\" class=\"wp-image-35891 size-full\" src=\"https:\/\/www.mochileiros.com\/blog\/wp-content\/uploads\/2018\/02\/016.jpg\" alt=\"\" width=\"1000\" height=\"750\" srcset=\"https:\/\/www.mochileiros.com\/blog\/wp-content\/uploads\/2018\/02\/016.jpg 1000w, https:\/\/www.mochileiros.com\/blog\/wp-content\/uploads\/2018\/02\/016-300x225.jpg 300w, https:\/\/www.mochileiros.com\/blog\/wp-content\/uploads\/2018\/02\/016-768x576.jpg 768w, https:\/\/www.mochileiros.com\/blog\/wp-content\/uploads\/2018\/02\/016-313x235.jpg 313w, https:\/\/www.mochileiros.com\/blog\/wp-content\/uploads\/2018\/02\/016-20x15.jpg 20w\" sizes=\"auto, (max-width: 1000px) 100vw, 1000px\" \/><p id=\"caption-attachment-35891\" class=\"wp-caption-text\">Grober Alpsee &#8211; Alemanha. Olhar de Fayson Merege (<span style=\"text-decoration: underline;\"><a href=\"https:\/\/www.instagram.com\/faysonmerege\/\" target=\"_blank\" rel=\"noopener noreferrer\">@faysonmerege<\/a><\/span>) | Foto: Arquivo pessoal.<\/p><\/div>\n<div id=\"attachment_35893\" style=\"width: 1010px\" class=\"wp-caption aligncenter\"><img loading=\"lazy\" decoding=\"async\" aria-describedby=\"caption-attachment-35893\" class=\"wp-image-35893 size-full\" src=\"https:\/\/www.mochileiros.com\/blog\/wp-content\/uploads\/2018\/02\/017.jpg\" alt=\"\" width=\"1000\" height=\"750\" srcset=\"https:\/\/www.mochileiros.com\/blog\/wp-content\/uploads\/2018\/02\/017.jpg 1000w, https:\/\/www.mochileiros.com\/blog\/wp-content\/uploads\/2018\/02\/017-300x225.jpg 300w, https:\/\/www.mochileiros.com\/blog\/wp-content\/uploads\/2018\/02\/017-768x576.jpg 768w, https:\/\/www.mochileiros.com\/blog\/wp-content\/uploads\/2018\/02\/017-313x235.jpg 313w, https:\/\/www.mochileiros.com\/blog\/wp-content\/uploads\/2018\/02\/017-20x15.jpg 20w\" sizes=\"auto, (max-width: 1000px) 100vw, 1000px\" \/><p id=\"caption-attachment-35893\" class=\"wp-caption-text\">Morro das Tr\u00eas Pedras &#8211; Bofete (SP) | Foto: Lincoln Santos\/Arquivo pessoal.<\/p><\/div>\n<div id=\"attachment_35894\" style=\"width: 1010px\" class=\"wp-caption aligncenter\"><img loading=\"lazy\" decoding=\"async\" aria-describedby=\"caption-attachment-35894\" class=\"wp-image-35894 size-full\" src=\"https:\/\/www.mochileiros.com\/blog\/wp-content\/uploads\/2018\/02\/018.jpg\" alt=\"\" width=\"1000\" height=\"1133\" srcset=\"https:\/\/www.mochileiros.com\/blog\/wp-content\/uploads\/2018\/02\/018.jpg 1000w, https:\/\/www.mochileiros.com\/blog\/wp-content\/uploads\/2018\/02\/018-265x300.jpg 265w, https:\/\/www.mochileiros.com\/blog\/wp-content\/uploads\/2018\/02\/018-768x870.jpg 768w, https:\/\/www.mochileiros.com\/blog\/wp-content\/uploads\/2018\/02\/018-904x1024.jpg 904w, https:\/\/www.mochileiros.com\/blog\/wp-content\/uploads\/2018\/02\/018-313x355.jpg 313w, https:\/\/www.mochileiros.com\/blog\/wp-content\/uploads\/2018\/02\/018-18x20.jpg 18w\" sizes=\"auto, (max-width: 1000px) 100vw, 1000px\" \/><p id=\"caption-attachment-35894\" class=\"wp-caption-text\">Blue Mountains National Park &#8211; Austr\u00e1lia. Clique de Bruno Marreiro (<span style=\"text-decoration: underline;\"><a href=\"https:\/\/www.instagram.com\/bmarreirorj\/\" target=\"_blank\" rel=\"noopener noreferrer\">@bmarreirorj<\/a><\/span>) | Foto: Arquivo pessoal.<\/p><\/div>\n<div id=\"attachment_35895\" style=\"width: 1010px\" class=\"wp-caption aligncenter\"><img loading=\"lazy\" decoding=\"async\" aria-describedby=\"caption-attachment-35895\" class=\"wp-image-35895 size-full\" src=\"https:\/\/www.mochileiros.com\/blog\/wp-content\/uploads\/2018\/02\/019.jpg\" alt=\"\" width=\"1000\" height=\"1000\" srcset=\"https:\/\/www.mochileiros.com\/blog\/wp-content\/uploads\/2018\/02\/019.jpg 1000w, https:\/\/www.mochileiros.com\/blog\/wp-content\/uploads\/2018\/02\/019-150x150.jpg 150w, https:\/\/www.mochileiros.com\/blog\/wp-content\/uploads\/2018\/02\/019-300x300.jpg 300w, https:\/\/www.mochileiros.com\/blog\/wp-content\/uploads\/2018\/02\/019-768x768.jpg 768w, https:\/\/www.mochileiros.com\/blog\/wp-content\/uploads\/2018\/02\/019-80x80.jpg 80w, https:\/\/www.mochileiros.com\/blog\/wp-content\/uploads\/2018\/02\/019-350x350.jpg 350w, https:\/\/www.mochileiros.com\/blog\/wp-content\/uploads\/2018\/02\/019-313x313.jpg 313w, https:\/\/www.mochileiros.com\/blog\/wp-content\/uploads\/2018\/02\/019-20x20.jpg 20w\" sizes=\"auto, (max-width: 1000px) 100vw, 1000px\" \/><p id=\"caption-attachment-35895\" class=\"wp-caption-text\">Foto tirada em Vegas El Blanquillo, Chile, durante o trekking Ruta Inter-reserva: Altos de Lircay &#8211; Parque Ingl\u00e9s | Foto: Bruno Andrade\/Arquivo pessoal.<\/p><\/div>\n<div id=\"attachment_35896\" style=\"width: 530px\" class=\"wp-caption aligncenter\"><img loading=\"lazy\" decoding=\"async\" aria-describedby=\"caption-attachment-35896\" class=\"wp-image-35896 size-full\" src=\"https:\/\/www.mochileiros.com\/blog\/wp-content\/uploads\/2018\/02\/020.jpg\" alt=\"\" width=\"520\" height=\"367\" srcset=\"https:\/\/www.mochileiros.com\/blog\/wp-content\/uploads\/2018\/02\/020.jpg 520w, https:\/\/www.mochileiros.com\/blog\/wp-content\/uploads\/2018\/02\/020-300x212.jpg 300w, https:\/\/www.mochileiros.com\/blog\/wp-content\/uploads\/2018\/02\/020-313x221.jpg 313w, https:\/\/www.mochileiros.com\/blog\/wp-content\/uploads\/2018\/02\/020-20x14.jpg 20w\" sizes=\"auto, (max-width: 520px) 100vw, 520px\" \/><p id=\"caption-attachment-35896\" class=\"wp-caption-text\">Gilberto Tarasiuk (<span style=\"text-decoration: underline;\"><a href=\"https:\/\/www.instagram.com\/gibatarasiuk\/\" target=\"_blank\" rel=\"noopener noreferrer\">@gibatarasiuk<\/a><\/span>) enviou a foto que tirou durante um acampamento numa floresta de eucaliptos na cidade de Ponta Grossa, no Paran\u00e1 | Foto: Arquivo pessoal.<\/p><\/div>\n<div id=\"attachment_35897\" style=\"width: 1010px\" class=\"wp-caption aligncenter\"><img loading=\"lazy\" decoding=\"async\" aria-describedby=\"caption-attachment-35897\" class=\"wp-image-35897 size-full\" src=\"https:\/\/www.mochileiros.com\/blog\/wp-content\/uploads\/2018\/02\/021.jpg\" alt=\"\" width=\"1000\" height=\"563\" srcset=\"https:\/\/www.mochileiros.com\/blog\/wp-content\/uploads\/2018\/02\/021.jpg 1000w, https:\/\/www.mochileiros.com\/blog\/wp-content\/uploads\/2018\/02\/021-300x169.jpg 300w, https:\/\/www.mochileiros.com\/blog\/wp-content\/uploads\/2018\/02\/021-768x432.jpg 768w, https:\/\/www.mochileiros.com\/blog\/wp-content\/uploads\/2018\/02\/021-313x176.jpg 313w, https:\/\/www.mochileiros.com\/blog\/wp-content\/uploads\/2018\/02\/021-20x11.jpg 20w\" sizes=\"auto, (max-width: 1000px) 100vw, 1000px\" \/><p id=\"caption-attachment-35897\" class=\"wp-caption-text\">Vista das Ilhas Vigias (RJ) a partir da barraca de Evelin Lessa com sua companheira de mochila, a catiorinha Valentina &lt;3 | Foto: Arquivo pessoal.<\/p><\/div>\n<div id=\"attachment_35898\" style=\"width: 1010px\" class=\"wp-caption aligncenter\"><img loading=\"lazy\" decoding=\"async\" aria-describedby=\"caption-attachment-35898\" class=\"wp-image-35898 size-full\" src=\"https:\/\/www.mochileiros.com\/blog\/wp-content\/uploads\/2018\/02\/022.jpg\" alt=\"\" width=\"1000\" height=\"1250\" srcset=\"https:\/\/www.mochileiros.com\/blog\/wp-content\/uploads\/2018\/02\/022.jpg 1000w, https:\/\/www.mochileiros.com\/blog\/wp-content\/uploads\/2018\/02\/022-240x300.jpg 240w, https:\/\/www.mochileiros.com\/blog\/wp-content\/uploads\/2018\/02\/022-768x960.jpg 768w, https:\/\/www.mochileiros.com\/blog\/wp-content\/uploads\/2018\/02\/022-819x1024.jpg 819w, https:\/\/www.mochileiros.com\/blog\/wp-content\/uploads\/2018\/02\/022-313x391.jpg 313w, https:\/\/www.mochileiros.com\/blog\/wp-content\/uploads\/2018\/02\/022-16x20.jpg 16w\" sizes=\"auto, (max-width: 1000px) 100vw, 1000px\" \/><p id=\"caption-attachment-35898\" class=\"wp-caption-text\">Vista a partir da barraca de Gleison Willian de Souza no camping Las Torres &#8211; Torres del Paine, Chile | Foto: Arquivo pessoal.<\/p><\/div>\n<div id=\"attachment_35899\" style=\"width: 1010px\" class=\"wp-caption aligncenter\"><img loading=\"lazy\" decoding=\"async\" aria-describedby=\"caption-attachment-35899\" class=\"wp-image-35899 size-full\" src=\"https:\/\/www.mochileiros.com\/blog\/wp-content\/uploads\/2018\/02\/023.jpg\" alt=\"\" width=\"1000\" height=\"750\" srcset=\"https:\/\/www.mochileiros.com\/blog\/wp-content\/uploads\/2018\/02\/023.jpg 1000w, https:\/\/www.mochileiros.com\/blog\/wp-content\/uploads\/2018\/02\/023-300x225.jpg 300w, https:\/\/www.mochileiros.com\/blog\/wp-content\/uploads\/2018\/02\/023-768x576.jpg 768w, https:\/\/www.mochileiros.com\/blog\/wp-content\/uploads\/2018\/02\/023-313x235.jpg 313w, https:\/\/www.mochileiros.com\/blog\/wp-content\/uploads\/2018\/02\/023-20x15.jpg 20w\" sizes=\"auto, (max-width: 1000px) 100vw, 1000px\" \/><p id=\"caption-attachment-35899\" class=\"wp-caption-text\">Vista no Camping das Pedras &#8211; Itu &#8211; SP | Foto: Glenda Ferreira da Silva\/Arquivo pessoal.<\/p><\/div>\n<div id=\"attachment_35900\" style=\"width: 1010px\" class=\"wp-caption aligncenter\"><img loading=\"lazy\" decoding=\"async\" aria-describedby=\"caption-attachment-35900\" class=\"wp-image-35900 size-full\" src=\"https:\/\/www.mochileiros.com\/blog\/wp-content\/uploads\/2018\/02\/024.jpg\" alt=\"\" width=\"1000\" height=\"563\" srcset=\"https:\/\/www.mochileiros.com\/blog\/wp-content\/uploads\/2018\/02\/024.jpg 1000w, https:\/\/www.mochileiros.com\/blog\/wp-content\/uploads\/2018\/02\/024-300x169.jpg 300w, https:\/\/www.mochileiros.com\/blog\/wp-content\/uploads\/2018\/02\/024-768x432.jpg 768w, https:\/\/www.mochileiros.com\/blog\/wp-content\/uploads\/2018\/02\/024-313x176.jpg 313w, https:\/\/www.mochileiros.com\/blog\/wp-content\/uploads\/2018\/02\/024-20x11.jpg 20w\" sizes=\"auto, (max-width: 1000px) 100vw, 1000px\" \/><p id=\"caption-attachment-35900\" class=\"wp-caption-text\">O Sandro, do <span style=\"text-decoration: underline;\"><a href=\"https:\/\/www.youtube.com\/channel\/UCGe5LdhUIr0f2s0f8xbP2lA\" target=\"_blank\" rel=\"noopener noreferrer\">canal &#8216;Nossa Viagem&#8217;<\/a><\/span> enviou este registro da prainha do Gravat\u00e1 em Florian\u00f3polis, durante um wildcamping que fez com a fam\u00edlia por l\u00e1 | Foto: Arquivo pessoal.<\/p><\/div>\n<div id=\"attachment_43897\" style=\"width: 831px\" class=\"wp-caption aligncenter\"><img loading=\"lazy\" decoding=\"async\" aria-describedby=\"caption-attachment-43897\" class=\"wp-image-43897 size-full\" src=\"https:\/\/www.mochileiros.com\/blog\/wp-content\/uploads\/2018\/02\/fe_saoroque.jpg\" alt=\"\" width=\"821\" height=\"1024\" srcset=\"https:\/\/www.mochileiros.com\/blog\/wp-content\/uploads\/2018\/02\/fe_saoroque.jpg 821w, https:\/\/www.mochileiros.com\/blog\/wp-content\/uploads\/2018\/02\/fe_saoroque-241x300.jpg 241w, https:\/\/www.mochileiros.com\/blog\/wp-content\/uploads\/2018\/02\/fe_saoroque-768x958.jpg 768w\" sizes=\"auto, (max-width: 821px) 100vw, 821px\" \/><p id=\"caption-attachment-43897\" class=\"wp-caption-text\">Thaynara Melo enviou logo 2 belas &#8220;janelas&#8221;, no Morro do Sabo\u00f3, em S\u00e3o Roque e &#8230;<\/p><\/div>\n<p>&nbsp;<\/p>\n<div id=\"attachment_43898\" style=\"width: 845px\" class=\"wp-caption aligncenter\"><img loading=\"lazy\" decoding=\"async\" aria-describedby=\"caption-attachment-43898\" class=\"wp-image-43898 size-full\" src=\"https:\/\/www.mochileiros.com\/blog\/wp-content\/uploads\/2018\/02\/fe_votorantim.jpg\" alt=\"\" width=\"835\" height=\"1024\" srcset=\"https:\/\/www.mochileiros.com\/blog\/wp-content\/uploads\/2018\/02\/fe_votorantim.jpg 835w, https:\/\/www.mochileiros.com\/blog\/wp-content\/uploads\/2018\/02\/fe_votorantim-245x300.jpg 245w, https:\/\/www.mochileiros.com\/blog\/wp-content\/uploads\/2018\/02\/fe_votorantim-768x942.jpg 768w\" sizes=\"auto, (max-width: 835px) 100vw, 835px\" \/><p id=\"caption-attachment-43898\" class=\"wp-caption-text\">na Cachoeira do Ch\u00e1, em Votorantim &#8211; ambas no estado de SP | Fotos: Thaynara Melo\/<span style=\"text-decoration: underline;\"><a href=\"https:\/\/www.instagram.com\/feedathay\/\" target=\"_blank\" rel=\"noopener noreferrer\">@feedathay<\/a><\/span><\/p><\/div>\n<div id=\"attachment_43899\" style=\"width: 970px\" class=\"wp-caption aligncenter\"><img loading=\"lazy\" decoding=\"async\" aria-describedby=\"caption-attachment-43899\" class=\"wp-image-43899 size-full\" src=\"https:\/\/www.mochileiros.com\/blog\/wp-content\/uploads\/2018\/02\/flaviowestphal_-navarino_chile.jpg\" alt=\"\" width=\"960\" height=\"640\" srcset=\"https:\/\/www.mochileiros.com\/blog\/wp-content\/uploads\/2018\/02\/flaviowestphal_-navarino_chile.jpg 960w, https:\/\/www.mochileiros.com\/blog\/wp-content\/uploads\/2018\/02\/flaviowestphal_-navarino_chile-300x200.jpg 300w, https:\/\/www.mochileiros.com\/blog\/wp-content\/uploads\/2018\/02\/flaviowestphal_-navarino_chile-768x512.jpg 768w, https:\/\/www.mochileiros.com\/blog\/wp-content\/uploads\/2018\/02\/flaviowestphal_-navarino_chile-450x300.jpg 450w\" sizes=\"auto, (max-width: 960px) 100vw, 960px\" \/><p id=\"caption-attachment-43899\" class=\"wp-caption-text\">Cont\u00e9m aventura: vista da barraca de Fl\u00e1vio Westphal no circuito mais austral da Am\u00e9rica do Sul, Navarino &#8211; Chile | Foto: Fl\u00e1vio Westphal\/Arquivo pessoal.<\/p><\/div>\n<div id=\"attachment_43900\" style=\"width: 970px\" class=\"wp-caption aligncenter\"><img loading=\"lazy\" decoding=\"async\" aria-describedby=\"caption-attachment-43900\" class=\"wp-image-43900 size-full\" src=\"https:\/\/www.mochileiros.com\/blog\/wp-content\/uploads\/2018\/02\/lucasmalaghini_serra_pr.jpg\" alt=\"\" width=\"960\" height=\"540\" srcset=\"https:\/\/www.mochileiros.com\/blog\/wp-content\/uploads\/2018\/02\/lucasmalaghini_serra_pr.jpg 960w, https:\/\/www.mochileiros.com\/blog\/wp-content\/uploads\/2018\/02\/lucasmalaghini_serra_pr-300x169.jpg 300w, https:\/\/www.mochileiros.com\/blog\/wp-content\/uploads\/2018\/02\/lucasmalaghini_serra_pr-768x432.jpg 768w\" sizes=\"auto, (max-width: 960px) 100vw, 960px\" \/><p id=\"caption-attachment-43900\" class=\"wp-caption-text\">E a vista da barraca de Lucas Malaghini? No Morro Ara\u00e7atuba, na Serra paranaense | Foto: Arquivo pessoal.<\/p><\/div>\n<div id=\"attachment_43901\" style=\"width: 860px\" class=\"wp-caption aligncenter\"><img loading=\"lazy\" decoding=\"async\" aria-describedby=\"caption-attachment-43901\" class=\"wp-image-43901 size-full\" src=\"https:\/\/www.mochileiros.com\/blog\/wp-content\/uploads\/2018\/02\/moises_itamambucaubatuba.jpg\" alt=\"\" width=\"850\" height=\"633\" srcset=\"https:\/\/www.mochileiros.com\/blog\/wp-content\/uploads\/2018\/02\/moises_itamambucaubatuba.jpg 850w, https:\/\/www.mochileiros.com\/blog\/wp-content\/uploads\/2018\/02\/moises_itamambucaubatuba-300x223.jpg 300w, https:\/\/www.mochileiros.com\/blog\/wp-content\/uploads\/2018\/02\/moises_itamambucaubatuba-768x572.jpg 768w\" sizes=\"auto, (max-width: 850px) 100vw, 850px\" \/><p id=\"caption-attachment-43901\" class=\"wp-caption-text\">Mois\u00e9s Esp\u00edndola enviou foto de camping na Praia de Itamambuca, em Ubatuba &#8211; SP | Foto: Mois\u00e9s Esp\u00edndola\/Arquivo pessoal.<\/p><\/div>\n<div id=\"attachment_43896\" style=\"width: 586px\" class=\"wp-caption aligncenter\"><img loading=\"lazy\" decoding=\"async\" aria-describedby=\"caption-attachment-43896\" class=\"wp-image-43896 size-full\" src=\"https:\/\/www.mochileiros.com\/blog\/wp-content\/uploads\/2018\/02\/andrestaut_ilhagrande.jpg\" alt=\"\" width=\"576\" height=\"1024\" srcset=\"https:\/\/www.mochileiros.com\/blog\/wp-content\/uploads\/2018\/02\/andrestaut_ilhagrande.jpg 576w, https:\/\/www.mochileiros.com\/blog\/wp-content\/uploads\/2018\/02\/andrestaut_ilhagrande-169x300.jpg 169w\" sizes=\"auto, (max-width: 576px) 100vw, 576px\" \/><p id=\"caption-attachment-43896\" class=\"wp-caption-text\">Andr\u00e9 Staut, no sossego em acampamento na Vila do Abra\u00e3o, Ilha Grande &#8211; Angra dos Reis &#8211; RJ | Foto: Arquivo pessoal.<\/p><\/div>\n<div id=\"attachment_43902\" style=\"width: 970px\" class=\"wp-caption aligncenter\"><img loading=\"lazy\" decoding=\"async\" aria-describedby=\"caption-attachment-43902\" class=\"wp-image-43902 size-full\" src=\"https:\/\/www.mochileiros.com\/blog\/wp-content\/uploads\/2018\/02\/niltonsergio_sacodomamangua.jpg\" alt=\"\" width=\"960\" height=\"960\" srcset=\"https:\/\/www.mochileiros.com\/blog\/wp-content\/uploads\/2018\/02\/niltonsergio_sacodomamangua.jpg 960w, https:\/\/www.mochileiros.com\/blog\/wp-content\/uploads\/2018\/02\/niltonsergio_sacodomamangua-150x150.jpg 150w, https:\/\/www.mochileiros.com\/blog\/wp-content\/uploads\/2018\/02\/niltonsergio_sacodomamangua-300x300.jpg 300w, https:\/\/www.mochileiros.com\/blog\/wp-content\/uploads\/2018\/02\/niltonsergio_sacodomamangua-768x768.jpg 768w, https:\/\/www.mochileiros.com\/blog\/wp-content\/uploads\/2018\/02\/niltonsergio_sacodomamangua-100x100.jpg 100w\" sizes=\"auto, (max-width: 960px) 100vw, 960px\" \/><p id=\"caption-attachment-43902\" class=\"wp-caption-text\">Uma pausa para descanso durante a Travessia do Saco do Mamangu\u00e1 &#8211; Paraty &#8211; RJ. Olhar do viajante Nilton S\u00e9rgio Sznifer | Foto: Arquivo pessoal.<\/p><\/div>\n<div id=\"attachment_43903\" style=\"width: 970px\" class=\"wp-caption aligncenter\"><img loading=\"lazy\" decoding=\"async\" aria-describedby=\"caption-attachment-43903\" class=\"wp-image-43903 size-full\" src=\"https:\/\/www.mochileiros.com\/blog\/wp-content\/uploads\/2018\/02\/ricardoferreira_bolivia.jpg\" alt=\"\" width=\"960\" height=\"720\" srcset=\"https:\/\/www.mochileiros.com\/blog\/wp-content\/uploads\/2018\/02\/ricardoferreira_bolivia.jpg 960w, https:\/\/www.mochileiros.com\/blog\/wp-content\/uploads\/2018\/02\/ricardoferreira_bolivia-300x225.jpg 300w, https:\/\/www.mochileiros.com\/blog\/wp-content\/uploads\/2018\/02\/ricardoferreira_bolivia-768x576.jpg 768w\" sizes=\"auto, (max-width: 960px) 100vw, 960px\" \/><p id=\"caption-attachment-43903\" class=\"wp-caption-text\">O Ricardo Ferreira enviou foto da sua barraca num acampamento da pir\u00e2mide de vidro no Cerro Chacaltaya &#8211; La Paz &#8211; Bol\u00edvia | Foto: Arquivo pessoal.<\/p><\/div>\n<div id=\"attachment_43904\" style=\"width: 1034px\" class=\"wp-caption aligncenter\"><img loading=\"lazy\" decoding=\"async\" aria-describedby=\"caption-attachment-43904\" class=\"wp-image-43904 size-full\" src=\"https:\/\/www.mochileiros.com\/blog\/wp-content\/uploads\/2018\/02\/rosanafurtado_tartaruga_teresopolis.jpg\" alt=\"\" width=\"1024\" height=\"768\" srcset=\"https:\/\/www.mochileiros.com\/blog\/wp-content\/uploads\/2018\/02\/rosanafurtado_tartaruga_teresopolis.jpg 1024w, https:\/\/www.mochileiros.com\/blog\/wp-content\/uploads\/2018\/02\/rosanafurtado_tartaruga_teresopolis-300x225.jpg 300w, https:\/\/www.mochileiros.com\/blog\/wp-content\/uploads\/2018\/02\/rosanafurtado_tartaruga_teresopolis-768x576.jpg 768w\" sizes=\"auto, (max-width: 1024px) 100vw, 1024px\" \/><p id=\"caption-attachment-43904\" class=\"wp-caption-text\">A Rosana Furtado enviou o clic direto da Pedra da Tartaruga, em Teres\u00f3polis (RJ) | Foto: Arquivo pessoal.<\/p><\/div>\n<div id=\"attachment_43905\" style=\"width: 597px\" class=\"wp-caption aligncenter\"><img loading=\"lazy\" decoding=\"async\" aria-describedby=\"caption-attachment-43905\" class=\"wp-image-43905 size-full\" src=\"https:\/\/www.mochileiros.com\/blog\/wp-content\/uploads\/2018\/02\/thamiriscorral_stl.jpg\" alt=\"\" width=\"587\" height=\"1024\" srcset=\"https:\/\/www.mochileiros.com\/blog\/wp-content\/uploads\/2018\/02\/thamiriscorral_stl.jpg 587w, https:\/\/www.mochileiros.com\/blog\/wp-content\/uploads\/2018\/02\/thamiriscorral_stl-172x300.jpg 172w\" sizes=\"auto, (max-width: 587px) 100vw, 587px\" \/><p id=\"caption-attachment-43905\" class=\"wp-caption-text\">Thamiris Corral foi curtir S\u00e3o Thom\u00e9 das Letras &#8211; MG, de onde vem o clic | Foto: Arquivo pessoal.<\/p><\/div>\n<div id=\"attachment_43906\" style=\"width: 1034px\" class=\"wp-caption aligncenter\"><img loading=\"lazy\" decoding=\"async\" aria-describedby=\"caption-attachment-43906\" class=\"wp-image-43906 size-full\" src=\"https:\/\/www.mochileiros.com\/blog\/wp-content\/uploads\/2018\/02\/viniciusramos_praiadosono.jpg\" alt=\"\" width=\"1024\" height=\"768\" srcset=\"https:\/\/www.mochileiros.com\/blog\/wp-content\/uploads\/2018\/02\/viniciusramos_praiadosono.jpg 1024w, https:\/\/www.mochileiros.com\/blog\/wp-content\/uploads\/2018\/02\/viniciusramos_praiadosono-300x225.jpg 300w, https:\/\/www.mochileiros.com\/blog\/wp-content\/uploads\/2018\/02\/viniciusramos_praiadosono-768x576.jpg 768w\" sizes=\"auto, (max-width: 1024px) 100vw, 1024px\" \/><p id=\"caption-attachment-43906\" class=\"wp-caption-text\">Vin\u00edcius Ramos enviou sua vista da Praia do Sono &#8211; Paraty &#8211; RJ | Foto: Vin\u00edcius Ramos\/<a href=\"https:\/\/www.instagram.com\/viniramos88\/\" target=\"_blank\" rel=\"noopener noreferrer\">@viniramos88<\/a><\/p><\/div>\n<div class=\"mceTemp\"><\/div>\n<div id=\"attachment_43923\" style=\"width: 1034px\" class=\"wp-caption aligncenter\"><img loading=\"lazy\" decoding=\"async\" aria-describedby=\"caption-attachment-43923\" class=\"wp-image-43923 size-full\" src=\"https:\/\/www.mochileiros.com\/blog\/wp-content\/uploads\/2018\/02\/bruno_picodosmarins.jpg\" alt=\"\" width=\"1024\" height=\"683\" srcset=\"https:\/\/www.mochileiros.com\/blog\/wp-content\/uploads\/2018\/02\/bruno_picodosmarins.jpg 1024w, https:\/\/www.mochileiros.com\/blog\/wp-content\/uploads\/2018\/02\/bruno_picodosmarins-300x200.jpg 300w, https:\/\/www.mochileiros.com\/blog\/wp-content\/uploads\/2018\/02\/bruno_picodosmarins-768x512.jpg 768w, https:\/\/www.mochileiros.com\/blog\/wp-content\/uploads\/2018\/02\/bruno_picodosmarins-450x300.jpg 450w\" sizes=\"auto, (max-width: 1024px) 100vw, 1024px\" \/><p id=\"caption-attachment-43923\" class=\"wp-caption-text\">A bela &#8220;janela&#8221; do Bruno Bertolacini \u00e9 do Pico dos Marins, ao nascer do sol com vista para o Itaguar\u00e9 com uma temperatura aproximada de 0\u00ba | Foto: Bruno Bertolacini\/Arquivo pessoal.<\/p><\/div>\n<div id=\"attachment_43925\" style=\"width: 860px\" class=\"wp-caption aligncenter\"><img loading=\"lazy\" decoding=\"async\" aria-describedby=\"caption-attachment-43925\" class=\"wp-image-43925 size-full\" src=\"https:\/\/www.mochileiros.com\/blog\/wp-content\/uploads\/2018\/02\/diegovicentini.jpg\" alt=\"\" width=\"850\" height=\"474\" srcset=\"https:\/\/www.mochileiros.com\/blog\/wp-content\/uploads\/2018\/02\/diegovicentini.jpg 850w, https:\/\/www.mochileiros.com\/blog\/wp-content\/uploads\/2018\/02\/diegovicentini-300x167.jpg 300w, https:\/\/www.mochileiros.com\/blog\/wp-content\/uploads\/2018\/02\/diegovicentini-768x428.jpg 768w\" sizes=\"auto, (max-width: 850px) 100vw, 850px\" \/><p id=\"caption-attachment-43925\" class=\"wp-caption-text\">Diego Vicentini foi acampar com os amigos e mandou esse clic de camping na regi\u00e3o da Pedra Azul, no Esp\u00edrito Santo | Foto: Diego Vicentini\/Arquivo pessoal.<\/p><\/div>\n<div id=\"attachment_43926\" style=\"width: 836px\" class=\"wp-caption aligncenter\"><img loading=\"lazy\" decoding=\"async\" aria-describedby=\"caption-attachment-43926\" class=\"wp-image-43926 size-full\" src=\"https:\/\/www.mochileiros.com\/blog\/wp-content\/uploads\/2018\/02\/juliana_analandia.jpg\" alt=\"\" width=\"826\" height=\"1024\" srcset=\"https:\/\/www.mochileiros.com\/blog\/wp-content\/uploads\/2018\/02\/juliana_analandia.jpg 826w, https:\/\/www.mochileiros.com\/blog\/wp-content\/uploads\/2018\/02\/juliana_analandia-242x300.jpg 242w, https:\/\/www.mochileiros.com\/blog\/wp-content\/uploads\/2018\/02\/juliana_analandia-768x952.jpg 768w\" sizes=\"auto, (max-width: 826px) 100vw, 826px\" \/><p id=\"caption-attachment-43926\" class=\"wp-caption-text\">E o clic da Juliana Leit\u00e3o feito em Anal\u00e2ndia? Teve at\u00e9 o cachorrinho! | Foto: Juliana Leit\u00e3o\/Arquivo pessoal.<\/p><\/div>\n<div id=\"attachment_43927\" style=\"width: 1034px\" class=\"wp-caption aligncenter\"><img loading=\"lazy\" decoding=\"async\" aria-describedby=\"caption-attachment-43927\" class=\"wp-image-43927 size-full\" src=\"https:\/\/www.mochileiros.com\/blog\/wp-content\/uploads\/2018\/02\/charles_ojosdelsalado.jpg\" alt=\"\" width=\"1024\" height=\"1024\" srcset=\"https:\/\/www.mochileiros.com\/blog\/wp-content\/uploads\/2018\/02\/charles_ojosdelsalado.jpg 1024w, https:\/\/www.mochileiros.com\/blog\/wp-content\/uploads\/2018\/02\/charles_ojosdelsalado-150x150.jpg 150w, https:\/\/www.mochileiros.com\/blog\/wp-content\/uploads\/2018\/02\/charles_ojosdelsalado-300x300.jpg 300w, https:\/\/www.mochileiros.com\/blog\/wp-content\/uploads\/2018\/02\/charles_ojosdelsalado-768x768.jpg 768w, https:\/\/www.mochileiros.com\/blog\/wp-content\/uploads\/2018\/02\/charles_ojosdelsalado-100x100.jpg 100w\" sizes=\"auto, (max-width: 1024px) 100vw, 1024px\" \/><p id=\"caption-attachment-43927\" class=\"wp-caption-text\">Charles Zwicker enviou foto de acampamento (em Laguna Verde) para a ascens\u00e3o \u00e0 segunda maior montanha das Am\u00e9ricas: Ojos del Salado, Chile | Foto: Charles Zwicker\/Arquivo pessoal.<\/p><\/div>\n<div id=\"attachment_43942\" style=\"width: 1034px\" class=\"wp-caption aligncenter\"><img loading=\"lazy\" decoding=\"async\" aria-describedby=\"caption-attachment-43942\" class=\"wp-image-43942 size-full\" src=\"https:\/\/www.mochileiros.com\/blog\/wp-content\/uploads\/2018\/02\/mauro_saojosedosausentes.jpg\" alt=\"\" width=\"1024\" height=\"768\" srcset=\"https:\/\/www.mochileiros.com\/blog\/wp-content\/uploads\/2018\/02\/mauro_saojosedosausentes.jpg 1024w, https:\/\/www.mochileiros.com\/blog\/wp-content\/uploads\/2018\/02\/mauro_saojosedosausentes-300x225.jpg 300w, https:\/\/www.mochileiros.com\/blog\/wp-content\/uploads\/2018\/02\/mauro_saojosedosausentes-768x576.jpg 768w\" sizes=\"auto, (max-width: 1024px) 100vw, 1024px\" \/><p id=\"caption-attachment-43942\" class=\"wp-caption-text\">Mauro Radaelli enviou clic do c\u00e2nion Boa Vista, em S\u00e3o Jos\u00e9 dos Ausentes (RS) | Foto: Mauro Radaelli\/Arquivo pessoal.<\/p><\/div>\n<div id=\"attachment_43943\" style=\"width: 1034px\" class=\"wp-caption aligncenter\"><img loading=\"lazy\" decoding=\"async\" aria-describedby=\"caption-attachment-43943\" class=\"wp-image-43943 size-full\" src=\"https:\/\/www.mochileiros.com\/blog\/wp-content\/uploads\/2018\/02\/brunamarlene_jaraguadosul.jpg\" alt=\"\" width=\"1024\" height=\"1024\" srcset=\"https:\/\/www.mochileiros.com\/blog\/wp-content\/uploads\/2018\/02\/brunamarlene_jaraguadosul.jpg 1024w, https:\/\/www.mochileiros.com\/blog\/wp-content\/uploads\/2018\/02\/brunamarlene_jaraguadosul-150x150.jpg 150w, https:\/\/www.mochileiros.com\/blog\/wp-content\/uploads\/2018\/02\/brunamarlene_jaraguadosul-300x300.jpg 300w, https:\/\/www.mochileiros.com\/blog\/wp-content\/uploads\/2018\/02\/brunamarlene_jaraguadosul-768x768.jpg 768w, https:\/\/www.mochileiros.com\/blog\/wp-content\/uploads\/2018\/02\/brunamarlene_jaraguadosul-100x100.jpg 100w\" sizes=\"auto, (max-width: 1024px) 100vw, 1024px\" \/><p id=\"caption-attachment-43943\" class=\"wp-caption-text\">Bruna Marlene da Silva enviou a foto da sua &#8220;janela&#8221; no morro Boa Vista, em Jaragu\u00e1 do Sul &#8211; Santa Catarina\/Foto: Bruna Marlene da Silva\/Arquivo pessoal.<\/p><\/div>\n<p>&#8211; Tem uma foto assim e quer v\u00ea-la aqui tamb\u00e9m? Envie-a para o e-mail\u00a0<a href=\"mailto:redacao@mochilabrasil.com.br\" target=\"_blank\" rel=\"noopener noreferrer\"><span style=\"text-decoration: underline;\">redacao@mochilabrasil.com.br<\/span><\/a> . O post est\u00e1 sendo constru\u00eddo e agradecemos a todos que participaram e que venham a participar &lt;3<\/p>\n<p>&#8211; Informa\u00e7\u00f5es sobre barracas e outros equipamentos e acess\u00f3rios para sua aventura podem ser conferidos <span style=\"text-decoration: underline;\"><a href=\"https:\/\/www.mochileiros.com\/forum\/17-equipamentos-de-camping-e-aventura\/\" target=\"_blank\" rel=\"noopener noreferrer\">aqui<\/a><\/span>.<\/p>\n","protected":false},"excerpt":{"rendered":"<p>Se a gente j\u00e1 viu por aqui que \u00e9 quase uma unanimidade entre os viajantes fotografarem seus p\u00e9s mundo afora, outra &#8220;mania&#8221; daqueles que acampam \u00e9 registrar as paisagens atrav\u00e9s das portas\/janelas de suas barracas. E que vistas! Depois de mostrarmos por aqui as incr\u00edveis vistas capturadas pelas lentes do fot\u00f3grafo e viajante russo, Oleg [&hellip;]<\/p>\n","protected":false},"author":55,"featured_media":35721,"comment_status":"open","ping_status":"closed","sticky":false,"template":"","format":"standard","meta":{"googlesitekit_rrm_CAoiELM5mIOjYRN0nfylq3_9r-8:productID":"","_crdt_document":"","_daim_seo_power":"","_daim_enable_ail":"","footnotes":""},"categories":[168],"tags":[220,28,39],"class_list":["post-35708","post","type-post","status-publish","format-standard","has-post-thumbnail","hentry","category-blog","tag-barracas","tag-camping","tag-fotografia-de-viagem"],"_links":{"self":[{"href":"https:\/\/www.mochileiros.com\/blog\/wp-json\/wp\/v2\/posts\/35708","targetHints":{"allow":["GET"]}}],"collection":[{"href":"https:\/\/www.mochileiros.com\/blog\/wp-json\/wp\/v2\/posts"}],"about":[{"href":"https:\/\/www.mochileiros.com\/blog\/wp-json\/wp\/v2\/types\/post"}],"author":[{"embeddable":true,"href":"https:\/\/www.mochileiros.com\/blog\/wp-json\/wp\/v2\/users\/55"}],"replies":[{"embeddable":true,"href":"https:\/\/www.mochileiros.com\/blog\/wp-json\/wp\/v2\/comments?post=35708"}],"version-history":[{"count":0,"href":"https:\/\/www.mochileiros.com\/blog\/wp-json\/wp\/v2\/posts\/35708\/revisions"}],"wp:featuredmedia":[{"embeddable":true,"href":"https:\/\/www.mochileiros.com\/blog\/wp-json\/wp\/v2\/media\/35721"}],"wp:attachment":[{"href":"https:\/\/www.mochileiros.com\/blog\/wp-json\/wp\/v2\/media?parent=35708"}],"wp:term":[{"taxonomy":"category","embeddable":true,"href":"https:\/\/www.mochileiros.com\/blog\/wp-json\/wp\/v2\/categories?post=35708"},{"taxonomy":"post_tag","embeddable":true,"href":"https:\/\/www.mochileiros.com\/blog\/wp-json\/wp\/v2\/tags?post=35708"}],"curies":[{"name":"wp","href":"https:\/\/api.w.org\/{rel}","templated":true}]}}