{"id":35728,"date":"2018-02-27T23:16:53","date_gmt":"2018-02-28T02:16:53","guid":{"rendered":"https:\/\/www.mochileiros.com\/blog\/?p=35728"},"modified":"2018-02-27T23:17:21","modified_gmt":"2018-02-28T02:17:21","slug":"brasileiros-contam-como-e-cruzar-fronteiras-de-carro","status":"publish","type":"post","link":"https:\/\/www.mochileiros.com\/blog\/brasileiros-contam-como-e-cruzar-fronteiras-de-carro","title":{"rendered":"Brasileiros contam como \u00e9 cruzar fronteiras de carro"},"content":{"rendered":"<p><em>Por \u2018Por la carretera\u2019*<\/em><\/p>\n<p>Dia de cruzar fronteira \u00e9 dia de levantar cedo, dirigir algumas horas e ter muita, mas muuuita paci\u00eancia, boa disposi\u00e7\u00e3o e um belo sorriso no rosto para enfrentar burocratas mal humorados, que geralmente n\u00e3o est\u00e3o muito a fim de ajudar. E claro, de ter um lanchinho extra na Maria pra enfrentar toda papelada!<br \/>\nOs procedimentos fronteiri\u00e7os variam um pouco de pa\u00eds para pa\u00eds, mas basicamente s\u00e3o os mesmos passos.<br \/>\nCome\u00e7amos com a sa\u00edda do pa\u00eds onde temos que dar baixa no documento de importa\u00e7\u00e3o tempor\u00e1ria o TVIP (ou Temporary Vehicle Import Permit). Isso mesmo, pra cada pa\u00eds onde entramos com a Maria Gasolina, primeiro temos que ter nossos passaportes carimbados pela Imigra\u00e7\u00e3o, e depois precisamos fazer a tal importa\u00e7\u00e3o tempor\u00e1ria. Tudo isso \u00e9 regado a muitas filas, carimbos, seguros e uma tentativa de ganhar uma propina aqui ou acol\u00e1!<\/p>\n<div id=\"attachment_35729\" style=\"width: 780px\" class=\"wp-caption aligncenter\"><img loading=\"lazy\" decoding=\"async\" aria-describedby=\"caption-attachment-35729\" class=\"wp-image-35729 size-full\" src=\"https:\/\/www.mochileiros.com\/blog\/wp-content\/uploads\/2018\/02\/porlacarreterafronteiras01.jpg\" alt=\"\" width=\"770\" height=\"490\" srcset=\"https:\/\/www.mochileiros.com\/blog\/wp-content\/uploads\/2018\/02\/porlacarreterafronteiras01.jpg 770w, https:\/\/www.mochileiros.com\/blog\/wp-content\/uploads\/2018\/02\/porlacarreterafronteiras01-300x191.jpg 300w, https:\/\/www.mochileiros.com\/blog\/wp-content\/uploads\/2018\/02\/porlacarreterafronteiras01-768x489.jpg 768w, https:\/\/www.mochileiros.com\/blog\/wp-content\/uploads\/2018\/02\/porlacarreterafronteiras01-313x199.jpg 313w, https:\/\/www.mochileiros.com\/blog\/wp-content\/uploads\/2018\/02\/porlacarreterafronteiras01-20x13.jpg 20w\" sizes=\"auto, (max-width: 770px) 100vw, 770px\" \/><p id=\"caption-attachment-35729\" class=\"wp-caption-text\">Nossa vida n\u00f4made n\u00e3o \u00e9 feita s\u00f3 de alegrias, praias paradis\u00edacas, belas paisagens e curti\u00e7\u00e3o: Entre uma praia paradis\u00edaca e uma nova curti\u00e7\u00e3o, as vezes temos que cruzar uma fronteira! | Foto: porlacarretera.com.br<\/p><\/div>\n<div id=\"attachment_35730\" style=\"width: 1010px\" class=\"wp-caption aligncenter\"><img loading=\"lazy\" decoding=\"async\" aria-describedby=\"caption-attachment-35730\" class=\"wp-image-35730 size-full\" src=\"https:\/\/www.mochileiros.com\/blog\/wp-content\/uploads\/2018\/02\/porlacarreterafronteiras02ok.jpg\" alt=\"\" width=\"1000\" height=\"454\" srcset=\"https:\/\/www.mochileiros.com\/blog\/wp-content\/uploads\/2018\/02\/porlacarreterafronteiras02ok.jpg 1000w, https:\/\/www.mochileiros.com\/blog\/wp-content\/uploads\/2018\/02\/porlacarreterafronteiras02ok-300x136.jpg 300w, https:\/\/www.mochileiros.com\/blog\/wp-content\/uploads\/2018\/02\/porlacarreterafronteiras02ok-768x349.jpg 768w, https:\/\/www.mochileiros.com\/blog\/wp-content\/uploads\/2018\/02\/porlacarreterafronteiras02ok-313x142.jpg 313w, https:\/\/www.mochileiros.com\/blog\/wp-content\/uploads\/2018\/02\/porlacarreterafronteiras02ok-20x9.jpg 20w\" sizes=\"auto, (max-width: 1000px) 100vw, 1000px\" \/><p id=\"caption-attachment-35730\" class=\"wp-caption-text\">Fronteira \u00e0 vista! Muita paci\u00eancia e bom humor nessa hora e a papelada em dia | Fotos: porlacarretera.com.br<\/p><\/div>\n<p>Em muitos pa\u00edses encontramos os \u201ctramitadores\u201d, uma galera que fica junto a fronteira esperando algum estrangeiro desavisado e que n\u00e3o fale espanhol, \u201coferecendo\u201d seus pr\u00e9stimos como despachantes, ajudando a realizar os procedimentos fronteiri\u00e7os. Nunca, nem uma vez usamos tais \u201cservi\u00e7os\u201d. Sendo que ao se aproximar de uma fronteira, muitos destes \u201ctramitadores\u201d ficam na estrada, usando jalecos nada oficiais tentando parar algum desavisado que pode, inclusive, confundi-los com agentes oficiais. Uma vez, acho que foi saindo de El Salvador, h\u00e1 uns 3 km da fronteira com Honduras, um desses \u201cprestadores de servi\u00e7o\u201d quase se atirou na frente da Maria Gasolina. N\u00e3o paramos. O cidad\u00e3o n\u00e3o satisfeito, pulou na carona de uma motoca e come\u00e7ou a nos perseguir! Dirigindo ao nosso lado e \u201cmandando\u201d a gente parar (o que obviamente, n\u00e3o fizemos)! Poucas vezes eu vi a Ca\u00edna xingando algu\u00e9m! Essa foi uma das ocasi\u00f5es. Ela come\u00e7ou a gritar para o cidad\u00e3o em espanhol raivoso, e eu tentava acalma-la! Depois do cara ouvir umas boas da C\u00e1 ele desistiu\u2026 Outra vez, entrando na Guatemala havia um time desses \u201ctramitadores\u201d no meio da rua e eu dizia pra Ca\u00edna: \u00e9 melhor eles sairem da frente, por que eu n\u00e3o vou parar! Eles sa\u00edram. \u00c9 sempre bom deixar bem claro que voc\u00ea n\u00e3o tem interesse no servi\u00e7o e n\u00e3o quer a ajuda, para que eles saim de sua volta e n\u00e3o venham te cobrar nada mais tarde.<\/p>\n<div id=\"attachment_35731\" style=\"width: 400px\" class=\"wp-caption aligncenter\"><img loading=\"lazy\" decoding=\"async\" aria-describedby=\"caption-attachment-35731\" class=\"wp-image-35731 size-full\" src=\"https:\/\/www.mochileiros.com\/blog\/wp-content\/uploads\/2018\/02\/porlacarreterafronteiras03.jpg\" alt=\"\" width=\"390\" height=\"520\" srcset=\"https:\/\/www.mochileiros.com\/blog\/wp-content\/uploads\/2018\/02\/porlacarreterafronteiras03.jpg 390w, https:\/\/www.mochileiros.com\/blog\/wp-content\/uploads\/2018\/02\/porlacarreterafronteiras03-225x300.jpg 225w, https:\/\/www.mochileiros.com\/blog\/wp-content\/uploads\/2018\/02\/porlacarreterafronteiras03-313x417.jpg 313w, https:\/\/www.mochileiros.com\/blog\/wp-content\/uploads\/2018\/02\/porlacarreterafronteiras03-15x20.jpg 15w\" sizes=\"auto, (max-width: 390px) 100vw, 390px\" \/><p id=\"caption-attachment-35731\" class=\"wp-caption-text\">Taxa de sa\u00edda da Costa Rica: paga | Foto: porlacarretera.com.br<\/p><\/div>\n<h3>Os Documentos<\/h3>\n<p>Como j\u00e1 disse, cada fronteira tem seu procedimento. Mas basicamente voc\u00ea precisa passar pela imigra\u00e7\u00e3o para sair do pa\u00eds, pagar alguma taxa no banco que fica no outro lado da rua ou em um guich\u00ea ao lado, depois ir a aduana para cancelar sua Importa\u00e7\u00e3o Tempor\u00e1ria. Algum funcion\u00e1rio vai at\u00e9 o carro e faz uma \u201cinspe\u00e7\u00e3o\u201d no ve\u00edculo, que geralmente \u00e9 conferir placas e n\u00famero do chassis (ou VIN number).<\/p>\n<div id=\"attachment_35732\" style=\"width: 1010px\" class=\"wp-caption aligncenter\"><img loading=\"lazy\" decoding=\"async\" aria-describedby=\"caption-attachment-35732\" class=\"wp-image-35732 size-full\" src=\"https:\/\/www.mochileiros.com\/blog\/wp-content\/uploads\/2018\/02\/porlacarreterafronteiras03ok.jpg\" alt=\"\" width=\"1000\" height=\"454\" srcset=\"https:\/\/www.mochileiros.com\/blog\/wp-content\/uploads\/2018\/02\/porlacarreterafronteiras03ok.jpg 1000w, https:\/\/www.mochileiros.com\/blog\/wp-content\/uploads\/2018\/02\/porlacarreterafronteiras03ok-300x136.jpg 300w, https:\/\/www.mochileiros.com\/blog\/wp-content\/uploads\/2018\/02\/porlacarreterafronteiras03ok-768x349.jpg 768w, https:\/\/www.mochileiros.com\/blog\/wp-content\/uploads\/2018\/02\/porlacarreterafronteiras03ok-313x142.jpg 313w, https:\/\/www.mochileiros.com\/blog\/wp-content\/uploads\/2018\/02\/porlacarreterafronteiras03ok-20x9.jpg 20w\" sizes=\"auto, (max-width: 1000px) 100vw, 1000px\" \/><p id=\"caption-attachment-35732\" class=\"wp-caption-text\">Ser\u00e1 que algu\u00e9m pode me atender por aqui? O papo ali t\u00e1 bom, mas eu s\u00f3 quero meu carimbo! Acho que ele t\u00e1 esperando um carimbo tamb\u00e9m | Fotos: porlacarretera.com.br<\/p><\/div>\n<div id=\"attachment_35733\" style=\"width: 1010px\" class=\"wp-caption aligncenter\"><img loading=\"lazy\" decoding=\"async\" aria-describedby=\"caption-attachment-35733\" class=\"wp-image-35733 size-full\" src=\"https:\/\/www.mochileiros.com\/blog\/wp-content\/uploads\/2018\/02\/porlacarretera05ok.jpg\" alt=\"\" width=\"1000\" height=\"454\" srcset=\"https:\/\/www.mochileiros.com\/blog\/wp-content\/uploads\/2018\/02\/porlacarretera05ok.jpg 1000w, https:\/\/www.mochileiros.com\/blog\/wp-content\/uploads\/2018\/02\/porlacarretera05ok-300x136.jpg 300w, https:\/\/www.mochileiros.com\/blog\/wp-content\/uploads\/2018\/02\/porlacarretera05ok-768x349.jpg 768w, https:\/\/www.mochileiros.com\/blog\/wp-content\/uploads\/2018\/02\/porlacarretera05ok-313x142.jpg 313w, https:\/\/www.mochileiros.com\/blog\/wp-content\/uploads\/2018\/02\/porlacarretera05ok-20x9.jpg 20w\" sizes=\"auto, (max-width: 1000px) 100vw, 1000px\" \/><p id=\"caption-attachment-35733\" class=\"wp-caption-text\">Acho que agora vai! Quase&#8230; Carimbado!| Fotos: porlacarretera.com.br<\/p><\/div>\n<div id=\"attachment_35734\" style=\"width: 400px\" class=\"wp-caption aligncenter\"><img loading=\"lazy\" decoding=\"async\" aria-describedby=\"caption-attachment-35734\" class=\"wp-image-35734 size-full\" src=\"https:\/\/www.mochileiros.com\/blog\/wp-content\/uploads\/2018\/02\/porlacarreterafronteiras06.jpg\" alt=\"\" width=\"390\" height=\"520\" srcset=\"https:\/\/www.mochileiros.com\/blog\/wp-content\/uploads\/2018\/02\/porlacarreterafronteiras06.jpg 390w, https:\/\/www.mochileiros.com\/blog\/wp-content\/uploads\/2018\/02\/porlacarreterafronteiras06-225x300.jpg 225w, https:\/\/www.mochileiros.com\/blog\/wp-content\/uploads\/2018\/02\/porlacarreterafronteiras06-313x417.jpg 313w, https:\/\/www.mochileiros.com\/blog\/wp-content\/uploads\/2018\/02\/porlacarreterafronteiras06-15x20.jpg 15w\" sizes=\"auto, (max-width: 390px) 100vw, 390px\" \/><p id=\"caption-attachment-35734\" class=\"wp-caption-text\">Inspe\u00e7\u00e3o Tabajara e l\u00e1 vamos n\u00f3s prontos para sair do pa\u00eds! F\u00f4lego que a segunda parte \u00e9 pior! | Foto: porlacarretera.com.br<\/p><\/div>\n<p>Pronto! Voc\u00ea j\u00e1 pode ir para a pr\u00f3xima etapa: que consiste em estacionar o carro junto ao pr\u00e9dio da Imigra\u00e7\u00e3o do pr\u00f3ximo pa\u00eds, e mais uma vez, com muita paci\u00eancia e seu melhor sorriso ir para alguma fila. Do outro lado do balc\u00e3o, dependendo da boa vontade e \u00e2nimo do servidor, ele vai te explicar os pr\u00f3ximos passos. Que geralmente s\u00e3o os seguintes:<\/p>\n<p><strong>1)<\/strong> fazer seguro para o ve\u00edculo. Geralmente tem algum pequeno escrit\u00f3rio que vende seguros e faz c\u00f3pias ( ah! voc\u00ea vai precisar de muitas c\u00f3pias!!!)<\/p>\n<p><strong>2)<\/strong> seguro feito, voc\u00ea entra na fila da imigra\u00e7\u00e3o. Se der azar e chegar junto a 1 ou 2 \u00f4nibus a fila ser\u00e1 bem longa! Ali voc\u00ea vai ter seu passaporte carimbado e v\u00e3o te pedir c\u00f3pias: do passaporte, do documento do carro, do seguro, da sua carteira de motorista (no caso a minha CNH brasileira mesmo!)<\/p>\n<p><strong>3)<\/strong> Da imigra\u00e7\u00e3o passamos a Aduana. Ali mais uma vez voc\u00ea dever\u00e1 apresentar c\u00f3pias de tudo! A maioria dos pa\u00edses vai cobrar alguma taxa (mais uma fila de um banco, geralmente no mesmo pr\u00e9dio ou atravessando a rua). Taxa paga, voc\u00ea dever\u00e1 apresentar o t\u00edtulo ou documento de propriedade do ve\u00edculo, passaporte, seguro , comprovante do pagamento da tal taxa e \u00f3bvio: C\u00f3pias de tudo isso! Um detalhe importante \u00e9 prestar aten\u00e7\u00e3o se todos os dados do documento est\u00e3o corretos (n\u00famero do passaporte, placa do carro, numero do chassis), mais de uma vez tive de pedir para que algum dado fosse corrigido! Pode ser uma enorme dor de cabe\u00e7a ter algum dado errado no momento de deixar o pa\u00eds! Uma situa\u00e7\u00e3o engra\u00e7ada \u00e9 a cor da Maria! Cada lugar d\u00e3o uma cor diferente para ela! No documento americano n\u00e3o menciona a cor, em alguns lugares ela foi cinza, noutros marrom, bege ou at\u00e9 dourada! Que cor voc\u00ea daria pra Maria???<\/p>\n<div id=\"attachment_35735\" style=\"width: 1010px\" class=\"wp-caption aligncenter\"><img loading=\"lazy\" decoding=\"async\" aria-describedby=\"caption-attachment-35735\" class=\"wp-image-35735 size-full\" src=\"https:\/\/www.mochileiros.com\/blog\/wp-content\/uploads\/2018\/02\/porlacarretera07ok.jpg\" alt=\"\" width=\"1000\" height=\"454\" srcset=\"https:\/\/www.mochileiros.com\/blog\/wp-content\/uploads\/2018\/02\/porlacarretera07ok.jpg 1000w, https:\/\/www.mochileiros.com\/blog\/wp-content\/uploads\/2018\/02\/porlacarretera07ok-300x136.jpg 300w, https:\/\/www.mochileiros.com\/blog\/wp-content\/uploads\/2018\/02\/porlacarretera07ok-768x349.jpg 768w, https:\/\/www.mochileiros.com\/blog\/wp-content\/uploads\/2018\/02\/porlacarretera07ok-313x142.jpg 313w, https:\/\/www.mochileiros.com\/blog\/wp-content\/uploads\/2018\/02\/porlacarretera07ok-20x9.jpg 20w\" sizes=\"auto, (max-width: 1000px) 100vw, 1000px\" \/><p id=\"caption-attachment-35735\" class=\"wp-caption-text\">Maria Gasolina estacionada para os tr\u00e2mites fronteiri\u00e7os do Panam\u00e1&#8230; seguro e c\u00f3pias do outro lado da rua e a fila da imigra\u00e7\u00e3o| Fotos: porlacarretera.com.br<\/p><\/div>\n<div id=\"attachment_35736\" style=\"width: 400px\" class=\"wp-caption aligncenter\"><img loading=\"lazy\" decoding=\"async\" aria-describedby=\"caption-attachment-35736\" class=\"wp-image-35736 size-full\" src=\"https:\/\/www.mochileiros.com\/blog\/wp-content\/uploads\/2018\/02\/porlacarreterafronteirasaduana.jpg\" alt=\"\" width=\"390\" height=\"520\" srcset=\"https:\/\/www.mochileiros.com\/blog\/wp-content\/uploads\/2018\/02\/porlacarreterafronteirasaduana.jpg 390w, https:\/\/www.mochileiros.com\/blog\/wp-content\/uploads\/2018\/02\/porlacarreterafronteirasaduana-225x300.jpg 225w, https:\/\/www.mochileiros.com\/blog\/wp-content\/uploads\/2018\/02\/porlacarreterafronteirasaduana-313x417.jpg 313w, https:\/\/www.mochileiros.com\/blog\/wp-content\/uploads\/2018\/02\/porlacarreterafronteirasaduana-15x20.jpg 15w\" sizes=\"auto, (max-width: 390px) 100vw, 390px\" \/><p id=\"caption-attachment-35736\" class=\"wp-caption-text\">Agora \u00e9 a aduana&#8230; | Foto: porlacarretera.com.br<\/p><\/div>\n<p>Acha que t\u00e1 tudo pronto? Nops!<\/p>\n<p><strong>4)<\/strong> Agora \u00e9 a vez de revisarem o carro! Quase todas as vezes a pessoa encarregada confere placa e chassis, d\u00e1 uma olhada dentro do carro e ao ver tudo que carregamos, acaba nos deixando seguir.<\/p>\n<p><strong>5)<\/strong> Para terminar vem a fumiga\u00e7\u00e3o! (alguns pa\u00edses esse procedimento acontece antes dos 4 primeiros citados!). Mais uma vez tem de se pagar uma taxa que geralmente \u00e9 em torno de 1 US$, uma vez com o comprovante de pagamento passamos com o carro por um tipo de \u201clava-jato\u201d que fumiga um veneninho na pobre Maria Gasolina!<\/p>\n<div id=\"attachment_35737\" style=\"width: 400px\" class=\"wp-caption aligncenter\"><img loading=\"lazy\" decoding=\"async\" aria-describedby=\"caption-attachment-35737\" class=\"wp-image-35737 size-full\" src=\"https:\/\/www.mochileiros.com\/blog\/wp-content\/uploads\/2018\/02\/porlacarreterafronteirasfumigacao.jpg\" alt=\"\" width=\"390\" height=\"520\" srcset=\"https:\/\/www.mochileiros.com\/blog\/wp-content\/uploads\/2018\/02\/porlacarreterafronteirasfumigacao.jpg 390w, https:\/\/www.mochileiros.com\/blog\/wp-content\/uploads\/2018\/02\/porlacarreterafronteirasfumigacao-225x300.jpg 225w, https:\/\/www.mochileiros.com\/blog\/wp-content\/uploads\/2018\/02\/porlacarreterafronteirasfumigacao-313x417.jpg 313w, https:\/\/www.mochileiros.com\/blog\/wp-content\/uploads\/2018\/02\/porlacarreterafronteirasfumigacao-15x20.jpg 15w\" sizes=\"auto, (max-width: 390px) 100vw, 390px\" \/><p id=\"caption-attachment-35737\" class=\"wp-caption-text\">Agora s\u00f3 falta a fumiga\u00e7\u00e3o | Foto: porlacarretera.com.br<\/p><\/div>\n<p>Prontos para seguir Por la Carretera? Ainda n\u00e3o! Geralmente um pouco depois de todo esse processo vai haver uma cancela, ou barreira policial onde voc\u00ea ser\u00e1 parado e ter\u00e1 de mostrar passaporte, o documento de importa\u00e7\u00e3o tempor\u00e1ria e\/ou a carteira de motorista. Agora sim\u2026 Prontos para descobrir novos caminhos nesse novo pa\u00eds!<\/p>\n<p>Ah! No todo esse processo pode levar de 3 a 4 horas. A sa\u00edda sempre \u00e9 mais f\u00e1cil e r\u00e1pida!<\/p>\n<div id=\"attachment_35738\" style=\"width: 703px\" class=\"wp-caption aligncenter\"><img loading=\"lazy\" decoding=\"async\" aria-describedby=\"caption-attachment-35738\" class=\"wp-image-35738 size-full\" src=\"https:\/\/www.mochileiros.com\/blog\/wp-content\/uploads\/2018\/02\/caelufronteiras.jpg\" alt=\"\" width=\"693\" height=\"520\" srcset=\"https:\/\/www.mochileiros.com\/blog\/wp-content\/uploads\/2018\/02\/caelufronteiras.jpg 693w, https:\/\/www.mochileiros.com\/blog\/wp-content\/uploads\/2018\/02\/caelufronteiras-300x225.jpg 300w, https:\/\/www.mochileiros.com\/blog\/wp-content\/uploads\/2018\/02\/caelufronteiras-1024x768.jpg 1024w, https:\/\/www.mochileiros.com\/blog\/wp-content\/uploads\/2018\/02\/caelufronteiras-768x576.jpg 768w, https:\/\/www.mochileiros.com\/blog\/wp-content\/uploads\/2018\/02\/caelufronteiras-1536x1153.jpg 1536w, https:\/\/www.mochileiros.com\/blog\/wp-content\/uploads\/2018\/02\/caelufronteiras-2048x1537.jpg 2048w, https:\/\/www.mochileiros.com\/blog\/wp-content\/uploads\/2018\/02\/caelufronteiras-200x150.jpg 200w, https:\/\/www.mochileiros.com\/blog\/wp-content\/uploads\/2018\/02\/caelufronteiras-100x75.jpg 100w, https:\/\/www.mochileiros.com\/blog\/wp-content\/uploads\/2018\/02\/caelufronteiras-466x350.jpg 466w, https:\/\/www.mochileiros.com\/blog\/wp-content\/uploads\/2018\/02\/caelufronteiras-788x591.jpg 788w, https:\/\/www.mochileiros.com\/blog\/wp-content\/uploads\/2018\/02\/caelufronteiras-313x235.jpg 313w, https:\/\/www.mochileiros.com\/blog\/wp-content\/uploads\/2018\/02\/caelufronteiras-20x15.jpg 20w\" sizes=\"auto, (max-width: 693px) 100vw, 693px\" \/><p id=\"caption-attachment-35738\" class=\"wp-caption-text\">Yeah! Miss\u00e3o cumprida! Depois de 1hora e meia na sa\u00edda da Costa Rica e 2 na entrada do Panam\u00e1| Fotos: porlacarretera.com.br<\/p><\/div>\n<p>*Os porto-alegrenses C\u00e1 (Ca\u00edna) e L\u00fa (Luciano) est\u00e3o vivendo viajando de carro e acampando pelas Am\u00e9ricas.<br \/>\nEm janeiro de 2018 eles completaram um ano de vida n\u00f4made na estrada, ou \u201cPor la Carretera\u201d, uma experi\u00eancia que os tem transformado e tocado.<br \/>\nConfira belas imagens e acompanhe um pouco desta hist\u00f3ria no <a href=\"http:\/\/porlacarretera.com.br\/\" target=\"_blank\" rel=\"noopener\">site<\/a> e na <a href=\"https:\/\/www.facebook.com\/porlacarretera.com.br\/\" target=\"_blank\" rel=\"noopener\">p\u00e1gina deles no Facebook<\/a>.<\/p>\n","protected":false},"excerpt":{"rendered":"<p>Por \u2018Por la carretera\u2019* Dia de cruzar fronteira \u00e9 dia de levantar cedo, dirigir algumas horas e ter muita, mas muuuita paci\u00eancia, boa disposi\u00e7\u00e3o e um belo sorriso no rosto para enfrentar burocratas mal humorados, que geralmente n\u00e3o est\u00e3o muito a fim de ajudar. E claro, de ter um lanchinho extra na Maria pra enfrentar [&hellip;]<\/p>\n","protected":false},"author":55,"featured_media":35738,"comment_status":"open","ping_status":"closed","sticky":false,"template":"","format":"standard","meta":{"googlesitekit_rrm_CAoiELM5mIOjYRN0nfylq3_9r-8:productID":"","_crdt_document":"","_daim_seo_power":"","_daim_enable_ail":"","footnotes":""},"categories":[168],"tags":[125,2243,54,1365,1070],"class_list":["post-35728","post","type-post","status-publish","format-standard","has-post-thumbnail","hentry","category-blog","tag-costa-rica","tag-fronteira","tag-panama","tag-vanlife","tag-viagem-de-carro"],"_links":{"self":[{"href":"https:\/\/www.mochileiros.com\/blog\/wp-json\/wp\/v2\/posts\/35728","targetHints":{"allow":["GET"]}}],"collection":[{"href":"https:\/\/www.mochileiros.com\/blog\/wp-json\/wp\/v2\/posts"}],"about":[{"href":"https:\/\/www.mochileiros.com\/blog\/wp-json\/wp\/v2\/types\/post"}],"author":[{"embeddable":true,"href":"https:\/\/www.mochileiros.com\/blog\/wp-json\/wp\/v2\/users\/55"}],"replies":[{"embeddable":true,"href":"https:\/\/www.mochileiros.com\/blog\/wp-json\/wp\/v2\/comments?post=35728"}],"version-history":[{"count":0,"href":"https:\/\/www.mochileiros.com\/blog\/wp-json\/wp\/v2\/posts\/35728\/revisions"}],"wp:featuredmedia":[{"embeddable":true,"href":"https:\/\/www.mochileiros.com\/blog\/wp-json\/wp\/v2\/media\/35738"}],"wp:attachment":[{"href":"https:\/\/www.mochileiros.com\/blog\/wp-json\/wp\/v2\/media?parent=35728"}],"wp:term":[{"taxonomy":"category","embeddable":true,"href":"https:\/\/www.mochileiros.com\/blog\/wp-json\/wp\/v2\/categories?post=35728"},{"taxonomy":"post_tag","embeddable":true,"href":"https:\/\/www.mochileiros.com\/blog\/wp-json\/wp\/v2\/tags?post=35728"}],"curies":[{"name":"wp","href":"https:\/\/api.w.org\/{rel}","templated":true}]}}