{"id":36168,"date":"2018-04-03T07:58:01","date_gmt":"2018-04-03T10:58:01","guid":{"rendered":"https:\/\/www.mochileiros.com\/blog\/?p=36168"},"modified":"2018-11-06T22:24:37","modified_gmt":"2018-11-07T01:24:37","slug":"mochileira-croata-da-volta-ao-mundo-de-carona","status":"publish","type":"post","link":"https:\/\/www.mochileiros.com\/blog\/mochileira-croata-da-volta-ao-mundo-de-carona","title":{"rendered":"Mochileira croata d\u00e1 volta ao mundo de carona"},"content":{"rendered":"<p>Foi uma jornada cheia de perigos, mas ela conseguiu: uma volta ao mundo confiando inteiramente na bondade do pr\u00f3ximo.<\/p>\n<p>Ana Bakran, uma viajante croata de 34 anos, fez sua \u00e9pica jornada solo de sua cidade natal, Zagreb, at\u00e9 Bora Bora, na Polin\u00e9sia Francesa, em um feito surpreendente que a levou tr\u00eas anos e oito meses, e a levou por 25 pa\u00edses.<\/p>\n<p>Em entrevista ao Jornal DailyMail, Ana contou como conseguiu dar a volta ao mundo pegando carona em carros, caminh\u00f5es, motos, balsas, barcos a vela, navios de pescadores, um helic\u00f3ptero e at\u00e9 um cavalo no Quirguist\u00e3o.<\/p>\n<p>Ana, que deixou seu emprego em uma empresa de marketing digital em 2013 para perseguir seu desafio e document\u00e1-lo em seu <a href=\"http:\/\/www.anabakran.com\/\" target=\"_blank\" rel=\"noopener\">blog<\/a> , conseguiu no melhor estilo <a href=\"https:\/\/www.mochileiros.com\/forum\/416-mochil%C3%A3o-roots\/\" target=\"_blank\" rel=\"noopener\">mochil\u00e3o roots<\/a>,\u00a0 dar a volta ao mundo com poucos recursos.<\/p>\n<p>&#8220;Eu me acostumei a dormir em movimento&#8221;, diz ela. &#8220;Nos parques, praias, postos de gasolina, mesquitas e templos, albergues baratos e in\u00fameras casas dos habitantes que me convidaram para entrar. N\u00e3o sou exigente, fico em qualquer lugar desde que me sinta segura.&#8221;<\/p>\n<p>Ao longo da viagem, ela ficou em todo tipo de lugar, com 63 jovens \u00f3rf\u00e3os na Tail\u00e2ndia, em um iate milion\u00e1rio em Montenegro e debaixo de uma \u00e1rvore no Parque Gezi, em Istambul, durante as manifesta\u00e7\u00f5es de 2013.<\/p>\n<p>Em quase todos os casos, a carona foi seu meio de transporte.<\/p>\n<p>&#8220;Eu s\u00f3 precisei pagar pra me locomover em poucas ocasi\u00f5es&#8221;, ela explica. &#8220;A pol\u00edcia de fronteira do Turcomenist\u00e3o com a China, por exemplo, n\u00e3o me deixava andar entre dois pontos de controle para entrar no pa\u00eds, ent\u00e3o precisei pagar um micro-\u00f4nibus para chegar do outro lado da fronteira.&#8221;<\/p>\n<p>No in\u00edcio, Ana disse que precisou passar um tempo aprendendo como pegar carona com outros viajantes mais experientes, mas logo passou a se aventurar sozinha e\u00a0 \u00e9 claro quem nem tudo s\u00e3o (ou foram) flores.<\/p>\n<p>&#8220;Houve momentos em que fiquei na estrada no meio do nada, ou que acabei pegando carona com homens &#8216;sem no\u00e7\u00e3o'&#8221;, lembra ela.<\/p>\n<p>&#8211; Alguns me mostraram o p\u00eanis do nada, tocaram meu joelho ou se recusaram a me deixar sair do carro. Mas eu consegui sair ilesa de todas essas situa\u00e7\u00f5es por ficar calma e conversar seriamente com eles &#8211; \u00e0s vezes com a amea\u00e7a de usar spray de pimenta que sempre carrego comigo.<\/p>\n<p>Ela acrescenta: &#8216;Eu n\u00e3o acho que esses caras fossem pessoas m\u00e1s. Acho que eles fizeram julgamento errado sobre mim. S\u00e3o de outra cultura e n\u00e3o estavam acostumados com uma mulher pedindo carona.\u00a0 Espero que eles tenham aprendido com o erro.<\/p>\n<p>&#8220;Nenhum desses incidentes me desencorajou a pegar carona, e 99% das viagens n\u00e3o foram nada al\u00e9m de incr\u00edveis.&#8221;<\/p>\n<p>Ela disse que enfrentou a maioria destes problemas em pa\u00edses mu\u00e7ulmanos, mas diz que neste mesmos locais foi recebida com &#8220;extrema hospitalidade e gentileza&#8221;.<\/p>\n<div id=\"attachment_36174\" style=\"width: 972px\" class=\"wp-caption alignnone\"><img loading=\"lazy\" decoding=\"async\" aria-describedby=\"caption-attachment-36174\" class=\"size-full wp-image-36174\" src=\"https:\/\/www.mochileiros.com\/blog\/wp-content\/uploads\/2018\/04\/3CCC8E0D00000578-4188336-image-m-64_1486130206670.jpg\" alt=\"\" width=\"962\" height=\"516\" srcset=\"https:\/\/www.mochileiros.com\/blog\/wp-content\/uploads\/2018\/04\/3CCC8E0D00000578-4188336-image-m-64_1486130206670.jpg 962w, https:\/\/www.mochileiros.com\/blog\/wp-content\/uploads\/2018\/04\/3CCC8E0D00000578-4188336-image-m-64_1486130206670-300x161.jpg 300w, https:\/\/www.mochileiros.com\/blog\/wp-content\/uploads\/2018\/04\/3CCC8E0D00000578-4188336-image-m-64_1486130206670-768x412.jpg 768w, https:\/\/www.mochileiros.com\/blog\/wp-content\/uploads\/2018\/04\/3CCC8E0D00000578-4188336-image-m-64_1486130206670-313x168.jpg 313w, https:\/\/www.mochileiros.com\/blog\/wp-content\/uploads\/2018\/04\/3CCC8E0D00000578-4188336-image-m-64_1486130206670-20x11.jpg 20w\" sizes=\"auto, (max-width: 962px) 100vw, 962px\" \/><p id=\"caption-attachment-36174\" class=\"wp-caption-text\">Ana em um barco de pescadores pegando carona de Maupiti a Bora Bora. &#8211; Foto: Arquivo Pessoal<\/p><\/div>\n<p>Ana passou\u00a0sete meses em um barco da Mal\u00e1sia para a Austr\u00e1lia. Ela conseguiu se juntar \u00e0 tripula\u00e7\u00e3o depois de encontrar um capit\u00e3o australiano que estava procurando uma equipe para ajud\u00e1-lo a navegar de volta para a Austr\u00e1lia.<\/p>\n<p>&#8220;Eu estava procurando um barco para pegar carona para a Austr\u00e1lia, ent\u00e3o foi perfeito&#8221;, explica ela.<\/p>\n<p>De l\u00e1, ela fez talvez sua mais improv\u00e1vel viagem &#8211; uma carona em um helic\u00f3ptero.<\/p>\n<p>&#8220;Eu me aproximei de uma empresa charter no oeste da Austr\u00e1lia e contei a eles minha hist\u00f3ria&#8221;, diz Ana. &#8216;Quando eles viram o mapa da minha jornada, eles concordaram em me deixar pegar carona. Eu s\u00f3 tive que esperar\u00a0 quarenta e cinco minutos, que n\u00e3o eram nada comparados \u00e0s minhas horas habituais esperando carona na estrada.&#8221;<\/p>\n<p>Da Austr\u00e1lia Ana partiu para outras ilhas e sua <a href=\"https:\/\/www.facebook.com\/ana.bakran\" target=\"_blank\" rel=\"noopener\">\u00faltima postagem no Facebook<\/a> foi feita 28 de fevereiro em Nuku Hiva,\u00a0 a maior das Ilhas Marquesas na Polin\u00e9sia Francesa. Na capa do seu perfil h\u00e1 uma mensagem dizendo que ela ir\u00e1 escrever um livro sobre a jornada e temos que admitir que assunto \u00e9 o que n\u00e3o vai faltar!<\/p>\n<div id=\"ez-toc-container\" class=\"ez-toc-v2_0_82_2 counter-hierarchy ez-toc-counter ez-toc-grey ez-toc-container-direction\">\n<div class=\"ez-toc-title-container\">\n<p class=\"ez-toc-title\" style=\"cursor:inherit\">\u00cdndice<\/p>\n<span class=\"ez-toc-title-toggle\"><a href=\"#\" class=\"ez-toc-pull-right ez-toc-btn ez-toc-btn-xs ez-toc-btn-default ez-toc-toggle\" aria-label=\"Alternar tabela de conte\u00fado\"><span class=\"ez-toc-js-icon-con\"><span class=\"\"><span class=\"eztoc-hide\" style=\"display:none;\">Toggle<\/span><span class=\"ez-toc-icon-toggle-span\"><svg style=\"fill: #999;color:#999\" xmlns=\"http:\/\/www.w3.org\/2000\/svg\" class=\"list-377408\" width=\"20px\" height=\"20px\" viewBox=\"0 0 24 24\" fill=\"none\"><path d=\"M6 6H4v2h2V6zm14 0H8v2h12V6zM4 11h2v2H4v-2zm16 0H8v2h12v-2zM4 16h2v2H4v-2zm16 0H8v2h12v-2z\" fill=\"currentColor\"><\/path><\/svg><svg style=\"fill: #999;color:#999\" class=\"arrow-unsorted-368013\" xmlns=\"http:\/\/www.w3.org\/2000\/svg\" width=\"10px\" height=\"10px\" viewBox=\"0 0 24 24\" version=\"1.2\" baseProfile=\"tiny\"><path d=\"M18.2 9.3l-6.2-6.3-6.2 6.3c-.2.2-.3.4-.3.7s.1.5.3.7c.2.2.4.3.7.3h11c.3 0 .5-.1.7-.3.2-.2.3-.5.3-.7s-.1-.5-.3-.7zM5.8 14.7l6.2 6.3 6.2-6.3c.2-.2.3-.5.3-.7s-.1-.5-.3-.7c-.2-.2-.4-.3-.7-.3h-11c-.3 0-.5.1-.7.3-.2.2-.3.5-.3.7s.1.5.3.7z\"\/><\/svg><\/span><\/span><\/span><\/a><\/span><\/div>\n<nav><ul class='ez-toc-list ez-toc-list-level-1 ' ><li class='ez-toc-page-1 ez-toc-heading-level-3'><a class=\"ez-toc-link ez-toc-heading-1\" href=\"https:\/\/www.mochileiros.com\/blog\/mochileira-croata-da-volta-ao-mundo-de-carona\/#Percurso_da_viagem\" >Percurso da viagem<\/a><\/li><li class='ez-toc-page-1 ez-toc-heading-level-3'><a class=\"ez-toc-link ez-toc-heading-2\" href=\"https:\/\/www.mochileiros.com\/blog\/mochileira-croata-da-volta-ao-mundo-de-carona\/#Pegando_carona_em_um_helicoptero_na_Australia\" >Pegando carona em um\u00a0helic\u00f3ptero na Austr\u00e1lia<\/a><\/li><li class='ez-toc-page-1 ez-toc-heading-level-3'><a class=\"ez-toc-link ez-toc-heading-3\" href=\"https:\/\/www.mochileiros.com\/blog\/mochileira-croata-da-volta-ao-mundo-de-carona\/#Embora_nao_pareca_estava_frio_na_Australia_e_ela_teve_que_pegar_carona_vestida_com_seu_saco_de_dormir\" >Embora n\u00e3o pare\u00e7a, estava frio na Austr\u00e1lia e ela teve que pegar carona vestida com seu saco de dormir<\/a><\/li><li class='ez-toc-page-1 ez-toc-heading-level-3'><a class=\"ez-toc-link ez-toc-heading-4\" href=\"https:\/\/www.mochileiros.com\/blog\/mochileira-croata-da-volta-ao-mundo-de-carona\/#Em_Pamukkale_uma_cidade_no_oeste_da_Turquia_conhecida_por_suas_aguas_termais_ricas_em_minerais_e_impressionantes_terracos_brancos\" >Em Pamukkale, uma cidade no oeste da Turquia conhecida por suas \u00e1guas termais ricas em minerais e impressionantes terra\u00e7os brancos<\/a><\/li><\/ul><\/nav><\/div>\n<h3><span class=\"ez-toc-section\" id=\"Percurso_da_viagem\"><\/span>Percurso da viagem<span class=\"ez-toc-section-end\"><\/span><\/h3>\n<p><img loading=\"lazy\" decoding=\"async\" class=\"alignnone size-full wp-image-36177\" src=\"https:\/\/www.mochileiros.com\/blog\/wp-content\/uploads\/2018\/04\/3CCC849C00000578-4188336-image-a-76_1486130638321.jpg\" alt=\"\" width=\"962\" height=\"500\" srcset=\"https:\/\/www.mochileiros.com\/blog\/wp-content\/uploads\/2018\/04\/3CCC849C00000578-4188336-image-a-76_1486130638321.jpg 962w, https:\/\/www.mochileiros.com\/blog\/wp-content\/uploads\/2018\/04\/3CCC849C00000578-4188336-image-a-76_1486130638321-300x156.jpg 300w, https:\/\/www.mochileiros.com\/blog\/wp-content\/uploads\/2018\/04\/3CCC849C00000578-4188336-image-a-76_1486130638321-768x399.jpg 768w, https:\/\/www.mochileiros.com\/blog\/wp-content\/uploads\/2018\/04\/3CCC849C00000578-4188336-image-a-76_1486130638321-313x163.jpg 313w, https:\/\/www.mochileiros.com\/blog\/wp-content\/uploads\/2018\/04\/3CCC849C00000578-4188336-image-a-76_1486130638321-20x10.jpg 20w\" sizes=\"auto, (max-width: 962px) 100vw, 962px\" \/><\/p>\n<h3><span class=\"ez-toc-section\" id=\"Pegando_carona_em_um_helicoptero_na_Australia\"><\/span>Pegando carona em um\u00a0helic\u00f3ptero na Austr\u00e1lia<span class=\"ez-toc-section-end\"><\/span><\/h3>\n<p><img loading=\"lazy\" decoding=\"async\" class=\"alignnone size-full wp-image-36179\" src=\"https:\/\/www.mochileiros.com\/blog\/wp-content\/uploads\/2018\/04\/3CCC881F00000578-4188336-image-a-72_1486130596362.jpg\" alt=\"\" width=\"962\" height=\"641\" srcset=\"https:\/\/www.mochileiros.com\/blog\/wp-content\/uploads\/2018\/04\/3CCC881F00000578-4188336-image-a-72_1486130596362.jpg 962w, https:\/\/www.mochileiros.com\/blog\/wp-content\/uploads\/2018\/04\/3CCC881F00000578-4188336-image-a-72_1486130596362-300x200.jpg 300w, https:\/\/www.mochileiros.com\/blog\/wp-content\/uploads\/2018\/04\/3CCC881F00000578-4188336-image-a-72_1486130596362-768x512.jpg 768w, https:\/\/www.mochileiros.com\/blog\/wp-content\/uploads\/2018\/04\/3CCC881F00000578-4188336-image-a-72_1486130596362-313x209.jpg 313w, https:\/\/www.mochileiros.com\/blog\/wp-content\/uploads\/2018\/04\/3CCC881F00000578-4188336-image-a-72_1486130596362-20x13.jpg 20w\" sizes=\"auto, (max-width: 962px) 100vw, 962px\" \/><\/p>\n<h3><span class=\"ez-toc-section\" id=\"Embora_nao_pareca_estava_frio_na_Australia_e_ela_teve_que_pegar_carona_vestida_com_seu_saco_de_dormir\"><\/span>Embora n\u00e3o pare\u00e7a, estava frio na Austr\u00e1lia e ela teve que pegar carona vestida com seu saco de dormir<span class=\"ez-toc-section-end\"><\/span><\/h3>\n<p><img loading=\"lazy\" decoding=\"async\" class=\"alignnone size-full wp-image-36186\" src=\"https:\/\/www.mochileiros.com\/blog\/wp-content\/uploads\/2018\/04\/3CCC926100000578-4188336-image-a-79_1486130672123.jpg\" alt=\"\" width=\"962\" height=\"666\" srcset=\"https:\/\/www.mochileiros.com\/blog\/wp-content\/uploads\/2018\/04\/3CCC926100000578-4188336-image-a-79_1486130672123.jpg 962w, https:\/\/www.mochileiros.com\/blog\/wp-content\/uploads\/2018\/04\/3CCC926100000578-4188336-image-a-79_1486130672123-300x208.jpg 300w, https:\/\/www.mochileiros.com\/blog\/wp-content\/uploads\/2018\/04\/3CCC926100000578-4188336-image-a-79_1486130672123-768x532.jpg 768w, https:\/\/www.mochileiros.com\/blog\/wp-content\/uploads\/2018\/04\/3CCC926100000578-4188336-image-a-79_1486130672123-313x217.jpg 313w, https:\/\/www.mochileiros.com\/blog\/wp-content\/uploads\/2018\/04\/3CCC926100000578-4188336-image-a-79_1486130672123-20x14.jpg 20w\" sizes=\"auto, (max-width: 962px) 100vw, 962px\" \/><\/p>\n<h3><span class=\"ez-toc-section\" id=\"Em_Pamukkale_uma_cidade_no_oeste_da_Turquia_conhecida_por_suas_aguas_termais_ricas_em_minerais_e_impressionantes_terracos_brancos\"><\/span>Em Pamukkale, uma cidade no oeste da Turquia conhecida por suas \u00e1guas termais ricas em minerais e impressionantes terra\u00e7os brancos<span class=\"ez-toc-section-end\"><\/span><\/h3>\n<p><img loading=\"lazy\" decoding=\"async\" class=\"alignnone size-full wp-image-36178\" src=\"https:\/\/www.mochileiros.com\/blog\/wp-content\/uploads\/2018\/04\/3CCC853A00000578-4188336-image-a-107_1486133118949.jpg\" alt=\"\" width=\"962\" height=\"643\" srcset=\"https:\/\/www.mochileiros.com\/blog\/wp-content\/uploads\/2018\/04\/3CCC853A00000578-4188336-image-a-107_1486133118949.jpg 962w, https:\/\/www.mochileiros.com\/blog\/wp-content\/uploads\/2018\/04\/3CCC853A00000578-4188336-image-a-107_1486133118949-300x201.jpg 300w, https:\/\/www.mochileiros.com\/blog\/wp-content\/uploads\/2018\/04\/3CCC853A00000578-4188336-image-a-107_1486133118949-768x513.jpg 768w, https:\/\/www.mochileiros.com\/blog\/wp-content\/uploads\/2018\/04\/3CCC853A00000578-4188336-image-a-107_1486133118949-313x209.jpg 313w, https:\/\/www.mochileiros.com\/blog\/wp-content\/uploads\/2018\/04\/3CCC853A00000578-4188336-image-a-107_1486133118949-20x13.jpg 20w\" sizes=\"auto, (max-width: 962px) 100vw, 962px\" \/><\/p>\n<p>[justified_image_grid preset=8 mobile_preset=8 caption=off mobile_caption=off]<\/p>\n","protected":false},"excerpt":{"rendered":"<p>Foi uma jornada cheia de perigos, mas ela conseguiu: uma volta ao mundo confiando inteiramente na bondade do pr\u00f3ximo. Ana Bakran, uma viajante croata de 34 anos, fez sua \u00e9pica jornada solo de sua cidade natal, Zagreb, at\u00e9 Bora Bora, na Polin\u00e9sia Francesa, em um feito surpreendente que a levou tr\u00eas anos e oito meses, [&hellip;]<\/p>\n","protected":false},"author":55,"featured_media":36175,"comment_status":"open","ping_status":"closed","sticky":false,"template":"","format":"standard","meta":{"googlesitekit_rrm_CAoiELM5mIOjYRN0nfylq3_9r-8:productID":"","_crdt_document":"","_daim_seo_power":"","_daim_enable_ail":"","footnotes":""},"categories":[168],"tags":[2295,103,1206,1189,2599,1280,1126],"class_list":["post-36168","post","type-post","status-publish","format-standard","has-post-thumbnail","hentry","category-blog","tag-ana-bakran","tag-carona","tag-historias-inspiradoras","tag-mochileiras","tag-viajar-de-carona","tag-viajar-sozinha","tag-volta-ao-mundo"],"_links":{"self":[{"href":"https:\/\/www.mochileiros.com\/blog\/wp-json\/wp\/v2\/posts\/36168","targetHints":{"allow":["GET"]}}],"collection":[{"href":"https:\/\/www.mochileiros.com\/blog\/wp-json\/wp\/v2\/posts"}],"about":[{"href":"https:\/\/www.mochileiros.com\/blog\/wp-json\/wp\/v2\/types\/post"}],"author":[{"embeddable":true,"href":"https:\/\/www.mochileiros.com\/blog\/wp-json\/wp\/v2\/users\/55"}],"replies":[{"embeddable":true,"href":"https:\/\/www.mochileiros.com\/blog\/wp-json\/wp\/v2\/comments?post=36168"}],"version-history":[{"count":0,"href":"https:\/\/www.mochileiros.com\/blog\/wp-json\/wp\/v2\/posts\/36168\/revisions"}],"wp:featuredmedia":[{"embeddable":true,"href":"https:\/\/www.mochileiros.com\/blog\/wp-json\/wp\/v2\/media\/36175"}],"wp:attachment":[{"href":"https:\/\/www.mochileiros.com\/blog\/wp-json\/wp\/v2\/media?parent=36168"}],"wp:term":[{"taxonomy":"category","embeddable":true,"href":"https:\/\/www.mochileiros.com\/blog\/wp-json\/wp\/v2\/categories?post=36168"},{"taxonomy":"post_tag","embeddable":true,"href":"https:\/\/www.mochileiros.com\/blog\/wp-json\/wp\/v2\/tags?post=36168"}],"curies":[{"name":"wp","href":"https:\/\/api.w.org\/{rel}","templated":true}]}}