{"id":36302,"date":"2018-04-05T09:35:05","date_gmt":"2018-04-05T12:35:05","guid":{"rendered":"https:\/\/www.mochileiros.com\/blog\/?p=36302"},"modified":"2018-04-05T09:55:31","modified_gmt":"2018-04-05T12:55:31","slug":"como-conhecer-o-deadvlei-o-lugar-mais-exotico-da-namibia","status":"publish","type":"post","link":"https:\/\/www.mochileiros.com\/blog\/como-conhecer-o-deadvlei-o-lugar-mais-exotico-da-namibia","title":{"rendered":"Como conhecer o Deadvlei &#8211; O lugar mais ex\u00f3tico da Nam\u00edbia!"},"content":{"rendered":"<p><strong>ROTEIRO<\/strong><\/p>\n<p>Mais um dia come\u00e7ava, e l\u00e1 estava eu esperando meu t\u00e1xi para o aeroporto Cape Town. Era meu \u00faltimo dia na \u00c1frica do Sul, de onde eu partia levando \u00f3timas lembran\u00e7as.<\/p>\n<p>Voei pela empresa South Africa Airline at\u00e9 Windhoek, foram em torno de 2 horas de voo at\u00e9 a capital da Nam\u00edbia. Um voo tranquilo e sem imprevistos.<\/p>\n<p>Cheguei cedo, \u00e0s 10h35, cheio de expectativas e ansioso para encontrar Jonas. Ele era o motorista que iria me acompanhar em meu tour pelo pa\u00eds na pr\u00f3xima semana. Peguei seu contato em um site (A Mochila e o Mundo), combinei tudo por facebook e whatsapp (isso mesmo que voc\u00ea leu), e gra\u00e7as a Deus, na hora exata ele estava me esperando, e assim fechamos os \u00faltimos detalhes antes de partir.<\/p>\n<p style=\"text-align: center;\"><strong>ESTA \u00c9 UM PARTE DO POST ORIGINAL DO BLOG <a href=\"http:\/\/queromochilar.com.br\/\" target=\"_blank\" rel=\"noopener\">QUERO MOCHILAR<\/a>, PARA SABER MAIS INFORMA\u00c7\u00d5ES E CUSTO TOTAL DA VIAGEM, ACESSE O POST COMPLETO E O ROTEIRO DE 15 DIAS PELA AFRICA DO SUL E NAM\u00cdBIA.<\/strong><\/p>\n<p><img loading=\"lazy\" decoding=\"async\" class=\"alignnone size-full wp-image-7323\" src=\"http:\/\/queromochilar.com.br\/wp-content\/uploads\/2018\/03\/0.2-Quero-Mochilar-Soussvlei.jpg\" alt=\"\" width=\"900\" height=\"675\"><\/p>\n<p><em><strong>Foto: O aeroporto da capital \u00e9 min\u00fasculo\u2026 rs.<\/strong><\/em><\/p>\n<p><img loading=\"lazy\" decoding=\"async\" class=\"alignnone size-full wp-image-7322\" src=\"http:\/\/queromochilar.com.br\/wp-content\/uploads\/2018\/03\/0.1-Quero-Mochilar-Soussvlei.jpg\" alt=\"\" width=\"900\" height=\"675\"><\/p>\n<p><em><strong>Foto: Paisagem do avi\u00e3o: Deserto, deserto e arbustos\u2026<\/strong><\/em><\/p>\n<p>Como foi o combinado: Jonas locou um carro, e ia dirigir para eu e minha amiga por 5 dias pela Nam\u00edbia. N\u00f3s pagar\u00edamos a loca\u00e7\u00e3o, a gasolina e o resto era por sua conta. Descrevo melhor este servi\u00e7o no fim do post, na parte de or\u00e7amento.<\/p>\n<p>Nosso combinado era que no primeiro dia ir\u00edamos at\u00e9 o Fish River Canyon, o segundo maior canyon do mundo, mas na hora refizemos a programa\u00e7\u00e3o. Pensamos que ficaria muito corrido, pois era muito longe, e assim mudamos o trajeto, e fomos direto para o famoso cart\u00e3o postal do pa\u00eds, o Parque Nacional Namib-Naukluft, onde est\u00e1 o Deadvlei.<\/p>\n<p>Neste dia t\u00ednhamos uma longa viagem pela frente. At\u00e9 o parque s\u00e3o 333 km de dist\u00e2ncia, por estradas na maior parte de terra, uma viagem que leva\u00a0em torno de 4 a 5 horas.<\/p>\n<p>Para evitar paradas e garantir nossos lanches, antes de ir passamos em um supermercado e compramos nosso suprimentos para os pr\u00f3ximos dias como: \u00e1gua, salgados, frios, p\u00e3es e etc\u2026<\/p>\n<p><strong>\u00a0Mapa do nosso trajeto de carro.<\/strong><\/p>\n<p>Pra mim, que tinha acabado de chegar na Nam\u00edbia a viagem foi um passeio a parte. Fui observando cada detalhes, at\u00e9 as estradas.<\/p>\n<p><img loading=\"lazy\" decoding=\"async\" class=\"alignnone size-full wp-image-7324\" src=\"http:\/\/queromochilar.com.br\/wp-content\/uploads\/2018\/03\/1-Quero-Mochilar-Soussvlei.jpg\" alt=\"\" width=\"1013\" height=\"675\"><\/p>\n<p><em><strong>Foto: Caminho, quase 80% dele \u00e9 assim.<\/strong><\/em><\/p>\n<p><img loading=\"lazy\" decoding=\"async\" class=\"alignnone size-full wp-image-7325\" src=\"http:\/\/queromochilar.com.br\/wp-content\/uploads\/2018\/03\/2-Quero-Mochilar-Soussvlei.jpg\" alt=\"\" width=\"1013\" height=\"675\">H\u00e1 uma parte da viagem que descemos pelas montanhas e temos uma vista incr\u00edvel, mas no horizonte tem um tipo de nevoeiro, que atrapalha a visibilidade a longo alcance, penso que isso \u00e9 devido a areia suspensa, mas isso foi eu que deduzi rs.<\/p>\n<p><img loading=\"lazy\" decoding=\"async\" class=\"alignnone size-full wp-image-7326\" src=\"http:\/\/queromochilar.com.br\/wp-content\/uploads\/2018\/03\/2.1-Quero-Mochilar-Soussvlei.jpg\" alt=\"\" width=\"1013\" height=\"675\"><\/p>\n<p><em><strong>Foto: Descendo a montanha.<\/strong><\/em><\/p>\n<p><img loading=\"lazy\" decoding=\"async\" class=\"alignnone size-full wp-image-7327\" src=\"http:\/\/queromochilar.com.br\/wp-content\/uploads\/2018\/03\/3-Quero-Mochilar-Soussvlei.jpg\" alt=\"\" width=\"1013\" height=\"675\">Vale observar que apesar de ser de terra, as estradas eram bem largas e estavam em \u00f3timas condi\u00e7\u00f5es. E ainda sempre que v\u00edamos um posto par\u00e1vamos para abastecer, pois haviam poucas cidades e postos pelo caminho.<\/p>\n<p>Eu curto muito paisagens e neste trajeto n\u00e3o fechei os olhos por nenhum minuto, estava sempre a procura de animais no meio da vegeta\u00e7\u00e3o super seca e de paisagens diferentes para fotografar, \u00a0as vezes via um babu\u00edno, um ant\u00edlope, um javali.. e assim ia me divertindo pelo caminho.<\/p>\n<p><img loading=\"lazy\" decoding=\"async\" class=\"alignnone size-full wp-image-7329\" src=\"http:\/\/queromochilar.com.br\/wp-content\/uploads\/2018\/03\/5-Quero-Mochilar-Soussvlei.jpg\" alt=\"\" width=\"1049\" height=\"675\"><\/p>\n<p><em><strong>Foto: A primeira vez que as vi ao vivo e em liberdade. A Gazela mais disputada no Discovery Channel \u2013 Todo mundo quer com\u00ea-las\u2026 rs.<\/strong><\/em><\/p>\n<p><img decoding=\"async\" src=\"http:\/\/queromochilar.com.br\/wp-content\/uploads\/2018\/03\/6.1-Quero-Mochilar-Soussvlei.jpg\" alt=\"\"><\/p>\n<p><em><b>Foto: Um Oryx correndo na beira da estrada \u2013 Tamb\u00e9m foi a primeira vez que vi este animal\u00a0<\/b><b>incr\u00edvel<\/b><b>.<\/b><\/em><\/p>\n<p>\u00c0s 17h00 chegamos no parque, no Sesriem Campsite. Agora vamos l\u00e1\u2026<\/p>\n<p><img loading=\"lazy\" decoding=\"async\" class=\"alignnone size-full wp-image-7332\" src=\"http:\/\/queromochilar.com.br\/wp-content\/uploads\/2018\/03\/7-Quero-Mochilar-Soussvlei.jpg\" alt=\"\" width=\"1080\" height=\"665\"><\/p>\n<p><em><strong>Foto: Cancela de entrada do parque.<\/strong><\/em><\/p>\n<p><strong>Parque Nacional Namib-Naukluft<\/strong><\/p>\n<p><strong>Hor\u00e1rio de funcionamento:<\/strong>\u00a0Diariamente. Os visitantes s\u00f3 podem entrar entre o nascer e o p\u00f4r do sol ( Geralmente entre: 6h15 \u00e0s 19h30).<\/p>\n<p><strong>Valor:<\/strong><\/p>\n<ul>\n<li>N$ 80 (R$ 21,73) \u2013 Entrada no parque.<\/li>\n<li>N$ 10 (R$ 2,72) \u2013 Entrada por ve\u00edculo.<\/li>\n<li>N$ 200 (R$ 54,34) \u2013 Acampar no interior do parque.<\/li>\n<\/ul>\n<p><strong>Observa\u00e7\u00f5es importantes:<\/strong><\/p>\n<p>1-) Quando voc\u00ea paga a entrada, ela tem um tempo de vig\u00eancia de 24 horas corridas, mas isso n\u00e3o fica claro. Ent\u00e3o cuide de sair de dentro do parque dentro destas 24 horas para n\u00e3o correr o risco de ter que pagar por outra di\u00e1ria.<\/p>\n<p>2-) Voc\u00ea pode sair e voltar dentro deste prazo de vig\u00eancia de 24 horas quantas vezes quiser, desde que o fa\u00e7a entre o nascer e p\u00f4r do sol.<\/p>\n<p>Chegando no parque fomos direto nos acomodar, t\u00ednhamos decidido acampar ao inv\u00e9s de lodge por ser mais barato mesmo, os lodges aqui s\u00e3o beeeeem caros. Como n\u00e3o hav\u00edamos feito a reserva com anteced\u00eancia, poucas eram as \u00e1reas dispon\u00edveis para as barracas e tivemos que ficar em uma \u00e1rea sem ilumina\u00e7\u00e3o (o lado ruim de n\u00e3o reservar).<\/p>\n<p><img loading=\"lazy\" decoding=\"async\" class=\"alignnone size-full wp-image-7333\" src=\"http:\/\/queromochilar.com.br\/wp-content\/uploads\/2018\/03\/8.1-Quero-Mochilar-Soussvlei.jpg\" alt=\"\" width=\"1080\" height=\"662\"><strong>Sobre a \u00e1rea de acampamento do parque.<\/strong><\/p>\n<p>A \u00e1rea de acampamento fica bem pr\u00f3xima a entrada e a recep\u00e7\u00e3o, colada no restaurante e loja do parque. A estrutura \u00e9 boa, as \u00e1reas bem demarcadas, com lixeiras e h\u00e1 banheiros masculinos e femininos com banho de \u00e1gua quente.<\/p>\n<p>Se reservar com anteced\u00eancia voc\u00ea pode escolher uma \u00e1rea com l\u00e2mpadas nas \u00e1rvores. N\u00e3o h\u00e1 parte cimentada e voc\u00ea j\u00e1 sai do banheiro na areia sujando os p\u00e9s\u2026rs .\u00a0<em>Don\u00b4t worry and be happy.<\/em><\/p>\n<p>Dai voc\u00ea pensa: \u201cEsse louco vai acampar no meio da \u00c1frica sem luz?\u201d\u2026\u00a0<em>Do not worry<\/em>\u00a0mais uma vez meu amigo, aqui nesta regi\u00e3o n\u00e3o h\u00e1 felinos predadores\u2026 pelo menos nos garantiram e eu acreditei\u2026rs.<\/p>\n<p>Decidido nossa acomoda\u00e7\u00e3o, pegamos mapas e explica\u00e7\u00f5es na recep\u00e7\u00e3o do parque e corremos direto para o primeiro passeio, pois como n\u00e3o ficar\u00edamos no outro dia at\u00e9 o p\u00f4r do sol, este era o momento de apreci\u00e1-lo do alto da duna Elim.<\/p>\n<p><strong>Duna Elim<\/strong><\/p>\n<p><strong>Dist\u00e2ncia do Sesriem campsite:\u00a0<\/strong>4,7 km \u2013 10 minutos.<\/p>\n<p>Esta \u00e9 a duna procurada por todos para apreciar o p\u00f4r do sol, e realmente observ\u00e1-lo daqui \u00e9 especial e imperd\u00edvel. S\u00f3 consegue fazer este roteiro quem fica hospedado dentro do parque, pois os port\u00f5es fecham exatamente na hora que o sol se p\u00f5e, portanto, mais um motivo para pernoitar pelo menos uma noite aqui.<\/p>\n<p>Sa\u00edmos t\u00e3o afobado da recep\u00e7\u00e3o por conta do hor\u00e1rio, pois t\u00ednhamos pouco tempo para subir as dunas antes do sol se por, que acabamos passando a entrada, que est\u00e1 apenas 1,5 km da recep\u00e7\u00e3o. Demoramos para perceber, e quando percebemos j\u00e1 est\u00e1vamos um pouco longe, ent\u00e3o voltamos e gra\u00e7as a Deus n\u00e3o perdemos o espet\u00e1culo.<\/p>\n<p>Para chegar at\u00e9 l\u00e1 os primeiros 1,5 km s\u00e3o de asfalto e o restante do caminho de terra, ou melhor, de areia e n\u00e3o h\u00e1 erro, s\u00f3 ir observando o lado direito, que h\u00e1 uma placa, discreta indicando caminho.<\/p>\n<p>Conseguimos chegar com carro baixo, a estrada aqui n\u00e3o \u00e9 cheia de atoleiros de areia.<\/p>\n<p>Fique atento, pois pelo caminho voc\u00ea pode avistar v\u00e1rios animais, inclusive o Oryx, s\u00edmbolo do parque.<\/p>\n<p><img loading=\"lazy\" decoding=\"async\" class=\"alignnone size-full wp-image-7330\" src=\"http:\/\/queromochilar.com.br\/wp-content\/uploads\/2018\/03\/6-Quero-Mochilar-Soussvlei.jpg\" alt=\"\" width=\"1052\" height=\"675\"><\/p>\n<p>Quando chegamos l\u00e1 eu n\u00e3o esperei ningu\u00e9m, peguei minha m\u00e1quina e subi correndo igual um doido. Estava com muito medo de perder o espet\u00e1culo.<\/p>\n<p><img loading=\"lazy\" decoding=\"async\" class=\"alignnone size-full wp-image-7334\" src=\"http:\/\/queromochilar.com.br\/wp-content\/uploads\/2018\/03\/8.8-Quero-Mochilar-Soussvlei.jpg\" alt=\"\" width=\"1013\" height=\"675\"><\/p>\n<p><strong><em>Foto: Est\u00e3o vendo aqueles pontinhos l\u00e1 no alto? S\u00e3o pessoas\u2026 rs.<\/em><\/strong><\/p>\n<p>A subida da duna completa pode levar at\u00e9 uma hora para algumas pessoas, eu fiz um trecho menor, mas em bem menos tempo tamb\u00e9m. L\u00e1 do alto al\u00e9m do p\u00f4r do sol, voc\u00ea ainda tem uma bela vis\u00e3o para as montanhas Naukluf.<\/p>\n<p><img loading=\"lazy\" decoding=\"async\" class=\"alignnone size-full wp-image-7335\" src=\"http:\/\/queromochilar.com.br\/wp-content\/uploads\/2018\/03\/8.8.1-Quero-Mochilar-Soussvlei.jpg\" alt=\"\" width=\"1080\" height=\"658\"><\/p>\n<p><strong><em>Foto: Vista para estrada que chegamos.<\/em><\/strong><\/p>\n<p><img decoding=\"async\" src=\"http:\/\/queromochilar.com.br\/wp-content\/uploads\/2018\/03\/9-Quero-Mochilar-Soussvlei.jpg\" alt=\"\"><\/p>\n<p><em><strong>Foto: As montanhas Naukluf.<\/strong><\/em><\/p>\n<p><img loading=\"lazy\" decoding=\"async\" class=\"alignnone size-full wp-image-7337\" src=\"http:\/\/queromochilar.com.br\/wp-content\/uploads\/2018\/03\/8.9-Quero-Mochilar-Soussvlei.jpg\" alt=\"\" width=\"1016\" height=\"675\"><\/p>\n<p><strong><em>Foto: Ainda tinha bastante ch\u00e3o pelo caminho como podem ver, e o sol j\u00e1 estava descendo.<\/em><\/strong><\/p>\n<p>N\u00e3o tinha maneira melhor de finalizar este meu primeiro dia na Nam\u00edbia. O sol realmente estava incr\u00edvel, uma bola gigante de fogo no c\u00e9u. Como escolher uma foto??<\/p>\n<p><img decoding=\"async\" src=\"http:\/\/queromochilar.com.br\/wp-content\/uploads\/2018\/03\/11-Quero-Mochilar-Soussvlei.jpg\" alt=\"\"><\/p>\n<p><em><strong>Foto: Desaparecendo a enorme bola de fogo.<\/strong><\/em><\/p>\n<p><img loading=\"lazy\" decoding=\"async\" class=\"alignnone size-full wp-image-7342\" src=\"http:\/\/queromochilar.com.br\/wp-content\/uploads\/2018\/03\/11.8-Quero-Mochilar-Soussvlei.jpg\" alt=\"\" width=\"1013\" height=\"675\"><\/p>\n<p><strong><em>Foto: Sem zoom\u2026<\/em><\/strong><\/p>\n<p><img loading=\"lazy\" decoding=\"async\" class=\"alignnone size-full wp-image-7343\" src=\"http:\/\/queromochilar.com.br\/wp-content\/uploads\/2018\/03\/12-Quero-Mochilar-Soussvlei.jpg\" alt=\"\" width=\"1013\" height=\"675\">Passeio feito, voltamos para o camping. Acredita que atolamos no are\u00e3o na \u00e1rea das barracas (rs). Pra voc\u00eas verem, que at\u00e9 l\u00e1, h\u00e1 trechos ruins para carro baixo.<\/p>\n<p>Problema resolvido, foi hora de armar as barracas com a luz do carro, tomar aquele banho pra tirar a sujeira, comer nossas guloseimas e descansar, que o outro dia seria dedicado a conhecer o lugar que me trouxe para o pa\u00eds.<\/p>\n<p><img decoding=\"async\" src=\"http:\/\/queromochilar.com.br\/wp-content\/uploads\/2018\/03\/16-Quero-Mochilar-Soussvlei.jpg\" alt=\"\"><\/p>\n<p><strong><em>Foto: Bebendo vinho fino da Groot Constantia de Cape Town e comendo \u201ctranqueiras\u201d\u2026rs.<\/em><\/strong><\/p>\n<p><strong>Dia 15 \u2013 10\/09\/2017<\/strong><\/p>\n<p>O dia come\u00e7ou cedo, \u00e1s 6h00 j\u00e1 estava de p\u00e9, pronto para ver o sol nascer da Duna 45, outra atra\u00e7\u00e3o que s\u00f3 tem acesso quem dorme no parque.<\/p>\n<p>Caf\u00e9 da manh\u00e3 tomado, partimos rumo a duna\u2026<\/p>\n<p><strong>Duna 45<\/strong><\/p>\n<p><strong>Dist\u00e2ncia do Sesriem Campsite: 45 km \u2013 1 hora.\u00a0<\/strong>Mesmo sendo asfalto o trajeto at\u00e9 l\u00e1, n\u00e3o podemos correr muito devido risco de animais na pista.<\/p>\n<p>O trajeto do Sesriem Gate at\u00e9 a duna ser de 45 km n\u00e3o \u00e9 coincid\u00eancia, e \u00e9 por causa desta dist\u00e2ncia que ela foi batizada com este nome.<\/p>\n<p>Chegar at\u00e9 l\u00e1 \u00e9 f\u00e1cil, a estrada \u00e9 toda asfaltada e ela fica bem ao lado esquerdo do asfalto, portanto n\u00e3o precisa pegar nenhum trecho de areia e chega com carro normal tranquilamente.<\/p>\n<p>A duna \u00e9 enorme e linda, ali\u00e1s, espetacular. E \u00e9 daqui que os visitantes do parque veem mais um dia come\u00e7ar na Nam\u00edbia.<\/p>\n<p><img decoding=\"async\" src=\"http:\/\/queromochilar.com.br\/wp-content\/uploads\/2018\/03\/21-Quero-Mochilar-Soussvlei.jpg\" alt=\"\"><\/p>\n<p><em><strong>Foto: Vamos come\u00e7ar a caminhada?<\/strong><\/em><\/p>\n<p><img loading=\"lazy\" decoding=\"async\" class=\"alignnone size-full wp-image-7350\" src=\"http:\/\/queromochilar.com.br\/wp-content\/uploads\/2018\/03\/26-Quero-Mochilar-Soussvlei.jpg\" alt=\"\" width=\"1013\" height=\"675\"><\/p>\n<p><em><strong>Foto: Bem ao lado da duna tem esta \u00e1rvore bem ex\u00f3tica, que d\u00e1 \u00f3timas fotos.<\/strong><\/em><\/p>\n<p><img loading=\"lazy\" decoding=\"async\" class=\"alignnone size-full wp-image-7351\" src=\"http:\/\/queromochilar.com.br\/wp-content\/uploads\/2018\/03\/27-Quero-Mochilar-Soussvlei.jpg\" alt=\"\" width=\"1013\" height=\"675\">Em torno das 7 horas eu j\u00e1 estava l\u00e1. O \u00a0dia j\u00e1 tinha luz, mas o sol ainda n\u00e3o tinha dado o ar da gra\u00e7a. O hor\u00e1rio de aparecer \u00e9 \u00e0s 7h45, o que foi tempo suficiente para subir at\u00e9 o topo da duna. Em rela\u00e7\u00e3o ao topo, n\u00e3o parece muito quando falamos dele em n\u00fameros, pois est\u00e1 a 150 metros do ch\u00e3o, mas quando estamos l\u00e1 no alto temos uma vis\u00e3o incr\u00edvel do parque e parece que estamos bem mais altos.<\/p>\n<p><img loading=\"lazy\" decoding=\"async\" class=\"alignnone size-full wp-image-7348\" src=\"http:\/\/queromochilar.com.br\/wp-content\/uploads\/2018\/03\/22-Quero-Mochilar-Soussvlei.jpg\" alt=\"\" width=\"1032\" height=\"675\"><\/p>\n<p><em><strong>Foto: Estacionamento visto l\u00e1 do alto da duna.<\/strong><\/em><\/p>\n<p>L\u00e1 do alto podemos perceber que n\u00e3o \u00e9 a toa que esta \u00e9 a duna mais fotografada do mundo. Formato, cor, paisagem, todo este conjunto a torna algo realmente pra l\u00e1 de especial.<\/p>\n<p><img loading=\"lazy\" decoding=\"async\" class=\"alignnone size-full wp-image-7349\" src=\"http:\/\/queromochilar.com.br\/wp-content\/uploads\/2018\/03\/25-Quero-Mochilar-Soussvlei.jpg\" alt=\"\" width=\"1013\" height=\"675\"><\/p>\n<p><em><strong>Foto: Sol nascendo\u2026<\/strong><\/em><\/p>\n<p>Sol j\u00e1 no alto em for\u00e7a total para nos fritar, chegou a hora de seguir em frente\u2026<\/p>\n<p>Da Duna 45, podemos seguir na mesma estrada para conhecer o Deadvlei e Soussvlei, portanto combina\u00e7\u00e3o perfeita.<\/p>\n<p>S\u00f3 que agora temos que abandonar nossos carros.<\/p>\n<p>Para chegar at\u00e9 esta parte do parque somente em ve\u00edculos 4\u00d74, e n\u00e3o \u00e9 s\u00f3 isso, o motorista tem que ter muita experi\u00eancia mesmo com este tipo de ve\u00edculo. A estrada de areia \u00e9 monstruosa, e de arrepiar mesmo. N\u00e3o \u00e9 qualquer um que passa n\u00e3o. Tem muito \u201cneguim\u201d que arrisca e fica pelo caminho dando trabalho para equipe do parque no atoleiro de areia.<\/p>\n<p><img loading=\"lazy\" decoding=\"async\" class=\"alignnone size-full wp-image-7354\" src=\"http:\/\/queromochilar.com.br\/wp-content\/uploads\/2018\/03\/30-Quero-Mochilar-Soussvlei.jpg\" alt=\"\" width=\"1013\" height=\"675\"><\/p>\n<p><em><strong>Foto: Um exemplo!<\/strong><\/em><\/p>\n<p>O ideal mesmo \u00e9 parar o carro no estacionamento, que \u00e9 o ponto final da estrada de asfalto, e pegar o ve\u00edculo oficial do parque que leva at\u00e9 l\u00e1.<\/p>\n<p><strong>Entrada para o Deadvlei e Soussvlei<\/strong><\/p>\n<p><strong>Dist\u00e2ncia do Sesriem Campsite:\u00a0<\/strong>61 km \u2013 1h e 20 minutos + 6 km com ve\u00edculo oficial \u2013 20 minutos.<\/p>\n<p><strong>Transporte:<\/strong>\u00a0A cada 10\/15 minutos (tanto no in\u00edcio quanto no fim do trajeto).<\/p>\n<p><strong>Valor:<\/strong>\u00a0N$ 150 (R$ 40,75)<\/p>\n<p>Aqui \u00e9 onde ficam todos os ve\u00edculos que n\u00e3o s\u00e3o 4 x 4, e onde pegamos o transporte at\u00e9 as atra\u00e7\u00f5es.<\/p>\n<p><img loading=\"lazy\" decoding=\"async\" class=\"alignnone size-full wp-image-7352\" src=\"http:\/\/queromochilar.com.br\/wp-content\/uploads\/2018\/03\/28-Quero-Mochilar-Soussvlei.jpg\" alt=\"\" width=\"1013\" height=\"675\"><\/p>\n<p><strong><em>Foto: Estacionamento dos carro, o trator que nos puxa at\u00e9 as atra\u00e7\u00f5es no are\u00e3o e a casa onde vendem os ingresso.<\/em><\/strong><\/p>\n<p><img loading=\"lazy\" decoding=\"async\" class=\"alignnone size-full wp-image-7353\" src=\"http:\/\/queromochilar.com.br\/wp-content\/uploads\/2018\/03\/29-Quero-Mochilar-Soussvlei.jpg\" alt=\"\" width=\"1013\" height=\"675\"><\/p>\n<p><em><strong>Foto: Mais um habitante do deserto dando o ar da gra\u00e7a.<\/strong><\/em><\/p>\n<p>Deixamos nosso ve\u00edculo, compramos nossas passagem e l\u00e1 fomos n\u00f3s sacolejando pela areia. S\u00e3o apenas 6 km, mas demora em torno de uns 20 minutos, e como chacoalha, tem hora que parece at\u00e9 que vai atolar ou tombar\u2026rs, ahhh e como faz calor\u2026 rs.<\/p>\n<p>Agora vamos l\u00e1 para as atra\u00e7\u00f5es neste trajeto.<\/p>\n<p><strong>Deadvlei<\/strong><\/p>\n<p>Este como disse, \u00e9 o lugar que me trouxe at\u00e9 aqui, e onde eu mais queria pisar. O Deadvlei fica no primeiro ponto de parada. Aqui descemos, pegamos uma trilha junto com a multid\u00e3o e vamos ao encontro do cen\u00e1rio com as \u00e1rvores secas.<\/p>\n<p><img loading=\"lazy\" decoding=\"async\" class=\"alignnone size-full wp-image-7355\" src=\"http:\/\/queromochilar.com.br\/wp-content\/uploads\/2018\/03\/31-Quero-Mochilar-Soussvlei.jpg\" alt=\"\" width=\"1013\" height=\"675\"><\/p>\n<p><em><strong>Foto: Tudo muito simples\u2026 evite passar mal\u2026rs.<\/strong><\/em><\/p>\n<p><img loading=\"lazy\" decoding=\"async\" class=\"alignnone size-full wp-image-7356\" src=\"http:\/\/queromochilar.com.br\/wp-content\/uploads\/2018\/03\/32-Quero-Mochilar-Soussvlei.jpg\" alt=\"\" width=\"1013\" height=\"675\">S\u00e3o aproximadamente 15 minutos de caminhada. Eu desviei a duna para ir e na volta voltei por ela. A caminhada \u00e9 debaixo de um sol forte, e bem puxada, pois os p\u00e9s v\u00e3o afundando na areia, mas vale cada gota de suor.<\/p>\n<p><img loading=\"lazy\" decoding=\"async\" class=\"alignnone size-full wp-image-7358\" src=\"http:\/\/queromochilar.com.br\/wp-content\/uploads\/2018\/03\/33-Quero-Mochilar-Soussvlei.jpg\" alt=\"\" width=\"1013\" height=\"675\"><\/p>\n<p><em><strong>Foto: Podemos ir subindo a duna, ou contornando.<\/strong><\/em><\/p>\n<p><img loading=\"lazy\" decoding=\"async\" class=\"alignnone size-full wp-image-7359\" src=\"http:\/\/queromochilar.com.br\/wp-content\/uploads\/2018\/03\/33.1-Quero-Mochilar-Soussvlei.jpg\" alt=\"\" width=\"1013\" height=\"675\">E afinal, o que \u00e9 o Deadvlei\u2026<\/p>\n<p>O nome Deadvlei significa \u201cp\u00e2ntano morto\u201d e remete \u00e0 \u00e9poca em que esta \u00e1rea era um lugar f\u00e9rtil, banhado pelo rio Tsauchab. Hoje o lugar \u00e9 apenas uma bacia de argila branca rodeada por dunas enormes de um tom amarelado\/avermelhado, e neste mesmo ch\u00e3o branco est\u00e3o centenas de \u00e1rvores secas, que segundo estimativas tem mais de 1.000 anos.<\/p>\n<p><img loading=\"lazy\" decoding=\"async\" class=\"alignnone size-full wp-image-7357\" src=\"http:\/\/queromochilar.com.br\/wp-content\/uploads\/2018\/03\/32.9-Quero-Mochilar-Soussvlei.jpg\" alt=\"\" width=\"1013\" height=\"675\"><\/p>\n<p><em><strong>Foto: Quase chegando\u2026 ufa!! Uma sombra, mesmo que de duna\u2026rs.<\/strong><\/em><\/p>\n<p><img loading=\"lazy\" decoding=\"async\" class=\"alignnone size-full wp-image-7360\" src=\"http:\/\/queromochilar.com.br\/wp-content\/uploads\/2018\/03\/34-Quero-Mochilar-Soussvlei.jpg\" alt=\"\" width=\"1013\" height=\"675\">Foram as freq\u00fcentes enchentes que trouxeram esta argila e criou um ambiente prop\u00edcio para que algumas esp\u00e9cies de \u00e1rvores aqui se desenvolvessem. E a hist\u00f3ria desta forma\u00e7\u00e3o \u00e9 a seguinte: Com o passar dos anos, na \u00e9poca que ocorriam as enchentes, come\u00e7aram a aparecer as dunas, o que impediu a chegada da \u00e1gua at\u00e9 o local, provocando a morte das \u00e1rvores. Para completar o cen\u00e1rio in\u00f3spito, a falta de umidade ocasionada pela barreira criada pelas dunas e o calor da regi\u00e3o, fizeram as \u00e1rvores secarem por completo e hoje elas s\u00e3o consideradas at\u00e9 petrificadas de t\u00e3o secas. Ainda esta falta de umidade, que \u00e9 extremamente baixa por aqui, impede que elas apodre\u00e7am garantindo para n\u00f3s essa vis\u00e3o deslumbrante.<\/p>\n<p>Quando cheguei fiquei um tempo admirando, queria registrar cada detalhe. Sem d\u00favida este foi um dos cen\u00e1rios mais incr\u00edveis que meus olhos j\u00e1 viram.<\/p>\n<p><img loading=\"lazy\" decoding=\"async\" class=\"alignnone size-full wp-image-7364\" src=\"http:\/\/queromochilar.com.br\/wp-content\/uploads\/2018\/03\/35.3-Quero-Mochilar-Soussvlei.jpg\" alt=\"\" width=\"1013\" height=\"675\"><\/p>\n<p><strong><em>Foto: Paisagens ex\u00f3ticas n\u00e3o?<\/em><\/strong><\/p>\n<p><img decoding=\"async\" src=\"http:\/\/queromochilar.com.br\/wp-content\/uploads\/2018\/03\/35-Quero-Mochilar-Soussvlei.jpg\" alt=\"\"><\/p>\n<p><em><strong>Foto: Quais \u00e1rvores escolher para minha fotos??<\/strong><\/em><\/p>\n<p><img loading=\"lazy\" decoding=\"async\" class=\"alignnone size-full wp-image-7362\" src=\"http:\/\/queromochilar.com.br\/wp-content\/uploads\/2018\/03\/35.1-Quero-Mochilar-Soussvlei.jpg\" alt=\"\" width=\"1013\" height=\"675\"><\/p>\n<p><em><strong>Foto: \u00c9 proibido subir nas \u00e1rvores ou at\u00e9 mesmo toc\u00e1-las. Seria uma pena quebr\u00e1-las, n\u00e3o \u00e9 mesmo? Mas n\u00e3o se espante, tem gente que por uma foto, faz essa enorme falta de respeito com esse patrim\u00f4nio incr\u00edvel.<\/strong><\/em><\/p>\n<p><img loading=\"lazy\" decoding=\"async\" class=\"alignnone size-full wp-image-7365\" src=\"http:\/\/queromochilar.com.br\/wp-content\/uploads\/2018\/03\/35.4-Quero-Mochilar-Soussvlei.jpg\" alt=\"\" width=\"1013\" height=\"675\"><\/p>\n<p><em><strong>Foto: Admire-as assim: S\u00f3 olhando.<\/strong><\/em><\/p>\n<p><img decoding=\"async\" src=\"http:\/\/queromochilar.com.br\/wp-content\/uploads\/2018\/03\/35.5-Quero-Mochilar-Soussvlei.jpg\" alt=\"\"><\/p>\n<p><strong><em>Foto: Como estava quente e eu suado\u2026rs.<\/em><\/strong><\/p>\n<p><img loading=\"lazy\" decoding=\"async\" class=\"alignnone size-full wp-image-7367\" src=\"http:\/\/queromochilar.com.br\/wp-content\/uploads\/2018\/03\/35.6-Quero-Mochilar-Soussvlei.jpg\" alt=\"\" width=\"1022\" height=\"675\">Ap\u00f3s as fotos, fui subir a Duna \u2013 Big Daddy \u2013 para fotografar l\u00e1 do alto.<\/p>\n<p><strong>Big Daddy<\/strong><\/p>\n<p>Esta \u00e9 uma das maiores dunas do mundo, com 325 metros de altura e s\u00f3 perde para a Duna 7, em Walvis Bay tamb\u00e9m na Nam\u00edbia, com 340 metros. \u00c9 esta duna que separa o Sossusvlei e Deadvlei.<\/p>\n<p>N\u00e3o subi ela inteira, mas boa parte, somente para voltar para o estacionamento por outro trajeto, e \u00e9 bem cansativo, mas l\u00e1 do alto temos uma vista incr\u00edvel do vale.<\/p>\n<p><img loading=\"lazy\" decoding=\"async\" class=\"alignnone size-full wp-image-7368\" src=\"http:\/\/queromochilar.com.br\/wp-content\/uploads\/2018\/03\/35.7-Quero-Mochilar-Soussvlei.jpg\" alt=\"\" width=\"1013\" height=\"675\"><\/p>\n<p><strong>Foto: A vis\u00e3o daqui do alto \u00e9 show de bola!<\/strong><\/p>\n<p><img loading=\"lazy\" decoding=\"async\" class=\"alignnone size-full wp-image-7369\" src=\"http:\/\/queromochilar.com.br\/wp-content\/uploads\/2018\/03\/36-Quero-Mochilar-Soussvlei.jpg\" alt=\"\" width=\"1013\" height=\"675\"><\/p>\n<p><em><strong>Foto: O estacionamento do Deadvlei, pra onde eu voltaria \u2013 Vista do alto da duna.<\/strong><\/em><\/p>\n<p>Terminado o primeiro passeio, fiz uma confus\u00e3o, e voltei do Deadvlei para o estacionamento, e s\u00f3 depois descobri que tinha mais pra ver naquele trajeto onde estava, o Soussvlei. Ent\u00e3o, conversei no transporte para n\u00e3o pagar novamente e voltei para ir neste segundo ponto.<\/p>\n<p>Sacolejei tudo novamente, passei pela parada que vai para o Deadvlei, n\u00e3o desci, aguardei o transporte lotar novamente e ent\u00e3o segui para a segunda parada.<\/p>\n<p><strong>Sossusvlei<\/strong><\/p>\n<p>O Sossusvlei fica no ponto final da estrada e \u00e9 um vale rodeado por dunas avermelhadas. Acaba que seu nome \u00e9 usado para identificar toda esta \u00e1rea que abrange as principais atra\u00e7\u00f5es: Big Daddy e Deadvlei.<\/p>\n<p><img loading=\"lazy\" decoding=\"async\" class=\"alignnone size-full wp-image-7370\" src=\"http:\/\/queromochilar.com.br\/wp-content\/uploads\/2018\/03\/42-Quero-Mochilar-Soussvlei.jpg\" alt=\"\" width=\"1027\" height=\"675\"><\/p>\n<p><em><strong>Foto: Ponto de chegada.<\/strong><\/em><\/p>\n<p><img loading=\"lazy\" decoding=\"async\" class=\"alignnone size-full wp-image-7371\" src=\"http:\/\/queromochilar.com.br\/wp-content\/uploads\/2018\/03\/43-Quero-Mochilar-Soussvlei.jpg\" alt=\"\" width=\"1080\" height=\"662\"><\/p>\n<p>Este local \u00e9 tamb\u00e9m formado por uma grande concentra\u00e7\u00e3o de sal e argila trazidas pelo Rio Tsauchab durante as enchentes, o mesmo que criou o Deadvlei.\u00a0Estas enchentes n\u00e3o acontecem com frequ\u00eancia, e quando ocorre, em intervalos de 5 e 10 anos, a \u00e1gua \u00e9 drenada por entre as Dunas, por isso o nome do lugar: \u201cSossus\u201d, lugar sem sa\u00edda e tamb\u00e9m por isso ainda aqui h\u00e1 algumas \u00e1rvores com vida.<\/p>\n<p><img loading=\"lazy\" decoding=\"async\" class=\"alignnone size-full wp-image-7372\" src=\"http:\/\/queromochilar.com.br\/wp-content\/uploads\/2018\/03\/44-Quero-Mochilar-Soussvlei.jpg\" alt=\"\" width=\"1013\" height=\"675\"><\/p>\n<p><strong><em>Foto: Paisagens.<\/em><\/strong><\/p>\n<p><img loading=\"lazy\" decoding=\"async\" class=\"alignnone size-full wp-image-7373\" src=\"http:\/\/queromochilar.com.br\/wp-content\/uploads\/2018\/03\/45-Quero-Mochilar-Soussvlei.jpg\" alt=\"\" width=\"1013\" height=\"675\"><\/p>\n<p><strong><em>Foto: O pessoal \u00e1 no alto encarando a longa caminhada na duna mais alta do parque.<\/em><\/strong><\/p>\n<p><img loading=\"lazy\" decoding=\"async\" class=\"alignnone size-full wp-image-7375\" src=\"http:\/\/queromochilar.com.br\/wp-content\/uploads\/2018\/03\/47-Quero-Mochilar-Soussvlei.jpg\" alt=\"\" width=\"1013\" height=\"675\"><\/p>\n<p><em><strong>Foto: A vida persiste por aqui.<\/strong><\/em><\/p>\n<p>Lugar conhecido, mais belos registros feitos, voltamos ent\u00e3o para o camping\u2026<\/p>\n<p>Ainda pelo caminho h\u00e1 mais uma atra\u00e7\u00e3o, que acabamos n\u00e3o conhecendo, mas vimos sua entrada.<\/p>\n<p><strong>Hiddlenvlei<\/strong><\/p>\n<p>S\u00f3 vi o caminho para o Hiddlenvlei, e j\u00e1 tinha andando tanto que n\u00e3o quis me aventurar no meio do deserto pr\u00f3ximo \u00e0s 11h00 por mais 2 km ( 4 km ida e volta).<\/p>\n<p><img decoding=\"async\" src=\"http:\/\/queromochilar.com.br\/wp-content\/uploads\/2018\/03\/48-Quero-Mochilar-Soussvlei.jpg\" alt=\"\"><\/p>\n<p>Este \u00e9 um lugar pouco visitado, portanto sem aquela muvuca de gente.<\/p>\n<p>Para chegar at\u00e9 l\u00e1 h\u00e1 uma trilha indicada por pequenos postes de madeira. N\u00e3o sei falar se compensa a paisagem, ainda mais depois de ver o melhor do parque, mas se tiver disposi\u00e7\u00e3o e tempo, por que n\u00e3o arriscar, n\u00e3o \u00e9 mesmo??\u2026 rs.<\/p>\n<p>Daqui, voltamos para desfazer nossas barracas, arrumamos nosso carro para a viagem e seguimos para o \u00faltimo passeio.<\/p>\n<p><strong>Sesriem Canyon<\/strong><\/p>\n<p>Este canyon esta do lado de fora do parque, mas bem pertinho, a aproximadamente 4,5 km do port\u00e3o de entrada.<\/p>\n<p>Formado tamb\u00e9m pelo rio Rio Tsauchab , este \u00e9 um canyon pequeno com um pouco mais de 1 km de extens\u00e3o, e profundidade de 30 a 40 metros. Sua forma\u00e7\u00e3o data de 2 a 4 milh\u00f5es de ano atr\u00e1s, e seu nome, de origem African\u00eas, significa seis (ses) tiras de couro (riem), uma rela\u00e7\u00e3o para dizer como eram coletado \u00e1gua aqui, que eram necess\u00e1rias 6 cordas de boi para alcan\u00e7ar sua \u00e1gua com um balde.<\/p>\n<p><img loading=\"lazy\" decoding=\"async\" class=\"alignnone size-full wp-image-7377\" src=\"http:\/\/queromochilar.com.br\/wp-content\/uploads\/2018\/03\/49-Quero-Mochilar-Soussvlei.jpg\" alt=\"\" width=\"1013\" height=\"675\"><\/p>\n<p><em><strong>Foto: Observando o canyon por cima.<\/strong><\/em><\/p>\n<p>Mesmo sendo pequeno e n\u00e3o ser t\u00e3o belo quanto as dunas de areias enormes do parque, penso que vale a pena a visita aqui.<\/p>\n<p>Al\u00e9m de gratuito, \u00e9 muito interessante observar esta forma\u00e7\u00e3o e ver o encaixe das pedras e as diferentes forma\u00e7\u00f5es rochosas. Des\u00e7a e explore um pouco o lugar!<\/p>\n<p><img loading=\"lazy\" decoding=\"async\" class=\"alignnone size-full wp-image-7382\" src=\"http:\/\/queromochilar.com.br\/wp-content\/uploads\/2018\/03\/53-Quero-Mochilar-Soussvlei.jpg\" alt=\"\" width=\"1013\" height=\"675\"><\/p>\n<p><em><strong>Foto: Dentro do Canyon \u2013 O acesso \u00e9 f\u00e1cil.<\/strong><\/em><\/p>\n<p><img decoding=\"async\" src=\"http:\/\/queromochilar.com.br\/wp-content\/uploads\/2018\/03\/50-Quero-Mochilar-Soussvlei.jpg\" alt=\"\"><\/p>\n<p><em><strong>Foto: As vezes eu empolgo\u2026rs.<\/strong><\/em><\/p>\n<p><img loading=\"lazy\" decoding=\"async\" class=\"alignnone size-full wp-image-7380\" src=\"http:\/\/queromochilar.com.br\/wp-content\/uploads\/2018\/03\/51-Quero-Mochilar-Soussvlei.jpg\" alt=\"\" width=\"1013\" height=\"675\"><\/p>\n<p><em><strong>Foto: Passe um tempo andando por ele, far\u00e1 fotos lindas.<\/strong><\/em><\/p>\n<p><img decoding=\"async\" src=\"http:\/\/queromochilar.com.br\/wp-content\/uploads\/2018\/03\/50.1-Quero-Mochilar-Soussvlei.jpg\" alt=\"\"><\/p>\n<p><em><strong>Foto: Olhe de perto. Que loucura de forma\u00e7\u00e3o, n\u00e3o \u00e9?<\/strong><\/em><\/p>\n<p>Daqui fomos para Okahandja, a cidade do nosso motorista Jonas, e dormimos na sua casa, conhecemos seus amigos e foi uma noite bem agrad\u00e1vel, que terminei assistindo novela indiana\u2026rs. Acabou que dormimos cedo, pois no pr\u00f3ximo dia\u00a0iriamos sair\u00a0de madrugada para uma outra visita especial. A Tribo Himba.<\/p>\n<p><strong>LI\u00c7\u00d5ES APRENDIDAS.<\/strong><\/p>\n<p>1- Se for de carro partindo de Windhoek, abaste\u00e7a sempre que ver um posto, pois h\u00e1 poucos pelo caminho.<\/p>\n<p>2- Chegar de carro baixo no parque, at\u00e9 que chega sem problemas, mas l\u00e1 dentro tem uns trechos que \u00e9 bom evitar. Pergunte sempre na recep\u00e7\u00e3o.<\/p>\n<p>3- Na entrada do Parque h\u00e1\u00a0um mini mercado, um restaurante e um posto de combust\u00edvel.<\/p>\n<p>4- Os lodges saem em torno de\u00a0 N$ 1.650 (R$ 448,00) por pessoa, op\u00e7\u00e3o para quem deseja mais conforto. Nas intermedia\u00e7\u00f5es do parque h\u00e1 muitos deles.<\/p>\n<p>5- Uma das vantagens de quem decidir dormir dentro do parque \u00e9 que voc\u00ea pode ter acesso as dunas uma hora antes da abertura dos port\u00f5es e ficar l\u00e1 depois que fecham. E somente assim para ver o p\u00f4r do sol\u00a0na Duna Elim e o nascer do sol no dia seguinte\u00a0na Duna 45.<\/p>\n<p>6- Pra quem for ficar mais que um dia h\u00e1 outro camping, o\u00a0<a href=\"http:\/\/www.sossus-oasis.com\/\" target=\"_blank\" rel=\"noopener noreferrer\"><strong>Sossus O\u00e1sis Conveni\u00eancia e Camping<\/strong><\/a>.\u00a0Se eu voltasse o tempo, ficaria um dia em cada um, para curtir mais este belo parque, que ficou pela metade.<\/p>\n<p>7- Mesmo que subir as dunas descal\u00e7o seja bem melhor, as vezes a areia pode ser bem quente, portanto, sempre v\u00e1 com um cal\u00e7ado. Prefira cal\u00e7ados fechado, pois chinelos pode queimar os p\u00e9s do mesmo jeito.<\/p>\n<p>8- Independente da \u00e9poca do ano leve sempre um agasalho, pois mesmo no ver\u00e3o a noite pode ter uma temperatura que exija uma roupa mais quente. J\u00e1 no inverno faz frio mesmo e com certeza voc\u00ea ir\u00e1 precisar.<\/p>\n<p>9- Se for acampar leve uma lanterna, ser\u00e1 bem \u00fatil.<\/p>\n<p>10- Se for subir a Duna 45, chegue pelo menos 30 minutos antes do nascer do sol. Ele nasce \u00e0s 7h45.<\/p>\n<p>11- Pessoal, n\u00e3o \u00e9 f\u00e1cil visitar o deserto de baixo daquele sol, portanto, programe-se sempre para visitar as dunas o mais cedo poss\u00edvel e evitar o hor\u00e1rio das 11h00 \u00e0s 14h00.<\/p>\n<p>12- Quem quiser optar por ir andando para o Deadvlei e Soussvlei, ao inv\u00e9s de pagar o ve\u00edculo: Pode. Boa sorte para encarar o sol\u2026 rs.<\/p>\n<p>13- C\u00e9u de estrelas: N\u00e3o deixe de curtir o c\u00e9u durante seu acampamento. C\u00e9u de deserto \u00e9 algo incr\u00edvel.<\/p>\n<p style=\"text-align: center;\"><strong>ESTA \u00c9 UM PARTE DO POST ORIGINAL DO BLOG <a href=\"http:\/\/queromochilar.com.br\/\" target=\"_blank\" rel=\"noopener\">QUERO MOCHILAR<\/a>, PARA SABER MAIS INFORMA\u00c7\u00d5ES E CUSTO TOTAL DA VIAGEM, ACESSE O POST COMPLETO E O ROTEIRO DE 15 DIAS PELA AFRICA DO SUL E NAM\u00cdBIA.<\/strong><\/p>\n","protected":false},"excerpt":{"rendered":"<p>ROTEIRO Mais um dia come\u00e7ava, e l\u00e1 estava eu esperando meu t\u00e1xi para o aeroporto Cape Town. Era meu \u00faltimo dia na \u00c1frica do Sul, de onde eu partia levando \u00f3timas lembran\u00e7as. Voei pela empresa South Africa Airline at\u00e9 Windhoek, foram em torno de 2 horas de voo at\u00e9 a capital da Nam\u00edbia. Um voo [&hellip;]<\/p>\n","protected":false},"author":969,"featured_media":36301,"comment_status":"open","ping_status":"closed","sticky":false,"template":"","format":"standard","meta":{"googlesitekit_rrm_CAoiELM5mIOjYRN0nfylq3_9r-8:productID":"","_crdt_document":"","_daim_seo_power":"","_daim_enable_ail":"","footnotes":""},"categories":[168,1191],"tags":[2297,2296,1375],"class_list":["post-36302","post","type-post","status-publish","format-standard","has-post-thumbnail","hentry","category-blog","category-africa","tag-deadvlei","tag-namibia","tag-relatos-de-viagem"],"_links":{"self":[{"href":"https:\/\/www.mochileiros.com\/blog\/wp-json\/wp\/v2\/posts\/36302","targetHints":{"allow":["GET"]}}],"collection":[{"href":"https:\/\/www.mochileiros.com\/blog\/wp-json\/wp\/v2\/posts"}],"about":[{"href":"https:\/\/www.mochileiros.com\/blog\/wp-json\/wp\/v2\/types\/post"}],"author":[{"embeddable":true,"href":"https:\/\/www.mochileiros.com\/blog\/wp-json\/wp\/v2\/users\/969"}],"replies":[{"embeddable":true,"href":"https:\/\/www.mochileiros.com\/blog\/wp-json\/wp\/v2\/comments?post=36302"}],"version-history":[{"count":0,"href":"https:\/\/www.mochileiros.com\/blog\/wp-json\/wp\/v2\/posts\/36302\/revisions"}],"wp:featuredmedia":[{"embeddable":true,"href":"https:\/\/www.mochileiros.com\/blog\/wp-json\/wp\/v2\/media\/36301"}],"wp:attachment":[{"href":"https:\/\/www.mochileiros.com\/blog\/wp-json\/wp\/v2\/media?parent=36302"}],"wp:term":[{"taxonomy":"category","embeddable":true,"href":"https:\/\/www.mochileiros.com\/blog\/wp-json\/wp\/v2\/categories?post=36302"},{"taxonomy":"post_tag","embeddable":true,"href":"https:\/\/www.mochileiros.com\/blog\/wp-json\/wp\/v2\/tags?post=36302"}],"curies":[{"name":"wp","href":"https:\/\/api.w.org\/{rel}","templated":true}]}}