{"id":3652,"date":"2012-10-21T00:05:31","date_gmt":"2012-10-21T03:05:31","guid":{"rendered":"https:\/\/www.mochileiros.com\/blog\/?p=3652"},"modified":"2012-10-24T20:38:01","modified_gmt":"2012-10-24T23:38:01","slug":"43-anos-da-morte-de-jack-kerouac","status":"publish","type":"post","link":"https:\/\/www.mochileiros.com\/blog\/43-anos-da-morte-de-jack-kerouac","title":{"rendered":"43 anos da morte de Jack Kerouac"},"content":{"rendered":"<div id=\"attachment_4049\" style=\"width: 610px\" class=\"wp-caption alignnone\"><a href=\"https:\/\/www.mochileiros.com\/blog\/wp-content\/uploads\/2012\/10\/Kerouac_by_Palumbo1.jpg\"><img loading=\"lazy\" decoding=\"async\" aria-describedby=\"caption-attachment-4049\" class=\" wp-image-4049\" title=\"Jack Kerouac\" src=\"https:\/\/www.mochileiros.com\/blog\/wp-content\/uploads\/2012\/10\/Kerouac_by_Palumbo1.jpg\" alt=\"\" width=\"600\" height=\"600\" srcset=\"https:\/\/www.mochileiros.com\/blog\/wp-content\/uploads\/2012\/10\/Kerouac_by_Palumbo1.jpg 500w, https:\/\/www.mochileiros.com\/blog\/wp-content\/uploads\/2012\/10\/Kerouac_by_Palumbo1-150x150.jpg 150w, https:\/\/www.mochileiros.com\/blog\/wp-content\/uploads\/2012\/10\/Kerouac_by_Palumbo1-300x300.jpg 300w, https:\/\/www.mochileiros.com\/blog\/wp-content\/uploads\/2012\/10\/Kerouac_by_Palumbo1-80x80.jpg 80w, https:\/\/www.mochileiros.com\/blog\/wp-content\/uploads\/2012\/10\/Kerouac_by_Palumbo1-350x350.jpg 350w, https:\/\/www.mochileiros.com\/blog\/wp-content\/uploads\/2012\/10\/Kerouac_by_Palumbo1-313x313.jpg 313w, https:\/\/www.mochileiros.com\/blog\/wp-content\/uploads\/2012\/10\/Kerouac_by_Palumbo1-20x20.jpg 20w\" sizes=\"auto, (max-width: 600px) 100vw, 600px\" \/><\/a><p id=\"caption-attachment-4049\" class=\"wp-caption-text\">Jack Kerouac por Tom Palumbo, foto de 1956.<\/p><\/div>\n<p>&nbsp;<\/p>\n<p style=\"text-align: justify;\">Em 21 de outubro de 1969 morria Jack Kerouac, \u00edcone da chamada Gera\u00e7\u00e3o Beat ou Beatnik,\u00a0formada por escritores e artistas, os quais constitu\u00edram um dos mais significativos movimentos liter\u00e1rios do s\u00e9culo passado.<br \/>\nAutor do best seller que influenciou v\u00e1rias gera\u00e7\u00f5es a ca\u00edrem na estrada, o livro &#8220;On the road&#8221;, Kerouac passou 7 anos viajando os EUA na companhia do amigo Neal Cassady.<br \/>\nForam as jornadas pela Rota 66 que corta o pa\u00eds de leste a oeste e as frequentes descidas ao vizinho M\u00e9xico, que renderam o cl\u00e1ssico, cujos protagonistas s\u00e3o 2 amigos,\u00a0Dean Moriarty e Sal Paradise (em alus\u00e3o ao amigo e ao pr\u00f3prio Kerouac, interpretados no cinema recentemente por Garred Hedlung e Sam Riley, no <span style=\"text-decoration: underline;\"><a href=\"http:\/\/www.imdb.com\/title\/tt0337692\/\" target=\"_blank\" rel=\"noopener\">&#8220;Na Estrada&#8221;<\/a><\/span> dirigido pelo brasileiro Walter Salles).<br \/>\n<em>Resenhas sobre o On the road\u00a0<span style=\"text-decoration: underline;\"><a href=\"http:\/\/www.skoob.com.br\/livro\/resenhas\/923\/mais-gostaram\/\" target=\"_blank\" rel=\"noopener\">aqui<\/a><\/span>.<\/em><\/p>\n<p style=\"text-align: center;\"><a href=\"https:\/\/www.mochileiros.com\/blog\/cultura-backpacker\/43-anos-da-morte-de-jack-kerouac\/attachment\/kerouac_assinatura-2\" rel=\"attachment wp-att-3858\"><img loading=\"lazy\" decoding=\"async\" class=\"size-full wp-image-3858 aligncenter\" title=\"kerouac_assinatura\" src=\"https:\/\/www.mochileiros.com\/blog\/wp-content\/uploads\/2012\/10\/kerouac_assinatura1.jpg\" alt=\"\" width=\"500\" height=\"242\" srcset=\"https:\/\/www.mochileiros.com\/blog\/wp-content\/uploads\/2012\/10\/kerouac_assinatura1.jpg 500w, https:\/\/www.mochileiros.com\/blog\/wp-content\/uploads\/2012\/10\/kerouac_assinatura1-300x145.jpg 300w, https:\/\/www.mochileiros.com\/blog\/wp-content\/uploads\/2012\/10\/kerouac_assinatura1-313x151.jpg 313w, https:\/\/www.mochileiros.com\/blog\/wp-content\/uploads\/2012\/10\/kerouac_assinatura1-20x10.jpg 20w\" sizes=\"auto, (max-width: 500px) 100vw, 500px\" \/><\/a><\/p>\n<h3 style=\"text-align: justify;\">&#8220;Mais mochileiro&#8221;<\/h3>\n<p style=\"text-align: justify;\">H\u00e1 quem diga que outro romance de Kerouac \u00e9 ainda mais &#8216;mochileiro&#8217;. Os Vagabundos iluminados narra o encontro de um jovem escritor com um fascinante estudioso de filosofias espirituais praticante de montanhismo. A vida simples, de contempla\u00e7\u00e3o e com pouco dinheiro apresentam ao escritor uma nova perspectiva sobre a vida.\u00a0Festas, bebedeiras, orgias e viagens fazem parte do livro dos personagens vagabundos que buscam a Ilumina\u00e7\u00e3o, numa perspectiva zen-budista.<br \/>\n<em>Resenhas sobre o Os Vagabundos Iluminados <span style=\"text-decoration: underline;\"><a href=\"http:\/\/www.skoob.com.br\/livro\/resenhas\/4257\/mais-gostaram\/\" target=\"_blank\" rel=\"noopener\">aqui<\/a><\/span>.<\/em><\/p>\n<h2 style=\"text-align: justify;\"><strong>Mais sobre Jack Kerouac <span style=\"text-decoration: underline;\"><a href=\"http:\/\/pt.wikipedia.org\/wiki\/Jack_Kerouac\" target=\"_blank\" rel=\"noopener\">aqui<\/a><\/span>\u00a0e sobre a Gera\u00e7\u00e3o Beatnik\u00a0<span style=\"text-decoration: underline;\"><a href=\"http:\/\/pt.wikipedia.org\/wiki\/Gera%C3%A7%C3%A3o_beat\" target=\"_blank\" rel=\"noopener\">aqui<\/a><\/span>.\u00a0<\/strong><\/h2>\n<p>&nbsp;<\/p>\n","protected":false},"excerpt":{"rendered":"<p>&nbsp; Em 21 de outubro de 1969 morria Jack Kerouac, \u00edcone da chamada Gera\u00e7\u00e3o Beat ou Beatnik,\u00a0formada por escritores e artistas, os quais constitu\u00edram um dos mais significativos movimentos liter\u00e1rios do s\u00e9culo passado. Autor do best seller que influenciou v\u00e1rias gera\u00e7\u00f5es a ca\u00edrem na estrada, o livro &#8220;On the road&#8221;, Kerouac passou 7 anos viajando [&hellip;]<\/p>\n","protected":false},"author":2,"featured_media":5532,"comment_status":"open","ping_status":"closed","sticky":false,"template":"","format":"standard","meta":{"googlesitekit_rrm_CAoiELM5mIOjYRN0nfylq3_9r-8:productID":"","_crdt_document":"","_daim_seo_power":"","_daim_enable_ail":"","footnotes":""},"categories":[],"tags":[9,12],"class_list":["post-3652","post","type-post","status-publish","format-standard","has-post-thumbnail","hentry","tag-cultura-backpacker","tag-livros-cinema-afins"],"_links":{"self":[{"href":"https:\/\/www.mochileiros.com\/blog\/wp-json\/wp\/v2\/posts\/3652","targetHints":{"allow":["GET"]}}],"collection":[{"href":"https:\/\/www.mochileiros.com\/blog\/wp-json\/wp\/v2\/posts"}],"about":[{"href":"https:\/\/www.mochileiros.com\/blog\/wp-json\/wp\/v2\/types\/post"}],"author":[{"embeddable":true,"href":"https:\/\/www.mochileiros.com\/blog\/wp-json\/wp\/v2\/users\/2"}],"replies":[{"embeddable":true,"href":"https:\/\/www.mochileiros.com\/blog\/wp-json\/wp\/v2\/comments?post=3652"}],"version-history":[{"count":0,"href":"https:\/\/www.mochileiros.com\/blog\/wp-json\/wp\/v2\/posts\/3652\/revisions"}],"wp:featuredmedia":[{"embeddable":true,"href":"https:\/\/www.mochileiros.com\/blog\/wp-json\/wp\/v2\/media\/5532"}],"wp:attachment":[{"href":"https:\/\/www.mochileiros.com\/blog\/wp-json\/wp\/v2\/media?parent=3652"}],"wp:term":[{"taxonomy":"category","embeddable":true,"href":"https:\/\/www.mochileiros.com\/blog\/wp-json\/wp\/v2\/categories?post=3652"},{"taxonomy":"post_tag","embeddable":true,"href":"https:\/\/www.mochileiros.com\/blog\/wp-json\/wp\/v2\/tags?post=3652"}],"curies":[{"name":"wp","href":"https:\/\/api.w.org\/{rel}","templated":true}]}}