{"id":36598,"date":"2018-04-19T17:47:49","date_gmt":"2018-04-19T20:47:49","guid":{"rendered":"https:\/\/www.mochileiros.com\/blog\/?p=36598"},"modified":"2018-08-22T19:17:57","modified_gmt":"2018-08-22T22:17:57","slug":"abertas-as-inscricoes-para-o-caminho-do-sertao-2018","status":"publish","type":"post","link":"https:\/\/www.mochileiros.com\/blog\/abertas-as-inscricoes-para-o-caminho-do-sertao-2018","title":{"rendered":"Abertas as inscri\u00e7\u00f5es para &#8216;O Caminho do Sert\u00e3o&#8217; 2018"},"content":{"rendered":"<p>Um trecho de um dos textos do site que anuncia o caminho pode definir um pouco da experi\u00eancia \u00edmpar por este verdadeiro mundo de viv\u00eancias em territ\u00f3rio mineiro: &#8220;Uma imers\u00e3o s\u00f3cioecoliter\u00e1ria no universo de Guimar\u00e3es Rosa. Entre sol, areia, mitos, realidades, sorrisos, abra\u00e7os e um encharcasse de sert\u00e3o&#8221;.<br \/>\nOs caminhantes selecionados far\u00e3o o percurso de 186Km a p\u00e9, nas \u00e1reas que compreendem o Parque Estadual de Sagarana, Morrinhos, Vila Bom Jesus (Igrejinha), Fazenda Menino, Barra da Aldeia, Serra das Araras, comunidades quilombolas (Morro do Fogo, Barro Vermelho, Buraquinhos e Buracos) Chapada Ga\u00facha e Parque Nacional Grande Sert\u00e3o Veredas, situados no Mosaico Sert\u00e3o Veredas-Perua\u00e7u.<\/p>\n<div id=\"attachment_36601\" style=\"width: 1010px\" class=\"wp-caption aligncenter\"><img loading=\"lazy\" decoding=\"async\" aria-describedby=\"caption-attachment-36601\" class=\"wp-image-36601 size-large\" src=\"https:\/\/www.mochileiros.com\/blog\/wp-content\/uploads\/2018\/04\/caminhodosertao01-1024x724.jpg\" alt=\"\" width=\"1000\" height=\"707\" srcset=\"https:\/\/www.mochileiros.com\/blog\/wp-content\/uploads\/2018\/04\/caminhodosertao01.jpg 1024w, https:\/\/www.mochileiros.com\/blog\/wp-content\/uploads\/2018\/04\/caminhodosertao01-300x212.jpg 300w, https:\/\/www.mochileiros.com\/blog\/wp-content\/uploads\/2018\/04\/caminhodosertao01-768x543.jpg 768w, https:\/\/www.mochileiros.com\/blog\/wp-content\/uploads\/2018\/04\/caminhodosertao01-313x221.jpg 313w, https:\/\/www.mochileiros.com\/blog\/wp-content\/uploads\/2018\/04\/caminhodosertao01-20x14.jpg 20w\" sizes=\"auto, (max-width: 1000px) 100vw, 1000px\" \/><p id=\"caption-attachment-36601\" class=\"wp-caption-text\">Foto: Reprodu\u00e7\u00e3o.<\/p><\/div>\n<h3>Quando acontecer\u00e1, prazos de inscri\u00e7\u00e3o e como participar?<\/h3>\n<div id=\"attachment_36605\" style=\"width: 689px\" class=\"wp-caption aligncenter\"><img loading=\"lazy\" decoding=\"async\" aria-describedby=\"caption-attachment-36605\" class=\"wp-image-36605 size-full\" src=\"https:\/\/www.mochileiros.com\/blog\/wp-content\/uploads\/2018\/04\/caminhodosertao05.jpg\" alt=\"\" width=\"679\" height=\"960\" srcset=\"https:\/\/www.mochileiros.com\/blog\/wp-content\/uploads\/2018\/04\/caminhodosertao05.jpg 679w, https:\/\/www.mochileiros.com\/blog\/wp-content\/uploads\/2018\/04\/caminhodosertao05-212x300.jpg 212w, https:\/\/www.mochileiros.com\/blog\/wp-content\/uploads\/2018\/04\/caminhodosertao05-313x443.jpg 313w, https:\/\/www.mochileiros.com\/blog\/wp-content\/uploads\/2018\/04\/caminhodosertao05-14x20.jpg 14w\" sizes=\"auto, (max-width: 679px) 100vw, 679px\" \/><p id=\"caption-attachment-36605\" class=\"wp-caption-text\">Foto: Divulga\u00e7\u00e3o @caminhodosertao<\/p><\/div>\n<p>Este ano o projeto <strong>acontece entre 07 e 15 de julho<\/strong>. O edital selecionar\u00e1 50 participantes que v\u00e3o percorrer 186 km a p\u00e9, de Sagarana (distrito de Arinos\/MG) ao Parque Nacional Grande Sert\u00e3o Veredas (Chapada Ga\u00facha\/MG).<br \/>\nOs interessados <strong>t\u00eam at\u00e9 o dia 19 de maio para realizar a inscri\u00e7\u00e3o<\/strong>, que deve ser preenchida <a href=\"https:\/\/goo.gl\/cmCkP5\" target=\"_blank\" rel=\"noopener\">aqui<\/a>.<br \/>\nUma carta escrita a m\u00e3o contendo sua &#8220;justificativa de afetos para participa\u00e7\u00e3o desta jornada&#8221; tamb\u00e9m deve ser feita e enviada \u00e0 produ\u00e7\u00e3o do projeto que \u00e9 aberto ao p\u00fablico em geral.<br \/>\n\u00c9 preciso ter mais de 18 anos ou estar acompanhado de respons\u00e1vel legal que seja um dos caminhantes tamb\u00e9m selecionados.<br \/>\nSer\u00e1 cobrada uma taxa de R$ 270 <strong>dos selecionados<\/strong> &#8221; voltada \u00e0s a\u00e7\u00f5es de fortalecimento das estruturas de seguran\u00e7a, apoio de traslados e interven\u00e7\u00f5es culturais do Caminho.&#8221;<br \/>\nO prazo para a divulga\u00e7\u00e3o dos nomes dos selecionados ser\u00e1 at\u00e9 07 de junho de 2018.<\/p>\n<div id=\"attachment_36602\" style=\"width: 802px\" class=\"wp-caption aligncenter\"><img loading=\"lazy\" decoding=\"async\" aria-describedby=\"caption-attachment-36602\" class=\"wp-image-36602 size-full\" src=\"https:\/\/www.mochileiros.com\/blog\/wp-content\/uploads\/2018\/04\/caminhodosertao04.jpg\" alt=\"\" width=\"792\" height=\"597\" srcset=\"https:\/\/www.mochileiros.com\/blog\/wp-content\/uploads\/2018\/04\/caminhodosertao04.jpg 792w, https:\/\/www.mochileiros.com\/blog\/wp-content\/uploads\/2018\/04\/caminhodosertao04-300x226.jpg 300w, https:\/\/www.mochileiros.com\/blog\/wp-content\/uploads\/2018\/04\/caminhodosertao04-768x579.jpg 768w, https:\/\/www.mochileiros.com\/blog\/wp-content\/uploads\/2018\/04\/caminhodosertao04-313x236.jpg 313w, https:\/\/www.mochileiros.com\/blog\/wp-content\/uploads\/2018\/04\/caminhodosertao04-20x15.jpg 20w\" sizes=\"auto, (max-width: 792px) 100vw, 792px\" \/><p id=\"caption-attachment-36602\" class=\"wp-caption-text\">Organizadores sugerem bibliografia b\u00e1sica aos caminhantes | Foto: Reprodu\u00e7\u00e3o.<\/p><\/div>\n<div id=\"attachment_36603\" style=\"width: 970px\" class=\"wp-caption aligncenter\"><img loading=\"lazy\" decoding=\"async\" aria-describedby=\"caption-attachment-36603\" class=\"wp-image-36603 size-full\" src=\"https:\/\/www.mochileiros.com\/blog\/wp-content\/uploads\/2018\/04\/caminhodosertao06.jpg\" alt=\"\" width=\"960\" height=\"640\" srcset=\"https:\/\/www.mochileiros.com\/blog\/wp-content\/uploads\/2018\/04\/caminhodosertao06.jpg 960w, https:\/\/www.mochileiros.com\/blog\/wp-content\/uploads\/2018\/04\/caminhodosertao06-300x200.jpg 300w, https:\/\/www.mochileiros.com\/blog\/wp-content\/uploads\/2018\/04\/caminhodosertao06-768x512.jpg 768w, https:\/\/www.mochileiros.com\/blog\/wp-content\/uploads\/2018\/04\/caminhodosertao06-313x209.jpg 313w, https:\/\/www.mochileiros.com\/blog\/wp-content\/uploads\/2018\/04\/caminhodosertao06-20x13.jpg 20w\" sizes=\"auto, (max-width: 960px) 100vw, 960px\" \/><p id=\"caption-attachment-36603\" class=\"wp-caption-text\">Foto: Agatha Azevedo\/Divulga\u00e7\u00e3o @caminhodosertao<\/p><\/div>\n<div id=\"attachment_36604\" style=\"width: 970px\" class=\"wp-caption aligncenter\"><img loading=\"lazy\" decoding=\"async\" aria-describedby=\"caption-attachment-36604\" class=\"wp-image-36604 size-full\" src=\"https:\/\/www.mochileiros.com\/blog\/wp-content\/uploads\/2018\/04\/caminhodosertao07.jpg\" alt=\"\" width=\"960\" height=\"640\" srcset=\"https:\/\/www.mochileiros.com\/blog\/wp-content\/uploads\/2018\/04\/caminhodosertao07.jpg 960w, https:\/\/www.mochileiros.com\/blog\/wp-content\/uploads\/2018\/04\/caminhodosertao07-300x200.jpg 300w, https:\/\/www.mochileiros.com\/blog\/wp-content\/uploads\/2018\/04\/caminhodosertao07-768x512.jpg 768w, https:\/\/www.mochileiros.com\/blog\/wp-content\/uploads\/2018\/04\/caminhodosertao07-313x209.jpg 313w, https:\/\/www.mochileiros.com\/blog\/wp-content\/uploads\/2018\/04\/caminhodosertao07-20x13.jpg 20w\" sizes=\"auto, (max-width: 960px) 100vw, 960px\" \/><p id=\"caption-attachment-36604\" class=\"wp-caption-text\">Foto: Agatha Azevedo\/Divulga\u00e7\u00e3o @caminhodosertao<\/p><\/div>\n<div id=\"attachment_36606\" style=\"width: 810px\" class=\"wp-caption aligncenter\"><img loading=\"lazy\" decoding=\"async\" aria-describedby=\"caption-attachment-36606\" class=\"wp-image-36606 size-full\" src=\"https:\/\/www.mochileiros.com\/blog\/wp-content\/uploads\/2018\/04\/caminhodosertao08.png\" alt=\"\" width=\"800\" height=\"533\" srcset=\"https:\/\/www.mochileiros.com\/blog\/wp-content\/uploads\/2018\/04\/caminhodosertao08.png 800w, https:\/\/www.mochileiros.com\/blog\/wp-content\/uploads\/2018\/04\/caminhodosertao08-300x200.png 300w, https:\/\/www.mochileiros.com\/blog\/wp-content\/uploads\/2018\/04\/caminhodosertao08-768x512.png 768w, https:\/\/www.mochileiros.com\/blog\/wp-content\/uploads\/2018\/04\/caminhodosertao08-313x209.png 313w, https:\/\/www.mochileiros.com\/blog\/wp-content\/uploads\/2018\/04\/caminhodosertao08-20x13.png 20w\" sizes=\"auto, (max-width: 800px) 100vw, 800px\" \/><p id=\"caption-attachment-36606\" class=\"wp-caption-text\">Riquezas: cultura, hist\u00f3ria, povo | Foto: Divulga\u00e7\u00e3o @caminhodosertao<\/p><\/div>\n<p>O Caminho do Sert\u00e3o \u00e9 realizado pela Ag\u00eancia de Desenvolvimento integrado e Sustent\u00e1vel do Vale do Rio Urucuia em correaliza\u00e7\u00e3o com a Prefeitura Municipal de Arinos, com patroc\u00ednio da Secretaria de Estado de Cultura de Minas Gerais.<br \/>\nMais informa\u00e7\u00f5es podem ser conferidas no site <a href=\"http:\/\/caminhodosertao.com.br\/\" target=\"_blank\" rel=\"noopener\">http:\/\/caminhodosertao.com.br\/<\/a> e na fanpage do projeto <a href=\"https:\/\/www.facebook.com\/caminhodosertao\/\" target=\"_blank\" rel=\"noopener\">no Facebook<\/a> e sobretudo no &#8220;Edi-TAO&#8221; de participa\u00e7\u00e3o <a href=\"http:\/\/caminhodosertao.com.br\/site\/wp-content\/uploads\/2018\/04\/Edital-2018-O-Caminho-do-Sert%C3%A3o.pdf\" target=\"_blank\" rel=\"noopener\">aqui<\/a>.<\/p>\n<p><em>A foto (da home) que traz at\u00e9 este post \u00e9 de divulga\u00e7\u00e3o.<\/em><\/p>\n","protected":false},"excerpt":{"rendered":"<p>Um trecho de um dos textos do site que anuncia o caminho pode definir um pouco da experi\u00eancia \u00edmpar por este verdadeiro mundo de viv\u00eancias em territ\u00f3rio mineiro: &#8220;Uma imers\u00e3o s\u00f3cioecoliter\u00e1ria no universo de Guimar\u00e3es Rosa. Entre sol, areia, mitos, realidades, sorrisos, abra\u00e7os e um encharcasse de sert\u00e3o&#8221;. Os caminhantes selecionados far\u00e3o o percurso de [&hellip;]<\/p>\n","protected":false},"author":55,"featured_media":36607,"comment_status":"open","ping_status":"closed","sticky":false,"template":"","format":"standard","meta":{"googlesitekit_rrm_CAoiELM5mIOjYRN0nfylq3_9r-8:productID":"","_crdt_document":"","_daim_seo_power":"","_daim_enable_ail":"","footnotes":""},"categories":[14],"tags":[1161,1029,2094,2412],"class_list":["post-36598","post","type-post","status-publish","format-standard","has-post-thumbnail","hentry","category-noticias","tag-trekking","tag-trilhas","tag-trilhas-de-longa-distancia","tag-trilhas-de-longo-curso"],"_links":{"self":[{"href":"https:\/\/www.mochileiros.com\/blog\/wp-json\/wp\/v2\/posts\/36598","targetHints":{"allow":["GET"]}}],"collection":[{"href":"https:\/\/www.mochileiros.com\/blog\/wp-json\/wp\/v2\/posts"}],"about":[{"href":"https:\/\/www.mochileiros.com\/blog\/wp-json\/wp\/v2\/types\/post"}],"author":[{"embeddable":true,"href":"https:\/\/www.mochileiros.com\/blog\/wp-json\/wp\/v2\/users\/55"}],"replies":[{"embeddable":true,"href":"https:\/\/www.mochileiros.com\/blog\/wp-json\/wp\/v2\/comments?post=36598"}],"version-history":[{"count":0,"href":"https:\/\/www.mochileiros.com\/blog\/wp-json\/wp\/v2\/posts\/36598\/revisions"}],"wp:featuredmedia":[{"embeddable":true,"href":"https:\/\/www.mochileiros.com\/blog\/wp-json\/wp\/v2\/media\/36607"}],"wp:attachment":[{"href":"https:\/\/www.mochileiros.com\/blog\/wp-json\/wp\/v2\/media?parent=36598"}],"wp:term":[{"taxonomy":"category","embeddable":true,"href":"https:\/\/www.mochileiros.com\/blog\/wp-json\/wp\/v2\/categories?post=36598"},{"taxonomy":"post_tag","embeddable":true,"href":"https:\/\/www.mochileiros.com\/blog\/wp-json\/wp\/v2\/tags?post=36598"}],"curies":[{"name":"wp","href":"https:\/\/api.w.org\/{rel}","templated":true}]}}