{"id":36670,"date":"2018-04-24T20:26:51","date_gmt":"2018-04-24T23:26:51","guid":{"rendered":"https:\/\/www.mochileiros.com\/blog\/?p=36670"},"modified":"2018-09-27T13:53:00","modified_gmt":"2018-09-27T16:53:00","slug":"camino-de-costa-rica","status":"publish","type":"post","link":"https:\/\/www.mochileiros.com\/blog\/camino-de-costa-rica","title":{"rendered":"Camino de Costa Rica: Do Atl\u00e2ntico ao Pac\u00edfico trilha explora cora\u00e7\u00e3o do pa\u00eds"},"content":{"rendered":"<p>Os amantes da natureza t\u00eam mais uma op\u00e7\u00e3o na Costa Rica: o Camino de Costa Rica. De mar a mar (do Atl\u00e2ntico ao Pac\u00edfico) a trilha \u00e9 um convite a explorar o cora\u00e7\u00e3o do pa\u00eds. O percurso de cerca de 280Km sai de Barra de Parismina, prov\u00edncia de Lim\u00f3n (no Atl\u00e2ntico) e termina em Quepos, prov\u00edncia de Punta Arenas (no Pac\u00edfico) e passa por \u00e1reas de preserva\u00e7\u00e3o e parques nacionais.<br \/>\nAo jornal <a href=\"https:\/\/www.larepublica.net\/noticia\/senderismo-en-costa-rica-lo-invita-a-cruzar-del-caribe-al-pacifico-en-dos-semanas\" target=\"_blank\" rel=\"noopener\">La Republica<\/a>, o presidente da Associa\u00e7\u00e3o Mar a Mar, idealizadora do projeto, Felipe Carazo disse que a rota \u00e9 dividida em cinco frentes, tem uma espinha dorsal, mas trajeto flex\u00edvel. &#8220;Queremos que organicamente sejam geradas alternativas a outras importantes rotas do mundo como o Caminho de Santiago de Compostela ou a Trilha Inca&#8221;.<br \/>\nO grupo que n\u00e3o tem fins lucrativos quer atrair turistas de todo o mundo para desenvolver o turismo sustent\u00e1vel local. Buscam &#8220;manter a consist\u00eancia cultural, que seja inclusivo e respeitoso com o meio ambiente e que as pessoas encontrem novas experi\u00eancias gastron\u00f4micas, extraordin\u00e1ria flora e fauna e variedade de paisagens&#8221;.<br \/>\nOperadores de turismo organizam o operativo como oferecendo hospedagem e alimenta\u00e7\u00e3o, h\u00e1 algumas \u00e1reas de camping tamb\u00e9m, desenvolvidas pela Mar a Mar.<br \/>\nAinda segundo a publica\u00e7\u00e3o, os pre\u00e7os variam segundo as condi\u00e7\u00f5es de cada comunidade.<\/p>\n<div id=\"attachment_36672\" style=\"width: 1010px\" class=\"wp-caption aligncenter\"><img loading=\"lazy\" decoding=\"async\" aria-describedby=\"caption-attachment-36672\" class=\"wp-image-36672 size-full\" title=\"Camino de Costa Rica\" src=\"https:\/\/www.mochileiros.com\/blog\/wp-content\/uploads\/2018\/04\/manuelantonio_costarica.jpg\" alt=\"Camino de Costa Rica\" width=\"1000\" height=\"667\" srcset=\"https:\/\/www.mochileiros.com\/blog\/wp-content\/uploads\/2018\/04\/manuelantonio_costarica.jpg 1000w, https:\/\/www.mochileiros.com\/blog\/wp-content\/uploads\/2018\/04\/manuelantonio_costarica-300x200.jpg 300w, https:\/\/www.mochileiros.com\/blog\/wp-content\/uploads\/2018\/04\/manuelantonio_costarica-1024x683.jpg 1024w, https:\/\/www.mochileiros.com\/blog\/wp-content\/uploads\/2018\/04\/manuelantonio_costarica-768x512.jpg 768w, https:\/\/www.mochileiros.com\/blog\/wp-content\/uploads\/2018\/04\/manuelantonio_costarica-1536x1025.jpg 1536w, https:\/\/www.mochileiros.com\/blog\/wp-content\/uploads\/2018\/04\/manuelantonio_costarica-2048x1366.jpg 2048w, https:\/\/www.mochileiros.com\/blog\/wp-content\/uploads\/2018\/04\/manuelantonio_costarica-225x150.jpg 225w, https:\/\/www.mochileiros.com\/blog\/wp-content\/uploads\/2018\/04\/manuelantonio_costarica-100x67.jpg 100w, https:\/\/www.mochileiros.com\/blog\/wp-content\/uploads\/2018\/04\/manuelantonio_costarica-525x350.jpg 525w, https:\/\/www.mochileiros.com\/blog\/wp-content\/uploads\/2018\/04\/manuelantonio_costarica-788x525.jpg 788w, https:\/\/www.mochileiros.com\/blog\/wp-content\/uploads\/2018\/04\/manuelantonio_costarica-313x209.jpg 313w, https:\/\/www.mochileiros.com\/blog\/wp-content\/uploads\/2018\/04\/manuelantonio_costarica-20x13.jpg 20w\" sizes=\"auto, (max-width: 1000px) 100vw, 1000px\" \/><p id=\"caption-attachment-36672\" class=\"wp-caption-text\">Esticadinha: Parque Nacional Manuel Antonio, um dos mais belos do pa\u00eds fica a cerca de 7Km da cidade de Quepos | Foto: <a href=\"https:\/\/www.flickr.com\/photos\/martingarri\/5599554848\" target=\"_blank\" rel=\"noopener\">Martin Garrido\/Flickr<\/a> Creative Commons<\/p><\/div>\n<div id=\"attachment_36673\" style=\"width: 1010px\" class=\"wp-caption aligncenter\"><img loading=\"lazy\" decoding=\"async\" aria-describedby=\"caption-attachment-36673\" class=\"wp-image-36673 size-full\" src=\"https:\/\/www.mochileiros.com\/blog\/wp-content\/uploads\/2018\/04\/caribemaramar.jpg\" alt=\"\" width=\"1000\" height=\"665\" srcset=\"https:\/\/www.mochileiros.com\/blog\/wp-content\/uploads\/2018\/04\/caribemaramar.jpg 1000w, https:\/\/www.mochileiros.com\/blog\/wp-content\/uploads\/2018\/04\/caribemaramar-300x200.jpg 300w, https:\/\/www.mochileiros.com\/blog\/wp-content\/uploads\/2018\/04\/caribemaramar-768x511.jpg 768w, https:\/\/www.mochileiros.com\/blog\/wp-content\/uploads\/2018\/04\/caribemaramar-313x208.jpg 313w, https:\/\/www.mochileiros.com\/blog\/wp-content\/uploads\/2018\/04\/caribemaramar-20x13.jpg 20w\" sizes=\"auto, (max-width: 1000px) 100vw, 1000px\" \/><p id=\"caption-attachment-36673\" class=\"wp-caption-text\">Barra de Parismina | Foto: <a href=\"https:\/\/www.flickr.com\/photos\/75602401@N08\/8516967596\" target=\"_blank\" rel=\"noopener\">World Wide Gifts\/Flickr<\/a> Creative Commons.<\/p><\/div>\n<h3>Trajeto principal<\/h3>\n<div id=\"attachment_36675\" style=\"width: 997px\" class=\"wp-caption aligncenter\"><img loading=\"lazy\" decoding=\"async\" aria-describedby=\"caption-attachment-36675\" class=\"wp-image-36675 size-full\" title=\"Mapa do Camino de Costa Rica\" src=\"https:\/\/www.mochileiros.com\/blog\/wp-content\/uploads\/2018\/04\/caminodecostarica00.png\" alt=\"Mapa do Camino de Costa Rica\" width=\"987\" height=\"752\" srcset=\"https:\/\/www.mochileiros.com\/blog\/wp-content\/uploads\/2018\/04\/caminodecostarica00.png 987w, https:\/\/www.mochileiros.com\/blog\/wp-content\/uploads\/2018\/04\/caminodecostarica00-300x229.png 300w, https:\/\/www.mochileiros.com\/blog\/wp-content\/uploads\/2018\/04\/caminodecostarica00-768x585.png 768w, https:\/\/www.mochileiros.com\/blog\/wp-content\/uploads\/2018\/04\/caminodecostarica00-313x238.png 313w, https:\/\/www.mochileiros.com\/blog\/wp-content\/uploads\/2018\/04\/caminodecostarica00-20x15.png 20w\" sizes=\"auto, (max-width: 987px) 100vw, 987px\" \/><p id=\"caption-attachment-36675\" class=\"wp-caption-text\">Foto: caminodecostarica.org<\/p><\/div>\n<p>Canales de Barra de Parismina-Cimarrones (Siquirres)<br \/>\nCimarrones (Siquirres)-Pacayitas (Turrialba)<br \/>\nPacayitas (Turrialba)-Parque Nacional Tapant\u00ed (Orosi)<br \/>\nParque Nacional Tapant\u00ed (Orosi)-Mu\u00f1eco de Navarro (Orosi)<br \/>\nMu\u00f1eco de Navarro (Orosi)-Cerro Alto (Cartago)<br \/>\nCerro Alto (Cartago)-Jard\u00edn de Dota (Dota)<br \/>\nJard\u00edn de Dota (Dota)-N\u00e1poles (Tarraz\u00fa)<br \/>\nMais detalhes das vilas que fazem parte do trajeto podem ser conferidos <a href=\"https:\/\/www.caminodecostarica.org\/los-pueblos\" target=\"_blank\" rel=\"noopener\">aqui<\/a>.<\/p>\n<h3>Qu\u00e3o dif\u00edcil \u00e9 o Camino de Costa Rica?<\/h3>\n<p>O Caminho tem dois dias recomendados para caminhantes de n\u00edvel avan\u00e7ado e tr\u00eas para os de n\u00edvel intermedi\u00e1rio. O resto s\u00e3o para pessoas em bom estado f\u00edsico que tenham alguma experi\u00eancia com caminhadas de mais de 15Km. O site da trilha tamb\u00e9m alerta sobre a necessidade de uso de equipamento, roupas e cal\u00e7ados adequados, bast\u00f5es de trekking, gorro e capacidade de carregar 3 litros de \u00e1gua.<\/p>\n<div id=\"attachment_36674\" style=\"width: 572px\" class=\"wp-caption aligncenter\"><img loading=\"lazy\" decoding=\"async\" aria-describedby=\"caption-attachment-36674\" class=\"wp-image-36674 size-full\" src=\"https:\/\/www.mochileiros.com\/blog\/wp-content\/uploads\/2018\/04\/maramarcostarica02.jpg\" alt=\"\" width=\"562\" height=\"640\" srcset=\"https:\/\/www.mochileiros.com\/blog\/wp-content\/uploads\/2018\/04\/maramarcostarica02.jpg 562w, https:\/\/www.mochileiros.com\/blog\/wp-content\/uploads\/2018\/04\/maramarcostarica02-263x300.jpg 263w, https:\/\/www.mochileiros.com\/blog\/wp-content\/uploads\/2018\/04\/maramarcostarica02-313x356.jpg 313w, https:\/\/www.mochileiros.com\/blog\/wp-content\/uploads\/2018\/04\/maramarcostarica02-18x20.jpg 18w\" sizes=\"auto, (max-width: 562px) 100vw, 562px\" \/><p id=\"caption-attachment-36674\" class=\"wp-caption-text\">Ricas fauna e flora pelo caminho | Foto: CaminodeCostaRica.org<\/p><\/div>\n<p>No \u00faltimo dia 23 de fevereiro, o presidente do pa\u00eds, Luis Guillermo Sol\u00eds <a href=\"https:\/\/www.larepublica.net\/noticia\/presidente-solis-declaro-de-interes-publico-sendero-que-va-de-mar-a-mar\" target=\"_blank\" rel=\"noopener\">declarou<\/a> o Camino de Costa Rica projeto de interesse p\u00fablico. &#8220;Este tipo de turismo coincide perfeitamente com o que busca o pa\u00eds: uma oferta tur\u00edstica que fa\u00e7a com que o visitante fique mais dias aqui, que interaja e se nutra de nossa gente e que gere impacto em diferentes \u00e1reas do territ\u00f3rio e n\u00e3o s\u00f3 em pontos espec\u00edficos&#8221;, comentou o presidente em evento que anunciou o projeto como sendo de interesse p\u00fablico.<\/p>\n<p>Mais informa\u00e7\u00f5es sobre o &#8216;Camino de Costa Rica&#8217; podem ser obtidas no site:\u00a0<a href=\"https:\/\/www.caminodecostarica.org\/\" target=\"_blank\" rel=\"noopener\">https:\/\/www.caminodecostarica.org\/<\/a><\/p>\n","protected":false},"excerpt":{"rendered":"<p>Os amantes da natureza t\u00eam mais uma op\u00e7\u00e3o na Costa Rica: o Camino de Costa Rica. De mar a mar (do Atl\u00e2ntico ao Pac\u00edfico) a trilha \u00e9 um convite a explorar o cora\u00e7\u00e3o do pa\u00eds. O percurso de cerca de 280Km sai de Barra de Parismina, prov\u00edncia de Lim\u00f3n (no Atl\u00e2ntico) e termina em Quepos, [&hellip;]<\/p>\n","protected":false},"author":55,"featured_media":36672,"comment_status":"open","ping_status":"closed","sticky":false,"template":"","format":"standard","meta":{"googlesitekit_rrm_CAoiELM5mIOjYRN0nfylq3_9r-8:productID":"","_crdt_document":"","_daim_seo_power":"","_daim_enable_ail":"","footnotes":""},"categories":[1187],"tags":[2728,125,2094,2412,2729],"class_list":["post-36670","post","type-post","status-publish","format-standard","has-post-thumbnail","hentry","category-america-central","tag-camino-de-costa-rica","tag-costa-rica","tag-trilhas-de-longa-distancia","tag-trilhas-de-longo-curso","tag-trilhas-na-costa-rica"],"_links":{"self":[{"href":"https:\/\/www.mochileiros.com\/blog\/wp-json\/wp\/v2\/posts\/36670","targetHints":{"allow":["GET"]}}],"collection":[{"href":"https:\/\/www.mochileiros.com\/blog\/wp-json\/wp\/v2\/posts"}],"about":[{"href":"https:\/\/www.mochileiros.com\/blog\/wp-json\/wp\/v2\/types\/post"}],"author":[{"embeddable":true,"href":"https:\/\/www.mochileiros.com\/blog\/wp-json\/wp\/v2\/users\/55"}],"replies":[{"embeddable":true,"href":"https:\/\/www.mochileiros.com\/blog\/wp-json\/wp\/v2\/comments?post=36670"}],"version-history":[{"count":0,"href":"https:\/\/www.mochileiros.com\/blog\/wp-json\/wp\/v2\/posts\/36670\/revisions"}],"wp:featuredmedia":[{"embeddable":true,"href":"https:\/\/www.mochileiros.com\/blog\/wp-json\/wp\/v2\/media\/36672"}],"wp:attachment":[{"href":"https:\/\/www.mochileiros.com\/blog\/wp-json\/wp\/v2\/media?parent=36670"}],"wp:term":[{"taxonomy":"category","embeddable":true,"href":"https:\/\/www.mochileiros.com\/blog\/wp-json\/wp\/v2\/categories?post=36670"},{"taxonomy":"post_tag","embeddable":true,"href":"https:\/\/www.mochileiros.com\/blog\/wp-json\/wp\/v2\/tags?post=36670"}],"curies":[{"name":"wp","href":"https:\/\/api.w.org\/{rel}","templated":true}]}}