{"id":37089,"date":"2018-05-15T12:48:42","date_gmt":"2018-05-15T15:48:42","guid":{"rendered":"https:\/\/www.mochileiros.com\/blog\/?p=37089"},"modified":"2018-05-15T12:49:17","modified_gmt":"2018-05-15T15:49:17","slug":"aberta-lista-de-espera-para-visitacao-ao-pico-da-neblina","status":"publish","type":"post","link":"https:\/\/www.mochileiros.com\/blog\/aberta-lista-de-espera-para-visitacao-ao-pico-da-neblina","title":{"rendered":"Aberta lista de espera para visita\u00e7\u00e3o ao Pico da Neblina"},"content":{"rendered":"<p>Na fronteira com a Venezuela e a Col\u00f4mbia, o ponto culminante do Brasil, o Pico da Neblina (2.995m) ou o Yaripo, para os Yanomami, poder\u00e1 ser visitado em 2019 mas os interessados j\u00e1 podem se inscrever para a visita\u00e7\u00e3o numa lista de espera (<a href=\"https:\/\/docs.google.com\/forms\/d\/1UBkRPneS94YQy5w-YF5Rb17mz7KudOGcI3ye_1MQx_M\/viewform?edit_requested=true\" target=\"_blank\" rel=\"noopener\">aqui<\/a>).<br \/>\nO Instituto Chico Mendes de Conserva\u00e7\u00e3o da Biodiversidade (ICMBio) aprovou o &#8216;Plano de Visita\u00e7\u00e3o Yaripo \u2013 Ecoturismo Yanomami&#8217; apresentado pelos ind\u00edgenas em julho do ano passado. Os Yanomami da regi\u00e3o de Maturac\u00e1 (AM), em parceria com o ICMBio, Funai, Ex\u00e9rcito, Secretaria de Turismo de S\u00e3o Gabriel da Cachoeira e Instituto Socioambiental (ISA), elaboraram o documento.<\/p>\n<div id=\"attachment_37090\" style=\"width: 960px\" class=\"wp-caption aligncenter\"><img loading=\"lazy\" decoding=\"async\" aria-describedby=\"caption-attachment-37090\" class=\"wp-image-37090 size-full\" src=\"https:\/\/www.mochileiros.com\/blog\/wp-content\/uploads\/2018\/05\/picodaneblina02.jpg\" alt=\"\" width=\"950\" height=\"631\" srcset=\"https:\/\/www.mochileiros.com\/blog\/wp-content\/uploads\/2018\/05\/picodaneblina02.jpg 950w, https:\/\/www.mochileiros.com\/blog\/wp-content\/uploads\/2018\/05\/picodaneblina02-300x199.jpg 300w, https:\/\/www.mochileiros.com\/blog\/wp-content\/uploads\/2018\/05\/picodaneblina02-768x510.jpg 768w, https:\/\/www.mochileiros.com\/blog\/wp-content\/uploads\/2018\/05\/picodaneblina02-313x208.jpg 313w, https:\/\/www.mochileiros.com\/blog\/wp-content\/uploads\/2018\/05\/picodaneblina02-20x13.jpg 20w\" sizes=\"auto, (max-width: 950px) 100vw, 950px\" \/><p id=\"caption-attachment-37090\" class=\"wp-caption-text\">Foto: Reprodu\u00e7\u00e3o Google Mapas.<\/p><\/div>\n<div id=\"attachment_37091\" style=\"width: 710px\" class=\"wp-caption aligncenter\"><img loading=\"lazy\" decoding=\"async\" aria-describedby=\"caption-attachment-37091\" class=\"wp-image-37091 size-full\" src=\"https:\/\/www.mochileiros.com\/blog\/wp-content\/uploads\/2018\/05\/picodaneblina01.jpg\" alt=\"\" width=\"700\" height=\"438\" srcset=\"https:\/\/www.mochileiros.com\/blog\/wp-content\/uploads\/2018\/05\/picodaneblina01.jpg 700w, https:\/\/www.mochileiros.com\/blog\/wp-content\/uploads\/2018\/05\/picodaneblina01-300x188.jpg 300w, https:\/\/www.mochileiros.com\/blog\/wp-content\/uploads\/2018\/05\/picodaneblina01-1024x641.jpg 1024w, https:\/\/www.mochileiros.com\/blog\/wp-content\/uploads\/2018\/05\/picodaneblina01-767x480.jpg 767w, https:\/\/www.mochileiros.com\/blog\/wp-content\/uploads\/2018\/05\/picodaneblina01-1536x961.jpg 1536w, https:\/\/www.mochileiros.com\/blog\/wp-content\/uploads\/2018\/05\/picodaneblina01-2048x1281.jpg 2048w, https:\/\/www.mochileiros.com\/blog\/wp-content\/uploads\/2018\/05\/picodaneblina01-240x150.jpg 240w, https:\/\/www.mochileiros.com\/blog\/wp-content\/uploads\/2018\/05\/picodaneblina01-100x63.jpg 100w, https:\/\/www.mochileiros.com\/blog\/wp-content\/uploads\/2018\/05\/picodaneblina01-559x350.jpg 559w, https:\/\/www.mochileiros.com\/blog\/wp-content\/uploads\/2018\/05\/picodaneblina01-788x493.jpg 788w, https:\/\/www.mochileiros.com\/blog\/wp-content\/uploads\/2018\/05\/picodaneblina01-313x196.jpg 313w, https:\/\/www.mochileiros.com\/blog\/wp-content\/uploads\/2018\/05\/picodaneblina01-20x13.jpg 20w\" sizes=\"auto, (max-width: 700px) 100vw, 700px\" \/><p id=\"caption-attachment-37091\" class=\"wp-caption-text\">Os Yanomami chamam o Pico da Neblina de Yaripo | Foto: Lucas Lima\/ISA.<\/p><\/div>\n<p>O pico \u00e9 duplamente protegido por pertencer \u00e0 Terra Ind\u00edgena Yanomami e ao Parque Nacional do Pico da Neblina. Por isso, o Plano de Visita\u00e7\u00e3o tem de ser aprovado tamb\u00e9m pela Funai, etapa final para que os Yanomami possam come\u00e7ar a levar turistas ao ponto mais alto do Brasil. A gest\u00e3o da atividade ser\u00e1 de responsabilidade da Associa\u00e7\u00e3o Yanomami do Rio Cauaburis (Ayrca) em conjunto com a Associa\u00e7\u00e3o das Mulheres Yanomami Kumirayoma (AMYK).<br \/>\nA visita\u00e7\u00e3o dever\u00e1 ser uma alternativa de renda para os Yanomami, sendo o lucro da atividade tur\u00edstica revertido para uso comunit\u00e1rio seguindo as determina\u00e7\u00f5es da assembleia geral da Ayrca.<br \/>\nPara ser aberta ao p\u00fablico a visita\u00e7\u00e3o ter\u00e1 de ser aprovada pela Funai e o local ainda passar\u00e1 por melhorias na infraestrutura, por isso a previs\u00e3o de in\u00edcio das visitas somente para 2019.<br \/>\nPara Luciana Uehara, gestora do Parque Nacional do Pico da Neblina, o ecoturismo mediado pelos povos origin\u00e1rios, por exemplo, \u00e9 um instrumento para incrementar a renda das comunidades, e alternativa para afastar as pr\u00e1ticas antigas e predat\u00f3rias, como garimpo, ca\u00e7a e pesca ilegais. &#8220;\u00c9 uma possibilidade de constru\u00e7\u00e3o de agenda positiva e de supera\u00e7\u00e3o dos conflitos hist\u00f3ricos&#8221;, ressalta.<\/p>\n<p><em>Com informa\u00e7\u00f5es do ICMBio e do ISA.<\/em><\/p>\n","protected":false},"excerpt":{"rendered":"<p>Na fronteira com a Venezuela e a Col\u00f4mbia, o ponto culminante do Brasil, o Pico da Neblina (2.995m) ou o Yaripo, para os Yanomami, poder\u00e1 ser visitado em 2019 mas os interessados j\u00e1 podem se inscrever para a visita\u00e7\u00e3o numa lista de espera (aqui). O Instituto Chico Mendes de Conserva\u00e7\u00e3o da Biodiversidade (ICMBio) aprovou o [&hellip;]<\/p>\n","protected":false},"author":55,"featured_media":37091,"comment_status":"open","ping_status":"closed","sticky":false,"template":"","format":"standard","meta":{"googlesitekit_rrm_CAoiELM5mIOjYRN0nfylq3_9r-8:productID":"","_crdt_document":"","_daim_seo_power":"","_daim_enable_ail":"","footnotes":""},"categories":[14],"tags":[1963,2371],"class_list":["post-37089","post","type-post","status-publish","format-standard","has-post-thumbnail","hentry","category-noticias","tag-amazonas","tag-pico-da-neblina"],"_links":{"self":[{"href":"https:\/\/www.mochileiros.com\/blog\/wp-json\/wp\/v2\/posts\/37089","targetHints":{"allow":["GET"]}}],"collection":[{"href":"https:\/\/www.mochileiros.com\/blog\/wp-json\/wp\/v2\/posts"}],"about":[{"href":"https:\/\/www.mochileiros.com\/blog\/wp-json\/wp\/v2\/types\/post"}],"author":[{"embeddable":true,"href":"https:\/\/www.mochileiros.com\/blog\/wp-json\/wp\/v2\/users\/55"}],"replies":[{"embeddable":true,"href":"https:\/\/www.mochileiros.com\/blog\/wp-json\/wp\/v2\/comments?post=37089"}],"version-history":[{"count":0,"href":"https:\/\/www.mochileiros.com\/blog\/wp-json\/wp\/v2\/posts\/37089\/revisions"}],"wp:featuredmedia":[{"embeddable":true,"href":"https:\/\/www.mochileiros.com\/blog\/wp-json\/wp\/v2\/media\/37091"}],"wp:attachment":[{"href":"https:\/\/www.mochileiros.com\/blog\/wp-json\/wp\/v2\/media?parent=37089"}],"wp:term":[{"taxonomy":"category","embeddable":true,"href":"https:\/\/www.mochileiros.com\/blog\/wp-json\/wp\/v2\/categories?post=37089"},{"taxonomy":"post_tag","embeddable":true,"href":"https:\/\/www.mochileiros.com\/blog\/wp-json\/wp\/v2\/tags?post=37089"}],"curies":[{"name":"wp","href":"https:\/\/api.w.org\/{rel}","templated":true}]}}