{"id":37464,"date":"2018-07-08T12:38:18","date_gmt":"2018-07-08T15:38:18","guid":{"rendered":"https:\/\/www.mochileiros.com\/blog\/?p=37464"},"modified":"2018-09-22T12:31:40","modified_gmt":"2018-09-22T15:31:40","slug":"instagram-9-perfis-de-viagem-que-voce-deve-seguir-se-voce-gosta-de-viajar","status":"publish","type":"post","link":"https:\/\/www.mochileiros.com\/blog\/instagram-9-perfis-de-viagem-que-voce-deve-seguir-se-voce-gosta-de-viajar","title":{"rendered":"Instagram: 9 viajantes maravilhosos para seguir com fotos incr\u00edveis no feed!"},"content":{"rendered":"<p>Temos certeza que o Instagram virou uma ferramenta de inspira\u00e7\u00e3o para viajantes. Uma foto pode simplesmente te conquistar e definir o local das suas f\u00e9rias. A revista\u00a0Go outside separou 8 perfis e o pessoal do blog Das Trips acrescentaram mais um muito interessante, para voc\u00ea seguir e j\u00e1 planejar a pr\u00f3xima viagem com as dicas de destinos dessa galera:<\/p>\n<p><strong><a href=\"https:\/\/www.instagram.com\/leandro_mikk\/\" target=\"_blank\" rel=\"noopener\">@leandro_mikk<\/a><\/strong><\/p>\n<p>Logo de cara ao acessar o seu perfil, uma montagem perfeita aproveitando at\u00e9 6 quadrados do feed. \u00c9 uma grande inspira\u00e7\u00e3o pra quem gosta de um feed moderno.<\/p>\n<p>As fotos desse brasileiro, s\u00e3o de tirar o f\u00f4lego. Publicit\u00e1rio e Rockeiro, seu feed \u00e9 uma mistura de Viagens e esportes Outdoor.<\/p>\n<p><img loading=\"lazy\" decoding=\"async\" class=\"alignnone wp-image-37470\" src=\"https:\/\/www.mochileiros.com\/blog\/wp-content\/uploads\/2018\/07\/Screen-Shot-2018-07-08-at-12.40.30-221x300.png\" alt=\"\" width=\"357\" height=\"485\" srcset=\"https:\/\/www.mochileiros.com\/blog\/wp-content\/uploads\/2018\/07\/Screen-Shot-2018-07-08-at-12.40.30-221x300.png 221w, https:\/\/www.mochileiros.com\/blog\/wp-content\/uploads\/2018\/07\/Screen-Shot-2018-07-08-at-12.40.30-15x20.png 15w, https:\/\/www.mochileiros.com\/blog\/wp-content\/uploads\/2018\/07\/Screen-Shot-2018-07-08-at-12.40.30.png 234w\" sizes=\"auto, (max-width: 357px) 100vw, 357px\" \/><\/p>\n<p>&nbsp;<\/p>\n<div id=\"ez-toc-container\" class=\"ez-toc-v2_0_82_2 counter-hierarchy ez-toc-counter ez-toc-grey ez-toc-container-direction\">\n<div class=\"ez-toc-title-container\">\n<p class=\"ez-toc-title\" style=\"cursor:inherit\">\u00cdndice<\/p>\n<span class=\"ez-toc-title-toggle\"><a href=\"#\" class=\"ez-toc-pull-right ez-toc-btn ez-toc-btn-xs ez-toc-btn-default ez-toc-toggle\" aria-label=\"Alternar tabela de conte\u00fado\"><span class=\"ez-toc-js-icon-con\"><span class=\"\"><span class=\"eztoc-hide\" style=\"display:none;\">Toggle<\/span><span class=\"ez-toc-icon-toggle-span\"><svg style=\"fill: #999;color:#999\" xmlns=\"http:\/\/www.w3.org\/2000\/svg\" class=\"list-377408\" width=\"20px\" height=\"20px\" viewBox=\"0 0 24 24\" fill=\"none\"><path d=\"M6 6H4v2h2V6zm14 0H8v2h12V6zM4 11h2v2H4v-2zm16 0H8v2h12v-2zM4 16h2v2H4v-2zm16 0H8v2h12v-2z\" fill=\"currentColor\"><\/path><\/svg><svg style=\"fill: #999;color:#999\" class=\"arrow-unsorted-368013\" xmlns=\"http:\/\/www.w3.org\/2000\/svg\" width=\"10px\" height=\"10px\" viewBox=\"0 0 24 24\" version=\"1.2\" baseProfile=\"tiny\"><path d=\"M18.2 9.3l-6.2-6.3-6.2 6.3c-.2.2-.3.4-.3.7s.1.5.3.7c.2.2.4.3.7.3h11c.3 0 .5-.1.7-.3.2-.2.3-.5.3-.7s-.1-.5-.3-.7zM5.8 14.7l6.2 6.3 6.2-6.3c.2-.2.3-.5.3-.7s-.1-.5-.3-.7c-.2-.2-.4-.3-.7-.3h-11c-.3 0-.5.1-.7.3-.2.2-.3.5-.3.7s.1.5.3.7z\"\/><\/svg><\/span><\/span><\/span><\/a><\/span><\/div>\n<nav><ul class='ez-toc-list ez-toc-list-level-1 ' ><li class='ez-toc-page-1 ez-toc-heading-level-3'><a class=\"ez-toc-link ez-toc-heading-1\" href=\"https:\/\/www.mochileiros.com\/blog\/instagram-9-perfis-de-viagem-que-voce-deve-seguir-se-voce-gosta-de-viajar\/#isthisreal\" >@isthisreal<\/a><\/li><li class='ez-toc-page-1 ez-toc-heading-level-3'><a class=\"ez-toc-link ez-toc-heading-2\" href=\"https:\/\/www.mochileiros.com\/blog\/instagram-9-perfis-de-viagem-que-voce-deve-seguir-se-voce-gosta-de-viajar\/#fllavitt\" >@fllavitt<\/a><\/li><li class='ez-toc-page-1 ez-toc-heading-level-3'><a class=\"ez-toc-link ez-toc-heading-3\" href=\"https:\/\/www.mochileiros.com\/blog\/instagram-9-perfis-de-viagem-que-voce-deve-seguir-se-voce-gosta-de-viajar\/#rebornbyadventure\" >@rebornbyadventure<\/a><\/li><li class='ez-toc-page-1 ez-toc-heading-level-3'><a class=\"ez-toc-link ez-toc-heading-4\" href=\"https:\/\/www.mochileiros.com\/blog\/instagram-9-perfis-de-viagem-que-voce-deve-seguir-se-voce-gosta-de-viajar\/#temaiseme\" >@temaiseme<\/a><\/li><li class='ez-toc-page-1 ez-toc-heading-level-3'><a class=\"ez-toc-link ez-toc-heading-5\" href=\"https:\/\/www.mochileiros.com\/blog\/instagram-9-perfis-de-viagem-que-voce-deve-seguir-se-voce-gosta-de-viajar\/#expedicaofuscamerica\" >@expedicaofuscamerica<\/a><\/li><li class='ez-toc-page-1 ez-toc-heading-level-3'><a class=\"ez-toc-link ez-toc-heading-6\" href=\"https:\/\/www.mochileiros.com\/blog\/instagram-9-perfis-de-viagem-que-voce-deve-seguir-se-voce-gosta-de-viajar\/#thiswildidea\" >@thiswildidea<\/a><\/li><li class='ez-toc-page-1 ez-toc-heading-level-3'><a class=\"ez-toc-link ez-toc-heading-7\" href=\"https:\/\/www.mochileiros.com\/blog\/instagram-9-perfis-de-viagem-que-voce-deve-seguir-se-voce-gosta-de-viajar\/#2fortrips\" >@2fortrips<\/a><\/li><li class='ez-toc-page-1 ez-toc-heading-level-3'><a class=\"ez-toc-link ez-toc-heading-8\" href=\"https:\/\/www.mochileiros.com\/blog\/instagram-9-perfis-de-viagem-que-voce-deve-seguir-se-voce-gosta-de-viajar\/#alexstrohl\" >@alexstrohl<\/a><\/li><\/ul><\/nav><\/div>\n<h3><span class=\"ez-toc-section\" id=\"isthisreal\"><\/span><a href=\"https:\/\/www.instagram.com\/isthisreal\/\" target=\"_blank\" rel=\"noopener\">@isthisreal<\/a><span class=\"ez-toc-section-end\"><\/span><\/h3>\n<p>As fotos do brasileiro Brian Baldrati, sim, s\u00e3o de babar na tela do celular. A reda\u00e7\u00e3o da Revista bateu\u00a0um papo com ele a respeito das viagens, dicas de fotografia e destinos que o fot\u00f3grafo mais gostou de conhecer.<\/p>\n<p><img loading=\"lazy\" decoding=\"async\" class=\"alignnone wp-image-37471\" src=\"https:\/\/www.mochileiros.com\/blog\/wp-content\/uploads\/2018\/07\/Screen-Shot-2018-07-08-at-12.40.57.png\" alt=\"\" width=\"364\" height=\"402\" srcset=\"https:\/\/www.mochileiros.com\/blog\/wp-content\/uploads\/2018\/07\/Screen-Shot-2018-07-08-at-12.40.57.png 229w, https:\/\/www.mochileiros.com\/blog\/wp-content\/uploads\/2018\/07\/Screen-Shot-2018-07-08-at-12.40.57-18x20.png 18w\" sizes=\"auto, (max-width: 364px) 100vw, 364px\" \/><\/p>\n<h3><span class=\"ez-toc-section\" id=\"fllavitt\"><\/span><a href=\"https:\/\/www.instagram.com\/fllavitt\/\" target=\"_blank\" rel=\"noopener\">@fllavitt<\/a><span class=\"ez-toc-section-end\"><\/span><\/h3>\n<p>Antes de fazer\u00a0super v\u00eddeos de viagem com a Go Outside, a aventureira Fl\u00e1via Vitorino j\u00e1 recheava o Instagram com fotos e dicas de viagem. Quando est\u00e1 viajando, ela tamb\u00e9m faz\u00a0<em>stories<\/em>bel\u00edssimos.<\/p>\n<p><img loading=\"lazy\" decoding=\"async\" class=\"alignnone wp-image-37472\" src=\"https:\/\/www.mochileiros.com\/blog\/wp-content\/uploads\/2018\/07\/Screen-Shot-2018-07-08-at-12.41.09.png\" alt=\"\" width=\"364\" height=\"454\" srcset=\"https:\/\/www.mochileiros.com\/blog\/wp-content\/uploads\/2018\/07\/Screen-Shot-2018-07-08-at-12.41.09.png 230w, https:\/\/www.mochileiros.com\/blog\/wp-content\/uploads\/2018\/07\/Screen-Shot-2018-07-08-at-12.41.09-16x20.png 16w\" sizes=\"auto, (max-width: 364px) 100vw, 364px\" \/><\/p>\n<h3><span class=\"ez-toc-section\" id=\"rebornbyadventure\"><\/span><a href=\"https:\/\/www.instagram.com\/rebornbyadventure\/\" target=\"_blank\" rel=\"noopener\">@rebornbyadventure<\/a><span class=\"ez-toc-section-end\"><\/span><\/h3>\n<p><em>Van life<\/em>\u00a0\u00e9 o sonho de muita gente. O casal Natasha e Jacob mostram que \u00e9 poss\u00edvel morar numa van e viajar o mundo com um beb\u00ea, no caso a fofa Zoey.<\/p>\n<p><img loading=\"lazy\" decoding=\"async\" class=\"alignnone wp-image-37473\" src=\"https:\/\/www.mochileiros.com\/blog\/wp-content\/uploads\/2018\/07\/Screen-Shot-2018-07-08-at-12.41.19.png\" alt=\"\" width=\"371\" height=\"412\" srcset=\"https:\/\/www.mochileiros.com\/blog\/wp-content\/uploads\/2018\/07\/Screen-Shot-2018-07-08-at-12.41.19.png 227w, https:\/\/www.mochileiros.com\/blog\/wp-content\/uploads\/2018\/07\/Screen-Shot-2018-07-08-at-12.41.19-18x20.png 18w\" sizes=\"auto, (max-width: 371px) 100vw, 371px\" \/><\/p>\n<p>&nbsp;<\/p>\n<h3><span class=\"ez-toc-section\" id=\"temaiseme\"><\/span><a href=\"https:\/\/www.instagram.com\/temaiseme\/\" target=\"_blank\" rel=\"noopener\">@temaiseme<\/a><span class=\"ez-toc-section-end\"><\/span><\/h3>\n<p>Tain\u00e1 e Marcelo \u00e9 um casal viajante que h\u00e1 5 anos est\u00e1s vivendo aventuras, conhecendo pessoas e experimentando o mundo como ele \u00e9. E claro, registram as mais belas paisagens no Instagram.<\/p>\n<p><img loading=\"lazy\" decoding=\"async\" class=\"alignnone wp-image-37474\" src=\"https:\/\/www.mochileiros.com\/blog\/wp-content\/uploads\/2018\/07\/Screen-Shot-2018-07-08-at-12.41.29-221x300.png\" alt=\"\" width=\"364\" height=\"494\" srcset=\"https:\/\/www.mochileiros.com\/blog\/wp-content\/uploads\/2018\/07\/Screen-Shot-2018-07-08-at-12.41.29-221x300.png 221w, https:\/\/www.mochileiros.com\/blog\/wp-content\/uploads\/2018\/07\/Screen-Shot-2018-07-08-at-12.41.29-15x20.png 15w, https:\/\/www.mochileiros.com\/blog\/wp-content\/uploads\/2018\/07\/Screen-Shot-2018-07-08-at-12.41.29.png 230w\" sizes=\"auto, (max-width: 364px) 100vw, 364px\" \/><\/p>\n<h3><span class=\"ez-toc-section\" id=\"expedicaofuscamerica\"><\/span><a href=\"https:\/\/www.instagram.com\/expedicaofuscamerica\/\" target=\"_blank\" rel=\"noopener\">@expedicaofuscamerica<\/a><span class=\"ez-toc-section-end\"><\/span><\/h3>\n<p>J\u00e1 pensou em fazer um\u00a0<em>road trip<\/em>\u00a0com um fusca? E ir com ele at\u00e9 a R\u00fassia? Acredite, \u00e9 poss\u00edvel, e \u00e9 assim que o jornalista Nauro J\u00fanior j\u00e1 viajou para sete pa\u00edses da Am\u00e9rica do sul. Agora ele est\u00e1 rodando pela R\u00fassia com o Segundinho, um fusca 1968, durante a Copa do Mundo de Futebol.<\/p>\n<p><img loading=\"lazy\" decoding=\"async\" class=\"alignnone wp-image-37475\" src=\"https:\/\/www.mochileiros.com\/blog\/wp-content\/uploads\/2018\/07\/Screen-Shot-2018-07-08-at-12.41.44.png\" alt=\"\" width=\"370\" height=\"411\" srcset=\"https:\/\/www.mochileiros.com\/blog\/wp-content\/uploads\/2018\/07\/Screen-Shot-2018-07-08-at-12.41.44.png 228w, https:\/\/www.mochileiros.com\/blog\/wp-content\/uploads\/2018\/07\/Screen-Shot-2018-07-08-at-12.41.44-18x20.png 18w\" sizes=\"auto, (max-width: 370px) 100vw, 370px\" \/><\/p>\n<h3><span class=\"ez-toc-section\" id=\"thiswildidea\"><\/span><a href=\"https:\/\/www.instagram.com\/thiswildidea\/\" target=\"_blank\" rel=\"noopener\">@thiswildidea<\/a><span class=\"ez-toc-section-end\"><\/span><\/h3>\n<p>Depois de ver o Instagram do\u00a0<a href=\"https:\/\/www.instagram.com\/thiswildidea\/\" target=\"_blank\" rel=\"noopener\">@thiswildidea<\/a>\u00a0voc\u00ea vai desejar muito levar o seu c\u00e3o nas viagens. O cachorro do fot\u00f3grafo\u00a0Theron Humphrey viaja melhor que muita gente!<\/p>\n<p><img loading=\"lazy\" decoding=\"async\" class=\"alignnone wp-image-37476\" src=\"https:\/\/www.mochileiros.com\/blog\/wp-content\/uploads\/2018\/07\/Screen-Shot-2018-07-08-at-12.41.52.png\" alt=\"\" width=\"373\" height=\"478\" srcset=\"https:\/\/www.mochileiros.com\/blog\/wp-content\/uploads\/2018\/07\/Screen-Shot-2018-07-08-at-12.41.52.png 231w, https:\/\/www.mochileiros.com\/blog\/wp-content\/uploads\/2018\/07\/Screen-Shot-2018-07-08-at-12.41.52-16x20.png 16w\" sizes=\"auto, (max-width: 373px) 100vw, 373px\" \/><\/p>\n<h3><span class=\"ez-toc-section\" id=\"2fortrips\"><\/span><a href=\"https:\/\/www.instagram.com\/2fortrips\/\" target=\"_blank\" rel=\"noopener\">@2fortrips<\/a><span class=\"ez-toc-section-end\"><\/span><\/h3>\n<p>Que tal viajar o mundo de bicicleta? O casal de brasileiros Fl\u00e1via e Thiago est\u00e3o realizando este sonho\u00a0a bordo de uma bicicleta tandem\u00a0(de dois lugares).<\/p>\n<p><img loading=\"lazy\" decoding=\"async\" class=\"alignnone wp-image-37477\" src=\"https:\/\/www.mochileiros.com\/blog\/wp-content\/uploads\/2018\/07\/Screen-Shot-2018-07-08-at-12.42.02.png\" alt=\"\" width=\"374\" height=\"417\" srcset=\"https:\/\/www.mochileiros.com\/blog\/wp-content\/uploads\/2018\/07\/Screen-Shot-2018-07-08-at-12.42.02.png 227w, https:\/\/www.mochileiros.com\/blog\/wp-content\/uploads\/2018\/07\/Screen-Shot-2018-07-08-at-12.42.02-18x20.png 18w\" sizes=\"auto, (max-width: 374px) 100vw, 374px\" \/><\/p>\n<h3><span class=\"ez-toc-section\" id=\"alexstrohl\"><\/span><a href=\"https:\/\/www.instagram.com\/alexstrohl\/\" target=\"_blank\" rel=\"noopener\">@alexstrohl<\/a><span class=\"ez-toc-section-end\"><\/span><\/h3>\n<p>O fot\u00f3grafo franc\u00eas Alex Strohl \u00e9 especialista em fazer voc\u00ea desejar um lugar. Todos os dias ele compartilhas de paisagens deslumbrantes.<\/p>\n<p><img loading=\"lazy\" decoding=\"async\" class=\"alignnone wp-image-37478\" src=\"https:\/\/www.mochileiros.com\/blog\/wp-content\/uploads\/2018\/07\/Screen-Shot-2018-07-08-at-12.42.13-225x300.png\" alt=\"\" width=\"364\" height=\"485\" srcset=\"https:\/\/www.mochileiros.com\/blog\/wp-content\/uploads\/2018\/07\/Screen-Shot-2018-07-08-at-12.42.13-225x300.png 225w, https:\/\/www.mochileiros.com\/blog\/wp-content\/uploads\/2018\/07\/Screen-Shot-2018-07-08-at-12.42.13-15x20.png 15w, https:\/\/www.mochileiros.com\/blog\/wp-content\/uploads\/2018\/07\/Screen-Shot-2018-07-08-at-12.42.13.png 231w\" sizes=\"auto, (max-width: 364px) 100vw, 364px\" \/><\/p>\n<p>Fonte: dastrips.com.br<\/p>\n","protected":false},"excerpt":{"rendered":"<p>Temos certeza que o Instagram virou uma ferramenta de inspira\u00e7\u00e3o para viajantes. Uma foto pode simplesmente te conquistar e definir o local das suas f\u00e9rias. A revista\u00a0Go outside separou 8 perfis e o pessoal do blog Das Trips acrescentaram mais um muito interessante, para voc\u00ea seguir e j\u00e1 planejar a pr\u00f3xima viagem com as dicas [&hellip;]<\/p>\n","protected":false},"author":1086,"featured_media":37465,"comment_status":"open","ping_status":"closed","sticky":false,"template":"","format":"standard","meta":{"googlesitekit_rrm_CAoiELM5mIOjYRN0nfylq3_9r-8:productID":"","_crdt_document":"","_daim_seo_power":"","_daim_enable_ail":"","footnotes":""},"categories":[],"tags":[39,2432],"class_list":["post-37464","post","type-post","status-publish","format-standard","has-post-thumbnail","hentry","tag-fotografia-de-viagem","tag-instagram"],"_links":{"self":[{"href":"https:\/\/www.mochileiros.com\/blog\/wp-json\/wp\/v2\/posts\/37464","targetHints":{"allow":["GET"]}}],"collection":[{"href":"https:\/\/www.mochileiros.com\/blog\/wp-json\/wp\/v2\/posts"}],"about":[{"href":"https:\/\/www.mochileiros.com\/blog\/wp-json\/wp\/v2\/types\/post"}],"author":[{"embeddable":true,"href":"https:\/\/www.mochileiros.com\/blog\/wp-json\/wp\/v2\/users\/1086"}],"replies":[{"embeddable":true,"href":"https:\/\/www.mochileiros.com\/blog\/wp-json\/wp\/v2\/comments?post=37464"}],"version-history":[{"count":0,"href":"https:\/\/www.mochileiros.com\/blog\/wp-json\/wp\/v2\/posts\/37464\/revisions"}],"wp:featuredmedia":[{"embeddable":true,"href":"https:\/\/www.mochileiros.com\/blog\/wp-json\/wp\/v2\/media\/37465"}],"wp:attachment":[{"href":"https:\/\/www.mochileiros.com\/blog\/wp-json\/wp\/v2\/media?parent=37464"}],"wp:term":[{"taxonomy":"category","embeddable":true,"href":"https:\/\/www.mochileiros.com\/blog\/wp-json\/wp\/v2\/categories?post=37464"},{"taxonomy":"post_tag","embeddable":true,"href":"https:\/\/www.mochileiros.com\/blog\/wp-json\/wp\/v2\/tags?post=37464"}],"curies":[{"name":"wp","href":"https:\/\/api.w.org\/{rel}","templated":true}]}}