{"id":37627,"date":"2018-07-29T00:14:01","date_gmt":"2018-07-29T03:14:01","guid":{"rendered":"https:\/\/www.mochileiros.com\/blog\/?p=37627"},"modified":"2018-08-12T17:03:29","modified_gmt":"2018-08-12T20:03:29","slug":"mochileiros-com-recebe-premio-influenciadores-digitais","status":"publish","type":"post","link":"https:\/\/www.mochileiros.com\/blog\/mochileiros-com-recebe-premio-influenciadores-digitais","title":{"rendered":"Mochileiros.com recebe Pr\u00eamio Influenciadores Digitais"},"content":{"rendered":"<p>O <strong>Mochileiros.com<\/strong> recebeu, nesta semana, o <strong>Pr\u00eamio Influenciadores Digitais<\/strong> na categoria Viagem e Turismo. A premia\u00e7\u00e3o considerou voto t\u00e9cnico e popular (valeu galera!), que escolheu tr\u00eas sites de destaque nessa \u00e1rea.<\/p>\n<p>A entrega do Pr\u00eamio influenciadores Digitais aconteceu durante evento em S\u00e3o Paulo e fica aqui o nosso obrigada a todos os leitores do <a href=\"https:\/\/www.mochileiros.com\/\" target=\"_blank\" rel=\"noopener\">Mochileiros.com<\/a> que dedicaram seu tempo votando na gente!<\/p>\n<div id=\"attachment_37631\" style=\"width: 820px\" class=\"wp-caption alignnone\"><img loading=\"lazy\" decoding=\"async\" aria-describedby=\"caption-attachment-37631\" class=\"wp-image-37631\" src=\"https:\/\/www.mochileiros.com\/blog\/wp-content\/uploads\/2018\/07\/20180723_2211050-1.jpg\" alt=\"Pr\u00eamio Influenciadores Digitais\" width=\"810\" height=\"542\" srcset=\"https:\/\/www.mochileiros.com\/blog\/wp-content\/uploads\/2018\/07\/20180723_2211050-1.jpg 2399w, https:\/\/www.mochileiros.com\/blog\/wp-content\/uploads\/2018\/07\/20180723_2211050-1-300x201.jpg 300w, https:\/\/www.mochileiros.com\/blog\/wp-content\/uploads\/2018\/07\/20180723_2211050-1-768x514.jpg 768w, https:\/\/www.mochileiros.com\/blog\/wp-content\/uploads\/2018\/07\/20180723_2211050-1-1024x686.jpg 1024w, https:\/\/www.mochileiros.com\/blog\/wp-content\/uploads\/2018\/07\/20180723_2211050-1-313x210.jpg 313w, https:\/\/www.mochileiros.com\/blog\/wp-content\/uploads\/2018\/07\/20180723_2211050-1-20x13.jpg 20w\" sizes=\"auto, (max-width: 810px) 100vw, 810px\" \/><p id=\"caption-attachment-37631\" class=\"wp-caption-text\">A colaboradora Gilsimara Caresia, recebeu o pr\u00eamio em nome do Mochileiros.com<\/p><\/div>\n<p>A iniciativa da premia\u00e7\u00e3o tem como objetivo reconhecer os influenciadores que utilizam os canais digitais para comunicar de forma inovadora e \u00e9 promovido pelo Centro de Estudos da Comunica\u00e7\u00e3o e pela plataforma Neg\u00f3cios da Comunica\u00e7\u00e3o.<\/p>\n<p>Essa foi a terceira edi\u00e7\u00e3o do pr\u00eamio, que teve 22 categorias, premiando, entre outros: Dr. Drauzio Varella, Hugo Gloss, Whindersson Nunes, Luisa Mell e Gabriela Pugliesi.<\/p>\n<div id=\"attachment_37630\" style=\"width: 820px\" class=\"wp-caption alignnone\"><img loading=\"lazy\" decoding=\"async\" aria-describedby=\"caption-attachment-37630\" class=\" wp-image-37630\" src=\"https:\/\/www.mochileiros.com\/blog\/wp-content\/uploads\/2018\/07\/IMG-20180724-WA0007.jpg\" alt=\"\" width=\"810\" height=\"607\" srcset=\"https:\/\/www.mochileiros.com\/blog\/wp-content\/uploads\/2018\/07\/IMG-20180724-WA0007.jpg 847w, https:\/\/www.mochileiros.com\/blog\/wp-content\/uploads\/2018\/07\/IMG-20180724-WA0007-300x225.jpg 300w, https:\/\/www.mochileiros.com\/blog\/wp-content\/uploads\/2018\/07\/IMG-20180724-WA0007-1024x768.jpg 1024w, https:\/\/www.mochileiros.com\/blog\/wp-content\/uploads\/2018\/07\/IMG-20180724-WA0007-767x575.jpg 767w, https:\/\/www.mochileiros.com\/blog\/wp-content\/uploads\/2018\/07\/IMG-20180724-WA0007-1536x1152.jpg 1536w, https:\/\/www.mochileiros.com\/blog\/wp-content\/uploads\/2018\/07\/IMG-20180724-WA0007-2048x1535.jpg 2048w, https:\/\/www.mochileiros.com\/blog\/wp-content\/uploads\/2018\/07\/IMG-20180724-WA0007-200x150.jpg 200w, https:\/\/www.mochileiros.com\/blog\/wp-content\/uploads\/2018\/07\/IMG-20180724-WA0007-100x75.jpg 100w, https:\/\/www.mochileiros.com\/blog\/wp-content\/uploads\/2018\/07\/IMG-20180724-WA0007-467x350.jpg 467w, https:\/\/www.mochileiros.com\/blog\/wp-content\/uploads\/2018\/07\/IMG-20180724-WA0007-788x590.jpg 788w, https:\/\/www.mochileiros.com\/blog\/wp-content\/uploads\/2018\/07\/IMG-20180724-WA0007-768x576.jpg 768w, https:\/\/www.mochileiros.com\/blog\/wp-content\/uploads\/2018\/07\/IMG-20180724-WA0007-313x235.jpg 313w, https:\/\/www.mochileiros.com\/blog\/wp-content\/uploads\/2018\/07\/IMG-20180724-WA0007-20x15.jpg 20w\" sizes=\"auto, (max-width: 810px) 100vw, 810px\" \/><p id=\"caption-attachment-37630\" class=\"wp-caption-text\">O pr\u00eamio reuniu influenciadores de 22 categorias<\/p><\/div>\n<p>&nbsp;<\/p>\n<p>&nbsp;<\/p>\n<p>&nbsp;<\/p>\n<p>&nbsp;<\/p>\n<p>&nbsp;<\/p>\n","protected":false},"excerpt":{"rendered":"<p>O Mochileiros.com recebeu, nesta semana, o Pr\u00eamio Influenciadores Digitais na categoria Viagem e Turismo. A premia\u00e7\u00e3o considerou voto t\u00e9cnico e popular (valeu galera!), que escolheu tr\u00eas sites de destaque nessa \u00e1rea. A entrega do Pr\u00eamio influenciadores Digitais aconteceu durante evento em S\u00e3o Paulo e fica aqui o nosso obrigada a todos os leitores do Mochileiros.com [&hellip;]<\/p>\n","protected":false},"author":404,"featured_media":37630,"comment_status":"open","ping_status":"closed","sticky":false,"template":"","format":"standard","meta":{"googlesitekit_rrm_CAoiELM5mIOjYRN0nfylq3_9r-8:productID":"","_crdt_document":"","_daim_seo_power":"","_daim_enable_ail":"","footnotes":""},"categories":[14],"tags":[2409],"class_list":["post-37627","post","type-post","status-publish","format-standard","has-post-thumbnail","hentry","category-noticias","tag-premio-influenciadores-digitais"],"_links":{"self":[{"href":"https:\/\/www.mochileiros.com\/blog\/wp-json\/wp\/v2\/posts\/37627","targetHints":{"allow":["GET"]}}],"collection":[{"href":"https:\/\/www.mochileiros.com\/blog\/wp-json\/wp\/v2\/posts"}],"about":[{"href":"https:\/\/www.mochileiros.com\/blog\/wp-json\/wp\/v2\/types\/post"}],"author":[{"embeddable":true,"href":"https:\/\/www.mochileiros.com\/blog\/wp-json\/wp\/v2\/users\/404"}],"replies":[{"embeddable":true,"href":"https:\/\/www.mochileiros.com\/blog\/wp-json\/wp\/v2\/comments?post=37627"}],"version-history":[{"count":0,"href":"https:\/\/www.mochileiros.com\/blog\/wp-json\/wp\/v2\/posts\/37627\/revisions"}],"wp:featuredmedia":[{"embeddable":true,"href":"https:\/\/www.mochileiros.com\/blog\/wp-json\/wp\/v2\/media\/37630"}],"wp:attachment":[{"href":"https:\/\/www.mochileiros.com\/blog\/wp-json\/wp\/v2\/media?parent=37627"}],"wp:term":[{"taxonomy":"category","embeddable":true,"href":"https:\/\/www.mochileiros.com\/blog\/wp-json\/wp\/v2\/categories?post=37627"},{"taxonomy":"post_tag","embeddable":true,"href":"https:\/\/www.mochileiros.com\/blog\/wp-json\/wp\/v2\/tags?post=37627"}],"curies":[{"name":"wp","href":"https:\/\/api.w.org\/{rel}","templated":true}]}}