{"id":37668,"date":"2018-08-10T14:02:23","date_gmt":"2018-08-10T17:02:23","guid":{"rendered":"https:\/\/www.mochileiros.com\/blog\/?p=37668"},"modified":"2018-09-15T03:14:46","modified_gmt":"2018-09-15T06:14:46","slug":"salar-de-uyuni-viajando-na-janela","status":"publish","type":"post","link":"https:\/\/www.mochileiros.com\/blog\/salar-de-uyuni-viajando-na-janela","title":{"rendered":"Salar de Uyuni &#8211; 36 perguntas e respostas sobre este lugar incr\u00edvel!"},"content":{"rendered":"<p style=\"text-align: left;\"><span style=\"font-size: 14pt;\">Este \u00e9 um <strong>manual complet\u00edssimo<\/strong> com tudo o que voc\u00ea precisa saber sobre a travessia do <strong>Salar de Uyuni<\/strong>. Reunimos aqui as principais d\u00favidas dos nossos leitores e respondemos uma a uma com a maior objetividade poss\u00edvel.<\/span><\/p>\n<p>&nbsp;<\/p><div id=\"ez-toc-container\" class=\"ez-toc-v2_0_87 counter-hierarchy ez-toc-counter ez-toc-grey ez-toc-container-direction\">\n<div class=\"ez-toc-title-container\">\n<p class=\"ez-toc-title\" style=\"cursor:inherit\">\u00cdndice<\/p>\n<span class=\"ez-toc-title-toggle\"><a href=\"#\" class=\"ez-toc-pull-right ez-toc-btn ez-toc-btn-xs ez-toc-btn-default ez-toc-toggle\" aria-label=\"Alternar tabela de conte\u00fado\"><span class=\"ez-toc-js-icon-con\"><span class=\"\"><span class=\"eztoc-hide\" style=\"display:none;\">Toggle<\/span><span class=\"ez-toc-icon-toggle-span\"><svg style=\"fill: #999;color:#999\" xmlns=\"http:\/\/www.w3.org\/2000\/svg\" class=\"list-377408\" width=\"20px\" height=\"20px\" viewBox=\"0 0 24 24\" fill=\"none\"><path d=\"M6 6H4v2h2V6zm14 0H8v2h12V6zM4 11h2v2H4v-2zm16 0H8v2h12v-2zM4 16h2v2H4v-2zm16 0H8v2h12v-2z\" fill=\"currentColor\"><\/path><\/svg><svg style=\"fill: #999;color:#999\" class=\"arrow-unsorted-368013\" xmlns=\"http:\/\/www.w3.org\/2000\/svg\" width=\"10px\" height=\"10px\" viewBox=\"0 0 24 24\" version=\"1.2\" baseProfile=\"tiny\"><path d=\"M18.2 9.3l-6.2-6.3-6.2 6.3c-.2.2-.3.4-.3.7s.1.5.3.7c.2.2.4.3.7.3h11c.3 0 .5-.1.7-.3.2-.2.3-.5.3-.7s-.1-.5-.3-.7zM5.8 14.7l6.2 6.3 6.2-6.3c.2-.2.3-.5.3-.7s-.1-.5-.3-.7c-.2-.2-.4-.3-.7-.3h-11c-.3 0-.5.1-.7.3-.2.2-.3.5-.3.7s.1.5.3.7z\"\/><\/svg><\/span><\/span><\/span><\/a><\/span><\/div>\n<nav><ul class='ez-toc-list ez-toc-list-level-1 eztoc-toggle-hide-by-default' ><li class='ez-toc-page-1 ez-toc-heading-level-2'><a class=\"ez-toc-link ez-toc-heading-1\" href=\"https:\/\/www.mochileiros.com\/blog\/salar-de-uyuni-viajando-na-janela\/#1_O_que_e_o_Salar_de_Uyuni\" >1. O que \u00e9 o Salar de Uyuni?<\/a><\/li><li class='ez-toc-page-1 ez-toc-heading-level-2'><a class=\"ez-toc-link ez-toc-heading-2\" href=\"https:\/\/www.mochileiros.com\/blog\/salar-de-uyuni-viajando-na-janela\/#2_Onde_fica_o_Salar_de_Uyuni\" >2. Onde fica o Salar de Uyuni?<\/a><\/li><li class='ez-toc-page-1 ez-toc-heading-level-2'><a class=\"ez-toc-link ez-toc-heading-3\" href=\"https:\/\/www.mochileiros.com\/blog\/salar-de-uyuni-viajando-na-janela\/#3_Como_chegar_no_Atacama_ou_em_Uyuni\" >3. Como chegar no Atacama ou em Uyuni?<\/a><ul class='ez-toc-list-level-3' ><li class='ez-toc-heading-level-3'><a class=\"ez-toc-link ez-toc-heading-4\" href=\"https:\/\/www.mochileiros.com\/blog\/salar-de-uyuni-viajando-na-janela\/#COMECANDO_PELO_ATACAMA\" >COME\u00c7ANDO PELO ATACAMA<\/a><\/li><li class='ez-toc-page-1 ez-toc-heading-level-3'><a class=\"ez-toc-link ez-toc-heading-5\" href=\"https:\/\/www.mochileiros.com\/blog\/salar-de-uyuni-viajando-na-janela\/#COMECANDO_POR_UYUNI\" >COME\u00c7ANDO POR UYUNI<\/a><\/li><\/ul><\/li><li class='ez-toc-page-1 ez-toc-heading-level-2'><a class=\"ez-toc-link ez-toc-heading-6\" href=\"https:\/\/www.mochileiros.com\/blog\/salar-de-uyuni-viajando-na-janela\/#4_Por_onde_iniciar_o_passeio_Do_Uyuni_ou_do_Atacama\" >4. Por onde iniciar o passeio? Do Uyuni ou do Atacama?<\/a><\/li><li class='ez-toc-page-1 ez-toc-heading-level-2'><a class=\"ez-toc-link ez-toc-heading-7\" href=\"https:\/\/www.mochileiros.com\/blog\/salar-de-uyuni-viajando-na-janela\/#5_Como_e_a_Travessia_do_Salar_de_Uyuni\" >5. Como \u00e9 a Travessia do Salar de Uyuni?<\/a><\/li><li class='ez-toc-page-1 ez-toc-heading-level-2'><a class=\"ez-toc-link ez-toc-heading-8\" href=\"https:\/\/www.mochileiros.com\/blog\/salar-de-uyuni-viajando-na-janela\/#6_Qual_agencia_escolher\" >6. Qual ag\u00eancia escolher?<\/a><\/li><li class='ez-toc-page-1 ez-toc-heading-level-2'><a class=\"ez-toc-link ez-toc-heading-9\" href=\"https:\/\/www.mochileiros.com\/blog\/salar-de-uyuni-viajando-na-janela\/#7_Quantos_quilometros_sao_percorridos_na_travessia_do_Uyuni\" >7. Quantos quil\u00f4metros s\u00e3o percorridos na travessia do Uyuni?<\/a><\/li><li class='ez-toc-page-1 ez-toc-heading-level-2'><a class=\"ez-toc-link ez-toc-heading-10\" href=\"https:\/\/www.mochileiros.com\/blog\/salar-de-uyuni-viajando-na-janela\/#8_Qual_a_melhor_epoca_para_conhecer_o_Salar_de_Uyuni\" >8. Qual a melhor \u00e9poca para conhecer o Salar de Uyuni?<\/a><ul class='ez-toc-list-level-3' ><li class='ez-toc-heading-level-3'><a class=\"ez-toc-link ez-toc-heading-11\" href=\"https:\/\/www.mochileiros.com\/blog\/salar-de-uyuni-viajando-na-janela\/#DE_DEZEMBRO_A_MARCO\" >DE DEZEMBRO A MAR\u00c7O<\/a><\/li><li class='ez-toc-page-1 ez-toc-heading-level-3'><a class=\"ez-toc-link ez-toc-heading-12\" href=\"https:\/\/www.mochileiros.com\/blog\/salar-de-uyuni-viajando-na-janela\/#DE_ABRIL_A_NOVEMBRO\" >DE ABRIL A NOVEMBRO<\/a><\/li><\/ul><\/li><li class='ez-toc-page-1 ez-toc-heading-level-2'><a class=\"ez-toc-link ez-toc-heading-13\" href=\"https:\/\/www.mochileiros.com\/blog\/salar-de-uyuni-viajando-na-janela\/#9_Vou_pegar_temperaturas_negativas_E_neve\" >9. Vou pegar temperaturas negativas? E neve?<\/a><\/li><li class='ez-toc-page-1 ez-toc-heading-level-2'><a class=\"ez-toc-link ez-toc-heading-14\" href=\"https:\/\/www.mochileiros.com\/blog\/salar-de-uyuni-viajando-na-janela\/#10_Quantos_dias_dura_o_tour\" >10. Quantos dias dura o tour?<\/a><\/li><\/ul><\/nav><\/div>\n\n<h2><span class=\"ez-toc-section\" id=\"1_O_que_e_o_Salar_de_Uyuni\"><\/span><span style=\"font-size: 18pt; color: #000000; font-weight: bold; letter-spacing: -0.01em;\">1. O que \u00e9 o Salar de Uyuni?<\/span><span class=\"ez-toc-section-end\"><\/span><\/h2>\n<p><span style=\"font-size: 12pt;\">O <strong>Salar de Uyuni<\/strong> \u00e9 o <strong>maior deserto de sal do mundo<\/strong>. Este lugar imenso o<\/span><span style=\"font-size: 12pt;\">cupa uma \u00e1rea de quase <strong>12.000 km\u00b2 de extens\u00e3o<\/strong>!<\/span><\/p>\n<p><span style=\"font-size: 12pt;\">Por causa de suas paisagens incomuns o Salar atrai turistas do mundo inteiro, sendo <strong>um dos principais pontos<\/strong> tur\u00edsticos daqueles que fazem o tradicional <a href=\"https:\/\/viajandonajanela.com\/mochilao-chile-bolivia-peru-como-montamos-o-roteiro\/\" target=\"_blank\" rel=\"noopener\">mochil\u00e3o Chile &#8211; Bol\u00edvia &#8211; Peru<\/a>.<\/span><\/p>\n<p>&nbsp;<\/p>\n<h2><span class=\"ez-toc-section\" id=\"2_Onde_fica_o_Salar_de_Uyuni\"><\/span><span style=\"font-size: 18pt; color: #000000; font-weight: bold; letter-spacing: -0.01em;\">2. Onde fica o Salar de Uyuni?<\/span><span class=\"ez-toc-section-end\"><\/span><\/h2>\n<p><span style=\"font-size: 12pt;\">O Salar de Uyuni fica no <strong>sudoeste da Bol\u00edvia<\/strong>, pr\u00f3ximo \u00e0 divisa entre o <strong>Chile<\/strong> e a <strong>Bol\u00edvia.<\/strong><\/span><\/p>\n<p><img loading=\"lazy\" decoding=\"async\" class=\"wp-image-9145 size-full alignnone\" src=\"https:\/\/viajandonajanela.com\/wp-content\/uploads\/2018\/07\/mapa-bolivia-salar-de-uyuni.jpg\" alt=\"Mapa Salar de Uyuni \" width=\"770\" height=\"627\" \/><\/p>\n<h2><\/h2>\n<h2><\/h2>\n<h2><span class=\"ez-toc-section\" id=\"3_Como_chegar_no_Atacama_ou_em_Uyuni\"><\/span><span style=\"font-size: 18pt;\">3. Como chegar no Atacama ou em Uyuni?<\/span><span class=\"ez-toc-section-end\"><\/span><\/h2>\n<p><span style=\"font-size: 12pt;\">Voc\u00ea poder\u00e1 come\u00e7ar a travessia por <strong>San Pedro do Atacama<\/strong>, no Chile, ou por <strong>Uyuni,<\/strong> uma cidadezinha boliviana.<\/span><\/p>\n<h3 style=\"text-align: center;\"><span class=\"ez-toc-section\" id=\"COMECANDO_PELO_ATACAMA\"><\/span>COME\u00c7ANDO PELO ATACAMA<span class=\"ez-toc-section-end\"><\/span><\/h3>\n<p><span style=\"font-size: 12pt;\">Se voc\u00ea optar por come\u00e7ar por San Pedro, dever\u00e1 pegar um v\u00f4o at\u00e9 <strong>Santiago<\/strong>, e de l\u00e1 seguir em outro v\u00f4o at\u00e9 <strong>Calama.<\/strong> De Calama at\u00e9 <strong>San Pedro<\/strong>\u00a0s\u00e3o 100km e d\u00e1 pra ir de \u00f4nibus, transfer ou t\u00e1xi.<\/span><\/p>\n<p><span style=\"font-size: 12pt;\">De <strong>Santiago at\u00e9 Calama d\u00e1 pra ir de \u00f4nibus tamb\u00e9m<\/strong>. Mas esteja preparado(a) para enfrentar <strong>mais de 20 horas de viagem<\/strong> e mais de 1600 km.<\/span><\/p>\n<p><span style=\"font-size: 12pt;\">De S\u00e3o Paulo at\u00e9 Santiago voamos com a <strong>Latam,<\/strong> de Santiago a Calama voamos com a <strong>JetSmart<\/strong> e o trecho Calama-San Pedro optamos por fazer de <strong>\u00f4nibus.<\/strong><\/span><\/p>\n<h3 style=\"text-align: center;\"><span class=\"ez-toc-section\" id=\"COMECANDO_POR_UYUNI\"><\/span>COME\u00c7ANDO POR UYUNI<span class=\"ez-toc-section-end\"><\/span><\/h3>\n<p><span style=\"font-size: 12pt;\"><strong>Uyuni \u00e9 a cidade base do passeio<\/strong>. Para chegar l\u00e1, a op\u00e7\u00e3o mais comum \u00e9 <strong>pegar um v\u00f4o do Brasil at\u00e9 Santa Cruz de La Sierra e de l\u00e1 pegar outro v\u00f4o at\u00e9 Sucre<\/strong>. Chegando em Sucre \u00e9 s\u00f3 <strong>seguir viagem de \u00f4nibus para Uyuni<\/strong>. A dist\u00e2ncia de Sucre para Uyuni \u00e9 de pouco mais de 350 km.<\/span><\/p>\n<p><span style=\"font-size: 12pt;\">Se voc\u00ea quiser se aventurar (e economizar) <strong>poder\u00e1 ir de Santa Cruz de La Sierra at\u00e9 Uyuni de \u00f4nibus<\/strong>. Mas saiba que <strong>s\u00e3o mais de 900 km<\/strong> a serem percorridos em estradas n\u00e3o muito boas e em \u00f4nibus que,\u00a0 dependendo da empresa, podem ser um pouco prec\u00e1rios.<\/span><\/p>\n<p><span style=\"font-size: 12pt;\"><strong>Outra op\u00e7\u00e3o \u00e9 pegar um v\u00f4o at\u00e9 La Paz e de l\u00e1 seguir de \u00f4nibus at\u00e9 Uyuni<\/strong>.<\/span><\/p>\n<div id=\"attachment_9024\" style=\"width: 1180px\" class=\"wp-caption alignnone\"><img loading=\"lazy\" decoding=\"async\" aria-describedby=\"caption-attachment-9024\" class=\"wp-image-9024 size-full\" title=\"O Salar de Uyuni, assim como o Atacama, \u00e9 um dos melhores lugares do mundo pra observar as estrelas!\" src=\"https:\/\/viajandonajanela.com\/wp-content\/uploads\/2018\/07\/salar-do-uyuni-travessia-chile-bolivia-peru-5-de-11.jpg\" alt=\"\" width=\"1170\" height=\"836\"><p id=\"caption-attachment-9024\" class=\"wp-caption-text\">O Salar de Uyuni, assim como o Atacama, \u00e9 um dos melhores lugares do mundo pra observar as estrelas!<\/p><\/div>\n<h2><\/h2>\n<h2><span class=\"ez-toc-section\" id=\"4_Por_onde_iniciar_o_passeio_Do_Uyuni_ou_do_Atacama\"><\/span><span style=\"font-size: 18pt;\">4. Por onde iniciar o passeio? Do Uyuni ou do Atacama?<\/span><span class=\"ez-toc-section-end\"><\/span><\/h2>\n<p><span style=\"font-size: 12pt;\">Isso \u00e9 <strong>bem relativo<\/strong>.\u00a0<\/span><span style=\"font-size: 12pt;\">Muitas pessoas que est\u00e3o viajando no modo mochileiro <del>m\u00e3o de vaca<\/del>\u00a0econ\u00f4mico, optam por come\u00e7ar por Uyuni porque o <strong>pre\u00e7o da travessia \u00e9 menor<\/strong> se comparado com os pre\u00e7os do Atacama.<\/span><\/p>\n<p><span style=\"font-size: 12pt;\">Mas esta quest\u00e3o de pre\u00e7os vai depender muito do valor das passagens a\u00e9reas na \u00e9poca da viagem, ent\u00e3o <strong>o neg\u00f3cio \u00e9 pesquisar antes e estudar a melhor forma de fazer este roteiro<\/strong>.<\/span><\/p>\n<p><span style=\"font-size: 12pt;\">N\u00f3s preferimos come\u00e7ar pelo Atacama porque conseguimos uma boa promo\u00e7\u00e3o de passagem a\u00e9rea para Santiago.<\/span><\/p>\n<h2><\/h2>\n<h2><span class=\"ez-toc-section\" id=\"5_Como_e_a_Travessia_do_Salar_de_Uyuni\"><\/span><span style=\"font-size: 18pt;\">5. Como \u00e9 a Travessia do Salar de Uyuni?<\/span><span class=\"ez-toc-section-end\"><\/span><\/h2>\n<p><span style=\"font-size: 16px;\">Este passeio \u00e9 simplesmente <strong>uma das coisas mais marcantes que voc\u00ea pode fazer na vida<\/strong>, acredite!<\/span><\/p>\n<p><span style=\"font-size: 16px;\">Em uma viagem pelo Salar de Uyuni a gente passa por lagoas de v\u00e1rias cores (incluindo uma vermelha), cruza desertos, passa por montanhas gigantescas, vulc\u00f5es com picos nevados (dependendo da \u00e9poca do ano), rochas imensas esculpidas pelo vento, e ainda encontra animais como flamingos, vicunhas, lagartos, lhamas e raposas pelo caminho. <strong>Pra quem curte natureza, este passeio deve ser feito pelo menos uma vez na vida<\/strong>!<\/span><\/p>\n<p><span style=\"font-size: 12pt;\"><strong>O tour pelo Salar pode ser feito saindo de San Pedro do Atacama em dire\u00e7\u00e3o \u00e0 cidade de Uyuni, ou o contr\u00e1rio, come\u00e7ando em Uyuni e terminando em San Pedro<\/strong>. Desta forma, o tour dura <strong>3 dias<\/strong>, e \u00e9 feito por quem vai seguir viagem e n\u00e3o precisa voltar para o ponto de partida.<\/span><\/p>\n<p><span style=\"font-size: 12pt;\">Para quem precisa <strong>voltar para o ponto de partida<\/strong> (por exemplo, pra quem est\u00e1 no Atacama e pretende voltar pra l\u00e1), o tour leva <strong>4 dias<\/strong>.<\/span><\/p>\n<p><span style=\"font-size: 12pt;\">O jeito mais comum de se fazer esta travessia \u00e9 de <strong>forma compartilhada<\/strong> e em um <strong>ve\u00edculo 4&#215;4<\/strong>, que cabe at\u00e9 <strong>6 pessoas + o motorista<\/strong>. Desta forma, voc\u00ea viaja com um grupo aleat\u00f3rio que pode ter pessoas de todas as partes do mundo.<\/span><\/p>\n<div id=\"attachment_9021\" style=\"width: 1180px\" class=\"wp-caption alignnone\"><img loading=\"lazy\" decoding=\"async\" aria-describedby=\"caption-attachment-9021\" class=\"wp-image-9021 size-full\" title=\"Flamingos na Laguna Colorada\" src=\"https:\/\/viajandonajanela.com\/wp-content\/uploads\/2018\/07\/salar-do-uyuni-travessia-chile-bolivia-peru-2-de-11.jpg\" alt=\"\" width=\"1170\" height=\"836\"><p id=\"caption-attachment-9021\" class=\"wp-caption-text\">Flamingos na Laguna Colorada<\/p><\/div>\n<p><span style=\"font-size: 12pt;\">No nosso caso, est\u00e1vamos em 5 brasileiros + uma alem\u00e3 + o motorista que era boliviano.<\/span><\/p>\n<p><span style=\"font-size: 12pt;\">Esta <strong>viagem \u00e9 mais roots<\/strong>, \u00e9 verdade. Como a aventura se trata de atravessar um deserto e adentrar um salar em um pa\u00eds com baixo desenvolvimento econ\u00f4mico, as coisas s\u00e3o um tantinho mais prec\u00e1rias (e n\u00e3o tem como n\u00e3o ser, n\u00e9?). Mas tamb\u00e9m <strong>n\u00e3o \u00e9 nada que possa te fazer desistir deste passeio<\/strong>!<\/span><\/p>\n<p><span style=\"font-size: 12pt;\">A nossa <strong>experi\u00eancia foi super positiva<\/strong>, viajamos com pessoas legais, ficamos em alojamento\/hotel simples, mas o suficiente para descansarmos bem, a comida era super ok e nosso motorista era respons\u00e1vel e gente boa.<\/span><\/p>\n<p><span style=\"font-size: 12pt;\">E por falar em motorista, na verdade ele n\u00e3o era s\u00f3 o<em> motorista<\/em>. Al\u00e9m de dirigir, era ele quem guiava os passeios, dava as informa\u00e7\u00f5es sobre os lugares, fazia a nossa comida e, se necess\u00e1rio, at\u00e9 consertava o carro!<\/span><\/p>\n<p><span style=\"font-size: 12pt;\">Pra quem pode investir um pouco mais e quer conforto, existem op\u00e7\u00f5es de <strong>tours privados<\/strong>. A travessia assim \u00e9 feita em <strong>carros mais modernos<\/strong>, s\u00e3o servidas <strong>comidas melhores<\/strong> e os <strong>alojamentos s\u00e3o mais confort\u00e1veis<\/strong>. Mas saiba que isto tem um pre\u00e7o, e n\u00e3o \u00e9 baixo! <strong>Um tour privado pode custar 10x mais caro que o compartilhado<\/strong>. (E talvez nem seja t\u00e3o divertido\u00a0\ud83d\ude1c)<\/span><\/p>\n<h2><\/h2>\n<h2><span class=\"ez-toc-section\" id=\"6_Qual_agencia_escolher\"><\/span><span style=\"font-size: 18pt;\">6. Qual ag\u00eancia escolher?<\/span><span class=\"ez-toc-section-end\"><\/span><\/h2>\n<p><span style=\"font-size: 12pt;\">Escolher uma <strong>boa ag\u00eancia<\/strong> para este tour \u00e9 algo essencial para que voc\u00ea tenha uma experi\u00eancia completa e com o menor n\u00famero de<\/span><span style=\"font-size: 12pt;\"> perrengues poss\u00edvel!<\/span><\/p>\n<p><span style=\"font-size: 12pt;\">J\u00e1 li relatos de pessoas que fizeram o tour com motoristas b\u00eabados, pessoas que ficaram na estrada com o carro quebrado e sem comunica\u00e7\u00e3o, pessoas que perderam a mochila que fica sobre o carro&#8230; Ent\u00e3o a <strong>escolha requer cuidado<\/strong> (e um pouquinho de sorte).<\/span><\/p>\n<p><span style=\"font-size: 12pt;\">Tanto no Atacama quanto em Uyuni, voc\u00ea encontrar\u00e1 um <strong>mont\u00e3o de ag\u00eancias oferecendo este tour<\/strong>. O que acontece, na verdade, \u00e9 que algumas ag\u00eancias realizam a travessia e outras <strong>revendem e repassam os clientes<\/strong>. Ent\u00e3o, pode ser que a ag\u00eancia que voc\u00ea escolheu com tanto carinho n\u00e3o seja a que te levar\u00e1.<\/span><\/p>\n<p><span style=\"font-size: 12pt;\">A dica ent\u00e3o para minimizar os riscos de entrar em uma roubada \u00e9 <strong>procurar por indica\u00e7\u00f5es de boas ag\u00eancias e que, de prefer\u00eancia, n\u00e3o revendam os passeios<\/strong>. Para isso, o <strong><a href=\"https:\/\/www.tripadvisor.com.br\" target=\"_blank\" rel=\"nofollow noopener\">TripAdvisor<\/a> <\/strong>(que tamb\u00e9m tem app para <a href=\"https:\/\/play.google.com\/store\/apps\/developer?id=TripAdvisor&amp;hl=pt_BR\" target=\"_blank\" rel=\"nofollow noopener\">android<\/a> e <a href=\"https:\/\/itunes.apple.com\/br\/app\/tripadvisor-hot%C3%A9is-voos\/id284876795?mt=8\" target=\"_blank\" rel=\"nofollow noopener\">ios<\/a>) \u00e9 uma excelente ferramenta para ajudar nas pesquisas!<\/span><\/p>\n<p><span style=\"font-size: 12pt;\">N\u00f3s fizemos a travessia saindo do Atacama em um tour compartilhado com a <strong>empresa Lithium<\/strong>. Como eu j\u00e1 disse, o tour foi \u00f3timo e indicamos a empresa.<\/span><\/p>\n<p><span style=\"font-size: 12pt;\"> Essa empresa \u00e9 <strong>muito bem avaliada\u00a0<\/strong>(<a href=\"https:\/\/www.tripadvisor.com.br\/Attraction_Review-g303681-d8591758-Reviews-Lithium_Aventura-San_Pedro_de_Atacama_Antofagasta_Region.html\" target=\"_blank\" rel=\"nofollow noopener\">veja no TripAdvisor<\/a>) e foi uma <strong>indica\u00e7\u00e3o<\/strong> que tivemos do pessoal da <strong>123Andes<\/strong>.*<br \/>\n<span style=\"color: #808080;\"><em>* Pra quem ainda n\u00e3o leu os posts anteriores sobre o mochil\u00e3o, fizemos os passeios no Atacama com a ag\u00eancia 123 Andes.<\/em><\/span><\/span><\/p>\n<p><span style=\"font-size: 12pt;\">Outras ag\u00eancias muito procuradas por brasileiros s\u00e3o a <a href=\"https:\/\/www.tripadvisor.com.br\/Attraction_Review-g317033-d4498539-Reviews-Cordillera_Traveller_Private_Day_Tour-Uyuni_Potosi_Department.html\" target=\"_blank\" rel=\"nofollow noopener\"><strong>Cordillera Traveller<\/strong><\/a> e a <a href=\"https:\/\/www.tripadvisor.com.br\/Attraction_Review-g303681-d7138304-Reviews-World_White_Travel_Day_Tour-San_Pedro_de_Atacama_Antofagasta_Region.html\" target=\"_blank\" rel=\"nofollow noopener\"><strong>World White Travel<\/strong><\/a>, que oferecem tours coletivos e privados.<\/span><\/p>\n<p><span style=\"font-size: 12pt;\">Se\u00a0 voc\u00ea procura por um servi\u00e7o VIP, a ag\u00eancia <a href=\"https:\/\/www.tripadvisor.com.br\/Attraction_Review-g303681-d10065701-Reviews-FlaviaBia_Expediciones-San_Pedro_de_Atacama_Antofagasta_Region.html\" target=\"_blank\" rel=\"nofollow noopener\"><strong>FlaviaBia Expediciones<\/strong><\/a> \u00e9 refer\u00eancia na categoria.<\/span><\/p>\n<div id=\"attachment_9029\" style=\"width: 1180px\" class=\"wp-caption alignnone\"><img loading=\"lazy\" decoding=\"async\" aria-describedby=\"caption-attachment-9029\" class=\"wp-image-9029 size-full\" title=\"Ilha das Bandeiras, que fica pr\u00f3xima ao Monumento Dakar e ao Museu de Sal\" src=\"https:\/\/viajandonajanela.com\/wp-content\/uploads\/2018\/07\/salar-do-uyuni-travessia-chile-bolivia-peru-10-de-11.jpg\" alt=\"\" width=\"1170\" height=\"836\"><p id=\"caption-attachment-9029\" class=\"wp-caption-text\">Ilha das Bandeiras, que fica pr\u00f3xima ao Monumento Dakar e ao Museu de Sal<\/p><\/div>\n<h2><\/h2>\n<h2><span class=\"ez-toc-section\" id=\"7_Quantos_quilometros_sao_percorridos_na_travessia_do_Uyuni\"><\/span><span style=\"font-size: 18pt;\">7. Quantos quil\u00f4metros s\u00e3o percorridos na travessia do Uyuni?<\/span><span class=\"ez-toc-section-end\"><\/span><\/h2>\n<p><span style=\"font-size: 12pt;\">N\u00e3o d\u00e1 para saber com precis\u00e3o quantos quil\u00f4metros a gente andou, por que fizemos muitos desvios para chegar nas atra\u00e7\u00f5es. Mas a dist\u00e2ncia de San Pedro para Uyuni pela rodovia \u00e9 de 520 km, e quando questionamos o motorista sobre a dist\u00e2ncia que rodar\u00edamos, ele comentou que daria <strong>cerca de 900 km<\/strong>.<\/span><\/p>\n<h2><\/h2>\n<h2><span class=\"ez-toc-section\" id=\"8_Qual_a_melhor_epoca_para_conhecer_o_Salar_de_Uyuni\"><\/span><span style=\"font-size: 18pt;\">8. Qual a melhor \u00e9poca para conhecer o Salar de Uyuni?<\/span><span class=\"ez-toc-section-end\"><\/span><\/h2>\n<p><span style=\"font-size: 12pt;\">Algo que voc\u00ea deve levar em considera\u00e7\u00e3o \u00e9 a escolha de <strong>quando ir<\/strong>. Isto porque <strong>o Salar de Uyuni na \u00e9poca de chuvas \u00e9 totalmente diferente do Salar no per\u00edodo de seca<\/strong>.<\/span><\/p>\n<h3 style=\"text-align: center;\"><span class=\"ez-toc-section\" id=\"DE_DEZEMBRO_A_MARCO\"><\/span><span style=\"font-size: 14pt;\">DE DEZEMBRO A MAR\u00c7O<\/span><span class=\"ez-toc-section-end\"><\/span><\/h3>\n<p><span style=\"font-size: 12pt;\">A <strong>\u00e9poca de chuvas<\/strong> ocorre no ver\u00e3o e vai de <strong>dezembro a mar\u00e7o<\/strong>. Neste per\u00edodo a <strong>temperatura est\u00e1 mais amena<\/strong>: faz calor durante o dia e frio \u00e0 noite.<\/span><\/p>\n<p><span style=\"font-size: 12pt;\"><span style=\"font-size: 14pt;\"><strong>Ponto positivo de ir na \u00e9poca de chuvas:<\/strong> <\/span><br \/>\nSabe aquelas fotos lindas em que o Salar fica parecendo um espelho e reflete o c\u00e9u? Elas s\u00e3o tiradas exatamente no per\u00edodo de chuva. Outro ponto favor\u00e1vel \u00e9 a temperatura, que fica mais agrad\u00e1vel<\/span><\/p>\n<p><span style=\"font-size: 12pt;\"><strong><span style=\"font-size: 14pt;\">Ponto negativo de ir na \u00e9poca de chuvas:<br \/>\n<\/span><\/strong>Na \u00e9poca de chuvas, o Salar pode ficar t\u00e3o alagado que impossibilita chegar em alguns pontos tur\u00edsticos. No nosso caso, s\u00f3 entramos nele no terceiro dia &#8211; e em uma pequena parte &#8211; por conta do excesso de \u00e1gua.<\/span><\/p>\n<h3 style=\"text-align: center;\"><span class=\"ez-toc-section\" id=\"DE_ABRIL_A_NOVEMBRO\"><\/span><span style=\"font-size: 14pt;\">DE ABRIL A NOVEMBRO<\/span><span class=\"ez-toc-section-end\"><\/span><\/h3>\n<p><span style=\"font-size: 12pt;\">Do final de <strong>abril<\/strong> ao final de <strong>novembro<\/strong> \u00e9 <strong>\u00e9poca de seca<\/strong> e as temperaturas tendem a despencar no inverno. Se voc\u00ea for em junho ou julho, poder\u00e1 pegar -15\u00ba \u00e0 noite facilmente.<\/span><\/p>\n<p><span style=\"font-size: 12pt;\">[su_column]<span style=\"font-size: 14pt;\"><strong>Ponto positivo de ir na \u00e9poca de seca:<\/strong> <\/span><br \/>\nO Salar est\u00e1 seco, ent\u00e3o a chance de perder alguma atra\u00e7\u00e3o \u00e9 baixa. Os vulc\u00f5es e montanhas est\u00e3o mais branquinhos de neve.[\/su_column]<strong><span style=\"font-size: 14pt;\">Ponto negativo de ir na \u00e9poca de seca:<br \/>\n<\/span><\/strong>Provavelmente o Salar n\u00e3o estar\u00e1 espelhado (mas mesmo assim \u00e9 incr\u00edvel!). V\u00e1 preparado para enfrentar a friaca.<\/span><\/p>\n<p>&nbsp;<\/p>\n<h2><span class=\"ez-toc-section\" id=\"9_Vou_pegar_temperaturas_negativas_E_neve\"><\/span><span style=\"font-size: 18pt;\">9. Vou pegar temperaturas negativas? E neve?<\/span><span class=\"ez-toc-section-end\"><\/span><\/h2>\n<p><span style=\"font-size: 12pt;\">Temperaturas negativas, sim. Neve talvez.<\/span><\/p>\n<p><span style=\"font-size: 12pt;\">Como disse no t\u00f3pico anterior, indo entre <strong>dezembro e mar\u00e7o<\/strong>, voc\u00ea s\u00f3 pegar\u00e1 <strong>temperaturas negativas \u00e0 noite<\/strong>, mas nada que seja muito inferior a 0\u00b0<span style=\"color: #000000;\">.<\/span><\/span><\/p>\n<p><span style=\"font-size: 12pt;\">No <strong>inverno<\/strong>\u00a0 (junho, julho e meados de agosto) \u00e9 <strong>melhor ir mais preparado<\/strong>. Ser\u00e1 frio durante o dia e muito frio durante a noite! E, dependendo de como estiver o clima, voc\u00ea poder\u00e1 pegar <strong>neve em alguns trechos do caminho<\/strong>.<\/span><\/p>\n<h2><\/h2>\n<h2><span class=\"ez-toc-section\" id=\"10_Quantos_dias_dura_o_tour\"><\/span><span style=\"font-size: 18pt;\">10. Quantos dias dura o tour?<\/span><span class=\"ez-toc-section-end\"><\/span><\/h2>\n<p><strong><span style=\"font-size: 12pt;\">A travessia do Salar de Uyuni leva de 3 a 4 dias.<\/span><\/strong><\/p>\n<p><span style=\"font-size: 12pt;\">Tr\u00eas dias para quem vai de San Pedro a Uyuni ou vice e versa e n\u00e3o retorna para o ponto de partida.<\/span><\/p>\n<div id=\"attachment_9026\" style=\"width: 1180px\" class=\"wp-caption alignnone\"><img loading=\"lazy\" decoding=\"async\" aria-describedby=\"caption-attachment-9026\" class=\"wp-image-9026 size-full\" title=\"Laguna Catal, tamb\u00e9m conhecida como Laguna Negra ou Laguna Misteriosa\" src=\"https:\/\/viajandonajanela.com\/wp-content\/uploads\/2018\/07\/salar-do-uyuni-travessia-chile-bolivia-peru-7-de-11.jpg\" alt=\"\" width=\"1170\" height=\"836\"><p id=\"caption-attachment-9026\" class=\"wp-caption-text\">Laguna Catal, tamb\u00e9m conhecida como Laguna Negra ou Laguna Misteriosa<\/p><\/div>\n<p><span style=\"font-size: 12pt;\">Quatro dias para quem sai de Uyuni e volta para Uyuni ou pra quem sai de San Pedro e retorna para San Pedro.<\/span><\/p>\n<hr \/>\n<blockquote><p>Confira mais 26 dicas sobre o Salar de Uyuni aqui: <a href=\"https:\/\/viajandonajanela.com\/salar-de-uyuni-tudo-o-que-voce-precisa-saber-sobre-a-travessia\/\" target=\"_blank\" rel=\"noopener\">Salar de Uyuni &#8211; Tudo o que voc\u00ea precisa saber sobre a travessia! | Viajando na Janela<\/a><\/p><\/blockquote>\n<\/p>","protected":false},"excerpt":{"rendered":"<p>Este \u00e9 um manual complet\u00edssimo com tudo o que voc\u00ea precisa saber sobre a travessia do Salar de Uyuni. Reunimos aqui as principais d\u00favidas dos nossos leitores e respondemos uma a uma com a maior objetividade poss\u00edvel. &nbsp; 1. O que \u00e9 o Salar de Uyuni? O Salar de Uyuni \u00e9 o maior deserto de [&hellip;]<\/p>\n","protected":false},"author":2049,"featured_media":37670,"comment_status":"open","ping_status":"closed","sticky":false,"template":"","format":"standard","meta":{"googlesitekit_rrm_CAoiELM5mIOjYRN0nfylq3_9r-8:productID":"","footnotes":""},"categories":[25,1186],"tags":[1213],"class_list":["post-37668","post","type-post","status-publish","format-standard","has-post-thumbnail","hentry","category-bolivia","category-america-do-sul","tag-salar-de-uyuni"],"_links":{"self":[{"href":"https:\/\/www.mochileiros.com\/blog\/wp-json\/wp\/v2\/posts\/37668","targetHints":{"allow":["GET"]}}],"collection":[{"href":"https:\/\/www.mochileiros.com\/blog\/wp-json\/wp\/v2\/posts"}],"about":[{"href":"https:\/\/www.mochileiros.com\/blog\/wp-json\/wp\/v2\/types\/post"}],"author":[{"embeddable":true,"href":"https:\/\/www.mochileiros.com\/blog\/wp-json\/wp\/v2\/users\/2049"}],"replies":[{"embeddable":true,"href":"https:\/\/www.mochileiros.com\/blog\/wp-json\/wp\/v2\/comments?post=37668"}],"version-history":[{"count":0,"href":"https:\/\/www.mochileiros.com\/blog\/wp-json\/wp\/v2\/posts\/37668\/revisions"}],"wp:featuredmedia":[{"embeddable":true,"href":"https:\/\/www.mochileiros.com\/blog\/wp-json\/wp\/v2\/media\/37670"}],"wp:attachment":[{"href":"https:\/\/www.mochileiros.com\/blog\/wp-json\/wp\/v2\/media?parent=37668"}],"wp:term":[{"taxonomy":"category","embeddable":true,"href":"https:\/\/www.mochileiros.com\/blog\/wp-json\/wp\/v2\/categories?post=37668"},{"taxonomy":"post_tag","embeddable":true,"href":"https:\/\/www.mochileiros.com\/blog\/wp-json\/wp\/v2\/tags?post=37668"}],"curies":[{"name":"wp","href":"https:\/\/api.w.org\/{rel}","templated":true}]}}