{"id":40761,"date":"2023-11-24T10:59:05","date_gmt":"2023-11-24T13:59:05","guid":{"rendered":"https:\/\/www.mochileiros.com\/blog\/?p=40761"},"modified":"2023-11-24T10:59:07","modified_gmt":"2023-11-24T13:59:07","slug":"o-que-fazer-em-buenos-aires","status":"publish","type":"post","link":"https:\/\/www.mochileiros.com\/blog\/o-que-fazer-em-buenos-aires","title":{"rendered":"O que fazer em Buenos Aires: 30 dicas para sair da mesmice!"},"content":{"rendered":"\n<p class=\"wp-block-paragraph\">Com algumas nuances de Europa, mas tipicamente latina, Buenos Aires \u00e9 conhecida por sua arquitetura art-nouveau, sua intensa cena cultural, por sua rica gastronomia e pela personalidade dos Portenhos. A capital argentina tem tudo para agradar todos os gostos. De bairros com arquitetura moderna e restaurantes hype como Puerto Madero, \u00e0s tur\u00edsticas e coloridas ruas de La Boca,&nbsp; passando pela bo\u00eamia San telmo, at\u00e9 as ruas badaladas e &#8220;cools&#8221; de Palermo.&nbsp; Seja onde for, viajantes brasileiros s\u00e3o muito bem recebidos na cidade&nbsp;e provavelmente voc\u00ea repetir\u00e1 a dose!<br \/>Sem mais delongas , neste post apresentamos 30 sugest\u00f5es de o que fazer em Buenos Aires.<\/p>\n\n\n\n<div id=\"ez-toc-container\" class=\"ez-toc-v2_0_82_2 counter-hierarchy ez-toc-counter ez-toc-grey ez-toc-container-direction\">\n<div class=\"ez-toc-title-container\">\n<p class=\"ez-toc-title\" style=\"cursor:inherit\">\u00cdndice<\/p>\n<span class=\"ez-toc-title-toggle\"><a href=\"#\" class=\"ez-toc-pull-right ez-toc-btn ez-toc-btn-xs ez-toc-btn-default ez-toc-toggle\" aria-label=\"Alternar tabela de conte\u00fado\"><span class=\"ez-toc-js-icon-con\"><span class=\"\"><span class=\"eztoc-hide\" style=\"display:none;\">Toggle<\/span><span class=\"ez-toc-icon-toggle-span\"><svg style=\"fill: #999;color:#999\" xmlns=\"http:\/\/www.w3.org\/2000\/svg\" class=\"list-377408\" width=\"20px\" height=\"20px\" viewBox=\"0 0 24 24\" fill=\"none\"><path d=\"M6 6H4v2h2V6zm14 0H8v2h12V6zM4 11h2v2H4v-2zm16 0H8v2h12v-2zM4 16h2v2H4v-2zm16 0H8v2h12v-2z\" fill=\"currentColor\"><\/path><\/svg><svg style=\"fill: #999;color:#999\" class=\"arrow-unsorted-368013\" xmlns=\"http:\/\/www.w3.org\/2000\/svg\" width=\"10px\" height=\"10px\" viewBox=\"0 0 24 24\" version=\"1.2\" baseProfile=\"tiny\"><path d=\"M18.2 9.3l-6.2-6.3-6.2 6.3c-.2.2-.3.4-.3.7s.1.5.3.7c.2.2.4.3.7.3h11c.3 0 .5-.1.7-.3.2-.2.3-.5.3-.7s-.1-.5-.3-.7zM5.8 14.7l6.2 6.3 6.2-6.3c.2-.2.3-.5.3-.7s-.1-.5-.3-.7c-.2-.2-.4-.3-.7-.3h-11c-.3 0-.5.1-.7.3-.2.2-.3.5-.3.7s.1.5.3.7z\"\/><\/svg><\/span><\/span><\/span><\/a><\/span><\/div>\n<nav><ul class='ez-toc-list ez-toc-list-level-1 ' ><li class='ez-toc-page-1 ez-toc-heading-level-2'><a class=\"ez-toc-link ez-toc-heading-1\" href=\"https:\/\/www.mochileiros.com\/blog\/o-que-fazer-em-buenos-aires\/#Mochilao_Buenos_Aires\" >Mochil\u00e3o Buenos Aires<\/a><\/li><li class='ez-toc-page-1 ez-toc-heading-level-2'><a class=\"ez-toc-link ez-toc-heading-2\" href=\"https:\/\/www.mochileiros.com\/blog\/o-que-fazer-em-buenos-aires\/#O_que_fazer_em_Buenos_Aires\" >O que fazer em Buenos Aires<\/a><ul class='ez-toc-list-level-3' ><li class='ez-toc-heading-level-3'><a class=\"ez-toc-link ez-toc-heading-3\" href=\"https:\/\/www.mochileiros.com\/blog\/o-que-fazer-em-buenos-aires\/#1_Fazer_um_roteiro_de_bicicleta\" >1. Fazer um roteiro de bicicleta<\/a><\/li><li class='ez-toc-page-1 ez-toc-heading-level-3'><a class=\"ez-toc-link ez-toc-heading-4\" href=\"https:\/\/www.mochileiros.com\/blog\/o-que-fazer-em-buenos-aires\/#2_Conhecer_uma_das_mais_importantes_livrarias_do_mundo_El_Ateneo_Grand_Splendid\" >2. Conhecer uma das mais importantes livrarias do mundo, El Ateneo Grand Splendid<\/a><\/li><li class='ez-toc-page-1 ez-toc-heading-level-3'><a class=\"ez-toc-link ez-toc-heading-5\" href=\"https:\/\/www.mochileiros.com\/blog\/o-que-fazer-em-buenos-aires\/#3_Visitar_a_Galeria_Bond_Street\" >3. Visitar a Galeria Bond Street<\/a><\/li><li class='ez-toc-page-1 ez-toc-heading-level-3'><a class=\"ez-toc-link ez-toc-heading-6\" href=\"https:\/\/www.mochileiros.com\/blog\/o-que-fazer-em-buenos-aires\/#4_Conhecer_o_Cemiterio_La_Recoleta\" >4. Conhecer o Cemit\u00e9rio La Recoleta<\/a><\/li><li class='ez-toc-page-1 ez-toc-heading-level-3'><a class=\"ez-toc-link ez-toc-heading-7\" href=\"https:\/\/www.mochileiros.com\/blog\/o-que-fazer-em-buenos-aires\/#5_Contemplar_a_Floralis_Generica\" >5. Contemplar a Floralis Generica<\/a><\/li><li class='ez-toc-page-1 ez-toc-heading-level-3'><a class=\"ez-toc-link ez-toc-heading-8\" href=\"https:\/\/www.mochileiros.com\/blog\/o-que-fazer-em-buenos-aires\/#6_Passear_pelo_Caminito\" >6. Passear pelo Caminito<\/a><\/li><li class='ez-toc-page-1 ez-toc-heading-level-3'><a class=\"ez-toc-link ez-toc-heading-9\" href=\"https:\/\/www.mochileiros.com\/blog\/o-que-fazer-em-buenos-aires\/#7_Ter_uma_experiencia_com_o_Tango\" >7. Ter uma experi\u00eancia com o Tango<\/a><\/li><li class='ez-toc-page-1 ez-toc-heading-level-3'><a class=\"ez-toc-link ez-toc-heading-10\" href=\"https:\/\/www.mochileiros.com\/blog\/o-que-fazer-em-buenos-aires\/#8_Fazer_um_passeio_de_bondinho_e_conhecer_o_bairro_Caballito\" >8. Fazer um passeio de bondinho e conhecer o bairro Caballito<\/a><\/li><li class='ez-toc-page-1 ez-toc-heading-level-3'><a class=\"ez-toc-link ez-toc-heading-11\" href=\"https:\/\/www.mochileiros.com\/blog\/o-que-fazer-em-buenos-aires\/#9_Conhecer_o_bairro_de_Palermo\" >9. Conhecer o bairro de Palermo<\/a><\/li><li class='ez-toc-page-1 ez-toc-heading-level-3'><a class=\"ez-toc-link ez-toc-heading-12\" href=\"https:\/\/www.mochileiros.com\/blog\/o-que-fazer-em-buenos-aires\/#10_Conhecer_o_Mercado_de_Pulgas\" >10. Conhecer o Mercado de Pulgas<\/a><\/li><li class='ez-toc-page-1 ez-toc-heading-level-3'><a class=\"ez-toc-link ez-toc-heading-13\" href=\"https:\/\/www.mochileiros.com\/blog\/o-que-fazer-em-buenos-aires\/#11_Conhecer_o_Bairro_Chines\" >11. Conhecer o Bairro Chin\u00eas<\/a><\/li><li class='ez-toc-page-1 ez-toc-heading-level-3'><a class=\"ez-toc-link ez-toc-heading-14\" href=\"https:\/\/www.mochileiros.com\/blog\/o-que-fazer-em-buenos-aires\/#12_Visitar_o_Parque_de_La_Memoria\" >12. Visitar o Parque de La Memoria<\/a><\/li><li class='ez-toc-page-1 ez-toc-heading-level-3'><a class=\"ez-toc-link ez-toc-heading-15\" href=\"https:\/\/www.mochileiros.com\/blog\/o-que-fazer-em-buenos-aires\/#13_Conhecer_o_bairro_de_San_Telmo\" >13. Conhecer o bairro de San Telmo<\/a><\/li><li class='ez-toc-page-1 ez-toc-heading-level-3'><a class=\"ez-toc-link ez-toc-heading-16\" href=\"https:\/\/www.mochileiros.com\/blog\/o-que-fazer-em-buenos-aires\/#14_Conhecer_a_Plaza_de_Mayo_e_arredores\" >14. Conhecer a Plaza de Mayo e arredores<\/a><\/li><li class='ez-toc-page-1 ez-toc-heading-level-3'><a class=\"ez-toc-link ez-toc-heading-17\" href=\"https:\/\/www.mochileiros.com\/blog\/o-que-fazer-em-buenos-aires\/#15_Conhecer_o_Cafe_Tortoni_e_a_Farmacia_de_la_Estrella\" >15. Conhecer o Caf\u00e9 Tortoni e a Farmacia de la Estrella<\/a><\/li><li class='ez-toc-page-1 ez-toc-heading-level-3'><a class=\"ez-toc-link ez-toc-heading-18\" href=\"https:\/\/www.mochileiros.com\/blog\/o-que-fazer-em-buenos-aires\/#16_Explorar_la_Manzana_de_las_Luces\" >16. Explorar la Manzana de las Luces<\/a><\/li><li class='ez-toc-page-1 ez-toc-heading-level-3'><a class=\"ez-toc-link ez-toc-heading-19\" href=\"https:\/\/www.mochileiros.com\/blog\/o-que-fazer-em-buenos-aires\/#17_Conhecer_o_cartao-postal_da_cidade_a_Praca_do_Obelisco\" >17. Conhecer o cart\u00e3o-postal da cidade, a Pra\u00e7a do Obelisco<\/a><\/li><li class='ez-toc-page-1 ez-toc-heading-level-3'><a class=\"ez-toc-link ez-toc-heading-20\" href=\"https:\/\/www.mochileiros.com\/blog\/o-que-fazer-em-buenos-aires\/#18_Visitar_o_predio_das_Galerias_Pacifico\" >18. Visitar o pr\u00e9dio das Galer\u00edas Pac\u00edfico<\/a><\/li><li class='ez-toc-page-1 ez-toc-heading-level-3'><a class=\"ez-toc-link ez-toc-heading-21\" href=\"https:\/\/www.mochileiros.com\/blog\/o-que-fazer-em-buenos-aires\/#19_Tirar_uma_foto_com_a_Mafalda_e_conhecer_mais_sobre_as_Historias_em_Quadrinhos_argentinas\" >19. Tirar uma foto com a Mafalda e conhecer mais sobre as Hist\u00f3rias em Quadrinhos argentinas<\/a><\/li><li class='ez-toc-page-1 ez-toc-heading-level-3'><a class=\"ez-toc-link ez-toc-heading-22\" href=\"https:\/\/www.mochileiros.com\/blog\/o-que-fazer-em-buenos-aires\/#20_Visitar_a_Feria_de_Mataderos\" >20. Visitar a Feria de Mataderos<\/a><\/li><li class='ez-toc-page-1 ez-toc-heading-level-3'><a class=\"ez-toc-link ez-toc-heading-23\" href=\"https:\/\/www.mochileiros.com\/blog\/o-que-fazer-em-buenos-aires\/#21_Visitar_o_Patio_de_los_lecheros\" >21. Visitar o Patio de los lecheros<\/a><\/li><\/ul><\/li><li class='ez-toc-page-1 ez-toc-heading-level-2'><a class=\"ez-toc-link ez-toc-heading-24\" href=\"https:\/\/www.mochileiros.com\/blog\/o-que-fazer-em-buenos-aires\/#O_que_comer_em_Buenos_Aires\" >O que comer em Buenos Aires<\/a><ul class='ez-toc-list-level-3' ><li class='ez-toc-heading-level-3'><a class=\"ez-toc-link ez-toc-heading-25\" href=\"https:\/\/www.mochileiros.com\/blog\/o-que-fazer-em-buenos-aires\/#22_Comer_um_choripan\" >22. Comer um choripan<\/a><\/li><li class='ez-toc-page-1 ez-toc-heading-level-3'><a class=\"ez-toc-link ez-toc-heading-26\" href=\"https:\/\/www.mochileiros.com\/blog\/o-que-fazer-em-buenos-aires\/#23_Comer_um_Bondiola\" >23.&nbsp; Comer um Bondiola<\/a><\/li><li class='ez-toc-page-1 ez-toc-heading-level-3'><a class=\"ez-toc-link ez-toc-heading-27\" href=\"https:\/\/www.mochileiros.com\/blog\/o-que-fazer-em-buenos-aires\/#24_Comer_uma_Fugazzeta\" >24. Comer uma Fugazzeta<\/a><\/li><li class='ez-toc-page-1 ez-toc-heading-level-3'><a class=\"ez-toc-link ez-toc-heading-28\" href=\"https:\/\/www.mochileiros.com\/blog\/o-que-fazer-em-buenos-aires\/#25_Comer_Empanadas\" >25. Comer Empanadas<\/a><\/li><li class='ez-toc-page-1 ez-toc-heading-level-3'><a class=\"ez-toc-link ez-toc-heading-29\" href=\"https:\/\/www.mochileiros.com\/blog\/o-que-fazer-em-buenos-aires\/#26_Faina\" >26.&nbsp; Fain\u00e1<\/a><\/li><li class='ez-toc-page-1 ez-toc-heading-level-3'><a class=\"ez-toc-link ez-toc-heading-30\" href=\"https:\/\/www.mochileiros.com\/blog\/o-que-fazer-em-buenos-aires\/#27_Revuelto_de_Gramajo\" >27. Revuelto de Gramajo<\/a><\/li><li class='ez-toc-page-1 ez-toc-heading-level-3'><a class=\"ez-toc-link ez-toc-heading-31\" href=\"https:\/\/www.mochileiros.com\/blog\/o-que-fazer-em-buenos-aires\/#28_Comer_um_Asado_de_tira_Asado_Qualquer_asado_%E2%80%93_risos\" >28. Comer um Asado de tira (Asado. Qualquer asado &#8211; risos)<\/a><\/li><li class='ez-toc-page-1 ez-toc-heading-level-3'><a class=\"ez-toc-link ez-toc-heading-32\" href=\"https:\/\/www.mochileiros.com\/blog\/o-que-fazer-em-buenos-aires\/#29_Alfajor\" >29.&nbsp;Alfajor<\/a><\/li><li class='ez-toc-page-1 ez-toc-heading-level-3'><a class=\"ez-toc-link ez-toc-heading-33\" href=\"https:\/\/www.mochileiros.com\/blog\/o-que-fazer-em-buenos-aires\/#30_Se_esbaldar_de_Dulce_de_leche\" >30. Se esbaldar de Dulce de leche<\/a><\/li><\/ul><\/li><li class='ez-toc-page-1 ez-toc-heading-level-2'><a class=\"ez-toc-link ez-toc-heading-34\" href=\"https:\/\/www.mochileiros.com\/blog\/o-que-fazer-em-buenos-aires\/#Onde_se_hospedar_em_Buenos_Aires\" >Onde se hospedar em Buenos Aires<\/a><\/li><li class='ez-toc-page-1 ez-toc-heading-level-2'><a class=\"ez-toc-link ez-toc-heading-35\" href=\"https:\/\/www.mochileiros.com\/blog\/o-que-fazer-em-buenos-aires\/#Para_montar_seu_roteiro_por_Buenos_Aires\" >Para montar seu roteiro por Buenos Aires<\/a><\/li><li class='ez-toc-page-1 ez-toc-heading-level-2'><a class=\"ez-toc-link ez-toc-heading-36\" href=\"https:\/\/www.mochileiros.com\/blog\/o-que-fazer-em-buenos-aires\/#Sobre_os_tours_em_Buenos_Aires\" >Sobre os tours em Buenos Aires<\/a><\/li><li class='ez-toc-page-1 ez-toc-heading-level-2'><a class=\"ez-toc-link ez-toc-heading-37\" href=\"https:\/\/www.mochileiros.com\/blog\/o-que-fazer-em-buenos-aires\/#Sobre_a_moeda_argentina\" >Sobre a moeda argentina<\/a><\/li><li class='ez-toc-page-1 ez-toc-heading-level-2'><a class=\"ez-toc-link ez-toc-heading-38\" href=\"https:\/\/www.mochileiros.com\/blog\/o-que-fazer-em-buenos-aires\/#Sobre_quanto_levar_e_quanto_se_gasta_em_Buenos_Aires\" >Sobre quanto levar e quanto se gasta em Buenos Aires<\/a><\/li><li class='ez-toc-page-1 ez-toc-heading-level-2'><a class=\"ez-toc-link ez-toc-heading-39\" href=\"https:\/\/www.mochileiros.com\/blog\/o-que-fazer-em-buenos-aires\/#O_que_vale_a_pena_comprar_em_Buenos_Aires_e_onde_comprar\" >O que vale a pena comprar em Buenos Aires e onde comprar?<\/a><\/li><li class='ez-toc-page-1 ez-toc-heading-level-2'><a class=\"ez-toc-link ez-toc-heading-40\" href=\"https:\/\/www.mochileiros.com\/blog\/o-que-fazer-em-buenos-aires\/#Transporte_em_Buenos_Aires\" >Transporte em Buenos Aires<\/a><\/li><li class='ez-toc-page-1 ez-toc-heading-level-2'><a class=\"ez-toc-link ez-toc-heading-41\" href=\"https:\/\/www.mochileiros.com\/blog\/o-que-fazer-em-buenos-aires\/#Cuidados_referentes_a_seguranca\" >Cuidados referentes a seguran\u00e7a<\/a><\/li><li class='ez-toc-page-1 ez-toc-heading-level-2'><a class=\"ez-toc-link ez-toc-heading-42\" href=\"https:\/\/www.mochileiros.com\/blog\/o-que-fazer-em-buenos-aires\/#Sobre_o_consumo_de_bebida_alcoolica\" >Sobre o consumo de bebida alco\u00f3lica<\/a><\/li><li class='ez-toc-page-1 ez-toc-heading-level-2'><a class=\"ez-toc-link ez-toc-heading-43\" href=\"https:\/\/www.mochileiros.com\/blog\/o-que-fazer-em-buenos-aires\/#Ingresso_e_permanencia_no_pais\" >Ingresso e perman\u00eancia no pa\u00eds<\/a><\/li><li class='ez-toc-page-1 ez-toc-heading-level-2'><a class=\"ez-toc-link ez-toc-heading-44\" href=\"https:\/\/www.mochileiros.com\/blog\/o-que-fazer-em-buenos-aires\/#Dicas_para_Viajar_para_a_Argentina\" >Dicas para Viajar para a Argentina<\/a><ul class='ez-toc-list-level-3' ><li class='ez-toc-heading-level-3'><a class=\"ez-toc-link ez-toc-heading-45\" href=\"https:\/\/www.mochileiros.com\/blog\/o-que-fazer-em-buenos-aires\/#Contrate_um_seguro_viagem\" >Contrate um seguro viagem<\/a><\/li><li class='ez-toc-page-1 ez-toc-heading-level-3'><a class=\"ez-toc-link ez-toc-heading-46\" href=\"https:\/\/www.mochileiros.com\/blog\/o-que-fazer-em-buenos-aires\/#Troque_seu_dinheiro_no_%E2%80%9Ccambio_blue%E2%80%9D\" >Troque seu dinheiro no &#8220;cambio blue&#8221;<\/a><\/li><\/ul><\/li><\/ul><\/nav><\/div>\n<h2 class=\"wp-block-heading\"><span class=\"ez-toc-section\" id=\"Mochilao_Buenos_Aires\"><\/span><strong>Mochil\u00e3o Buenos Aires<\/strong><span class=\"ez-toc-section-end\"><\/span><\/h2>\n\n\n\n<p class=\"wp-block-paragraph\">A&nbsp; melhor maneira de voc\u00ea come\u00e7ar seu mochil\u00e3o por <a href=\"https:\/\/www.mochileiros.com\/blog\/buenos-aires-argentina\"><span style=\"text-decoration: underline;\"><strong>Buenos Aires<\/strong><\/span><\/a>&nbsp; \u00e9 caminhando, pulando de esta\u00e7\u00e3o em esta\u00e7\u00e3o do metr\u00f4 ou at\u00e9 mesmo pedalando e por a\u00ed que podemos come\u00e7ar!<\/p>\n\n\n\n<h2 class=\"wp-block-heading\"><span class=\"ez-toc-section\" id=\"O_que_fazer_em_Buenos_Aires\"><\/span>O que fazer em Buenos Aires<span class=\"ez-toc-section-end\"><\/span><\/h2>\n\n\n\n<h3 class=\"wp-block-heading\"><span class=\"ez-toc-section\" id=\"1_Fazer_um_roteiro_de_bicicleta\"><\/span>1. Fazer um roteiro de bicicleta<span class=\"ez-toc-section-end\"><\/span><\/h3>\n\n\n\n<p class=\"wp-block-paragraph\">Ou um &#8220;Bici tour&#8221; como eles chamam por l\u00e1. Voc\u00ea pode conseguir emprestada uma bicicleta e explorar os bairros por conta pr\u00f3pria ou fazer um tour guiado. O ba.tours oferece esse tipo de tour guiado pelos bairros da Recoleta, Palermo, La Boca, entre outros a partir de 125 pesos argentinos.<br \/>Para informa\u00e7\u00f5es sobre o empr\u00e9stimo de bicicletas para turistas acesse o <span style=\"text-decoration: underline;\"><a href=\"http:\/\/www.buenosaires.gob.ar\/ecobici\/sistema-ecobici\/turistas\" target=\"_blank\" rel=\"noopener noreferrer\">site do EcoBici<\/a><\/span>.<\/p>\n\n\n\n<figure class=\"wp-block-image alignnone wp-image-41017 size-full\"><img loading=\"lazy\" decoding=\"async\" width=\"1024\" height=\"682\" src=\"https:\/\/www.mochileiros.com\/blog\/wp-content\/uploads\/2018\/11\/ecobici_buenosaires.jpg\" alt=\"As bikes da 'EcoBici' \u00e9 uma das op\u00e7\u00f5es do que fazer em Buenos Aires\" class=\"wp-image-41017\" srcset=\"https:\/\/www.mochileiros.com\/blog\/wp-content\/uploads\/2018\/11\/ecobici_buenosaires.jpg 1024w, https:\/\/www.mochileiros.com\/blog\/wp-content\/uploads\/2018\/11\/ecobici_buenosaires-300x200.jpg 300w, https:\/\/www.mochileiros.com\/blog\/wp-content\/uploads\/2018\/11\/ecobici_buenosaires-768x512.jpg 768w, https:\/\/www.mochileiros.com\/blog\/wp-content\/uploads\/2018\/11\/ecobici_buenosaires-320x213.jpg 320w, https:\/\/www.mochileiros.com\/blog\/wp-content\/uploads\/2018\/11\/ecobici_buenosaires-640x426.jpg 640w, https:\/\/www.mochileiros.com\/blog\/wp-content\/uploads\/2018\/11\/ecobici_buenosaires-360x240.jpg 360w, https:\/\/www.mochileiros.com\/blog\/wp-content\/uploads\/2018\/11\/ecobici_buenosaires-720x480.jpg 720w, https:\/\/www.mochileiros.com\/blog\/wp-content\/uploads\/2018\/11\/ecobici_buenosaires-800x533.jpg 800w, https:\/\/www.mochileiros.com\/blog\/wp-content\/uploads\/2018\/11\/ecobici_buenosaires-313x208.jpg 313w\" sizes=\"auto, (max-width: 1024px) 100vw, 1024px\" \/><figcaption class=\"wp-element-caption\">Esta\u00e7\u00f5es do &#8216;EcoBici&#8217; est\u00e3o espalhadas pela cidade | Foto: Divulga\u00e7\u00e3o.<\/figcaption><\/figure>\n\n\n\n<h3 class=\"wp-block-heading\"><span class=\"ez-toc-section\" id=\"2_Conhecer_uma_das_mais_importantes_livrarias_do_mundo_El_Ateneo_Grand_Splendid\"><\/span>2. Conhecer uma das mais importantes livrarias do mundo, El Ateneo Grand Splendid<span class=\"ez-toc-section-end\"><\/span><\/h3>\n\n\n\n<p class=\"wp-block-paragraph\">Instalada no antigo Cine Teatro Grand Splendid no Bairro da Recoleta \u00e9 dos pr\u00e9dios mais belos&nbsp;da capital argentina e foi considerada pelo jornal brit\u00e2nico The Guardian, a segunda livraria mais importante do mundo.&nbsp; Fica na Avenida Santa F\u00e9, 1860.<\/p>\n\n\n\n<figure class=\"wp-block-image alignnone wp-image-41018 size-full\"><img loading=\"lazy\" decoding=\"async\" width=\"1024\" height=\"625\" src=\"https:\/\/www.mochileiros.com\/blog\/wp-content\/uploads\/2018\/11\/ateneo_jeison-higuita.jpg\" alt=\"Uma vista \u00e0 maior livraria da Am\u00e9rica do Sul \u00e9 uma das op\u00e7\u00f5es do que fazer em Buenos Aires\" class=\"wp-image-41018\" srcset=\"https:\/\/www.mochileiros.com\/blog\/wp-content\/uploads\/2018\/11\/ateneo_jeison-higuita.jpg 1024w, https:\/\/www.mochileiros.com\/blog\/wp-content\/uploads\/2018\/11\/ateneo_jeison-higuita-300x183.jpg 300w, https:\/\/www.mochileiros.com\/blog\/wp-content\/uploads\/2018\/11\/ateneo_jeison-higuita-768x469.jpg 768w, https:\/\/www.mochileiros.com\/blog\/wp-content\/uploads\/2018\/11\/ateneo_jeison-higuita-320x195.jpg 320w, https:\/\/www.mochileiros.com\/blog\/wp-content\/uploads\/2018\/11\/ateneo_jeison-higuita-640x391.jpg 640w, https:\/\/www.mochileiros.com\/blog\/wp-content\/uploads\/2018\/11\/ateneo_jeison-higuita-360x220.jpg 360w, https:\/\/www.mochileiros.com\/blog\/wp-content\/uploads\/2018\/11\/ateneo_jeison-higuita-720x439.jpg 720w, https:\/\/www.mochileiros.com\/blog\/wp-content\/uploads\/2018\/11\/ateneo_jeison-higuita-800x488.jpg 800w, https:\/\/www.mochileiros.com\/blog\/wp-content\/uploads\/2018\/11\/ateneo_jeison-higuita-313x191.jpg 313w\" sizes=\"auto, (max-width: 1024px) 100vw, 1024px\" \/><figcaption class=\"wp-element-caption\">Interior da livraria Ateneo | Foto: Jeison Higuita\/Unsplash<\/figcaption><\/figure>\n\n\n\n<h3 class=\"wp-block-heading\"><span class=\"ez-toc-section\" id=\"3_Visitar_a_Galeria_Bond_Street\"><\/span>3. Visitar a Galeria Bond Street<span class=\"ez-toc-section-end\"><\/span><\/h3>\n\n\n\n<p class=\"wp-block-paragraph\">Uma esp\u00e9cie de Galeria do Rock (para quem conhece a paulistana, na Avenida S\u00e3o Jo\u00e3o) fica a duas quadras do Ateneo. V\u00e1 se voc\u00ea se interessa por arte de rua, cultura pop, underground e tattoo &#8211; ali\u00e1s, se quiser fazer uma estando em Buenos Aires, l\u00e1 \u00e9 o lugar! Fica na Avenida Santa F\u00e9, 1670.<\/p>\n\n\n\n<figure class=\"wp-block-image alignnone wp-image-41058 size-full\"><img loading=\"lazy\" decoding=\"async\" width=\"1024\" height=\"613\" src=\"https:\/\/www.mochileiros.com\/blog\/wp-content\/uploads\/2018\/11\/bondstreet.jpg\" alt=\"Visitar a Galeria Bond Street \u00e9 uma das op\u00e7\u00f5es do que fazer em Buenos Aires\" class=\"wp-image-41058\" srcset=\"https:\/\/www.mochileiros.com\/blog\/wp-content\/uploads\/2018\/11\/bondstreet.jpg 1024w, https:\/\/www.mochileiros.com\/blog\/wp-content\/uploads\/2018\/11\/bondstreet-300x180.jpg 300w, https:\/\/www.mochileiros.com\/blog\/wp-content\/uploads\/2018\/11\/bondstreet-768x460.jpg 768w, https:\/\/www.mochileiros.com\/blog\/wp-content\/uploads\/2018\/11\/bondstreet-320x192.jpg 320w, https:\/\/www.mochileiros.com\/blog\/wp-content\/uploads\/2018\/11\/bondstreet-640x383.jpg 640w, https:\/\/www.mochileiros.com\/blog\/wp-content\/uploads\/2018\/11\/bondstreet-360x216.jpg 360w, https:\/\/www.mochileiros.com\/blog\/wp-content\/uploads\/2018\/11\/bondstreet-720x431.jpg 720w, https:\/\/www.mochileiros.com\/blog\/wp-content\/uploads\/2018\/11\/bondstreet-800x479.jpg 800w, https:\/\/www.mochileiros.com\/blog\/wp-content\/uploads\/2018\/11\/bondstreet-313x187.jpg 313w\" sizes=\"auto, (max-width: 1024px) 100vw, 1024px\" \/><figcaption class=\"wp-element-caption\">Foto: Reprodu\u00e7\u00e3o Google Imagens<\/figcaption><\/figure>\n\n\n\n<h3 class=\"wp-block-heading\"><span class=\"ez-toc-section\" id=\"4_Conhecer_o_Cemiterio_La_Recoleta\"><\/span>4. Conhecer o Cemit\u00e9rio La Recoleta<span class=\"ez-toc-section-end\"><\/span><\/h3>\n\n\n\n<p class=\"wp-block-paragraph\">Esta \u00e9 a atra\u00e7\u00e3o mais visitada de Buenos Aires e talvez seja o cemit\u00e9rio mais visitado da Am\u00e9rica do Sul. Seu mausol\u00e9u mais visitado \u00e9 o da l\u00edder pol\u00edtica e ex-primeira dama argentina, Eva Per\u00f3n (Evita).&nbsp; Suas constru\u00e7\u00f5es e esculturas s\u00e3o impressionantes e as mais de 90 ab\u00f3badas dali foram declaradas Monumento Hist\u00f3rico Nacional.<\/p>\n\n\n\n<p class=\"wp-block-paragraph\">O cemit\u00e9rio tem visitas guiadas gratuitas (em espanhol), de ter\u00e7a a sexta, das 11h \u00e0s 14h e aos s\u00e1bados, domingos e feriados das 11h \u00e0s 15h.<br \/>O turismo oficial de Buenos Aires tamb\u00e9m oferece tour guiado (pago) pelo cemit\u00e9rio e bairro. Fica na Avenida Junin, 1760. Mais informa\u00e7\u00f5es <span style=\"text-decoration: underline;\"><a href=\"https:\/\/turismo.buenosaires.gob.ar\/es\/article\/visita-guiada-recoleta\" target=\"_blank\" rel=\"noopener noreferrer\">aqui<\/a><\/span>.<\/p>\n\n\n\n<figure class=\"wp-block-image alignnone wp-image-41063 size-large\"><img loading=\"lazy\" decoding=\"async\" width=\"1024\" height=\"680\" src=\"https:\/\/www.mochileiros.com\/blog\/wp-content\/uploads\/2018\/11\/photo2F252F292F342Fteem_aweonao2F1185563088_f-1024x680.jpg\" alt=\"Visitar o cemit\u00e9rio de La Recoleta \u00e9 uma das op\u00e7\u00f5es do que fazer em Buenos Aires\" class=\"wp-image-41063\" srcset=\"https:\/\/www.mochileiros.com\/blog\/wp-content\/uploads\/2018\/11\/photo2F252F292F342Fteem_aweonao2F1185563088_f.jpg 1024w, https:\/\/www.mochileiros.com\/blog\/wp-content\/uploads\/2018\/11\/photo2F252F292F342Fteem_aweonao2F1185563088_f-300x199.jpg 300w, https:\/\/www.mochileiros.com\/blog\/wp-content\/uploads\/2018\/11\/photo2F252F292F342Fteem_aweonao2F1185563088_f-768x510.jpg 768w, https:\/\/www.mochileiros.com\/blog\/wp-content\/uploads\/2018\/11\/photo2F252F292F342Fteem_aweonao2F1185563088_f-320x213.jpg 320w, https:\/\/www.mochileiros.com\/blog\/wp-content\/uploads\/2018\/11\/photo2F252F292F342Fteem_aweonao2F1185563088_f-640x425.jpg 640w, https:\/\/www.mochileiros.com\/blog\/wp-content\/uploads\/2018\/11\/photo2F252F292F342Fteem_aweonao2F1185563088_f-360x239.jpg 360w, https:\/\/www.mochileiros.com\/blog\/wp-content\/uploads\/2018\/11\/photo2F252F292F342Fteem_aweonao2F1185563088_f-720x478.jpg 720w, https:\/\/www.mochileiros.com\/blog\/wp-content\/uploads\/2018\/11\/photo2F252F292F342Fteem_aweonao2F1185563088_f-800x531.jpg 800w, https:\/\/www.mochileiros.com\/blog\/wp-content\/uploads\/2018\/11\/photo2F252F292F342Fteem_aweonao2F1185563088_f-313x208.jpg 313w\" sizes=\"auto, (max-width: 1024px) 100vw, 1024px\" \/><figcaption class=\"wp-element-caption\">Cemit\u00e9rio La Recoleta &#8211; Foto: Jorge L\u00e1scar \/ Wikimedia Commons<\/figcaption><\/figure>\n\n\n\n<h3 class=\"wp-block-heading\"><span class=\"ez-toc-section\" id=\"5_Contemplar_a_Floralis_Generica\"><\/span>5. Contemplar a Floralis Generica<span class=\"ez-toc-section-end\"><\/span><\/h3>\n\n\n\n<p class=\"wp-block-paragraph\">Um das mais originais obras de arte expostas a c\u00e9u aberto em Buenos Aires \u00e9 a Floralis Generica.<br \/>A escultura met\u00e1lica de 18 toneladas se abre e se fecha conforme a luz do sol. Fica na Plaza de las Naciones Unidas, entre a Avenidas Figueroa Alcorta e Austria, tamb\u00e9m na Recoleta.<br \/>O autor da obra \u00e9 o arquiteto argentino, Eduardo Catalano.<\/p>\n\n\n\n<figure class=\"wp-block-image alignnone\"><a href=\"https:\/\/www.mochileiros.com\/blog\/o-que-fazer-em-buenos-aires\/floralisgenerica_matt_hintsa_flickr#main\" rel=\"attachment wp-att-41024\"><img loading=\"lazy\" decoding=\"async\" width=\"1024\" height=\"570\" src=\"https:\/\/www.mochileiros.com\/blog\/wp-content\/uploads\/2018\/11\/floralisgenerica_Matt_Hintsa_flickr.jpg\" alt=\"Floralis Generica \u00e9 uma das op\u00e7\u00f5es do que fazer em Buenos Aires\" class=\"wp-image-41024\" srcset=\"https:\/\/www.mochileiros.com\/blog\/wp-content\/uploads\/2018\/11\/floralisgenerica_Matt_Hintsa_flickr.jpg 1024w, https:\/\/www.mochileiros.com\/blog\/wp-content\/uploads\/2018\/11\/floralisgenerica_Matt_Hintsa_flickr-300x167.jpg 300w, https:\/\/www.mochileiros.com\/blog\/wp-content\/uploads\/2018\/11\/floralisgenerica_Matt_Hintsa_flickr-768x428.jpg 768w, https:\/\/www.mochileiros.com\/blog\/wp-content\/uploads\/2018\/11\/floralisgenerica_Matt_Hintsa_flickr-320x178.jpg 320w, https:\/\/www.mochileiros.com\/blog\/wp-content\/uploads\/2018\/11\/floralisgenerica_Matt_Hintsa_flickr-640x356.jpg 640w, https:\/\/www.mochileiros.com\/blog\/wp-content\/uploads\/2018\/11\/floralisgenerica_Matt_Hintsa_flickr-360x200.jpg 360w, https:\/\/www.mochileiros.com\/blog\/wp-content\/uploads\/2018\/11\/floralisgenerica_Matt_Hintsa_flickr-720x401.jpg 720w, https:\/\/www.mochileiros.com\/blog\/wp-content\/uploads\/2018\/11\/floralisgenerica_Matt_Hintsa_flickr-800x445.jpg 800w, https:\/\/www.mochileiros.com\/blog\/wp-content\/uploads\/2018\/11\/floralisgenerica_Matt_Hintsa_flickr-313x174.jpg 313w\" sizes=\"auto, (max-width: 1024px) 100vw, 1024px\" \/><\/a><figcaption class=\"wp-element-caption\">Floralis Generica | Foto: Matt Hintsa\/Flickr Creative Commons.<\/figcaption><\/figure>\n\n\n\n<h3 class=\"wp-block-heading\"><span class=\"ez-toc-section\" id=\"6_Passear_pelo_Caminito\"><\/span>6. Passear pelo Caminito<span class=\"ez-toc-section-end\"><\/span><\/h3>\n\n\n\n<p class=\"wp-block-paragraph\">Ir \u00e0 Buenos Aires e n\u00e3o conhecer o Caminito \u00e9 como n\u00e3o ter ido \u00e0 Buenos Aires.&nbsp; Na emblem\u00e1tica &#8216;rua-museu \u00e0 c\u00e9u aberto&#8217; do bairro La Boca, as cores saltam aos olhos e n\u00e3o raro voc\u00ea encontrar\u00e1 artistas tocando e dan\u00e7ando, e ver\u00e1 os trabalhos de artistas contempor\u00e2neos expostos na &#8220;Feria de Artistas Pl\u00e1sticos de Caminito&#8221;, que funciona diariamente.<\/p>\n\n\n\n<p class=\"wp-block-paragraph\"><strong>Aten\u00e7\u00e3o: por l\u00e1, evite aceitar cortesias, pois na sequ\u00eancia elas poder\u00e3o lhe ser cobradas.<\/strong><\/p>\n\n\n\n<p class=\"wp-block-paragraph\">Caminito \u00e9 o nome de um Tango que ficou conhecido em 1926, composi\u00e7\u00e3o de Juan de Dios Filiberto e Gabino Coria Pe\u00f1aloza, a partir de um poema de Pe\u00f1aloza, escrito em 1903 em homenagem a uma trilha na localidade de Olta, na prov\u00edncia de La Rioja.<\/p>\n\n\n\n<p class=\"wp-block-paragraph\">Em La Boca, bairro onde est\u00e1 o Caminito h\u00e1 ainda museus e galerias de arte e o famoso est\u00e1dio <strong>La Bombonera<\/strong> ou o est\u00e1dio do Boca Juniors, onde est\u00e1 instalado o &#8216;Museo de la Pasi\u00f3n Boquense&#8217;, com um pouco da hist\u00f3ria do clube (Para apaixonados por futebol, vale a visita)<\/p>\n\n\n\n<figure class=\"wp-block-image alignnone wp-image-41026 size-full\"><img loading=\"lazy\" decoding=\"async\" width=\"1024\" height=\"682\" src=\"https:\/\/www.mochileiros.com\/blog\/wp-content\/uploads\/2018\/11\/caminito_Luis-Argerich_WikimediaCommons.jpg\" alt=\"Conhecer os edif\u00edcios coloridos do Caminito \u00e9 uma das op\u00e7\u00f5es do que fazer em Buenos Aires\" class=\"wp-image-41026\" srcset=\"https:\/\/www.mochileiros.com\/blog\/wp-content\/uploads\/2018\/11\/caminito_Luis-Argerich_WikimediaCommons.jpg 1024w, https:\/\/www.mochileiros.com\/blog\/wp-content\/uploads\/2018\/11\/caminito_Luis-Argerich_WikimediaCommons-300x200.jpg 300w, https:\/\/www.mochileiros.com\/blog\/wp-content\/uploads\/2018\/11\/caminito_Luis-Argerich_WikimediaCommons-768x512.jpg 768w, https:\/\/www.mochileiros.com\/blog\/wp-content\/uploads\/2018\/11\/caminito_Luis-Argerich_WikimediaCommons-320x213.jpg 320w, https:\/\/www.mochileiros.com\/blog\/wp-content\/uploads\/2018\/11\/caminito_Luis-Argerich_WikimediaCommons-640x426.jpg 640w, https:\/\/www.mochileiros.com\/blog\/wp-content\/uploads\/2018\/11\/caminito_Luis-Argerich_WikimediaCommons-360x240.jpg 360w, https:\/\/www.mochileiros.com\/blog\/wp-content\/uploads\/2018\/11\/caminito_Luis-Argerich_WikimediaCommons-720x480.jpg 720w, https:\/\/www.mochileiros.com\/blog\/wp-content\/uploads\/2018\/11\/caminito_Luis-Argerich_WikimediaCommons-800x533.jpg 800w, https:\/\/www.mochileiros.com\/blog\/wp-content\/uploads\/2018\/11\/caminito_Luis-Argerich_WikimediaCommons-313x208.jpg 313w\" sizes=\"auto, (max-width: 1024px) 100vw, 1024px\" \/><figcaption class=\"wp-element-caption\">Os edif\u00edcios coloridos do Caminito | Foto: Luis Argerich\/Creative Commons.<\/figcaption><\/figure>\n\n\n\n<h3 class=\"wp-block-heading\"><span class=\"ez-toc-section\" id=\"7_Ter_uma_experiencia_com_o_Tango\"><\/span>7. Ter uma experi\u00eancia com o Tango<span class=\"ez-toc-section-end\"><\/span><\/h3>\n\n\n\n<p class=\"wp-block-paragraph\">Sim, e por falar em Tango n\u00e3o se esque\u00e7a que voc\u00ea estar\u00e1 na fonte! Seguramente voc\u00ea vai esbarrar com bailarinos pelas ruas da capital argentina, mas tamb\u00e9m ter\u00e1 a op\u00e7\u00e3o de ir ao melhor show de Tango da sua vida e at\u00e9 de se arriscar a fazer uma aula. Voc\u00ea ir\u00e1 aprender algo? Dificilmente, j\u00e1 que uma aula para turista costuma ter uma hora de dura\u00e7\u00e3o (e na minha opini\u00e3o de leigo, o Tango \u00e9 uma das mais complexas dan\u00e7as) mas certamente \u00e9 uma forma de voc\u00ea se aproximar um pouquinho mais da cultura local e ter momentos inesquec\u00edveis, sen\u00e3o de emo\u00e7\u00e3o, de boas risadas.<br \/>Se voc\u00ea se interessa pelo tema tamb\u00e9m poder\u00e1 visitar o <strong>Museo Casa Carlos Gardel<\/strong> e conhecer a casa onde viveu o cantor (\u00edcone de Argentina) Carlos Gardel e um pouco da vida dele.<br \/>O museu fica na Jean Jaures, 735 no bairro Abasto. Mais informa\u00e7\u00f5es no <span style=\"text-decoration: underline;\"><a href=\"http:\/\/www.buenosaires.gob.ar\/museocasacarlosgardel\" target=\"_blank\" rel=\"noopener noreferrer\">site do museu<\/a><\/span>.<br \/>No <strong>Cementerio de la Chacarita<\/strong> (Av Guzm\u00e1n, 680) est\u00e1 o mausol\u00e9u de Gardel e de outros compositores e instrumentistas de Tango e personalidades da cultura argentina.<\/p>\n\n\n\n<figure class=\"wp-block-image alignnone wp-image-41027 size-full\"><img loading=\"lazy\" decoding=\"async\" width=\"1024\" height=\"683\" src=\"https:\/\/www.mochileiros.com\/blog\/wp-content\/uploads\/2018\/11\/tango.jpg\" alt=\"Dan\u00e7arinos de Tango em apresenta\u00e7\u00e3o | Foto: Estrella Herrera\/GCBA.\" class=\"wp-image-41027\" srcset=\"https:\/\/www.mochileiros.com\/blog\/wp-content\/uploads\/2018\/11\/tango.jpg 1024w, https:\/\/www.mochileiros.com\/blog\/wp-content\/uploads\/2018\/11\/tango-300x200.jpg 300w, https:\/\/www.mochileiros.com\/blog\/wp-content\/uploads\/2018\/11\/tango-768x512.jpg 768w, https:\/\/www.mochileiros.com\/blog\/wp-content\/uploads\/2018\/11\/tango-320x213.jpg 320w, https:\/\/www.mochileiros.com\/blog\/wp-content\/uploads\/2018\/11\/tango-640x427.jpg 640w, https:\/\/www.mochileiros.com\/blog\/wp-content\/uploads\/2018\/11\/tango-360x240.jpg 360w, https:\/\/www.mochileiros.com\/blog\/wp-content\/uploads\/2018\/11\/tango-720x480.jpg 720w, https:\/\/www.mochileiros.com\/blog\/wp-content\/uploads\/2018\/11\/tango-800x534.jpg 800w, https:\/\/www.mochileiros.com\/blog\/wp-content\/uploads\/2018\/11\/tango-313x209.jpg 313w\" sizes=\"auto, (max-width: 1024px) 100vw, 1024px\" \/><figcaption class=\"wp-element-caption\">Dan\u00e7arinos de Tango em apresenta\u00e7\u00e3o | Foto: Estrella Herrera\/GCBA.<\/figcaption><\/figure>\n\n\n\n<h3 class=\"wp-block-heading\"><span class=\"ez-toc-section\" id=\"8_Fazer_um_passeio_de_bondinho_e_conhecer_o_bairro_Caballito\"><\/span>8. Fazer um passeio de bondinho e conhecer o bairro Caballito<span class=\"ez-toc-section-end\"><\/span><\/h3>\n\n\n\n<p class=\"wp-block-paragraph\">Os chamados <strong>tranv\u00eda<\/strong> foram o transporte urbano em Buenos Aires por quase 100 anos. Implementados em 1863 se destacaram como a mais extensa rede do mundo com cerca de 830Km. O servi\u00e7o teve o auge na d\u00e9cada de 30 e foi interrompido abruptamente em 1963.<br \/>A Associaci\u00f3n Amigos del Tranv\u00eda e Biblioteca Popular Federico Lacroze promovem viagens guiadas gratuitas pelas ruas do bairro Caballito nos bondinhos. Mais informa\u00e7\u00f5es sobre locais de partida, hor\u00e1rios etc, <a href=\"http:\/\/www.tranvia.org.ar\/thba\/\" target=\"_blank\" rel=\"noopener noreferrer\"><span style=\"text-decoration: underline;\">aqui<\/span><\/a>. Um bom passeio tamb\u00e9m para se fazer em Buenos Aires com crian\u00e7as.<br \/>Caballito \u00e9 um dos bairros pouco visitados por turistas na cidade e uma boa oportunidade para conferir de perto como vivem os porte\u00f1os.<\/p>\n\n\n\n<figure class=\"wp-block-image alignnone wp-image-41029 size-full\"><img loading=\"lazy\" decoding=\"async\" width=\"1000\" height=\"563\" src=\"https:\/\/www.mochileiros.com\/blog\/wp-content\/uploads\/2018\/11\/tranvia_buenosaires02.jpg\" alt=\"Alguns modelos deste verdadeiro museu ambulante | Foto: Asociaci\u00f3n Amigos del Tranv\u00eda y Biblioteca Popular Federico Lacroze\" class=\"wp-image-41029\" srcset=\"https:\/\/www.mochileiros.com\/blog\/wp-content\/uploads\/2018\/11\/tranvia_buenosaires02.jpg 1000w, https:\/\/www.mochileiros.com\/blog\/wp-content\/uploads\/2018\/11\/tranvia_buenosaires02-300x169.jpg 300w, https:\/\/www.mochileiros.com\/blog\/wp-content\/uploads\/2018\/11\/tranvia_buenosaires02-768x432.jpg 768w, https:\/\/www.mochileiros.com\/blog\/wp-content\/uploads\/2018\/11\/tranvia_buenosaires02-320x180.jpg 320w, https:\/\/www.mochileiros.com\/blog\/wp-content\/uploads\/2018\/11\/tranvia_buenosaires02-640x360.jpg 640w, https:\/\/www.mochileiros.com\/blog\/wp-content\/uploads\/2018\/11\/tranvia_buenosaires02-360x203.jpg 360w, https:\/\/www.mochileiros.com\/blog\/wp-content\/uploads\/2018\/11\/tranvia_buenosaires02-720x405.jpg 720w, https:\/\/www.mochileiros.com\/blog\/wp-content\/uploads\/2018\/11\/tranvia_buenosaires02-800x450.jpg 800w, https:\/\/www.mochileiros.com\/blog\/wp-content\/uploads\/2018\/11\/tranvia_buenosaires02-313x176.jpg 313w\" sizes=\"auto, (max-width: 1000px) 100vw, 1000px\" \/><figcaption class=\"wp-element-caption\">Alguns modelos deste verdadeiro museu ambulante | Foto: <a href=\"http:\/\/www.tranvia.org.ar\/\" target=\"_blank\" rel=\"noopener noreferrer\">Asociaci\u00f3n Amigos del Tranv\u00eda y Biblioteca Popular Federico Lacroze<\/a><\/figcaption><\/figure>\n\n\n\n<h3 class=\"wp-block-heading\"><span class=\"ez-toc-section\" id=\"9_Conhecer_o_bairro_de_Palermo\"><\/span>9. Conhecer o bairro de Palermo<span class=\"ez-toc-section-end\"><\/span><\/h3>\n\n\n\n<p class=\"wp-block-paragraph\">Este \u00e9 um dos bairros mais &#8216;cools&#8217; do mundo.De acordo com o site <span style=\"text-decoration: underline;\"><a href=\"http:\/\/olaargentina.com\/o-bairro-argentino-que-esta-entre-os-mais-cools-do-mundo\/\" target=\"_blank\" rel=\"noopener noreferrer\">Ol\u00e1 Argentina<\/a><\/span>, a revista de guias tur\u00edsticos brit\u00e2nica Time Out fez um ranking destes lugares e o boemio bairro de Palermo Soho apareceu na lista. Destaque para a <strong>Plaza Cort\u00e1zar<\/strong> (ex Serrano) onde nos finais de semana h\u00e1 uma grande feira de artesanato e novos designers.<\/p>\n\n\n\n<p class=\"wp-block-paragraph\">A ruas do bairro s\u00e3o verdadeiras galerias de arte a c\u00e9u aberto, com ruas cheias de murais.<\/p>\n\n\n\n<p class=\"wp-block-paragraph\">Palermo \u00e9 t\u00e3o &#8216;cool&#8217; que tem at\u00e9 uma Villa Freud e \u00e1reas conhecidas como Palermo Soho e Palermo Hollywood.&nbsp;Algumas publica\u00e7\u00f5es afirmam que a Argentina \u00e9 o pa\u00eds com o maior n\u00famero de psic\u00f3logos per capita do mundo e em Buenos Aires muitos est\u00e3o na <strong>Villa Freud<\/strong>. Al\u00e9m do grande n\u00famero de consult\u00f3rios, se destacam as livrarias com farto material sobre psicologia e psican\u00e1lise e assuntos relacionados. A Villa Freud fica pr\u00f3xima a Plaza G\u00fcemes (ou Guadalupe), dentro do bairro de Palermo, que \u00e9 o maior da cidade.<br \/>Em Palermo tamb\u00e9m est\u00e3o o <strong>Planet\u00e1rio<\/strong> de Buenos Aires, o famoso <strong>Jardin Japones<\/strong> e o<strong> Jardin Bot\u00e1nico.<\/strong><\/p>\n\n\n<div class=\"wp-block-image wp-image-41113 size-full\">\n<figure class=\"aligncenter\"><img loading=\"lazy\" decoding=\"async\" width=\"1024\" height=\"683\" src=\"https:\/\/www.mochileiros.com\/blog\/wp-content\/uploads\/2018\/11\/palermoviejo_GCBA.jpg\" alt=\"\" class=\"wp-image-41113\" srcset=\"https:\/\/www.mochileiros.com\/blog\/wp-content\/uploads\/2018\/11\/palermoviejo_GCBA.jpg 1024w, https:\/\/www.mochileiros.com\/blog\/wp-content\/uploads\/2018\/11\/palermoviejo_GCBA-300x200.jpg 300w, https:\/\/www.mochileiros.com\/blog\/wp-content\/uploads\/2018\/11\/palermoviejo_GCBA-768x512.jpg 768w, https:\/\/www.mochileiros.com\/blog\/wp-content\/uploads\/2018\/11\/palermoviejo_GCBA-320x213.jpg 320w, https:\/\/www.mochileiros.com\/blog\/wp-content\/uploads\/2018\/11\/palermoviejo_GCBA-640x427.jpg 640w, https:\/\/www.mochileiros.com\/blog\/wp-content\/uploads\/2018\/11\/palermoviejo_GCBA-360x240.jpg 360w, https:\/\/www.mochileiros.com\/blog\/wp-content\/uploads\/2018\/11\/palermoviejo_GCBA-720x480.jpg 720w, https:\/\/www.mochileiros.com\/blog\/wp-content\/uploads\/2018\/11\/palermoviejo_GCBA-800x534.jpg 800w, https:\/\/www.mochileiros.com\/blog\/wp-content\/uploads\/2018\/11\/palermoviejo_GCBA-313x209.jpg 313w\" sizes=\"auto, (max-width: 1024px) 100vw, 1024px\" \/><figcaption class=\"wp-element-caption\">Mural em rua de Palermo Viejo | Foto: Estrella Herrera\/GCBA<\/figcaption><\/figure>\n<\/div>\n\n\n<h3 class=\"wp-block-heading\"><span class=\"ez-toc-section\" id=\"10_Conhecer_o_Mercado_de_Pulgas\"><\/span>10. Conhecer o Mercado de Pulgas<span class=\"ez-toc-section-end\"><\/span><\/h3>\n\n\n\n<p class=\"wp-block-paragraph\">Os Mercados de Pulgas mundo afora geralmente fazem parte dos roteiros de viagem e no mercado de pulgas porte\u00f1o, pr\u00f3ximo a \u00e1rea conhecida como Palermo Hollywood, voc\u00ea pode encontrar todo tipo de coisas. Se voc\u00ea quer comprar alguma coisa em Buenos Aires este \u00e9 um dos points.<br \/>Fica na Avenida Alvarez Thomas com Avenida Dorrego.<\/p>\n\n\n<div class=\"wp-block-image wp-image-41037 size-full\">\n<figure class=\"aligncenter\"><img loading=\"lazy\" decoding=\"async\" width=\"1024\" height=\"418\" src=\"https:\/\/www.mochileiros.com\/blog\/wp-content\/uploads\/2018\/11\/mercadodepulgas_gcbs.jpg\" alt=\"Entrada do Mercado de Pulgas na \u00e1rea conhecida como Palermo Hollywood | Foto: Divulga\u00e7\u00e3o\/GCBA\" class=\"wp-image-41037\" srcset=\"https:\/\/www.mochileiros.com\/blog\/wp-content\/uploads\/2018\/11\/mercadodepulgas_gcbs.jpg 1024w, https:\/\/www.mochileiros.com\/blog\/wp-content\/uploads\/2018\/11\/mercadodepulgas_gcbs-300x122.jpg 300w, https:\/\/www.mochileiros.com\/blog\/wp-content\/uploads\/2018\/11\/mercadodepulgas_gcbs-768x314.jpg 768w, https:\/\/www.mochileiros.com\/blog\/wp-content\/uploads\/2018\/11\/mercadodepulgas_gcbs-320x131.jpg 320w, https:\/\/www.mochileiros.com\/blog\/wp-content\/uploads\/2018\/11\/mercadodepulgas_gcbs-640x261.jpg 640w, https:\/\/www.mochileiros.com\/blog\/wp-content\/uploads\/2018\/11\/mercadodepulgas_gcbs-360x147.jpg 360w, https:\/\/www.mochileiros.com\/blog\/wp-content\/uploads\/2018\/11\/mercadodepulgas_gcbs-720x294.jpg 720w, https:\/\/www.mochileiros.com\/blog\/wp-content\/uploads\/2018\/11\/mercadodepulgas_gcbs-800x327.jpg 800w, https:\/\/www.mochileiros.com\/blog\/wp-content\/uploads\/2018\/11\/mercadodepulgas_gcbs-313x128.jpg 313w\" sizes=\"auto, (max-width: 1024px) 100vw, 1024px\" \/><figcaption class=\"wp-element-caption\">Entrada do Mercado de Pulgas na \u00e1rea conhecida como Palermo Hollywood | Foto: Divulga\u00e7\u00e3o\/GCBA<\/figcaption><\/figure>\n<\/div>\n\n\n<h3 class=\"wp-block-heading\"><span class=\"ez-toc-section\" id=\"11_Conhecer_o_Bairro_Chines\"><\/span>11. Conhecer o Bairro Chin\u00eas<span class=\"ez-toc-section-end\"><\/span><\/h3>\n\n\n\n<p class=\"wp-block-paragraph\">O Barrio Chino de Buenos Aires fica no bairro de Belgrano e nasceu gra\u00e7as a uma onda migrat\u00f3ria&nbsp;durante a d\u00e9cada de 80. Ali est\u00e1 um dos primeiros templos budistas da cidade, o Templo Chong Kuan e claro, numerosos restaurantes de cozinha asi\u00e1tica.<br \/>Se voc\u00ea estiver na cidade entre o come\u00e7o de fevereiro\/final de janeiro pode participar da tradicional celebra\u00e7\u00e3o do Ano Novo Chin\u00eas.<\/p>\n\n\n<div class=\"wp-block-image wp-image-41039 size-full\">\n<figure class=\"aligncenter\"><img loading=\"lazy\" decoding=\"async\" width=\"1024\" height=\"683\" src=\"https:\/\/www.mochileiros.com\/blog\/wp-content\/uploads\/2018\/11\/tarik-haiga.jpg\" alt=\"Foto: Tarik Haiga\/Unsplash\" class=\"wp-image-41039\" srcset=\"https:\/\/www.mochileiros.com\/blog\/wp-content\/uploads\/2018\/11\/tarik-haiga.jpg 1024w, https:\/\/www.mochileiros.com\/blog\/wp-content\/uploads\/2018\/11\/tarik-haiga-300x200.jpg 300w, https:\/\/www.mochileiros.com\/blog\/wp-content\/uploads\/2018\/11\/tarik-haiga-768x512.jpg 768w, https:\/\/www.mochileiros.com\/blog\/wp-content\/uploads\/2018\/11\/tarik-haiga-320x213.jpg 320w, https:\/\/www.mochileiros.com\/blog\/wp-content\/uploads\/2018\/11\/tarik-haiga-640x427.jpg 640w, https:\/\/www.mochileiros.com\/blog\/wp-content\/uploads\/2018\/11\/tarik-haiga-360x240.jpg 360w, https:\/\/www.mochileiros.com\/blog\/wp-content\/uploads\/2018\/11\/tarik-haiga-720x480.jpg 720w, https:\/\/www.mochileiros.com\/blog\/wp-content\/uploads\/2018\/11\/tarik-haiga-800x534.jpg 800w, https:\/\/www.mochileiros.com\/blog\/wp-content\/uploads\/2018\/11\/tarik-haiga-313x209.jpg 313w\" sizes=\"auto, (max-width: 1024px) 100vw, 1024px\" \/><figcaption class=\"wp-element-caption\">Foto: Tarik Haiga\/Unsplash<\/figcaption><\/figure>\n<\/div>\n\n\n<h3 class=\"wp-block-heading\"><span class=\"ez-toc-section\" id=\"12_Visitar_o_Parque_de_La_Memoria\"><\/span>12. Visitar o Parque de La Memoria<span class=\"ez-toc-section-end\"><\/span><\/h3>\n\n\n\n<p class=\"wp-block-paragraph\">Este importante espa\u00e7o p\u00fablico lembra as v\u00edtimas do terrorismo do Estado. Localizado em frente o Rio de la Prata, no norte da cidade, o parque foi inaugurado em 2007 e conta com um monumento \u00e0s v\u00edtimas do \u00faltimo governo militar argentino (1976 e 1983), centro de informa\u00e7\u00f5es sobre os desaparecidos, entre outros. Chama aten\u00e7\u00e3o tamb\u00e9m as esculturas no local que fica a 300 metros do Aeroporto Jorge Newbery, de onde partiram v\u00e1rios dos chamados &#8216;voos da morte&#8217;, que transportavam as muitas v\u00edtimas que eram jogadas no Prata.<\/p>\n\n\n<div class=\"wp-block-image wp-image-41040 size-full\">\n<figure class=\"aligncenter\"><img loading=\"lazy\" decoding=\"async\" width=\"1024\" height=\"683\" src=\"https:\/\/www.mochileiros.com\/blog\/wp-content\/uploads\/2018\/11\/parquedelamemoria_cc.jpg\" alt=\"Foto: Photoplasmakid\/Creative commons\" class=\"wp-image-41040\" srcset=\"https:\/\/www.mochileiros.com\/blog\/wp-content\/uploads\/2018\/11\/parquedelamemoria_cc.jpg 1024w, https:\/\/www.mochileiros.com\/blog\/wp-content\/uploads\/2018\/11\/parquedelamemoria_cc-300x200.jpg 300w, https:\/\/www.mochileiros.com\/blog\/wp-content\/uploads\/2018\/11\/parquedelamemoria_cc-768x512.jpg 768w, https:\/\/www.mochileiros.com\/blog\/wp-content\/uploads\/2018\/11\/parquedelamemoria_cc-320x213.jpg 320w, https:\/\/www.mochileiros.com\/blog\/wp-content\/uploads\/2018\/11\/parquedelamemoria_cc-640x427.jpg 640w, https:\/\/www.mochileiros.com\/blog\/wp-content\/uploads\/2018\/11\/parquedelamemoria_cc-360x240.jpg 360w, https:\/\/www.mochileiros.com\/blog\/wp-content\/uploads\/2018\/11\/parquedelamemoria_cc-720x480.jpg 720w, https:\/\/www.mochileiros.com\/blog\/wp-content\/uploads\/2018\/11\/parquedelamemoria_cc-800x534.jpg 800w, https:\/\/www.mochileiros.com\/blog\/wp-content\/uploads\/2018\/11\/parquedelamemoria_cc-313x209.jpg 313w\" sizes=\"auto, (max-width: 1024px) 100vw, 1024px\" \/><figcaption class=\"wp-element-caption\">Foto: Photoplasmakid\/Creative commons<\/figcaption><\/figure>\n<\/div>\n\n\n<h3 class=\"wp-block-heading\"><span class=\"ez-toc-section\" id=\"13_Conhecer_o_bairro_de_San_Telmo\"><\/span>13. Conhecer o bairro de San Telmo<span class=\"ez-toc-section-end\"><\/span><\/h3>\n\n\n\n<p class=\"wp-block-paragraph\">Este \u00e9 um dos bairros mais antigos da cidade e l\u00e1 est\u00e1 a <strong>Plaza Dorrego<\/strong>, onde todos os domingos acontece a famosa &#8216;Feira de San Telmo&#8217;. Caf\u00e9s, antiqu\u00e1rios e as Tanguerias (casas de Tango onde geralmente h\u00e1 shows, jantares inclu\u00eddos e algumas, pistas de dan\u00e7a) e Milongas (esp\u00e9cies de sal\u00e3o de baile para bailar Tango &#8211; podem ser lugares fechados ou at\u00e9 mesmo na rua) s\u00e3o destaques no bairro. Grosso modo, a gente poderia comparar os shows de Tango aos shows de Samba organizados para gringos aqui no Brasil, as Milongas j\u00e1 se aproximariam ao que seriam nossas Rodas de Samba.<br \/>Se voc\u00ea \u00e9 ligado em arquitetura achar\u00e1 interessante a <strong>&#8216;Casa M\u00ednima&#8217;<\/strong>,&nbsp;a mais estreita casa de Buenos Aires, com menos de 3 metros de largura. \u00c9 pequena mas dificilmente passar\u00e1 despercebida quando de sua passagem pela San Lorenzo, 380, em San Telmo. A casa teria sido cedida pelo ex-dono (que passou a ser patr\u00e3o) a um escravo alforriado.<br \/>N\u00e3o deixe de dar uma conferida tamb\u00e9m na loja <strong>&#8216;Bicicletas Mila&#8217;<\/strong>. Com aquele jeit\u00e3o de cen\u00e1rio de filme o neg\u00f3cio foi fundado h\u00e1 55 anos pelo pai de Sandra e Silvia, duas simp\u00e1ticas argentinas que atendem por ali. Fica na esquina de Caseros com Brasil.<br \/>Outro destaque no bairro \u00e9 o <strong>Mercado de San Telmo<\/strong>.&nbsp;Inaugurado em 1897 \u00e9 ponto de encontro de moradores e turistas. Em 2000 foi declarado Monumento Hist\u00f3rico Nacional pela Secretaria de Cultura do Governo da Cidade de Buenos Aires. Fica na Carlos Calvo y Defensa.<\/p>\n\n\n<div class=\"wp-block-image wp-image-41041\">\n<figure class=\"aligncenter\"><img loading=\"lazy\" decoding=\"async\" width=\"800\" height=\"600\" src=\"https:\/\/www.mochileiros.com\/blog\/wp-content\/uploads\/2018\/11\/santelmo.jpg\" alt=\"Fachada da igreja de San Pedro Gonz\u00e1lez Telmo | Foto: Eugenio Hansen, OFS\/Creative Commons.\" class=\"wp-image-41041\" srcset=\"https:\/\/www.mochileiros.com\/blog\/wp-content\/uploads\/2018\/11\/santelmo.jpg 800w, https:\/\/www.mochileiros.com\/blog\/wp-content\/uploads\/2018\/11\/santelmo-300x225.jpg 300w, https:\/\/www.mochileiros.com\/blog\/wp-content\/uploads\/2018\/11\/santelmo-768x576.jpg 768w, https:\/\/www.mochileiros.com\/blog\/wp-content\/uploads\/2018\/11\/santelmo-320x240.jpg 320w, https:\/\/www.mochileiros.com\/blog\/wp-content\/uploads\/2018\/11\/santelmo-640x480.jpg 640w, https:\/\/www.mochileiros.com\/blog\/wp-content\/uploads\/2018\/11\/santelmo-360x270.jpg 360w, https:\/\/www.mochileiros.com\/blog\/wp-content\/uploads\/2018\/11\/santelmo-720x540.jpg 720w, https:\/\/www.mochileiros.com\/blog\/wp-content\/uploads\/2018\/11\/santelmo-313x235.jpg 313w\" sizes=\"auto, (max-width: 800px) 100vw, 800px\" \/><figcaption class=\"wp-element-caption\">Fachada da igreja de San Pedro Gonz\u00e1lez Telmo | Foto: Eugenio Hansen, OFS\/Creative Commons.<\/figcaption><\/figure>\n<\/div>\n\n\n<h3 class=\"wp-block-heading\"><span class=\"ez-toc-section\" id=\"14_Conhecer_a_Plaza_de_Mayo_e_arredores\"><\/span>14. Conhecer a Plaza de Mayo e arredores<span class=\"ez-toc-section-end\"><\/span><\/h3>\n\n\n\n<p class=\"wp-block-paragraph\">A pra\u00e7a mais importante de Buenos Aires \u00e9 parte da hist\u00f3ria da cidade desde sempre e segue sendo o principal palco de celebra\u00e7\u00f5es e protestos na capital.<br \/>Ali est\u00e1 um dos edif\u00edcios s\u00edmbolo da Argentina, a <strong>Casa Rosada<\/strong>, sede do governo. (Para saber sobre o <strong>Museu da Casa Rosada<\/strong>, clique <span style=\"text-decoration: underline;\"><a href=\"https:\/\/www.casarosada.gob.ar\/la-casa-rosada\/museo\" target=\"_blank\" rel=\"noopener noreferrer\">aqui<\/a><\/span>)<br \/>A pra\u00e7a fica no bairro Monteserrat, onde est\u00e3o tamb\u00e9m a <strong>Catedral Metropolitana<\/strong>, <strong>El Cabildo<\/strong> (pr\u00e9dio da administrativo da \u00e9poca da col\u00f4nia), a prefeitura, os pr\u00e9dios das antiga e atual sedes do <strong>Congresso Nacional<\/strong>, o <strong>Pal\u00e1cio Barolo<\/strong> (g\u00eameo do Palacio Salvo, de Montevid\u00e9u no Uruguai o destaque fica por conta da vista e da arquitetura e refer\u00eancias \u00e0 Divina Com\u00e9dia, de Dante Alighieri) entre outros como a sugest\u00e3o a seguir.<br \/>Avenida de Mayo, 1370.<\/p>\n\n\n<div class=\"wp-block-image wp-image-41042 size-full\">\n<figure class=\"aligncenter\"><img loading=\"lazy\" decoding=\"async\" width=\"1024\" height=\"417\" src=\"https:\/\/www.mochileiros.com\/blog\/wp-content\/uploads\/2018\/11\/casarosada_gcba.jpg\" alt=\"Casa Rosada | Foto: Divulga\u00e7\u00e3o\/GCBA\" class=\"wp-image-41042\" srcset=\"https:\/\/www.mochileiros.com\/blog\/wp-content\/uploads\/2018\/11\/casarosada_gcba.jpg 1024w, https:\/\/www.mochileiros.com\/blog\/wp-content\/uploads\/2018\/11\/casarosada_gcba-300x122.jpg 300w, https:\/\/www.mochileiros.com\/blog\/wp-content\/uploads\/2018\/11\/casarosada_gcba-766x312.jpg 766w, https:\/\/www.mochileiros.com\/blog\/wp-content\/uploads\/2018\/11\/casarosada_gcba-1536x626.jpg 1536w, https:\/\/www.mochileiros.com\/blog\/wp-content\/uploads\/2018\/11\/casarosada_gcba-2048x834.jpg 2048w, https:\/\/www.mochileiros.com\/blog\/wp-content\/uploads\/2018\/11\/casarosada_gcba-368x150.jpg 368w, https:\/\/www.mochileiros.com\/blog\/wp-content\/uploads\/2018\/11\/casarosada_gcba-100x41.jpg 100w, https:\/\/www.mochileiros.com\/blog\/wp-content\/uploads\/2018\/11\/casarosada_gcba-859x350.jpg 859w, https:\/\/www.mochileiros.com\/blog\/wp-content\/uploads\/2018\/11\/casarosada_gcba-788x320.jpg 788w, https:\/\/www.mochileiros.com\/blog\/wp-content\/uploads\/2018\/11\/casarosada_gcba-768x313.jpg 768w, https:\/\/www.mochileiros.com\/blog\/wp-content\/uploads\/2018\/11\/casarosada_gcba-320x130.jpg 320w, https:\/\/www.mochileiros.com\/blog\/wp-content\/uploads\/2018\/11\/casarosada_gcba-640x261.jpg 640w, https:\/\/www.mochileiros.com\/blog\/wp-content\/uploads\/2018\/11\/casarosada_gcba-360x147.jpg 360w, https:\/\/www.mochileiros.com\/blog\/wp-content\/uploads\/2018\/11\/casarosada_gcba-720x293.jpg 720w, https:\/\/www.mochileiros.com\/blog\/wp-content\/uploads\/2018\/11\/casarosada_gcba-800x326.jpg 800w, https:\/\/www.mochileiros.com\/blog\/wp-content\/uploads\/2018\/11\/casarosada_gcba-313x127.jpg 313w\" sizes=\"auto, (max-width: 1024px) 100vw, 1024px\" \/><figcaption class=\"wp-element-caption\">Casa Rosada | Foto: Divulga\u00e7\u00e3o\/GCBA<\/figcaption><\/figure>\n<\/div>\n\n\n<h3 class=\"wp-block-heading\"><span class=\"ez-toc-section\" id=\"15_Conhecer_o_Cafe_Tortoni_e_a_Farmacia_de_la_Estrella\"><\/span>15. Conhecer o Caf\u00e9 Tortoni e a Farmacia de la Estrella<span class=\"ez-toc-section-end\"><\/span><\/h3>\n\n\n\n<p class=\"wp-block-paragraph\">Estando no bairro de Monteserrat, onde voc\u00ea poder\u00e1 conhecer a Plaza de Mayo e pr\u00e9dios \u00edcones&nbsp;voc\u00ea pode seguir rumo ao Caf\u00e9 Tortoni, o primeiro bar da cidade, inaugurado em 1858.&nbsp; A arquitetura e decora\u00e7\u00e3o de \u00e9poca s\u00e3o espetaculares. Estando l\u00e1 tente provar uma&nbsp;esp\u00e9cie de sorvete de leite chamado <strong>&#8216;leche merengada&#8217;<\/strong>.&nbsp; Ao lado do Caf\u00e9 est\u00e3o a Academia Nacional de Tango e o Museo Mundial del Tango.&nbsp; Avenida de Mayo, 825.<\/p>\n\n\n\n<p class=\"wp-block-paragraph\">Seguindo a mesma &#8220;linha&#8221; do Tortoni no quesito preserva\u00e7\u00e3o e beleza arquitet\u00f4nica est\u00e1 a Farmacia la Estrella que foi a primeira da cidade. Ainda mais antiga que o Tortoni foi fundada em 1834 e ainda est\u00e1 em funcionamento. D\u00e1 at\u00e9 gosto de ir comprar aquele Dorflex &#8211; risos.&nbsp; &nbsp;Nos arredores, belos pr\u00e9dios como o do Museo de la Ciudad e a Bas\u00edlica de San Francisco.&nbsp; Fica na Calle Defensa, 201 esquina com Alsina.<\/p>\n\n\n<div class=\"wp-block-image wp-image-41059 size-full\">\n<figure class=\"aligncenter\"><img loading=\"lazy\" decoding=\"async\" width=\"1024\" height=\"683\" src=\"https:\/\/www.mochileiros.com\/blog\/wp-content\/uploads\/2018\/11\/farmaciaestrella.jpg\" alt=\"Detalhe do pr\u00e9dio da Farmacia Estrella | Foto: Divulga\u00e7\u00e3o\/GCBA\" class=\"wp-image-41059\" srcset=\"https:\/\/www.mochileiros.com\/blog\/wp-content\/uploads\/2018\/11\/farmaciaestrella.jpg 1024w, https:\/\/www.mochileiros.com\/blog\/wp-content\/uploads\/2018\/11\/farmaciaestrella-300x200.jpg 300w, https:\/\/www.mochileiros.com\/blog\/wp-content\/uploads\/2018\/11\/farmaciaestrella-768x512.jpg 768w, https:\/\/www.mochileiros.com\/blog\/wp-content\/uploads\/2018\/11\/farmaciaestrella-320x213.jpg 320w, https:\/\/www.mochileiros.com\/blog\/wp-content\/uploads\/2018\/11\/farmaciaestrella-640x427.jpg 640w, https:\/\/www.mochileiros.com\/blog\/wp-content\/uploads\/2018\/11\/farmaciaestrella-360x240.jpg 360w, https:\/\/www.mochileiros.com\/blog\/wp-content\/uploads\/2018\/11\/farmaciaestrella-720x480.jpg 720w, https:\/\/www.mochileiros.com\/blog\/wp-content\/uploads\/2018\/11\/farmaciaestrella-800x534.jpg 800w, https:\/\/www.mochileiros.com\/blog\/wp-content\/uploads\/2018\/11\/farmaciaestrella-313x209.jpg 313w\" sizes=\"auto, (max-width: 1024px) 100vw, 1024px\" \/><figcaption class=\"wp-element-caption\">Detalhe do pr\u00e9dio da Farmacia Estrella | Foto: Divulga\u00e7\u00e3o\/GCBA<\/figcaption><\/figure>\n<\/div>\n\n\n<h3 class=\"wp-block-heading\"><span class=\"ez-toc-section\" id=\"16_Explorar_la_Manzana_de_las_Luces\"><\/span>16. Explorar la Manzana de las Luces<span class=\"ez-toc-section-end\"><\/span><\/h3>\n\n\n\n<p class=\"wp-block-paragraph\">A duas quadras da Plaza de Mayo (Av Peru, 272) est\u00e1 um dos principais complexos hist\u00f3ricos da cidade, o Manzana de las Luces. O local abriga constru\u00e7\u00f5es jesu\u00edticas, como a <strong>Igreja de San Ignacio Loyola<\/strong> e uma rede de t\u00faneis constru\u00eddos na \u00e9poca colonial envolta em mist\u00e9rios, haja vista a escassez de registros ou men\u00e7\u00f5es a ela.<\/p>\n\n\n<div class=\"wp-block-image wp-image-41049 size-full\">\n<figure class=\"aligncenter\"><img loading=\"lazy\" decoding=\"async\" width=\"1024\" height=\"417\" src=\"https:\/\/www.mochileiros.com\/blog\/wp-content\/uploads\/2018\/11\/manzanadelasluzes_gcba.jpg\" alt=\"Foto: Divulga\u00e7\u00e3o\/GCBA\" class=\"wp-image-41049\" srcset=\"https:\/\/www.mochileiros.com\/blog\/wp-content\/uploads\/2018\/11\/manzanadelasluzes_gcba.jpg 1024w, https:\/\/www.mochileiros.com\/blog\/wp-content\/uploads\/2018\/11\/manzanadelasluzes_gcba-300x122.jpg 300w, https:\/\/www.mochileiros.com\/blog\/wp-content\/uploads\/2018\/11\/manzanadelasluzes_gcba-768x313.jpg 768w, https:\/\/www.mochileiros.com\/blog\/wp-content\/uploads\/2018\/11\/manzanadelasluzes_gcba-320x130.jpg 320w, https:\/\/www.mochileiros.com\/blog\/wp-content\/uploads\/2018\/11\/manzanadelasluzes_gcba-640x261.jpg 640w, https:\/\/www.mochileiros.com\/blog\/wp-content\/uploads\/2018\/11\/manzanadelasluzes_gcba-360x147.jpg 360w, https:\/\/www.mochileiros.com\/blog\/wp-content\/uploads\/2018\/11\/manzanadelasluzes_gcba-720x293.jpg 720w, https:\/\/www.mochileiros.com\/blog\/wp-content\/uploads\/2018\/11\/manzanadelasluzes_gcba-800x326.jpg 800w, https:\/\/www.mochileiros.com\/blog\/wp-content\/uploads\/2018\/11\/manzanadelasluzes_gcba-313x127.jpg 313w\" sizes=\"auto, (max-width: 1024px) 100vw, 1024px\" \/><figcaption class=\"wp-element-caption\">Foto: Divulga\u00e7\u00e3o\/GCBA<\/figcaption><\/figure>\n<\/div>\n\n\n<h3 class=\"wp-block-heading\"><span class=\"ez-toc-section\" id=\"17_Conhecer_o_cartao-postal_da_cidade_a_Praca_do_Obelisco\"><\/span>17. Conhecer o cart\u00e3o-postal da cidade, a Pra\u00e7a do Obelisco<span class=\"ez-toc-section-end\"><\/span><\/h3>\n\n\n\n<p class=\"wp-block-paragraph\">O Obelisco de Buenos Aires fica na Pra\u00e7a da Rep\u00fablica, no cruzamento das Avenidas Corrientes e 9 de julio. Foi constru\u00eddo para lembrar o quarto centen\u00e1rio da funda\u00e7\u00e3o da cidade.<br \/>Al\u00e9m do monumento, impressiona a largura da avenida 9 de julio, uma das mais amplas do mundo.<br \/>Na mesma avenida, instalados no pr\u00e9dio do Minist\u00e9rio de Obras P\u00fablicas h\u00e1 dois grandes <strong>murais de Eva Per\u00f3n<\/strong>. Feitos em a\u00e7o s\u00e3o obra do escultor Alejandro Marmo com desenho do artista pl\u00e1stico Daniel Santoro. \u00c9 outro dos pontos tur\u00edsticos mais fotografados de Buenos Aires.<br \/>Ali por perto tamb\u00e9m est\u00e1 o pomposo&nbsp;<strong>Teatro Col\u00f3n<\/strong>, considerado um dos 5 melhores do mundo em ac\u00fastica. \u00c9 daqueles lugares que fazem a gente pensar como \u00e9 poss\u00edvel criar tanta beleza.<\/p>\n\n\n<div class=\"wp-block-image wp-image-41045 size-full\">\n<figure class=\"aligncenter\"><img loading=\"lazy\" decoding=\"async\" width=\"1024\" height=\"560\" src=\"https:\/\/www.mochileiros.com\/blog\/wp-content\/uploads\/2018\/11\/obeliscomatias-wong.jpg\" alt=\"A larga avenida com o Obelisco ao fundo | Foto: Matias Wong\/Unsplash\" class=\"wp-image-41045\" srcset=\"https:\/\/www.mochileiros.com\/blog\/wp-content\/uploads\/2018\/11\/obeliscomatias-wong.jpg 1024w, https:\/\/www.mochileiros.com\/blog\/wp-content\/uploads\/2018\/11\/obeliscomatias-wong-300x164.jpg 300w, https:\/\/www.mochileiros.com\/blog\/wp-content\/uploads\/2018\/11\/obeliscomatias-wong-768x420.jpg 768w, https:\/\/www.mochileiros.com\/blog\/wp-content\/uploads\/2018\/11\/obeliscomatias-wong-320x175.jpg 320w, https:\/\/www.mochileiros.com\/blog\/wp-content\/uploads\/2018\/11\/obeliscomatias-wong-640x350.jpg 640w, https:\/\/www.mochileiros.com\/blog\/wp-content\/uploads\/2018\/11\/obeliscomatias-wong-360x197.jpg 360w, https:\/\/www.mochileiros.com\/blog\/wp-content\/uploads\/2018\/11\/obeliscomatias-wong-720x394.jpg 720w, https:\/\/www.mochileiros.com\/blog\/wp-content\/uploads\/2018\/11\/obeliscomatias-wong-800x438.jpg 800w, https:\/\/www.mochileiros.com\/blog\/wp-content\/uploads\/2018\/11\/obeliscomatias-wong-313x171.jpg 313w\" sizes=\"auto, (max-width: 1024px) 100vw, 1024px\" \/><figcaption class=\"wp-element-caption\">A larga avenida com o Obelisco ao fundo | Foto: Matias Wong\/Unsplash<\/figcaption><\/figure>\n<\/div>\n\n\n<h3 class=\"wp-block-heading\"><span class=\"ez-toc-section\" id=\"18_Visitar_o_predio_das_Galerias_Pacifico\"><\/span>18. Visitar o pr\u00e9dio das Galer\u00edas Pac\u00edfico<span class=\"ez-toc-section-end\"><\/span><\/h3>\n\n\n\n<p class=\"wp-block-paragraph\">Se sua praia n\u00e3o \u00e9 shopping v\u00e1 pela arquitetura. Se sua praia \u00e9 shopping, una o \u00fatil ao agrad\u00e1vel.&nbsp; O pr\u00e9dio das Galer\u00edas Pac\u00edfico \u00e9 um dos principais centros comerciais de Buenos Aires e sua&nbsp;c\u00fapula decorada com murais de renomados artistas argentinos \u00e9 de encher os olhos.<\/p>\n\n\n\n<p class=\"wp-block-paragraph\">Inicialmente o pr\u00e9dio abrigou o Museo Nacional de Bellas Artes. Em 1944 teve mudan\u00e7as na&nbsp;arquitetura e depois sofreu por muitos anos com o abandono. Em 1990 foi reformado e ganhou o&nbsp;projeto de centro comercial.&nbsp;Fica no bairro de San Nicol\u00e1s, na Avenida Florida, 753.<\/p>\n\n\n<div class=\"wp-block-image wp-image-41050 size-full\">\n<figure class=\"aligncenter\"><img loading=\"lazy\" decoding=\"async\" width=\"1024\" height=\"418\" src=\"https:\/\/www.mochileiros.com\/blog\/wp-content\/uploads\/2018\/11\/galeriaspacifico000.jpg\" alt=\"\" class=\"wp-image-41050\" srcset=\"https:\/\/www.mochileiros.com\/blog\/wp-content\/uploads\/2018\/11\/galeriaspacifico000.jpg 1024w, https:\/\/www.mochileiros.com\/blog\/wp-content\/uploads\/2018\/11\/galeriaspacifico000-300x122.jpg 300w, https:\/\/www.mochileiros.com\/blog\/wp-content\/uploads\/2018\/11\/galeriaspacifico000-768x314.jpg 768w, https:\/\/www.mochileiros.com\/blog\/wp-content\/uploads\/2018\/11\/galeriaspacifico000-320x131.jpg 320w, https:\/\/www.mochileiros.com\/blog\/wp-content\/uploads\/2018\/11\/galeriaspacifico000-640x261.jpg 640w, https:\/\/www.mochileiros.com\/blog\/wp-content\/uploads\/2018\/11\/galeriaspacifico000-360x147.jpg 360w, https:\/\/www.mochileiros.com\/blog\/wp-content\/uploads\/2018\/11\/galeriaspacifico000-720x294.jpg 720w, https:\/\/www.mochileiros.com\/blog\/wp-content\/uploads\/2018\/11\/galeriaspacifico000-800x327.jpg 800w, https:\/\/www.mochileiros.com\/blog\/wp-content\/uploads\/2018\/11\/galeriaspacifico000-313x128.jpg 313w\" sizes=\"auto, (max-width: 1024px) 100vw, 1024px\" \/><figcaption class=\"wp-element-caption\">Foto: Divulga\u00e7\u00e3o\/GCBA<\/figcaption><\/figure>\n<\/div>\n\n\n<h3 class=\"wp-block-heading\"><span class=\"ez-toc-section\" id=\"19_Tirar_uma_foto_com_a_Mafalda_e_conhecer_mais_sobre_as_Historias_em_Quadrinhos_argentinas\"><\/span>19. Tirar uma foto com a Mafalda e conhecer mais sobre as Hist\u00f3rias em Quadrinhos argentinas<span class=\"ez-toc-section-end\"><\/span><\/h3>\n\n\n\n<p class=\"wp-block-paragraph\">Se voc\u00ea \u00e9 f\u00e3 da Mafalda (protagonista das tirinhas de <span style=\"text-decoration: underline;\"><a href=\"https:\/\/pt.wikipedia.org\/wiki\/Quino\" target=\"_blank\" rel=\"noopener noreferrer\">Quino<\/a><\/span>) pode fazer uma foto com uma escultura dela na Avenida Chile, 371 &#8211; voc\u00ea j\u00e1 deve ter visto v\u00e1rias fotos de viajantes neste ponto<br \/>de Buenos Aires.<br \/>As tirinhas e a personagem s\u00e3o conhecidas mundo afora e claro, tamb\u00e9m muito populares entre os argentinos. Mafalda e outros personagens, bem como os artistas que os criaram s\u00e3o homenageados em circuito chamado <strong>&#8216;Paseo de la historieta&#8217;<\/strong> (fica entre San Telmo e Monteserrat)<\/p>\n\n\n<div class=\"wp-block-image wp-image-41046 size-full\">\n<figure class=\"aligncenter\"><img loading=\"lazy\" decoding=\"async\" width=\"1024\" height=\"450\" src=\"https:\/\/www.mochileiros.com\/blog\/wp-content\/uploads\/2018\/11\/mafalda_susanita_manolito.jpg\" alt=\"Susanita, Mafalda e Manolito, personagens de Quino | Foto: Juandedeboca\/Creative Commons.\" class=\"wp-image-41046\" srcset=\"https:\/\/www.mochileiros.com\/blog\/wp-content\/uploads\/2018\/11\/mafalda_susanita_manolito.jpg 1024w, https:\/\/www.mochileiros.com\/blog\/wp-content\/uploads\/2018\/11\/mafalda_susanita_manolito-300x132.jpg 300w, https:\/\/www.mochileiros.com\/blog\/wp-content\/uploads\/2018\/11\/mafalda_susanita_manolito-768x338.jpg 768w, https:\/\/www.mochileiros.com\/blog\/wp-content\/uploads\/2018\/11\/mafalda_susanita_manolito-320x141.jpg 320w, https:\/\/www.mochileiros.com\/blog\/wp-content\/uploads\/2018\/11\/mafalda_susanita_manolito-640x281.jpg 640w, https:\/\/www.mochileiros.com\/blog\/wp-content\/uploads\/2018\/11\/mafalda_susanita_manolito-360x158.jpg 360w, https:\/\/www.mochileiros.com\/blog\/wp-content\/uploads\/2018\/11\/mafalda_susanita_manolito-720x316.jpg 720w, https:\/\/www.mochileiros.com\/blog\/wp-content\/uploads\/2018\/11\/mafalda_susanita_manolito-800x352.jpg 800w, https:\/\/www.mochileiros.com\/blog\/wp-content\/uploads\/2018\/11\/mafalda_susanita_manolito-313x138.jpg 313w\" sizes=\"auto, (max-width: 1024px) 100vw, 1024px\" \/><figcaption class=\"wp-element-caption\">Susanita, Mafalda e Manolito, personagens de Quino | Foto: Juandedeboca\/Creative Commons.<\/figcaption><\/figure>\n<\/div>\n\n\n<h3 class=\"wp-block-heading\"><span class=\"ez-toc-section\" id=\"20_Visitar_a_Feria_de_Mataderos\"><\/span>20. Visitar a Feria de Mataderos<span class=\"ez-toc-section-end\"><\/span><\/h3>\n\n\n\n<p class=\"wp-block-paragraph\">A cerca de meia hora do centro de Buenos Aires est\u00e1 o bairro Mataderos, local da cidade no qual voc\u00ea mais conseguir\u00e1 sentir de perto as ra\u00edzes argentinas.<br \/>Aos domingos, de mar\u00e7o a dezembro acontece por l\u00e1 a tradicional Feria de Mataderos ou a &#8220;Feria de las artesan\u00edas y tradiciones populares argentinas&#8221;. Por l\u00e1 voc\u00ea estar\u00e1 mais pr\u00f3ximo do folclore argentino e encontrar\u00e1 riquezas gastron\u00f4micas al\u00e9m das mais conhecidas por n\u00f3s brasileiros, como as empanadas e assados.<br \/>Avenida Lisandro de La Torre y De los corrales.<\/p>\n\n\n<div class=\"wp-block-image wp-image-41047 size-full\">\n<figure class=\"aligncenter\"><img loading=\"lazy\" decoding=\"async\" width=\"1024\" height=\"672\" src=\"https:\/\/www.mochileiros.com\/blog\/wp-content\/uploads\/2018\/11\/mataderos_cc.jpg\" alt=\"Foto: Carlos Adampol Galindo\/Creative Commons.\" class=\"wp-image-41047\" srcset=\"https:\/\/www.mochileiros.com\/blog\/wp-content\/uploads\/2018\/11\/mataderos_cc.jpg 1024w, https:\/\/www.mochileiros.com\/blog\/wp-content\/uploads\/2018\/11\/mataderos_cc-300x197.jpg 300w, https:\/\/www.mochileiros.com\/blog\/wp-content\/uploads\/2018\/11\/mataderos_cc-768x504.jpg 768w, https:\/\/www.mochileiros.com\/blog\/wp-content\/uploads\/2018\/11\/mataderos_cc-320x210.jpg 320w, https:\/\/www.mochileiros.com\/blog\/wp-content\/uploads\/2018\/11\/mataderos_cc-640x420.jpg 640w, https:\/\/www.mochileiros.com\/blog\/wp-content\/uploads\/2018\/11\/mataderos_cc-360x236.jpg 360w, https:\/\/www.mochileiros.com\/blog\/wp-content\/uploads\/2018\/11\/mataderos_cc-720x473.jpg 720w, https:\/\/www.mochileiros.com\/blog\/wp-content\/uploads\/2018\/11\/mataderos_cc-800x525.jpg 800w, https:\/\/www.mochileiros.com\/blog\/wp-content\/uploads\/2018\/11\/mataderos_cc-313x205.jpg 313w\" sizes=\"auto, (max-width: 1024px) 100vw, 1024px\" \/><figcaption class=\"wp-element-caption\">Foto: Carlos Adampol Galindo\/Creative Commons.<\/figcaption><\/figure>\n<\/div>\n\n\n<h3 class=\"wp-block-heading\"><span class=\"ez-toc-section\" id=\"21_Visitar_o_Patio_de_los_lecheros\"><\/span>21. Visitar o Patio de los lecheros<span class=\"ez-toc-section-end\"><\/span><\/h3>\n\n\n\n<p class=\"wp-block-paragraph\">Buenos Aires \u00e9 cheia de \u00f3timas op\u00e7\u00f5es gastron\u00f4micas, mas no Patio de los lecheros voc\u00ea encontrar\u00e1 algo da comida argentina, mas tamb\u00e9m de outros pa\u00edses, incluindo brasileira.<br \/>O local tem v\u00e1rios foodtrucks, horta urbana e um minimercado de frutas e sucos org\u00e2nicos.&nbsp;O atual p\u00e1tio gastron\u00f4mico foi durante anos a esta\u00e7\u00e3o de trem onde chegava a produ\u00e7\u00e3o leiteira do interior do pa\u00eds onde ela era comprada e vendida. Em 1961 a venda do produto sem pasteuriza\u00e7\u00e3o foi proibida e o local ficou abandonado. Em 2016 foi reaberto como uma grande pra\u00e7a de alimenta\u00e7\u00e3o.&nbsp;Avenida Tte. Gral Donato Alvarez e Bacacay.<\/p>\n\n\n<div class=\"wp-block-image wp-image-41051 size-full\">\n<figure class=\"aligncenter\"><img loading=\"lazy\" decoding=\"async\" width=\"1024\" height=\"640\" src=\"https:\/\/www.mochileiros.com\/blog\/wp-content\/uploads\/2018\/11\/patiodeloslecheros.jpg\" alt=\"Foto: Reprodu\u00e7\u00e3o Google Imagens\" class=\"wp-image-41051\" srcset=\"https:\/\/www.mochileiros.com\/blog\/wp-content\/uploads\/2018\/11\/patiodeloslecheros.jpg 1024w, https:\/\/www.mochileiros.com\/blog\/wp-content\/uploads\/2018\/11\/patiodeloslecheros-300x188.jpg 300w, https:\/\/www.mochileiros.com\/blog\/wp-content\/uploads\/2018\/11\/patiodeloslecheros-768x480.jpg 768w, https:\/\/www.mochileiros.com\/blog\/wp-content\/uploads\/2018\/11\/patiodeloslecheros-320x200.jpg 320w, https:\/\/www.mochileiros.com\/blog\/wp-content\/uploads\/2018\/11\/patiodeloslecheros-640x400.jpg 640w, https:\/\/www.mochileiros.com\/blog\/wp-content\/uploads\/2018\/11\/patiodeloslecheros-360x225.jpg 360w, https:\/\/www.mochileiros.com\/blog\/wp-content\/uploads\/2018\/11\/patiodeloslecheros-720x450.jpg 720w, https:\/\/www.mochileiros.com\/blog\/wp-content\/uploads\/2018\/11\/patiodeloslecheros-800x500.jpg 800w, https:\/\/www.mochileiros.com\/blog\/wp-content\/uploads\/2018\/11\/patiodeloslecheros-313x196.jpg 313w\" sizes=\"auto, (max-width: 1024px) 100vw, 1024px\" \/><figcaption class=\"wp-element-caption\">Foto: Reprodu\u00e7\u00e3o Google Imagens<\/figcaption><\/figure>\n<\/div>\n\n\n<h2 class=\"wp-block-heading\"><span class=\"ez-toc-section\" id=\"O_que_comer_em_Buenos_Aires\"><\/span>O que comer em Buenos Aires<span class=\"ez-toc-section-end\"><\/span><\/h2>\n\n\n\n<p class=\"wp-block-paragraph\">A identidade de um pa\u00eds passa por in\u00fameros bens e dentre suas riquezas est\u00e1 sua comida.<br \/>Estando em Buenos Aires n\u00e3o deixe de &#8230;<\/p>\n\n\n\n<h3 class=\"wp-block-heading\"><span class=\"ez-toc-section\" id=\"22_Comer_um_choripan\"><\/span>22. Comer um choripan<span class=\"ez-toc-section-end\"><\/span><\/h3>\n\n\n\n<p class=\"wp-block-paragraph\">O sandu\u00edche de p\u00e3o (crocante) com lingui\u00e7a \u00e9 uma marca das comidas de rua argentina.<\/p>\n\n\n\n<h3 class=\"wp-block-heading\"><span class=\"ez-toc-section\" id=\"23_Comer_um_Bondiola\"><\/span>23.&nbsp; Comer um Bondiola<span class=\"ez-toc-section-end\"><\/span><\/h3>\n\n\n\n<p class=\"wp-block-paragraph\">Bondiola \u00e9 um dos cortes (argentinos) do porco, mais precisamente o ombro. O lanche de p\u00e3o leva o porco com temperos como alho, cebola roxa, lim\u00e3o e at\u00e9 mel.<\/p>\n\n\n\n<h3 class=\"wp-block-heading\"><span class=\"ez-toc-section\" id=\"24_Comer_uma_Fugazzeta\"><\/span>24. Comer uma Fugazzeta<span class=\"ez-toc-section-end\"><\/span><\/h3>\n\n\n\n<p class=\"wp-block-paragraph\">Se voc\u00ea \u00e9 louco por pizza deve provar a Fugazzeta. Recheada com mussarela e cebola, a del\u00edcia tem vers\u00f5es com legumes salteados (Fugazzeta de verdura), com jamon (presunto) etc.<\/p>\n\n\n\n<h3 class=\"wp-block-heading\"><span class=\"ez-toc-section\" id=\"25_Comer_Empanadas\"><\/span>25. Comer Empanadas<span class=\"ez-toc-section-end\"><\/span><\/h3>\n\n\n\n<p class=\"wp-block-paragraph\">Apesar de encontrarmos buen\u00edsimas versiones aqui mesmo no Brasil, voc\u00ea n\u00e3o pode ir \u00e0 Argentina e ficar sem comer uma empanada e se poss\u00edvel no restaurante&nbsp;<span style=\"text-decoration: underline;\"><a href=\"http:\/\/www.elsanjuanino.com.ar\/\" target=\"_blank\" rel=\"noopener noreferrer\">El Sanjuanino<\/a><\/span>, a melhor empanada de Buenos Aires. O restaurante tem um blog que mostra a <span style=\"text-decoration: underline;\"><a href=\"http:\/\/www.elsanjuanino.com.ar\/tag\/empanadas\/\" target=\"_blank\" rel=\"noopener noreferrer\">diferen\u00e7a entre os v\u00e1rios tipos de empanadas da Argentina<\/a><\/span>.<\/p>\n\n\n\n<p class=\"wp-block-paragraph\">Se estiver fazendo uma viagem por todo o pa\u00eds e passar pela regi\u00e3o de Tucum\u00e1n experimente uma local. Dizem que s\u00e3o especiais e bem diferentes das oferecidas na capital.<\/p>\n\n\n\n<figure class=\"wp-block-image alignnone wp-image-41093 size-full\"><img loading=\"lazy\" decoding=\"async\" width=\"850\" height=\"600\" src=\"https:\/\/www.mochileiros.com\/blog\/wp-content\/uploads\/2018\/11\/empanadas-cuyanas.jpg\" alt=\"\" class=\"wp-image-41093\" srcset=\"https:\/\/www.mochileiros.com\/blog\/wp-content\/uploads\/2018\/11\/empanadas-cuyanas.jpg 850w, https:\/\/www.mochileiros.com\/blog\/wp-content\/uploads\/2018\/11\/empanadas-cuyanas-300x212.jpg 300w, https:\/\/www.mochileiros.com\/blog\/wp-content\/uploads\/2018\/11\/empanadas-cuyanas-768x542.jpg 768w, https:\/\/www.mochileiros.com\/blog\/wp-content\/uploads\/2018\/11\/empanadas-cuyanas-320x226.jpg 320w, https:\/\/www.mochileiros.com\/blog\/wp-content\/uploads\/2018\/11\/empanadas-cuyanas-640x452.jpg 640w, https:\/\/www.mochileiros.com\/blog\/wp-content\/uploads\/2018\/11\/empanadas-cuyanas-360x254.jpg 360w, https:\/\/www.mochileiros.com\/blog\/wp-content\/uploads\/2018\/11\/empanadas-cuyanas-720x508.jpg 720w, https:\/\/www.mochileiros.com\/blog\/wp-content\/uploads\/2018\/11\/empanadas-cuyanas-800x565.jpg 800w, https:\/\/www.mochileiros.com\/blog\/wp-content\/uploads\/2018\/11\/empanadas-cuyanas-313x221.jpg 313w\" sizes=\"auto, (max-width: 850px) 100vw, 850px\" \/><figcaption class=\"wp-element-caption\">Empanadas Cuyanas &#8211; Foto: El Sanjuanino<\/figcaption><\/figure>\n\n\n\n<h3 class=\"wp-block-heading\"><span class=\"ez-toc-section\" id=\"26_Faina\"><\/span>26.&nbsp; Fain\u00e1<span class=\"ez-toc-section-end\"><\/span><\/h3>\n\n\n\n<p class=\"wp-block-paragraph\">No formato de um p\u00e3o s\u00edrio \u00e9 feito com farinha de gr\u00e3o de bico, pimenta preta e ervas frescas.&nbsp; Estranhamente o fain\u00e1 acompanha tamb\u00e9m pizzas por l\u00e1, formando uma esp\u00e9cie de sandu\u00edche chamado pizza a caballo (pizza a cavalo).<\/p>\n\n\n\n<h3 class=\"wp-block-heading\"><span class=\"ez-toc-section\" id=\"27_Revuelto_de_Gramajo\"><\/span>27. Revuelto de Gramajo<span class=\"ez-toc-section-end\"><\/span><\/h3>\n\n\n\n<p class=\"wp-block-paragraph\">Ovos mexidos, presunto fatiado e batatas fritas comp\u00f5em o tradicional Revuelto de Gramajo, prato servido geralmente no caf\u00e9-da-manh\u00e3 (j\u00e1 fiz isso em casa, para o almo\u00e7o, sem saber que era um prato t\u00edpico argentino!).<br \/>As receitas podem variar com acr\u00e9scimo de ingredientes como frango, cebola e ou ervilhas.<\/p>\n\n\n\n<h3 class=\"wp-block-heading\"><span class=\"ez-toc-section\" id=\"28_Comer_um_Asado_de_tira_Asado_Qualquer_asado_%E2%80%93_risos\"><\/span>28. Comer um Asado de tira (Asado. Qualquer asado &#8211; risos)<span class=\"ez-toc-section-end\"><\/span><\/h3>\n\n\n\n<p class=\"wp-block-paragraph\">Claro que voc\u00ea vai \u00e0 Argentina e ir\u00e1 comer um asado. O pa\u00eds \u00e9 conhecido pela excelente carne e variados cortes. Comer um asado de tira (costelas) ou um bife de Chorizo (Entrecote)&nbsp; \u00e9 quase uma obriga\u00e7\u00e3o, se voc\u00ea n\u00e3o for vegano\/vegetariano.<\/p>\n\n\n<div class=\"wp-block-image wp-image-41053 size-full\">\n<figure class=\"aligncenter\"><img loading=\"lazy\" decoding=\"async\" width=\"1024\" height=\"683\" src=\"https:\/\/www.mochileiros.com\/blog\/wp-content\/uploads\/2018\/11\/assado_GCBA.jpg\" alt=\"Asado: uma institui\u00e7\u00e3o no pa\u00eds | Foto: Estrella Herrera\/GCBA\" class=\"wp-image-41053\" srcset=\"https:\/\/www.mochileiros.com\/blog\/wp-content\/uploads\/2018\/11\/assado_GCBA.jpg 1024w, https:\/\/www.mochileiros.com\/blog\/wp-content\/uploads\/2018\/11\/assado_GCBA-300x200.jpg 300w, https:\/\/www.mochileiros.com\/blog\/wp-content\/uploads\/2018\/11\/assado_GCBA-768x512.jpg 768w, https:\/\/www.mochileiros.com\/blog\/wp-content\/uploads\/2018\/11\/assado_GCBA-320x213.jpg 320w, https:\/\/www.mochileiros.com\/blog\/wp-content\/uploads\/2018\/11\/assado_GCBA-640x427.jpg 640w, https:\/\/www.mochileiros.com\/blog\/wp-content\/uploads\/2018\/11\/assado_GCBA-360x240.jpg 360w, https:\/\/www.mochileiros.com\/blog\/wp-content\/uploads\/2018\/11\/assado_GCBA-720x480.jpg 720w, https:\/\/www.mochileiros.com\/blog\/wp-content\/uploads\/2018\/11\/assado_GCBA-800x534.jpg 800w, https:\/\/www.mochileiros.com\/blog\/wp-content\/uploads\/2018\/11\/assado_GCBA-313x209.jpg 313w\" sizes=\"auto, (max-width: 1024px) 100vw, 1024px\" \/><figcaption class=\"wp-element-caption\">Asado: uma institui\u00e7\u00e3o no pa\u00eds | Foto: Estrella Herrera\/GCBA<\/figcaption><\/figure>\n<\/div>\n\n\n<h3 class=\"wp-block-heading\"><span class=\"ez-toc-section\" id=\"29_Alfajor\"><\/span>29.&nbsp;Alfajor<span class=\"ez-toc-section-end\"><\/span><\/h3>\n\n\n\n<p class=\"wp-block-paragraph\">A del\u00edcia de origem andaluz pode ser encontrada em v\u00e1rios pa\u00edses da Am\u00e9rica do Sul, mas os<br \/>alfajores argentinos e uruguaios t\u00eam boa fama. Em Buenos Aires voc\u00ea encontrar\u00e1 v\u00e1rios<br \/>quiosques e armaz\u00e9ns vendendo.<\/p>\n\n\n\n<h3 class=\"wp-block-heading\"><span class=\"ez-toc-section\" id=\"30_Se_esbaldar_de_Dulce_de_leche\"><\/span>30. Se esbaldar de Dulce de leche<span class=\"ez-toc-section-end\"><\/span><\/h3>\n\n\n\n<p class=\"wp-block-paragraph\">J\u00e1 que calorias de viagem n\u00e3o contam, l\u00e1 vai mais um docinho para alegrar o seu dia na capital porte\u00f1a. N\u00f3s temos deliciosos doces de leite no Brasil (ah, os mineiros!), mas estando na Argentina, voc\u00ea n\u00e3o pode deixar de provar o deles.<br \/>Dica: depois retorne ao in\u00edcio do post e fa\u00e7a todos os roteiros \u00e0 p\u00e9 &#8211; risos.<\/p>\n\n\n\n<p class=\"wp-block-paragraph\">Sugest\u00f5es de <span style=\"text-decoration: underline;\"><a href=\"https:\/\/www.mochileiros.com\/topic\/80269-onde-comer-em-buenos-aires\/\">onde comer em Buenos Aires<\/a><\/span> podem ser conferidas no nosso f\u00f3rum, bem como <span style=\"text-decoration: underline;\"><a href=\"https:\/\/www.mochileiros.com\/topic\/73252-o-que-fazer-a-noite-em-buenos-aires\/\">o que fazer a noite em Buenos Aires<\/a><\/span>.<\/p>\n\n\n\n<h2 class=\"wp-block-heading\"><span class=\"ez-toc-section\" id=\"Onde_se_hospedar_em_Buenos_Aires\"><\/span>Onde se hospedar em Buenos Aires<span class=\"ez-toc-section-end\"><\/span><\/h2>\n\n\n\n<p class=\"wp-block-paragraph\">A rede hoteleira da cidade \u00e9 bastante farta. Clicando <span style=\"text-decoration: underline;\"><a href=\"https:\/\/www.kayak.com.br\/in?a=mochileiros&amp;url=\/Buenos-Aires-Hoteis.19264.hotel.ksp&amp;encoder=27_1&amp;enc_pid=deeplinks&amp;enc_eid=0&amp;enc_lid=deals\" target=\"_blank\" rel=\"noopener noreferrer\">aqui<\/a> <\/span>voc\u00ea encontra boas op\u00e7\u00f5es a partir de R$ 23 por pessoa\/noite e no f\u00f3rum h\u00e1 coment\u00e1rios de viajantes falando sobre <span style=\"text-decoration: underline;\"><a href=\"https:\/\/www.mochileiros.com\/topic\/76532-hostels-em-buenos-aires\/\">hostels em Buenos Aires<\/a><\/span>.<\/p>\n\n\n\n<h2 class=\"wp-block-heading\"><span class=\"ez-toc-section\" id=\"Para_montar_seu_roteiro_por_Buenos_Aires\"><\/span>Para montar seu roteiro por Buenos Aires<span class=\"ez-toc-section-end\"><\/span><\/h2>\n\n\n\n<p class=\"wp-block-paragraph\">Observe em que bairros est\u00e3o localizados os atrativos aqui sugeridos que mais lhe despertaram interesse e monte seu roteiro baseado no que voc\u00ea pode fazer em Buenos Aires em 7 dias, 5, 4 o tanto que voc\u00ea tenha dispon\u00edvel. Utilize o Google Mapas para visualizar um ponto e outro (utilize as op\u00e7\u00f5es de informa\u00e7\u00f5es de trajeto \u00e0 p\u00e9, de bicicleta, transporte p\u00fablico e ou carro) para ter uma ideia das dist\u00e2ncias e claro, seja flex\u00edvel dentro deste roteiro que voc\u00ea mesmo tra\u00e7ou &#8211; surpreender-se faz parte e \u00e9 uma das maravilhas das viagens.<\/p>\n\n\n\n<h2 class=\"wp-block-heading\"><span class=\"ez-toc-section\" id=\"Sobre_os_tours_em_Buenos_Aires\"><\/span>Sobre os tours em Buenos Aires<span class=\"ez-toc-section-end\"><\/span><\/h2>\n\n\n\n<p class=\"wp-block-paragraph\">Al\u00e9m dos tours guiados oferecidos por empresas e pelo \u00f3rg\u00e3o de turismo local (com pre\u00e7os variados) h\u00e1 tamb\u00e9m alguns tours gratuitos realizados pelo Free Walks Buenos Aires. Confira as op\u00e7\u00f5es, hor\u00e1rios e locais de sa\u00edda no site <span style=\"text-decoration: underline;\"><a href=\"https:\/\/www.buenosairesfreewalks.com\/spanish\/\" target=\"_blank\" rel=\"noopener noreferrer\">https:\/\/www.buenosairesfreewalks.com\/spanish\/<\/a><\/span><\/p>\n\n\n\n<h2 class=\"wp-block-heading\"><span class=\"ez-toc-section\" id=\"Sobre_a_moeda_argentina\"><\/span>Sobre a moeda argentina<span class=\"ez-toc-section-end\"><\/span><\/h2>\n\n\n\n<p class=\"wp-block-paragraph\">A moeda argentina \u00e9 o peso. Voc\u00ea pode conferir quanto ela est\u00e1 valendo <span style=\"text-decoration: underline;\"><a href=\"https:\/\/www4.bcb.gov.br\/pec\/conversao\/conversao.asp\" target=\"_blank\" rel=\"noopener noreferrer\">aqui<\/a><\/span>.<br \/>Assim como em outros destinos tur\u00edsticos, sobretudo nos centros, voc\u00ea encontrar\u00e1 pessoas oferecendo trocar seus reais ou d\u00f3lares (voc\u00ea pode levar qualquer uma das duas moedas) por pesos, na rua mesmo. N\u00f3s j\u00e1 fizemos esse tipo de c\u00e2mbio em cidades de fronteira e nunca tivemos problema, mas \u00e9 altamente recomend\u00e1vel que voc\u00ea procure uma casa de c\u00e2mbio ou bancos. S\u00e3o muitos comuns os relatos de golpes envolvendo notas falsas em Buenos Aires, incluindo as devolvidas como troco &#8211; fique atento.<\/p>\n\n\n\n<h2 class=\"wp-block-heading\"><span class=\"ez-toc-section\" id=\"Sobre_quanto_levar_e_quanto_se_gasta_em_Buenos_Aires\"><\/span>Sobre quanto levar e quanto se gasta em Buenos Aires<span class=\"ez-toc-section-end\"><\/span><\/h2>\n\n\n\n<p class=\"wp-block-paragraph\">Bem, como comentado acima voc\u00ea pode levar reais ou d\u00f3lares para l\u00e1 ou ainda, sacar dinheiro de sua conta corrente em um banco na cidade. Vale lembrar que \u00e9 altamente recomend\u00e1vel voc\u00ea deixar avisado seu gerente de que ir\u00e1 viajar e que precisar\u00e1 efetuar saques em outro pa\u00eds. Pergunte se sua conta e cart\u00e3o tem essa modalidade e quais s\u00e3o as taxas cobradas para ver se compensa para voc\u00ea. Tamb\u00e9m procure saber se o banco onde voc\u00ea sacar\u00e1 tamb\u00e9m lhe cobrar\u00e1 taxas.<br \/>O Backpacker Index, do site americano Price of Travel calcula um gasto di\u00e1rio de 32,35 d\u00f3lares em Buenos Aires. Este c\u00e1lculo considera que voc\u00ea ir\u00e1 se hospedar em um dormit\u00f3rio em um hostel bom e barato; consumir\u00e1 3 refei\u00e7\u00f5es simples; pagar\u00e1 uma atra\u00e7\u00e3o cultural (exemplo: entrada em museu); comprar\u00e1 2 passagens em transporte p\u00fablico e consumir\u00e1 3 cervejas baratas (o que eles chamam de &#8220;fundo de entretenimento&#8221;). Claro que este \u00e9 somente um c\u00e1lculo base e o valor ser\u00e1 maior ou menor dependendo do seu comportamento e gosto pessoal.<\/p>\n\n\n\n<h2 class=\"wp-block-heading\"><span class=\"ez-toc-section\" id=\"O_que_vale_a_pena_comprar_em_Buenos_Aires_e_onde_comprar\"><\/span>O que vale a pena comprar em Buenos Aires e onde comprar?<span class=\"ez-toc-section-end\"><\/span><\/h2>\n\n\n\n<p class=\"wp-block-paragraph\">Bem, o foco deste post n\u00e3o \u00e9 em compras mas a gente n\u00e3o poderia deixar de responder \u00e0 d\u00favida daqueles que, estando com o or\u00e7amento um pouco mais folgado, queiram fazer uma comprinha em Buenos Aires.<br \/>A cidade \u00e9 famosa pela oferta de artigos em couro e o point para comprar estes produtos \u00e9 na Calle Murillo, na Villa Crespo. Al\u00e9m disso, este mesmo bairro tem v\u00e1rios outlets de marcas famosas; algumas delas est\u00e3o na Calle Aguirre, uma das ruas para bater perna por l\u00e1.<\/p>\n\n\n\n<h2 class=\"wp-block-heading\"><span class=\"ez-toc-section\" id=\"Transporte_em_Buenos_Aires\"><\/span>Transporte em Buenos Aires<span class=\"ez-toc-section-end\"><\/span><\/h2>\n\n\n\n<p class=\"wp-block-paragraph\">O sistema de <strong>transporte p\u00fablico<\/strong> porte\u00f1o conta com metr\u00f4 e mais de 180 linhas de \u00f4nibus e para utiliz\u00e1-las \u00e9 preciso ter um cart\u00e3o chamado <span style=\"text-decoration: underline;\"><a href=\"https:\/\/www.argentina.gob.ar\/sube\" target=\"_blank\" rel=\"noopener noreferrer\">SUBE<\/a><\/span>. Ele \u00e9 gratuito nos &#8216;Centros de Atenci\u00f3n al Turista&#8217; (confira a localiza\u00e7\u00e3o <span style=\"text-decoration: underline;\"><a href=\"https:\/\/turismo.buenosaires.gob.ar\/es\/recorrido\/atenci%C3%B3n-al-turista\" target=\"_blank\" rel=\"noopener noreferrer\">aqui<\/a><\/span>) mas voc\u00ea precisa carreg\u00e1-los (como acontece com bilhetes de metr\u00f4 e \u00f4nibus de algumas cidades do Brasil).<br \/><strong>Taxistas<\/strong> &#8211; dentro da comunidade viajante, os taxistas porte\u00f1os n\u00e3o t\u00eam muito boa fama. H\u00e1 relatos de devolu\u00e7\u00e3o de troco em moeda falsa, mudan\u00e7a de trajeto para prolongar a corrida, cobran\u00e7as a mais e at\u00e9 roubo, entre outros. Os taxistas porte\u00f1os honestos devem sofrer com a m\u00e1 fama da categoria. Se voc\u00ea precisar tomar um de qualquer jeito, consulte sobre uma cooperativa s\u00e9ria junto ao local onde voc\u00ea est\u00e1 hospedado. Na d\u00favida o n\u00e9gocio \u00e9 chamar o Uber.<br \/>O <span style=\"text-decoration: underline;\"><a href=\"https:\/\/play.google.com\/store\/apps\/details?id=ar.gob.buenosaires.comollego\" target=\"_blank\" rel=\"noopener noreferrer\">app &#8216;Como llego&#8217;<\/a> <\/span>pode ajudar a escolher as melhores alternativas de locomo\u00e7\u00e3o pela cidade.<\/p>\n\n\n<div class=\"wp-block-image wp-image-41038 size-full\">\n<figure class=\"aligncenter\"><img loading=\"lazy\" decoding=\"async\" width=\"1024\" height=\"576\" src=\"https:\/\/www.mochileiros.com\/blog\/wp-content\/uploads\/2018\/11\/transportebs_dangold.jpg\" alt=\"Foto: Dan Gold\/Unsplash\" class=\"wp-image-41038\" srcset=\"https:\/\/www.mochileiros.com\/blog\/wp-content\/uploads\/2018\/11\/transportebs_dangold.jpg 1024w, https:\/\/www.mochileiros.com\/blog\/wp-content\/uploads\/2018\/11\/transportebs_dangold-300x169.jpg 300w, https:\/\/www.mochileiros.com\/blog\/wp-content\/uploads\/2018\/11\/transportebs_dangold-768x432.jpg 768w, https:\/\/www.mochileiros.com\/blog\/wp-content\/uploads\/2018\/11\/transportebs_dangold-320x180.jpg 320w, https:\/\/www.mochileiros.com\/blog\/wp-content\/uploads\/2018\/11\/transportebs_dangold-640x360.jpg 640w, https:\/\/www.mochileiros.com\/blog\/wp-content\/uploads\/2018\/11\/transportebs_dangold-360x203.jpg 360w, https:\/\/www.mochileiros.com\/blog\/wp-content\/uploads\/2018\/11\/transportebs_dangold-720x405.jpg 720w, https:\/\/www.mochileiros.com\/blog\/wp-content\/uploads\/2018\/11\/transportebs_dangold-800x450.jpg 800w, https:\/\/www.mochileiros.com\/blog\/wp-content\/uploads\/2018\/11\/transportebs_dangold-313x176.jpg 313w\" sizes=\"auto, (max-width: 1024px) 100vw, 1024px\" \/><figcaption class=\"wp-element-caption\">Foto: Dan Gold\/Unsplash<\/figcaption><\/figure>\n<\/div>\n\n\n<h2 class=\"wp-block-heading\"><span class=\"ez-toc-section\" id=\"Cuidados_referentes_a_seguranca\"><\/span>Cuidados referentes a seguran\u00e7a<span class=\"ez-toc-section-end\"><\/span><\/h2>\n\n\n\n<p class=\"wp-block-paragraph\">Bem, al\u00e9m de estar atento aos lugares onde trocar\u00e1 o seu dinheiro por peso, n\u00e3o aceitar cortesias sem certificar-se que elas REALMENTE s\u00e3o cortesias em \u00e1reas muito tur\u00edsticas como na Feira de San Telmo ou no Caminito e evitar os t\u00e1xis, vale lembrar que voc\u00ea est\u00e1 em uma das grandes capitais da Am\u00e9rica do Sul. Em Buenos Aires, como em outros lugares, h\u00e1 batedores de carteira e os &#8216;motochorros&#8217; (ladr\u00f5es de bolsas que utilizam motos para o crime) nada que algu\u00e9m que viva numa capital brasileira desconhe\u00e7a, ent\u00e3o \u00e9 n\u00e3o ostentar os pertences e ficar atento em todos os lugares!<br \/>Esperamos que voc\u00ea n\u00e3o precise, mas&nbsp;o telefone da Defensor\u00eda del turista \u00e9 o 4302-7816 e o site o&nbsp;<span style=\"text-decoration: underline;\"><a href=\"http:\/\/www.defensoriaturista.org.ar\/\" target=\"_blank\" rel=\"noopener noreferrer\">http:\/\/www.defensoriaturista.org.ar\/<\/a><br \/><\/span>Os telefones da Comisar\u00eda del turista s\u00e3o o&nbsp;5050 3293 e 5050-9260 e o e-mail&nbsp;<span style=\"text-decoration: underline;\"><a href=\"mailto:serv.turista@gmail.com\" target=\"_blank\" rel=\"noopener noreferrer\">serv.turista@gmail.com<\/a><\/span> . A defensor\u00eda seria mais para casos nos quais voc\u00ea possa se sentir lesado enquanto consumidor\/turista ou se sofreu algum tipo de preconceito, por exemplo. J\u00e1 a comisar\u00eda para casos envolvendo a seguran\u00e7a (roubos, furtos etc)<\/p>\n\n\n\n<h2 class=\"wp-block-heading\"><span class=\"ez-toc-section\" id=\"Sobre_o_consumo_de_bebida_alcoolica\"><\/span>Sobre o consumo de bebida alco\u00f3lica<span class=\"ez-toc-section-end\"><\/span><\/h2>\n\n\n\n<p class=\"wp-block-paragraph\">Bebidas alco\u00f3licas s\u00f3 podem ser compradas em mercados e armaz\u00e9ns de Buenos Aires at\u00e9 \u00e0s 22h. Nos restaurantes e bares a venda \u00e9 permitida at\u00e9 \u00e0s 5h. Assim como no Brasil, n\u00e3o \u00e9 permitida a venda para menores de 18 anos.<\/p>\n\n\n\n<h2 class=\"wp-block-heading\"><span class=\"ez-toc-section\" id=\"Ingresso_e_permanencia_no_pais\"><\/span>Ingresso e perman\u00eancia no pa\u00eds<span class=\"ez-toc-section-end\"><\/span><\/h2>\n\n\n\n<p class=\"wp-block-paragraph\">Brasileiros e outros cidad\u00e3os de pa\u00edses do Mercosul n\u00e3o precisam de visto, tampouco passaporte para entrar na Argentina para estadias que n\u00e3o passem os 90 dias. Voc\u00ea s\u00f3 precisa ter o seu RG em bom estado de conserva\u00e7\u00e3o e com foto atual (caso\u00a0o documento gere d\u00favidas, pode lhe ser solicitado outro tipo de identifica\u00e7\u00e3o, tamb\u00e9m com foto).<br \/>O <span style=\"text-decoration: underline;\"><a href=\"http:\/\/cgbuenosaires.itamaraty.gov.br\/pt-br\/Main.xml\" target=\"_blank\" rel=\"noopener noreferrer\">Consulado-Geral do Brasil em Buenos Aires<\/a> <\/span>recomenda &#8220;especial aten\u00e7\u00e3o dos turistas que ingressam na Argentina com RG ao comprovante de ingresso fornecido pela \u201cDirecci\u00f3n Nacional de Migraciones\u201d no momento de sua admiss\u00e3o ao pa\u00eds. O comprovante deve ser guardado em local seguro pois dever\u00e1 ser apresentado no momento da sa\u00edda do pa\u00eds para comprovar a data de seu ingresso.&#8221;<br \/>O consulado fica na Carlos Pellegrini 1363 5\u00ba piso &#8211; C1011AAA &#8211; Ciudad de Buenos Aires.<\/p>\n\n\n\n<h2 class=\"wp-block-heading\"><span class=\"ez-toc-section\" id=\"Dicas_para_Viajar_para_a_Argentina\"><\/span>Dicas para Viajar para a Argentina<span class=\"ez-toc-section-end\"><\/span><\/h2>\n\n\n\n<h3 class=\"wp-block-heading\" id=\"como-contratar-um-seguro-viagem-com-cobertura-para-covid-19\"><span class=\"ez-toc-section\" id=\"Contrate_um_seguro_viagem\"><\/span>Contrate um seguro viagem<span class=\"ez-toc-section-end\"><\/span><\/h3>\n\n\n\n<p class=\"wp-block-paragraph\">Um <a href=\"https:\/\/www.mochileiros.com\/blog\/seguro-viagem-argentina\"><strong><span style=\"text-decoration: underline;\">Seguro Viagem Argentina<\/span><\/strong><\/a>  custar\u00e1 a partir de R$ 120 para cobrir uma viagem de 12 a 15 dias (por exemplo), e te proteger\u00e1 financeiramente de imprevistos com atendimento m\u00e9dico \/ hospitalar, extravio de bagagem, atraso de voo, atendimento odontol\u00f3gico e at\u00e9 para caso de morte ou invalidez permanente por acidente.   <\/p>\n\n\n\n<p class=\"wp-block-paragraph\">Use um comparador de planos de seguro viagem pra encontrar os melhores planos e pre\u00e7os. N\u00f3s indicamos o comparador <a href=\"https:\/\/www.segurospromo.com.br\/?utm_medium=afiliado&amp;pcrid=1546&amp;utm_source=site-blog&amp;pcrtt=link-ficar-BA\" target=\"_blank\" rel=\"noreferrer noopener sponsored\"><span style=\"text-decoration: underline;\"><strong>Seguros Promo<\/strong><\/span><\/a>, pois \u00e9 o que possui os melhores pre\u00e7os e a melhor nota no site Reclame Aqui. <\/p>\n\n\n\n<h3 class=\"wp-block-heading\"><span class=\"ez-toc-section\" id=\"Troque_seu_dinheiro_no_%E2%80%9Ccambio_blue%E2%80%9D\"><\/span><strong>Troque seu dinheiro no &#8220;cambio blue&#8221;<\/strong><span class=\"ez-toc-section-end\"><\/span><\/h3>\n\n\n\n<p class=\"wp-block-paragraph\"><strong>&#8220;Blue&#8221;<\/strong>, \u00e9 como \u00e9 chamado o cambio paralelo na Argentina e com ele voc\u00ea consegue o dobro do valor do oficial. Basta enviar seus reais atrav\u00e9s do site da <a href=\"https:\/\/www.mochileiros.com\/blog\/western-union-em-buenos-aires\"><span style=\"text-decoration: underline;\"><strong>Western Union<\/strong><\/span><\/a> e sacar em pesos argentinos em qualquer agencia da empresa em Buenos Aires.  Mesmo com a <span style=\"text-decoration: underline;\"><a href=\"https:\/\/brasilturis.com.br\/argentina-introduz-cambio-especial-para-turista-que-usar-cartao-de-credito\/\" target=\"_blank\" rel=\"noreferrer noopener\">nova taxa de cambio<\/a><\/span> para cart\u00f5es de d\u00e9bito e cr\u00e9dito, implementada recentemente pelo governo argentino, o &#8220;cambio blue&#8221; segue sendo o mais vantajoso. <\/p>\n\n\n\n<p class=\"wp-block-paragraph\"><strong>Nota: <\/strong>A Argentina teve suas pr\u00e9vias eleitorais no dia 13\/08\/23 e em outubro deste ano acontecem as elei\u00e7\u00f5es presidenciais no pa\u00eds. Com o resultado das pr\u00e9vias algumas mudan\u00e7as na economia foram adotadas pelo atual governo, as quais j\u00e1 refletem no c\u00e2mbio. Fique atento ao notici\u00e1rio local para saber mais sobre.<br \/>Se voc\u00ea optar por utilizar a Western Union, pode simular a cota\u00e7\u00e3o no pr\u00f3prio App.<\/p>\n\n\n\n<p class=\"wp-block-paragraph\"><\/p>\n\n\n\n<p class=\"wp-block-paragraph\"><span style=\"color: #ff0000;\"><em><strong>Nota:<\/strong> Este post foi publicado antes da pandemia de Covid-19. Antes de ir a alguma atra\u00e7\u00e3o confira se ela est\u00e1 funcionando e quais s\u00e3o as regras para visit\u00e1-la. Voc\u00ea encontra todas as informa\u00e7\u00f5es sobre como <a style=\"color: #ff0000;\" href=\"https:\/\/www.mochileiros.com\/blog\/entrar-na-argentina\"><span style=\"text-decoration: underline;\">entrar na Argentina<\/span><\/a>, <span style=\"text-decoration: underline;\"><a style=\"color: #ff0000; text-decoration: underline;\" href=\"https:\/\/www.mochileiros.com\/blog\/entrar-na-argentina\">aqui<\/a><\/span>.<\/em><\/span><\/p>\n\n\n\n<p class=\"wp-block-paragraph\"><em>Com informa\u00e7\u00f5es de Reda\u00e7\u00e3o, comunidade Mochileiros.com, Buenos Aires Ciudad e&nbsp;<\/em><em>Taste Atlas.<\/em><\/p>\n","protected":false},"excerpt":{"rendered":"<p>Com algumas nuances de Europa, mas tipicamente latina, Buenos Aires \u00e9 conhecida por sua arquitetura art-nouveau, sua intensa cena cultural, por sua rica gastronomia e pela personalidade dos Portenhos. A capital argentina tem tudo para agradar todos os gostos. De bairros com arquitetura moderna e restaurantes hype como Puerto Madero, \u00e0s tur\u00edsticas e coloridas ruas [&hellip;]<\/p>\n","protected":false},"author":55,"featured_media":41042,"comment_status":"open","ping_status":"closed","sticky":false,"template":"","format":"standard","meta":{"googlesitekit_rrm_CAoiELM5mIOjYRN0nfylq3_9r-8:productID":"","_crdt_document":"","_daim_seo_power":"1000","_daim_enable_ail":"1","footnotes":""},"categories":[107],"tags":[1027],"class_list":["post-40761","post","type-post","status-publish","format-standard","has-post-thumbnail","hentry","category-argentina","tag-buenos-aires"],"_links":{"self":[{"href":"https:\/\/www.mochileiros.com\/blog\/wp-json\/wp\/v2\/posts\/40761","targetHints":{"allow":["GET"]}}],"collection":[{"href":"https:\/\/www.mochileiros.com\/blog\/wp-json\/wp\/v2\/posts"}],"about":[{"href":"https:\/\/www.mochileiros.com\/blog\/wp-json\/wp\/v2\/types\/post"}],"author":[{"embeddable":true,"href":"https:\/\/www.mochileiros.com\/blog\/wp-json\/wp\/v2\/users\/55"}],"replies":[{"embeddable":true,"href":"https:\/\/www.mochileiros.com\/blog\/wp-json\/wp\/v2\/comments?post=40761"}],"version-history":[{"count":0,"href":"https:\/\/www.mochileiros.com\/blog\/wp-json\/wp\/v2\/posts\/40761\/revisions"}],"wp:featuredmedia":[{"embeddable":true,"href":"https:\/\/www.mochileiros.com\/blog\/wp-json\/wp\/v2\/media\/41042"}],"wp:attachment":[{"href":"https:\/\/www.mochileiros.com\/blog\/wp-json\/wp\/v2\/media?parent=40761"}],"wp:term":[{"taxonomy":"category","embeddable":true,"href":"https:\/\/www.mochileiros.com\/blog\/wp-json\/wp\/v2\/categories?post=40761"},{"taxonomy":"post_tag","embeddable":true,"href":"https:\/\/www.mochileiros.com\/blog\/wp-json\/wp\/v2\/tags?post=40761"}],"curies":[{"name":"wp","href":"https:\/\/api.w.org\/{rel}","templated":true}]}}