{"id":42178,"date":"2019-01-10T19:49:09","date_gmt":"2019-01-10T22:49:09","guid":{"rendered":"https:\/\/www.mochileiros.com\/blog\/?p=42178"},"modified":"2019-01-10T19:49:09","modified_gmt":"2019-01-10T22:49:09","slug":"passo-a-passo-como-planejar-uma-viagem-para-patagonia-e-terra-do-fogo","status":"publish","type":"post","link":"https:\/\/www.mochileiros.com\/blog\/passo-a-passo-como-planejar-uma-viagem-para-patagonia-e-terra-do-fogo","title":{"rendered":"Passo a passo: Como planejar uma viagem para Patag\u00f4nia e Terra do Fogo?"},"content":{"rendered":"<p>Ahhh Patag\u00f4nia! Ainda estou saudoso, mesmo acabando de voltar de l\u00e1, e antes de come\u00e7ar a falar dos roteiros no blog, quero ajudar os pr\u00f3ximos viajantes a planejar sua viagem atrav\u00e9s da minha experi\u00eancia -que foi \u00f3tima- mas como em toda viagem independente teve erros e acertos, e compartilh\u00e1-los pode ser de grande valor para voc\u00eas.<\/p>\n<p><img loading=\"lazy\" decoding=\"async\" class=\"alignnone size-full wp-image-9393\" src=\"https:\/\/queromochilar.com.br\/wp-content\/uploads\/2018\/12\/Como-planejar-viagem-para-patagonia-glacial.jpg\" alt=\"\" width=\"1013\" height=\"675\"><\/p>\n<p><strong><em>Foto: Glacial Perito Moreno \u2013 Patrim\u00f4nio da Humanidade em El Calafate.<\/em><\/strong><\/p>\n<p>Afinal, o que temos que saber para curtir a viagem e gastar o m\u00ednimo poss\u00edvel?<\/p>\n<div id=\"ez-toc-container\" class=\"ez-toc-v2_0_82_2 counter-hierarchy ez-toc-counter ez-toc-grey ez-toc-container-direction\">\n<div class=\"ez-toc-title-container\">\n<p class=\"ez-toc-title\" style=\"cursor:inherit\">\u00cdndice<\/p>\n<span class=\"ez-toc-title-toggle\"><a href=\"#\" class=\"ez-toc-pull-right ez-toc-btn ez-toc-btn-xs ez-toc-btn-default ez-toc-toggle\" aria-label=\"Alternar tabela de conte\u00fado\"><span class=\"ez-toc-js-icon-con\"><span class=\"\"><span class=\"eztoc-hide\" style=\"display:none;\">Toggle<\/span><span class=\"ez-toc-icon-toggle-span\"><svg style=\"fill: #999;color:#999\" xmlns=\"http:\/\/www.w3.org\/2000\/svg\" class=\"list-377408\" width=\"20px\" height=\"20px\" viewBox=\"0 0 24 24\" fill=\"none\"><path d=\"M6 6H4v2h2V6zm14 0H8v2h12V6zM4 11h2v2H4v-2zm16 0H8v2h12v-2zM4 16h2v2H4v-2zm16 0H8v2h12v-2z\" fill=\"currentColor\"><\/path><\/svg><svg style=\"fill: #999;color:#999\" class=\"arrow-unsorted-368013\" xmlns=\"http:\/\/www.w3.org\/2000\/svg\" width=\"10px\" height=\"10px\" viewBox=\"0 0 24 24\" version=\"1.2\" baseProfile=\"tiny\"><path d=\"M18.2 9.3l-6.2-6.3-6.2 6.3c-.2.2-.3.4-.3.7s.1.5.3.7c.2.2.4.3.7.3h11c.3 0 .5-.1.7-.3.2-.2.3-.5.3-.7s-.1-.5-.3-.7zM5.8 14.7l6.2 6.3 6.2-6.3c.2-.2.3-.5.3-.7s-.1-.5-.3-.7c-.2-.2-.4-.3-.7-.3h-11c-.3 0-.5.1-.7.3-.2.2-.3.5-.3.7s.1.5.3.7z\"\/><\/svg><\/span><\/span><\/span><\/a><\/span><\/div>\n<nav><ul class='ez-toc-list ez-toc-list-level-1 ' ><li class='ez-toc-page-1 ez-toc-heading-level-1'><a class=\"ez-toc-link ez-toc-heading-1\" href=\"https:\/\/www.mochileiros.com\/blog\/passo-a-passo-como-planejar-uma-viagem-para-patagonia-e-terra-do-fogo\/#Primeira_coisa_a_pensar_Quando_ir_para_Patagonia_e_Terra_do_Fogo\" >Primeira coisa a pensar: Quando ir para Patag\u00f4nia e Terra do Fogo?<\/a><\/li><li class='ez-toc-page-1 ez-toc-heading-level-1'><a class=\"ez-toc-link ez-toc-heading-2\" href=\"https:\/\/www.mochileiros.com\/blog\/passo-a-passo-como-planejar-uma-viagem-para-patagonia-e-terra-do-fogo\/#Segunda_coisa_a_se_pensar_O_que_quero_conhecer\" >Segunda coisa a se pensar: O que quero conhecer?<\/a><\/li><li class='ez-toc-page-1 ez-toc-heading-level-1'><a class=\"ez-toc-link ez-toc-heading-3\" href=\"https:\/\/www.mochileiros.com\/blog\/passo-a-passo-como-planejar-uma-viagem-para-patagonia-e-terra-do-fogo\/#Terceira_coisa_a_se_pensar_Como_se_locomover_na_Patagonia\" >Terceira coisa a se pensar: Como se locomover na Patag\u00f4nia?<\/a><ul class='ez-toc-list-level-3' ><li class='ez-toc-heading-level-3'><ul class='ez-toc-list-level-3' ><li class='ez-toc-heading-level-3'><a class=\"ez-toc-link ez-toc-heading-4\" href=\"https:\/\/www.mochileiros.com\/blog\/passo-a-passo-como-planejar-uma-viagem-para-patagonia-e-terra-do-fogo\/#Quarta_coisa_a_se_pensar_O_que_levar_para_Patagonia\" >Quarta coisa a se pensar: O que levar para Patag\u00f4nia?<\/a><\/li><li class='ez-toc-page-1 ez-toc-heading-level-3'><a class=\"ez-toc-link ez-toc-heading-5\" href=\"https:\/\/www.mochileiros.com\/blog\/passo-a-passo-como-planejar-uma-viagem-para-patagonia-e-terra-do-fogo\/#Quinta_coisa_a_se_pensar_Qual_moeda_levar\" >Quinta coisa a se pensar: Qual moeda levar?<\/a><\/li><\/ul><\/li><li class='ez-toc-page-1 ez-toc-heading-level-2'><a class=\"ez-toc-link ez-toc-heading-6\" href=\"https:\/\/www.mochileiros.com\/blog\/passo-a-passo-como-planejar-uma-viagem-para-patagonia-e-terra-do-fogo\/#OUTRAS_DICAS_EXTRAS_NADA_A_VER_MAS_QUE_AJUDARAO_VOCE%E2%80%A6\" >OUTRAS DICAS EXTRAS NADA A VER, MAS QUE AJUDAR\u00c3O VOC\u00ca\u2026<\/a><\/li><\/ul><\/li><\/ul><\/nav><\/div>\n<h1><span class=\"ez-toc-section\" id=\"Primeira_coisa_a_pensar_Quando_ir_para_Patagonia_e_Terra_do_Fogo\"><\/span><strong>Primeira coisa a pensar: Quando ir para Patag\u00f4nia e Terra do Fogo?<\/strong><span class=\"ez-toc-section-end\"><\/span><\/h1>\n<p>Antes de planejar sua viagem voc\u00ea tem que pensar: O que quero desta regi\u00e3o?\u00a0Ver neve ou curtir a natureza com longas caminhadas e menos frio?<\/p>\n<p>As esta\u00e7\u00f5es do ano por l\u00e1 s\u00e3o bem definidas e o ambiente muda bastante com ela, e pensar no seu objetivo \u00e9 primordial.<\/p>\n<p>Vale pontuar que as esta\u00e7\u00f5es s\u00e3o igual ao Brasil, ou seja, ver\u00e3o aqui, ver\u00e3o l\u00e1 tamb\u00e9m, mas afinal, como s\u00e3o cada uma delas?<\/p>\n<p><strong>VER\u00c3O: 21 de Dezembro a 20 de mar\u00e7o<\/strong><\/p>\n<p>O ver\u00e3o \u00e9 a mais procurada das esta\u00e7\u00f5es, e tamb\u00e9m a alta temporada da Patag\u00f4nia. Neste per\u00edodo do ano os dias s\u00e3o longos, escurece depois das 22h45, e amanhece em torno das 4h00, ou seja, tem mais luz do sol para aproveitar os trekkings e tours.<\/p>\n<p><img loading=\"lazy\" decoding=\"async\" class=\"alignnone size-full wp-image-9390\" src=\"https:\/\/queromochilar.com.br\/wp-content\/uploads\/2018\/12\/Como-planejar-viagem-para-patagonia-3.jpg\" alt=\"\" width=\"1013\" height=\"675\"><\/p>\n<p>Tamb\u00e9m no ver\u00e3o, apesar da temperatura ser bem mais agrad\u00e1vel, ficando em torno de 15\u00b0C a 20\u00b0C, os ventos s\u00e3o bem mais fortes, podendo passar de 100 km\/h, o que causa um sensa\u00e7\u00e3o t\u00e9rmica mais baixa.<\/p>\n<p>Nesta esta\u00e7\u00e3o tamb\u00e9m:<\/p>\n<ul>\n<li>Costuma chover sim, mas bem menos que no outono e por ser menos frio atrapalha menos.<\/li>\n<li>Janeiro e fevereiro s\u00e3o os meses mais quentes do ano.<\/li>\n<li>S\u00e3o o \u00e1pice da procura de quem vai atr\u00e1s de trekking (alta temporada).<\/li>\n<\/ul>\n<p>Se voc\u00ea quer gastar menos, procure viajar um pouco antes ou depois do ver\u00e3o (que \u00e9 considerada a alta temporada) e consequentemente os pre\u00e7os sobem todos.<\/p>\n<p><strong>OUTONO: 21 de mar\u00e7o a 20 de junho.<\/strong><\/p>\n<p>O in\u00edcio do outono \u00e9 uma \u00f3tima pedida para fazer sua viagem, pois as cidades est\u00e3o mais vazias e os pre\u00e7os melhores. Nesta esta\u00e7\u00e3o, a paisagem j\u00e1 come\u00e7a a ficar diferente, as \u00e1rvores est\u00e3o se preparando para o inverno, e suas folhas ficam com tons amarelo e laranja.<\/p>\n<p><img loading=\"lazy\" decoding=\"async\" class=\"alignnone size-full wp-image-9391\" src=\"https:\/\/queromochilar.com.br\/wp-content\/uploads\/2018\/12\/Como-planejar-viagem-para-patagonia-4.jpg\" alt=\"\" width=\"1013\" height=\"675\"><\/p>\n<p>Dizem tamb\u00e9m que \u00e9 neste per\u00edodo quando o por do sol \u00e9 mais bonito, mas tamb\u00e9m \u00e9 o per\u00edodo que mais chove e pode acabar com todo esse encanto.<\/p>\n<p>A temperatura se mant\u00e9m amena at\u00e9 junho, quando come\u00e7a a dar sinais de chegada \u00e0 esta\u00e7\u00e3o fria.<\/p>\n<p>Um \u00f3timo per\u00edodo para conhecer a Patag\u00f4nia.<\/p>\n<p><strong>INVERNO: 21 de junho a 20 de setembro<\/strong><\/p>\n<p>O inverno transforma as paisagens completamente, come\u00e7am a funcionar as esta\u00e7\u00f5es de esquis e \u00e9 tamb\u00e9m alta temporada em algumas regi\u00f5es.<\/p>\n<p><img loading=\"lazy\" decoding=\"async\" class=\"alignnone size-full wp-image-9400\" src=\"https:\/\/queromochilar.com.br\/wp-content\/uploads\/2018\/12\/Como-planejar-viagem-para-patagonia.jpg\" alt=\"\" width=\"1013\" height=\"675\"><\/p>\n<p>Nesta \u00e9poca, ao contr\u00e1rio do ver\u00e3o, os dias s\u00e3o mais curtos. O sol nasce \u00e0s 9h00 e se p\u00f5e \u00e0s 17h00, com isso a temperatura m\u00ednima chega a 0\u00b0C.<\/p>\n<p>No inverno, as chuvas s\u00e3o neve, resultando em uma paisagem incr\u00edvel. Nesta \u00e9poca v\u00e1rias trilhas em parques s\u00e3o fechadas, e a maioria das abertas, s\u00f3 \u00e9 liberada com guias, sendo um per\u00edodo ruim em todos os sentidos para quem quer fazer trekking pelos parques da Patag\u00f4nia.<\/p>\n<p>Lado bom do inverno: Os dias s\u00e3o claros e venta bem pouco, o que torna os passeios mais agrad\u00e1veis.<\/p>\n<p>Julho \u00e9 o m\u00eas mais frio.<\/p>\n<p><strong>PRIMAVERA: 21 de setembro a 20 de dezembro<\/strong><\/p>\n<p>No m\u00eas de setembro a neve come\u00e7a a desaparecer, as flores aparecem e a temperatura come\u00e7a a aumentar, com isso a vida volta a reinar com paisagens mais coloridas e cheias de vida. Uma \u00f3tima \u00e9poca para quem quer curtir a natureza.<\/p>\n<p>Sendo tamb\u00e9m uma \u00f3tima \u00e9poca para se conhecer.<\/p>\n<p><img loading=\"lazy\" decoding=\"async\" class=\"alignnone size-full wp-image-9397\" src=\"https:\/\/queromochilar.com.br\/wp-content\/uploads\/2018\/12\/Como-planejar-viagem-para-patagonia-primavera.jpg\" alt=\"\" width=\"1013\" height=\"675\"><\/p>\n<p><strong>Ent\u00e3o\u2026<\/strong><\/p>\n<p>Entendi tudo, mas quero gastar menos: Quando devo ir para Patag\u00f4nia e Terra do Fogo?<\/p>\n<p>Fuja da alta temporada, pois com ela chegam os altos pre\u00e7os.<\/p>\n<p>Outubro e novembro (primavera) e mar\u00e7o e abril (outono) seriam os meses ideais para quem quer curtir a natureza, gastar menos e ainda chegar nas atra\u00e7\u00f5es com um n\u00famero bem menor de pessoas.<\/p>\n<p>Outra coisa que \u00e9 muito importante ter em mente \u00e9 que o clima na Patag\u00f4nia e Terra do Fogo \u00e9 extremamente inst\u00e1vel, por isso mesmo no seu planejamento, deixe sempre uns dias extras em algumas cidades, pois se estiver com o cronograma bem apertado e o tempo ficar ruim e n\u00e3o conseguir fazer algo da sua programa\u00e7\u00e3o, pode inverter e fazer em outro dia, por esse mesmo motivo, fora de temporada alta \u00e9 bom deixar para reservar seus tours todos l\u00e1, sem anteced\u00eancia.<\/p>\n<h1><span class=\"ez-toc-section\" id=\"Segunda_coisa_a_se_pensar_O_que_quero_conhecer\"><\/span><strong>Segunda coisa a se pensar: O que quero conhecer?<\/strong><span class=\"ez-toc-section-end\"><\/span><\/h1>\n<p>A Patag\u00f4nia e a Terra do Fogo juntas tem uma extens\u00e3o muito grande, e se voc\u00ea costuma viajar nas f\u00e9rias de trabalho como eu, esquece, uma s\u00f3 viagem n\u00e3o \u00e9 tempo suficiente para conhecer ela toda.<\/p>\n<p>Esta regi\u00e3o abrange dois pa\u00edses: Argentina e Chile, e uma visita requer disposi\u00e7\u00e3o para deslocamentos longos e muito trekkings em alguns destinos.<\/p>\n<p><img loading=\"lazy\" decoding=\"async\" class=\"alignnone size-full wp-image-9389\" src=\"https:\/\/queromochilar.com.br\/wp-content\/uploads\/2018\/12\/Como-planejar-viagem-para-patagonia-2.jpg\" alt=\"\" width=\"1013\" height=\"675\"><\/p>\n<p>No meu plano de viagem comecei por El Calafate e fui at\u00e9 Ushuaia de \u00f4nibus. Meu objetivo maior era conhecer os parques nacionais e principais cidades, sendo assim meu roteiro resumido e a quantidade de dias foi:<\/p>\n<ul>\n<li>El Calafate (4)<\/li>\n<li>El Chalt\u00e9n (3)<\/li>\n<li>Deslocando (1)<\/li>\n<li>Puerto Natales (2)<\/li>\n<li>Torres Del Paine (3)<\/li>\n<li>Punta Arena (1)<\/li>\n<li>Deslocando (1)<\/li>\n<li>Ushuaia (6)<\/li>\n<\/ul>\n<p>Em breve no<a href=\"https:\/\/queromochilar.com.br\/\" target=\"_blank\" rel=\"noopener\"> www.queromochilar.com.br<\/a> estarei relatando cada um destes destinos, abrindo: roteiro, or\u00e7amento e tudo mais que voc\u00ea precisa saber.<\/p>\n<h1><span class=\"ez-toc-section\" id=\"Terceira_coisa_a_se_pensar_Como_se_locomover_na_Patagonia\"><\/span>Terceira coisa a se pensar: Como se locomover na Patag\u00f4nia?<span class=\"ez-toc-section-end\"><\/span><\/h1>\n<p>Durante a sua viagem voc\u00ea pode se deslocar de avi\u00e3o e \u00f4nibus por alguns destes destinos que citei do meu roteiro, que \u00e9 o mais popular de quem viaja pela Patag\u00f4nia. Importante saber que as principais cidades deste trajeto com aeroporto s\u00e3o:<\/p>\n<ul>\n<li>El Calafate,<\/li>\n<li>Ushuaia,<\/li>\n<li>Punta Arena.<\/li>\n<\/ul>\n<p>Pesquisando e garantindo sua passagem com anteced\u00eancia, voc\u00ea pode conseguir \u00f3timos pre\u00e7os de passagens a\u00e9reas. A empresa mais procurada e com melhores pre\u00e7os que faz a regi\u00e3o \u00e9 a Aerolineas Argentinas.<\/p>\n<p><strong>Dica para economizar<\/strong>: Antes de fechar sua passagem a\u00e9rea, pesquise tamb\u00e9m os pre\u00e7os pelas empresas que compram passagens por milhas, muitas vezes compensa comprar por elas que diretamente na companhia.<\/p>\n<p><strong>Saiba mais e fa\u00e7a uma cota\u00e7\u00e3o clicando <a href=\"https:\/\/queromochilar.com.br\/agencia-qm\/passagem-aerea\/\" target=\"_blank\" rel=\"noopener\">Aqui.<\/a><\/strong><\/p>\n<p>Por\u00e9m, se voc\u00ea quer gastar menos, o jeito \u00e9 pegar o bus\u00e3o para se deslocar por l\u00e1.<\/p>\n<p><strong>IMPORTANTE:<\/strong>\u00a0Lembre-se que neste trajeto voc\u00ea far\u00e1 deslocamentos internacionais, entre Argentina e Chile, e por isso passar\u00e1 por Aduanas, o que atrasa a viagem.<\/p>\n<p><strong>VIAJANDO DE BUS\u00c3O<\/strong><\/p>\n<p>Para o meu deslocamento de El Calafate a Ushuaia usei a empresa\u00a0<a href=\"https:\/\/www.bussur.com\/\" target=\"_blank\" rel=\"noopener\"><strong>Bus Sur<\/strong><\/a>, fechei tudo com anteced\u00eancia pela internet. Assim, carreguei menos dinheiro e garanti minha viagem. N\u00e3o gosto de andar com muita grana quando viajo!<\/p>\n<p>Na regi\u00e3o h\u00e1 tamb\u00e9m outras empresas, que voc\u00ea pode pesquisar diferentes hor\u00e1rios, s\u00e3o elas:\u00a0Pluma Internacional, Andesmar e Flecha Bus.<\/p>\n<p>Sobre a Bus Sur, todos meus deslocamentos foram \u00f3timos. Pontuais, \u00f4nibus bons e seguros, n\u00e3o tenho o que reclamar.<\/p>\n<p><strong>UMA OBSERVA\u00c7\u00c3O SOBRE CARROS\u2026<\/strong><\/p>\n<p>Para quem deseja alugar carro, as estradas s\u00e3o \u00f3timas, e precisa de 4\u00d74 somente se voc\u00ea for entrar nas \u00e1reas dos parques, do mais, deslocamentos entre cidades s\u00e3o tranquilos (N\u00e3o sei falar sobre o inverno).<\/p>\n<p><img loading=\"lazy\" decoding=\"async\" class=\"alignnone size-full wp-image-9399\" src=\"https:\/\/queromochilar.com.br\/wp-content\/uploads\/2018\/12\/Como-planejar-viagem-para-patagonia-veiculo.jpg\" alt=\"\" width=\"900\" height=\"675\"><\/p>\n<p>Lembrando que h\u00e1 pouqu\u00edssimos postos de servi\u00e7o e abastecimento, ent\u00e3o tanque sempre cheio quando poss\u00edvel.<\/p>\n<h3><span class=\"ez-toc-section\" id=\"Quarta_coisa_a_se_pensar_O_que_levar_para_Patagonia\"><\/span>Quarta coisa a se pensar: O que levar para Patag\u00f4nia?<span class=\"ez-toc-section-end\"><\/span><\/h3>\n<p>Algumas coisas s\u00e3o essenciais para uma viagem por esta regi\u00e3o, mesmo no inverno, e n\u00e3o s\u00e3o s\u00f3 as roupas.<\/p>\n<p>N\u00e3o se esque\u00e7a de por na mala:<\/p>\n<p><strong>1- Filtro solar:<\/strong>\u00a0Sim, queima bastante tamb\u00e9m. N\u00e3o \u00e9 porque \u00e9 frio que voc\u00ea n\u00e3o tem que se proteger.<\/p>\n<p><strong>2- \u00d3culos de sol:<\/strong>\u00a0Os \u00f3culos n\u00e3o servem somente para te deixar mais bonito na foto e para prote\u00e7\u00e3o do sol. \u00c9 recomendado tamb\u00e9m para andar sobre a neve e glaciais, pois o reflexo da luz das geleiras e neve por longas horas pode causar danos na sua retina.<\/p>\n<p><strong>3- Vestimentas:\u00a0<\/strong>Essencial pensar em roupas, ainda mais se \u00e9 brasileiro de regi\u00f5es quentes.<\/p>\n<p><strong>3.1- Prote\u00e7\u00e3o para cabe\u00e7a: Sempre carregue com voc\u00ea:<\/strong><\/p>\n<ul>\n<li>Gorro: Aquece demais, no sol, na sombra etc..<\/li>\n<li>Bon\u00e9: O tempo \u00e9 muito inst\u00e1vel, e as vezes o sol pega dependendo da \u00e9poca do ano sendo essencial nos trekkings.<\/li>\n<\/ul>\n<p>Leve ambos nos trekkings dentro da mochila.<\/p>\n<p><strong>3.2- Prote\u00e7\u00e3o para pesco\u00e7o: Faz toda diferen\u00e7a.<\/strong><\/p>\n<ul>\n<li>\u00a0Gola de prote\u00e7\u00e3o de pesco\u00e7o: Comprei uma l\u00e1 e foi minha companheira insepar\u00e1vel.<\/li>\n<\/ul>\n<p><strong>3.3- Prote\u00e7\u00e3o para as m\u00e3os: Essencial.<\/strong><\/p>\n<p>Em alguns lugares era imposs\u00edvel ficar sem luvar. Comprei uma de vov\u00f4, de l\u00e3, e foi meu maior erro. Compre uma boa e imperme\u00e1vel, com\u00a0 touch ou acesso dos dedinhos para celular \u2026 para n\u00e3o ter que ficar tirando e colocando toda hora para tirar fotos.<\/p>\n<p><strong>3.4- Prote\u00e7\u00e3o para os p\u00e9s: Botas de Trekking.<\/strong><\/p>\n<p>Chuto aqui que em torno de 80% das pessoas que fazem este roteiro est\u00e3o a procura de trekking, portanto, um cal\u00e7ado adequado \u00e9 essencial. Uma dica: nunca compre um cal\u00e7ado novo e deixe para estrear por l\u00e1, j\u00e1 v\u00e1 com ele adaptado aos seus p\u00e9s.<\/p>\n<p>Recomendo as Botas Ecosafety: couro leg\u00edtimo, \u00f3timo design, confort\u00e1veis e baratinhas, al\u00e9m de ser especialista em trekking e aventuras.<\/p>\n<p>E quer desconto?<\/p>\n<ul>\n<li><strong>Passo 01:<\/strong>\u00a0Acesse:\u00a0<a href=\"http:\/\/www.botasecosafety.com.br\/\" target=\"_blank\" rel=\"noopener\">www.botasecosafety.com.br<\/a><\/li>\n<li><strong>Passo 02:<\/strong>\u00a0Escolha o modelo, aplique o desconto com o<strong>\u00a0Cupom: queromochilar<\/strong>\u00a0e adquira a sua.<\/li>\n<\/ul>\n<p><img loading=\"lazy\" decoding=\"async\" class=\"alignnone size-full wp-image-9402\" src=\"https:\/\/queromochilar.com.br\/wp-content\/uploads\/2018\/12\/Como-planejar-viagem-para-patagonia-botas-ecosafety.jpg\" alt=\"\" width=\"1024\" height=\"768\"><\/p>\n<p><em><strong>Foto: Minha companheira no cerrado, deserto e at\u00e9 no gelo.<\/strong><\/em><\/p>\n<p>Ahh uma dica super importante, se for fazer v\u00e1rios dias de caminhada, como eu fiz, al\u00e9m da bota ter uma meia de trekking faz toda diferen\u00e7a. Juro, levei s\u00f3 uma, e quando tinha que lavar e n\u00e3o estava com ela eu sentia a diferen\u00e7a (conforto) nas trilhas.<\/p>\n<p><strong>3.5- Prote\u00e7\u00e3o para o tronco.<\/strong><\/p>\n<p><strong>Aten\u00e7\u00e3o:<\/strong>\u00a0Quero ressaltar que temos que estar sempre preparado nas trilhas, pois o tempo muda muito por l\u00e1.<\/p>\n<p>Temos que nos vestir em camadas para estarmos prontos para o desafio. E como \u00e9 isso?<\/p>\n<p><strong>PRIMEIRA CAMADA:<\/strong>\u00a0Conhecida tamb\u00e9m como segunda pele, tem como objetivo eliminar seu suor e te manter seco.<\/p>\n<p>Quantidade: Pelo menos 3 (Para 20 dias de viagem). Troca todos os dias.<\/p>\n<p><strong>SEGUNDA CAMADA:<\/strong>\u00a0Te aquece, mantendo a temperatura do teu corpo. Roupas com o nome: Fleece.<\/p>\n<p>Quantidade: Pelo menos duas (Para 20 dias de viagem).<\/p>\n<p><strong>TERCEIRA CAMADA:\u00a0<\/strong>Dever\u00e1 te proteger do vento e da umidade. Recomendo as jaquetas imperme\u00e1veis, corta vento e com gorros.<\/p>\n<p>Quantidade:\u00a0Viagem de at\u00e9 dez dias d\u00e1 pra levar uma, mais que isso, \u00e0s vezes precisar\u00e1 lavar, e se o tempo n\u00e3o colaborar, sentir\u00e1 falta de uma segunda.<\/p>\n<p>E \u00e9 isso.\u00a0Agasalhos, jaquetas e roupas para o dia-a-dia n\u00e3o preciso perder tempo explicando, n\u00e3o \u00e9? rs.<\/p>\n<p><img loading=\"lazy\" decoding=\"async\" class=\"alignnone size-full wp-image-9398\" src=\"https:\/\/queromochilar.com.br\/wp-content\/uploads\/2018\/12\/Como-planejar-viagem-para-patagonia-roupa.jpg\" alt=\"\" width=\"700\" height=\"675\"><\/p>\n<p><strong><em>Foto: Minhas roupas que comprei na Decathon \u2013 Segunda pele (cal\u00e7a e camisetas), fleece e jaqueta corta vento e imperme\u00e1vel.<\/em><\/strong><\/p>\n<p><strong>Onde encontrar estas roupas??<\/strong><\/p>\n<p>Voc\u00ea encontra estas roupas (pelo menos foi onde comprei as minhas) em lojas como: Decathlon e Alta Montanha.<\/p>\n<p>Existem tamb\u00e9m outras lojas especializadas como: Half Dome, Mundo Terra e P\u00e9 na Trilha.<\/p>\n<p>Aprendi, que usando as 3 camadas, podemos caminhra no vento e na chuva, que n\u00e3o sentimos frio,corrigindo: n\u00e3o sentimos tanto frio\u2026 rs. Quando bem vestidos o frio n\u00e3o entra, nosso calor nos mant\u00e9m aquecidos.<\/p>\n<p>Outra coisa que estava esquecendo: N\u00e3o cheguei a usar pois minha vestimenta segurava o frio e umidade, mas muitas pessoas indicam levar\u00a0<strong>capa de chuvas<\/strong>: uma op\u00e7\u00e3o se n\u00e3o for investir em roupas imperme\u00e1veis e for pegar muita chuvas.<\/p>\n<p><strong>3.6- Prote\u00e7\u00e3o para as pernas.<\/strong><\/p>\n<ul>\n<li>Cal\u00e7a imperme\u00e1vel ou para trekking: Penso que uma imperme\u00e1vel, e uma de trekking que j\u00e1 \u00e9 semi imperme\u00e1vel \u00e9 suficiente para 20 dias.<\/li>\n<li>Segunda pele: Comprei somente uma segunda pele para usar por baixo da cal\u00e7a e arrependi. Podia ter levado tr\u00eas, para 20 dias, pois elas fazem muita diferen\u00e7a, e s\u00f3 uma, ficou dif\u00edcil de escolher o dia para lavar. Podemos us\u00e1-las at\u00e9 para sair com cal\u00e7as jeans, elas s\u00e3o show e nos mantem bem quentes.<\/li>\n<\/ul>\n<h3><span class=\"ez-toc-section\" id=\"Quinta_coisa_a_se_pensar_Qual_moeda_levar\"><\/span>Quinta coisa a se pensar: Qual moeda levar?<span class=\"ez-toc-section-end\"><\/span><\/h3>\n<p><strong>Primeira regra:<\/strong>\u00a0nunca, jamais em hip\u00f3tese alguma compre pesos argentinos ou chilenos no Brasil. No Brasil, s\u00f3 compramos d\u00f3lar, ok? Grave isso, pois aprendi isso errando e pesquisando tardiamente, e chorei muito quando vi o tanto que perdi\u2026 rs.<\/p>\n<p><img loading=\"lazy\" decoding=\"async\" class=\"alignnone wp-image-9396\" src=\"https:\/\/queromochilar.com.br\/wp-content\/uploads\/2018\/12\/Como-planejar-viagem-para-patagonia-Pesos-chilenos.jpg\" alt=\"\" width=\"364\" height=\"242\">\u00a0 \u00a0 \u00a0<img loading=\"lazy\" decoding=\"async\" class=\"alignnone wp-image-9395\" src=\"https:\/\/queromochilar.com.br\/wp-content\/uploads\/2018\/12\/Como-planejar-viagem-para-patagonia-pesos-argentinos.jpg\" alt=\"\" width=\"307\" height=\"245\"><\/p>\n<p><em><strong>Fotos: Na ordem: pesos chilenos e pesos argentinos.<\/strong><\/em><\/p>\n<p>Principalmente na Argentina, levar reais \u00e9 super de boa, e encontrei v\u00e1rias convers\u00f5es melhores ainda para d\u00f3lar. Observei que em algumas vezes valia a pena comprar d\u00f3lar no Brasil e levar para trocar l\u00e1, por isso recomendo viajar com as duas moedas: Real e D\u00f3lar.<\/p>\n<p>O bom de levar dinheiro\u2026<\/p>\n<p>Na Patag\u00f4nia, quando voc\u00ea faz pagamentos em dinheiro vivo (efectivo) eles d\u00e3o super descontos, que chegam a at\u00e9 10%.<\/p>\n<p><strong>Outra dica importante:<\/strong>\u00a0Evite trocar em casas de c\u00e2mbio, saia para almo\u00e7ar e jantar, e pergunte quanto est\u00e1 a convers\u00e3o. Sempre s\u00e3o melhores que as casas de c\u00e2mbio. Voc\u00ea paga a conta em d\u00f3lar ou reais e pega o troco em pesos.<\/p>\n<p>Lembre-se de sempre estar com uma boa quantia em moeda local, nunca fique sem ela, pois principalmente parques nacionais n\u00e3o aceitam outras moedas para pagamento.<\/p>\n<p>A\u00ed voc\u00ea pensa, s\u00f3 isso sobre dinheiro? Quanto gasta uma viagem desta?<\/p>\n<p>Calma, estou escrevendo um post detalhadinho sobre gastos por l\u00e1 e vou publicar em breve quando ficou o custo total desta viagem e em cada cidade.<\/p>\n<h2><span class=\"ez-toc-section\" id=\"OUTRAS_DICAS_EXTRAS_NADA_A_VER_MAS_QUE_AJUDARAO_VOCE%E2%80%A6\"><\/span><strong>OUTRAS DICAS EXTRAS NADA A VER, MAS QUE AJUDAR\u00c3O VOC\u00ca\u2026<\/strong><span class=\"ez-toc-section-end\"><\/span><\/h2>\n<p>O que aconteceu l\u00e1 comigo que pode ser um alerta pra voc\u00ea:<\/p>\n<ul>\n<li><strong>Celular:<\/strong>\u00a0N\u00e3o conte somente com seu celular para fotografar. Lugares frio consomem mais a bateria, e que quando n\u00e3o acaba r\u00e1pido, seu celular desliga sozinho e leva um tempo para ressuscitar. Tenha sempre um plano B para registrar aquele momento e n\u00e3o ficar sem fotos.<\/li>\n<li><strong>Farm\u00e1cia:<\/strong>\u00a0Sempre quando viajo levo comigo o essencial, pois voc\u00ea n\u00e3o sabe como s\u00e3o as regras do pa\u00eds para venda de rem\u00e9dios, levo: anti-inflamat\u00f3rios, antit\u00e9rmicos, analg\u00e9sicos e algumas coristinas, mas para Patag\u00f4nia, principalmente se for para caminhadas, leve relaxante muscular (Dorflex), manteiga de cacau, band-aid (para as bolhas) e levem tamb\u00e9m um hipogl\u00f3s, caso tenha assaduras de tanto bater perna\u2026 eu tive e n\u00e3o tinha\u2026rs.<\/li>\n<\/ul>\n<p><img loading=\"lazy\" decoding=\"async\" class=\"alignnone wp-image-9392 aligncenter\" src=\"https:\/\/queromochilar.com.br\/wp-content\/uploads\/2018\/12\/Como-planejar-viagem-para-patagonia-5.jpg\" alt=\"\" width=\"179\" height=\"238\"><\/p>\n<p><strong>Amigos.. espero ter ajudado voc\u00eas!<\/strong><\/p>\n<p>Logo estarei publicando cada um dos destinos com todas as dicas como: or\u00e7amento, roteiro, percep\u00e7\u00f5es, quanto dias ficar e o que mais estiver procurando, fiquem atentos nas redes socias para n\u00e3o perder as publica\u00e7\u00f5es, ou escrevam na newsletter do blog nas caixinhas ao lado.<\/p>\n<p><strong>LEIA TAMB\u00c9M:<\/strong><\/p>\n<ul>\n<li><strong><a href=\"https:\/\/queromochilar.com.br\/destination\/viagem-pela-patagonia\/\" target=\"_blank\" rel=\"noopener\">QUANTO CUSTA UMA VIAGEM PELA PATAG\u00d4NIA?<\/a><\/strong><\/li>\n<li><a href=\"https:\/\/queromochilar.com.br\/categoria\/argentina\/\" target=\"_blank\" rel=\"noopener\"><strong>ROTEIROS NA ARGENTINA.<\/strong><\/a><\/li>\n<li><a href=\"https:\/\/queromochilar.com.br\/categoria\/chile\/\" target=\"_blank\" rel=\"noopener\"><strong>ROTEIROS CHILE.<\/strong><\/a><\/li>\n<\/ul>\n","protected":false},"excerpt":{"rendered":"<p>Ahhh Patag\u00f4nia! Ainda estou saudoso, mesmo acabando de voltar de l\u00e1, e antes de come\u00e7ar a falar dos roteiros no blog, quero ajudar os pr\u00f3ximos viajantes a planejar sua viagem atrav\u00e9s da minha experi\u00eancia -que foi \u00f3tima- mas como em toda viagem independente teve erros e acertos, e compartilh\u00e1-los pode ser de grande valor para [&hellip;]<\/p>\n","protected":false},"author":969,"featured_media":42177,"comment_status":"open","ping_status":"closed","sticky":false,"template":"","format":"standard","meta":{"googlesitekit_rrm_CAoiELM5mIOjYRN0nfylq3_9r-8:productID":"","_crdt_document":"","_daim_seo_power":"","_daim_enable_ail":"","footnotes":""},"categories":[168],"tags":[],"class_list":["post-42178","post","type-post","status-publish","format-standard","has-post-thumbnail","hentry","category-blog"],"_links":{"self":[{"href":"https:\/\/www.mochileiros.com\/blog\/wp-json\/wp\/v2\/posts\/42178","targetHints":{"allow":["GET"]}}],"collection":[{"href":"https:\/\/www.mochileiros.com\/blog\/wp-json\/wp\/v2\/posts"}],"about":[{"href":"https:\/\/www.mochileiros.com\/blog\/wp-json\/wp\/v2\/types\/post"}],"author":[{"embeddable":true,"href":"https:\/\/www.mochileiros.com\/blog\/wp-json\/wp\/v2\/users\/969"}],"replies":[{"embeddable":true,"href":"https:\/\/www.mochileiros.com\/blog\/wp-json\/wp\/v2\/comments?post=42178"}],"version-history":[{"count":0,"href":"https:\/\/www.mochileiros.com\/blog\/wp-json\/wp\/v2\/posts\/42178\/revisions"}],"wp:featuredmedia":[{"embeddable":true,"href":"https:\/\/www.mochileiros.com\/blog\/wp-json\/wp\/v2\/media\/42177"}],"wp:attachment":[{"href":"https:\/\/www.mochileiros.com\/blog\/wp-json\/wp\/v2\/media?parent=42178"}],"wp:term":[{"taxonomy":"category","embeddable":true,"href":"https:\/\/www.mochileiros.com\/blog\/wp-json\/wp\/v2\/categories?post=42178"},{"taxonomy":"post_tag","embeddable":true,"href":"https:\/\/www.mochileiros.com\/blog\/wp-json\/wp\/v2\/tags?post=42178"}],"curies":[{"name":"wp","href":"https:\/\/api.w.org\/{rel}","templated":true}]}}