{"id":42500,"date":"2019-02-06T18:58:04","date_gmt":"2019-02-06T21:58:04","guid":{"rendered":"https:\/\/www.mochileiros.com\/blog\/?p=42500"},"modified":"2019-02-07T07:42:15","modified_gmt":"2019-02-07T10:42:15","slug":"webserie-voluntariado","status":"publish","type":"post","link":"https:\/\/www.mochileiros.com\/blog\/webserie-voluntariado","title":{"rendered":"Voluntariado \u00e9 tema de webs\u00e9rie feita por viajantes"},"content":{"rendered":"<p>Mais do que mostrar as pr\u00f3prias viv\u00eancias, os brasileiros Rom\u00e1rio Nunes e Lisi Martins e o espanhol Jes\u00fas Figueroa decidiram unir seus conhecimentos (eles s\u00e3o profissionais de marketing e design gr\u00e1fico, jornalismo e fotografia e videomaker, respectivamente) para mostrar como \u00e9 o trabalho volunt\u00e1rio mundo afora sob o olhar dos pr\u00f3prios viajantes que passam por essa experi\u00eancia.<br \/>\nAl\u00e9m da webs\u00e9rie, cujo primeiro cap\u00edtulo voc\u00ea pode conferir mais abaixo, o projeto intitulado &#8216;Traveling as Volunteer&#8217; criar\u00e1 um document\u00e1rio mostrando os desafios, a paix\u00e3o e entusiasmo gerado por projetos que beneficiam pessoas que precisam de uma m\u00e3o amiga. &#8220;Buscamos experi\u00eancias \u00fanicas, aprendizados compartilhados e hist\u00f3rias inesquec\u00edveis&#8221;, comentam no site do projeto.<\/p>\n<div id=\"attachment_42504\" style=\"width: 1010px\" class=\"wp-caption aligncenter\"><img loading=\"lazy\" decoding=\"async\" aria-describedby=\"caption-attachment-42504\" class=\"wp-image-42504 size-full\" src=\"https:\/\/www.mochileiros.com\/blog\/wp-content\/uploads\/2019\/02\/WhatsApp-Image-2019-02-06-at-19.15.20.jpeg\" alt=\"\" width=\"1000\" height=\"400\" srcset=\"https:\/\/www.mochileiros.com\/blog\/wp-content\/uploads\/2019\/02\/WhatsApp-Image-2019-02-06-at-19.15.20.jpeg 1000w, https:\/\/www.mochileiros.com\/blog\/wp-content\/uploads\/2019\/02\/WhatsApp-Image-2019-02-06-at-19.15.20-300x120.jpeg 300w, https:\/\/www.mochileiros.com\/blog\/wp-content\/uploads\/2019\/02\/WhatsApp-Image-2019-02-06-at-19.15.20-1024x410.jpeg 1024w, https:\/\/www.mochileiros.com\/blog\/wp-content\/uploads\/2019\/02\/WhatsApp-Image-2019-02-06-at-19.15.20-768x307.jpeg 768w, https:\/\/www.mochileiros.com\/blog\/wp-content\/uploads\/2019\/02\/WhatsApp-Image-2019-02-06-at-19.15.20-1536x614.jpeg 1536w, https:\/\/www.mochileiros.com\/blog\/wp-content\/uploads\/2019\/02\/WhatsApp-Image-2019-02-06-at-19.15.20-2048x819.jpeg 2048w, https:\/\/www.mochileiros.com\/blog\/wp-content\/uploads\/2019\/02\/WhatsApp-Image-2019-02-06-at-19.15.20-375x150.jpeg 375w, https:\/\/www.mochileiros.com\/blog\/wp-content\/uploads\/2019\/02\/WhatsApp-Image-2019-02-06-at-19.15.20-100x40.jpeg 100w, https:\/\/www.mochileiros.com\/blog\/wp-content\/uploads\/2019\/02\/WhatsApp-Image-2019-02-06-at-19.15.20-875x350.jpeg 875w, https:\/\/www.mochileiros.com\/blog\/wp-content\/uploads\/2019\/02\/WhatsApp-Image-2019-02-06-at-19.15.20-788x315.jpeg 788w, https:\/\/www.mochileiros.com\/blog\/wp-content\/uploads\/2019\/02\/WhatsApp-Image-2019-02-06-at-19.15.20-320x128.jpeg 320w, https:\/\/www.mochileiros.com\/blog\/wp-content\/uploads\/2019\/02\/WhatsApp-Image-2019-02-06-at-19.15.20-640x256.jpeg 640w, https:\/\/www.mochileiros.com\/blog\/wp-content\/uploads\/2019\/02\/WhatsApp-Image-2019-02-06-at-19.15.20-360x144.jpeg 360w, https:\/\/www.mochileiros.com\/blog\/wp-content\/uploads\/2019\/02\/WhatsApp-Image-2019-02-06-at-19.15.20-720x288.jpeg 720w, https:\/\/www.mochileiros.com\/blog\/wp-content\/uploads\/2019\/02\/WhatsApp-Image-2019-02-06-at-19.15.20-800x320.jpeg 800w, https:\/\/www.mochileiros.com\/blog\/wp-content\/uploads\/2019\/02\/WhatsApp-Image-2019-02-06-at-19.15.20-313x125.jpeg 313w\" sizes=\"auto, (max-width: 1000px) 100vw, 1000px\" \/><p id=\"caption-attachment-42504\" class=\"wp-caption-text\">Rom\u00e1rio, Lisi e Jes\u00fas | Fotos: Arquivo pessoal<\/p><\/div>\n<p>Rom\u00e1rio e Jes\u00fas se conheceram numa experi\u00eancia de voluntariado feita atrav\u00e9s do site <span style=\"text-decoration: underline;\"><a href=\"https:\/\/www.mochileiros.com\/blog\/worldpackers-o-que-e\" target=\"_blank\" rel=\"noopener\">Worldpackers<\/a><\/span>. O brasileiro por exemplo, \u00e9 um &#8216;viajante Expert&#8217; da plataforma. J\u00e1 viajou por 10 pa\u00edses entre Am\u00e9ricas do Sul e Central (voluntariando). &#8220;Tenho avalia\u00e7\u00e3o 5 estrelas em todos os hostels e fazendas em que j\u00e1 trabalhei em troca de acomoda\u00e7\u00e3o&#8221;, conta. J\u00e1 Lisi est\u00e1 na Tail\u00e2ndia e tem viajado fazendo trabalhos volunt\u00e1rios h\u00e1 mais de um ano. Ela se juntou ao projeto e os tr\u00eas v\u00e3o se encontrar em Madri, na Espanha (nos pr\u00f3ximos dias) de onde partir\u00e3o rumo aos continentes africano e asi\u00e1tico. Eles acreditam que esta etapa do projeto\/viagem deve durar 1 ano e meio.<br \/>\nVoc\u00ea pode saber mais desta hist\u00f3rias e acompanh\u00e1-los atrav\u00e9s do <span style=\"text-decoration: underline;\"><a href=\"https:\/\/www.travelingasvolunteer.com\/\" target=\"_blank\" rel=\"noopener\">site<\/a><\/span>, <span style=\"text-decoration: underline;\"><a href=\"https:\/\/www.facebook.com\/travelingasvolunteer\/\" target=\"_blank\" rel=\"noopener\">Facebook<\/a><\/span>, <span style=\"text-decoration: underline;\"><a href=\"https:\/\/www.instagram.com\/travelingasvolunteer\/\" target=\"_blank\" rel=\"noopener\">Instagram<\/a><\/span>,\u00a0 e\u00a0<span style=\"text-decoration: underline;\"><a href=\"https:\/\/www.youtube.com\/channel\/UCqEnv3VLKENfEe7Kn9tfdBQ\" target=\"_blank\" rel=\"noopener\">YouTube<\/a><\/span>.<\/p>\n<div id=\"attachment_42505\" style=\"width: 970px\" class=\"wp-caption aligncenter\"><img loading=\"lazy\" decoding=\"async\" aria-describedby=\"caption-attachment-42505\" class=\"wp-image-42505 size-full\" src=\"https:\/\/www.mochileiros.com\/blog\/wp-content\/uploads\/2019\/02\/romariohortaguatemala.jpg\" alt=\"\" width=\"960\" height=\"960\" srcset=\"https:\/\/www.mochileiros.com\/blog\/wp-content\/uploads\/2019\/02\/romariohortaguatemala.jpg 960w, https:\/\/www.mochileiros.com\/blog\/wp-content\/uploads\/2019\/02\/romariohortaguatemala-150x150.jpg 150w, https:\/\/www.mochileiros.com\/blog\/wp-content\/uploads\/2019\/02\/romariohortaguatemala-300x300.jpg 300w, https:\/\/www.mochileiros.com\/blog\/wp-content\/uploads\/2019\/02\/romariohortaguatemala-768x768.jpg 768w, https:\/\/www.mochileiros.com\/blog\/wp-content\/uploads\/2019\/02\/romariohortaguatemala-320x320.jpg 320w, https:\/\/www.mochileiros.com\/blog\/wp-content\/uploads\/2019\/02\/romariohortaguatemala-640x640.jpg 640w, https:\/\/www.mochileiros.com\/blog\/wp-content\/uploads\/2019\/02\/romariohortaguatemala-360x360.jpg 360w, https:\/\/www.mochileiros.com\/blog\/wp-content\/uploads\/2019\/02\/romariohortaguatemala-720x720.jpg 720w, https:\/\/www.mochileiros.com\/blog\/wp-content\/uploads\/2019\/02\/romariohortaguatemala-800x800.jpg 800w, https:\/\/www.mochileiros.com\/blog\/wp-content\/uploads\/2019\/02\/romariohortaguatemala-580x580.jpg 580w, https:\/\/www.mochileiros.com\/blog\/wp-content\/uploads\/2019\/02\/romariohortaguatemala-313x313.jpg 313w\" sizes=\"auto, (max-width: 960px) 100vw, 960px\" \/><p id=\"caption-attachment-42505\" class=\"wp-caption-text\">Rom\u00e1rio numa pausa no trabalho em uma horta em algum ponto da Guatemala | Foto: Arquivo pessoal.<\/p><\/div>\n<div id=\"attachment_42506\" style=\"width: 778px\" class=\"wp-caption aligncenter\"><img loading=\"lazy\" decoding=\"async\" aria-describedby=\"caption-attachment-42506\" class=\"wp-image-42506 size-full\" src=\"https:\/\/www.mochileiros.com\/blog\/wp-content\/uploads\/2019\/02\/lisitailandia.jpg\" alt=\"\" width=\"768\" height=\"960\" srcset=\"https:\/\/www.mochileiros.com\/blog\/wp-content\/uploads\/2019\/02\/lisitailandia.jpg 768w, https:\/\/www.mochileiros.com\/blog\/wp-content\/uploads\/2019\/02\/lisitailandia-240x300.jpg 240w, https:\/\/www.mochileiros.com\/blog\/wp-content\/uploads\/2019\/02\/lisitailandia-320x400.jpg 320w, https:\/\/www.mochileiros.com\/blog\/wp-content\/uploads\/2019\/02\/lisitailandia-640x800.jpg 640w, https:\/\/www.mochileiros.com\/blog\/wp-content\/uploads\/2019\/02\/lisitailandia-360x450.jpg 360w, https:\/\/www.mochileiros.com\/blog\/wp-content\/uploads\/2019\/02\/lisitailandia-720x900.jpg 720w, https:\/\/www.mochileiros.com\/blog\/wp-content\/uploads\/2019\/02\/lisitailandia-313x391.jpg 313w\" sizes=\"auto, (max-width: 768px) 100vw, 768px\" \/><p id=\"caption-attachment-42506\" class=\"wp-caption-text\">Lisi (primeiro plano) e outra viajante a espera de uma carona em algum lugar da Tail\u00e2ndia | Foto: @devalisecomlisi<\/p><\/div>\n<div id=\"attachment_42507\" style=\"width: 550px\" class=\"wp-caption aligncenter\"><img loading=\"lazy\" decoding=\"async\" aria-describedby=\"caption-attachment-42507\" class=\"wp-image-42507\" src=\"https:\/\/www.mochileiros.com\/blog\/wp-content\/uploads\/2019\/02\/WhatsApp-Image-2019-02-06-at-19.30.45.jpeg\" alt=\"\" width=\"540\" height=\"960\" srcset=\"https:\/\/www.mochileiros.com\/blog\/wp-content\/uploads\/2019\/02\/WhatsApp-Image-2019-02-06-at-19.30.45.jpeg 720w, https:\/\/www.mochileiros.com\/blog\/wp-content\/uploads\/2019\/02\/WhatsApp-Image-2019-02-06-at-19.30.45-169x300.jpeg 169w, https:\/\/www.mochileiros.com\/blog\/wp-content\/uploads\/2019\/02\/WhatsApp-Image-2019-02-06-at-19.30.45-576x1024.jpeg 576w, https:\/\/www.mochileiros.com\/blog\/wp-content\/uploads\/2019\/02\/WhatsApp-Image-2019-02-06-at-19.30.45-320x569.jpeg 320w, https:\/\/www.mochileiros.com\/blog\/wp-content\/uploads\/2019\/02\/WhatsApp-Image-2019-02-06-at-19.30.45-640x1138.jpeg 640w, https:\/\/www.mochileiros.com\/blog\/wp-content\/uploads\/2019\/02\/WhatsApp-Image-2019-02-06-at-19.30.45-360x640.jpeg 360w, https:\/\/www.mochileiros.com\/blog\/wp-content\/uploads\/2019\/02\/WhatsApp-Image-2019-02-06-at-19.30.45-313x556.jpeg 313w\" sizes=\"auto, (max-width: 540px) 100vw, 540px\" \/><p id=\"caption-attachment-42507\" class=\"wp-caption-text\">Jes\u00fas registrando algum ponto de Belize | Foto: Arquivo pessoal.<\/p><\/div>\n<h3>Primeiro epis\u00f3dio da webs\u00e9rie:<\/h3>\n<p><iframe loading=\"lazy\" title=\"\u2757\u2757GUATEMALA &amp; BELIZE - 1\u00ba EPIS\u00d3DIO \u2757\u2757 -- #viajerosporelmundo\" width=\"740\" height=\"416\" src=\"https:\/\/www.youtube.com\/embed\/vlDuGouYxbE?feature=oembed\" frameborder=\"0\" allow=\"accelerometer; autoplay; clipboard-write; encrypted-media; gyroscope; picture-in-picture; web-share\" referrerpolicy=\"strict-origin-when-cross-origin\" allowfullscreen><\/iframe><\/p>\n<p>&nbsp;<\/p>\n<h3>Teaser do Traveling as Volunteer:<\/h3>\n<p><iframe loading=\"lazy\" title=\"Traveling as Volunteer - Teaser\" width=\"740\" height=\"416\" src=\"https:\/\/www.youtube.com\/embed\/ZbL-fTTsixw?feature=oembed\" frameborder=\"0\" allow=\"accelerometer; autoplay; clipboard-write; encrypted-media; gyroscope; picture-in-picture; web-share\" referrerpolicy=\"strict-origin-when-cross-origin\" allowfullscreen><\/iframe><\/p>\n","protected":false},"excerpt":{"rendered":"<p>Mais do que mostrar as pr\u00f3prias viv\u00eancias, os brasileiros Rom\u00e1rio Nunes e Lisi Martins e o espanhol Jes\u00fas Figueroa decidiram unir seus conhecimentos (eles s\u00e3o profissionais de marketing e design gr\u00e1fico, jornalismo e fotografia e videomaker, respectivamente) para mostrar como \u00e9 o trabalho volunt\u00e1rio mundo afora sob o olhar dos pr\u00f3prios viajantes que passam por [&hellip;]<\/p>\n","protected":false},"author":55,"featured_media":42504,"comment_status":"open","ping_status":"closed","sticky":false,"template":"","format":"standard","meta":{"googlesitekit_rrm_CAoiELM5mIOjYRN0nfylq3_9r-8:productID":"","_crdt_document":"","_daim_seo_power":"","_daim_enable_ail":"","footnotes":""},"categories":[168],"tags":[2984,1043,2386,2345],"class_list":["post-42500","post","type-post","status-publish","format-standard","has-post-thumbnail","hentry","category-blog","tag-videos-de-viagem","tag-voluntariado","tag-work-exchange","tag-worldpackers"],"_links":{"self":[{"href":"https:\/\/www.mochileiros.com\/blog\/wp-json\/wp\/v2\/posts\/42500","targetHints":{"allow":["GET"]}}],"collection":[{"href":"https:\/\/www.mochileiros.com\/blog\/wp-json\/wp\/v2\/posts"}],"about":[{"href":"https:\/\/www.mochileiros.com\/blog\/wp-json\/wp\/v2\/types\/post"}],"author":[{"embeddable":true,"href":"https:\/\/www.mochileiros.com\/blog\/wp-json\/wp\/v2\/users\/55"}],"replies":[{"embeddable":true,"href":"https:\/\/www.mochileiros.com\/blog\/wp-json\/wp\/v2\/comments?post=42500"}],"version-history":[{"count":0,"href":"https:\/\/www.mochileiros.com\/blog\/wp-json\/wp\/v2\/posts\/42500\/revisions"}],"wp:featuredmedia":[{"embeddable":true,"href":"https:\/\/www.mochileiros.com\/blog\/wp-json\/wp\/v2\/media\/42504"}],"wp:attachment":[{"href":"https:\/\/www.mochileiros.com\/blog\/wp-json\/wp\/v2\/media?parent=42500"}],"wp:term":[{"taxonomy":"category","embeddable":true,"href":"https:\/\/www.mochileiros.com\/blog\/wp-json\/wp\/v2\/categories?post=42500"},{"taxonomy":"post_tag","embeddable":true,"href":"https:\/\/www.mochileiros.com\/blog\/wp-json\/wp\/v2\/tags?post=42500"}],"curies":[{"name":"wp","href":"https:\/\/api.w.org\/{rel}","templated":true}]}}