{"id":42595,"date":"2019-02-14T15:40:23","date_gmt":"2019-02-14T18:40:23","guid":{"rendered":"https:\/\/www.mochileiros.com\/blog\/?p=42595"},"modified":"2019-02-16T13:14:32","modified_gmt":"2019-02-16T16:14:32","slug":"depois-de-um-sabatico-eles-viraram-nomades-digitais-e-ajudam-executivos-em-novas-jornadas","status":"publish","type":"post","link":"https:\/\/www.mochileiros.com\/blog\/depois-de-um-sabatico-eles-viraram-nomades-digitais-e-ajudam-executivos-em-novas-jornadas","title":{"rendered":"Depois de um sab\u00e1tico eles viraram n\u00f4mades digitais e ajudam executivos em novas jornadas"},"content":{"rendered":"<p>H\u00e1 7 anos, Fl\u00e1via Tavernari e C\u00edcero Andrade pediram demiss\u00e3o de seus &#8220;excelentes empregos no Brasil&#8221; para tirar um ano sab\u00e1tico tendo como base Dublin, na Irlanda. Al\u00e9m de viajarem muito, fizeram trabalhos volunt\u00e1rios, investiram numa p\u00f3s gradua\u00e7\u00e3o e depois disso acabaram se recolocando no mercado no exterior.<br \/>\nApesar da carreira bem sucedida no Brasil eles que tinham uma carga hor\u00e1ria de 12 a 14 horas por dia, se dividiam entre viagens, compromissos da empresa e vida pessoal. At\u00e9 que Cicero foi duas vezes para o hospital com suspeita de infarto, \u00e1pice de sua <span style=\"text-decoration: underline;\"><a href=\"http:\/\/portalms.saude.gov.br\/saude-de-a-z\/saude-mental\/sindrome-de-burnout\" target=\"_blank\" rel=\"noopener\">S\u00edndrome de Burnout<\/a><\/span>. Neste momento se deram conta que algo estava errado e come\u00e7aram a planejar minuciosamente aquele ano que mudaria suas vidas.<br \/>\nHoje o casal ajuda &#8220;executivos insatisfeitos a planejarem seus novos caminhos e realizarem seus sonhos&#8221; atrav\u00e9s do que chamam de &#8220;consultoria em Estrat\u00e9gias de Grandes Mudan\u00e7as&#8221;. O trabalho \u00e9 desenvolvido para pessoas que queiram gerar movimentos nas suas vidas profissional e ou pessoal. Para isso criaram em 2016 uma empresa a &#8220;O Sab\u00e1tico&#8221;, com sede em Dublin.<br \/>\nFl\u00e1via e C\u00edcero escolheram Malta para o &#8220;test drive&#8221; da vida n\u00f4made. <span style=\"text-decoration: underline;\"><a href=\"http:\/\/osabatico.com\/enlouquecemos-viramos-nomade-digital\/\" target=\"_blank\" rel=\"noopener\">Aqui<\/a><\/span> eles contam um pouco dessa experi\u00eancia.<br \/>\nMais sobre a hist\u00f3ria e o trabalho de consultoria deles pode ser conferido no <span style=\"text-decoration: underline;\"><a href=\"http:\/\/osabatico.com\/\" target=\"_blank\" rel=\"noopener\">site<\/a><\/span>, <span style=\"text-decoration: underline;\"><a href=\"https:\/\/www.facebook.com\/osabatico\" target=\"_blank\" rel=\"noopener\">Facebook<\/a><\/span>, <span style=\"text-decoration: underline;\"><a href=\"https:\/\/www.instagram.com\/osabatico\/\" target=\"_blank\" rel=\"noopener\">Instagram<\/a><\/span> e <span style=\"text-decoration: underline;\"><a href=\"https:\/\/www.youtube.com\/osabatico\" target=\"_blank\" rel=\"noopener\">YouTube<\/a><\/span>.<\/p>\n<div id=\"attachment_42622\" style=\"width: 1010px\" class=\"wp-caption aligncenter\"><img loading=\"lazy\" decoding=\"async\" aria-describedby=\"caption-attachment-42622\" class=\"wp-image-42622 size-full\" src=\"https:\/\/www.mochileiros.com\/blog\/wp-content\/uploads\/2019\/02\/osabatico01.jpg\" alt=\"\" width=\"1000\" height=\"563\" srcset=\"https:\/\/www.mochileiros.com\/blog\/wp-content\/uploads\/2019\/02\/osabatico01.jpg 1000w, https:\/\/www.mochileiros.com\/blog\/wp-content\/uploads\/2019\/02\/osabatico01-300x169.jpg 300w, https:\/\/www.mochileiros.com\/blog\/wp-content\/uploads\/2019\/02\/osabatico01-1024x577.jpg 1024w, https:\/\/www.mochileiros.com\/blog\/wp-content\/uploads\/2019\/02\/osabatico01-767x432.jpg 767w, https:\/\/www.mochileiros.com\/blog\/wp-content\/uploads\/2019\/02\/osabatico01-1536x865.jpg 1536w, https:\/\/www.mochileiros.com\/blog\/wp-content\/uploads\/2019\/02\/osabatico01-2048x1153.jpg 2048w, https:\/\/www.mochileiros.com\/blog\/wp-content\/uploads\/2019\/02\/osabatico01-266x150.jpg 266w, https:\/\/www.mochileiros.com\/blog\/wp-content\/uploads\/2019\/02\/osabatico01-100x56.jpg 100w, https:\/\/www.mochileiros.com\/blog\/wp-content\/uploads\/2019\/02\/osabatico01-622x350.jpg 622w, https:\/\/www.mochileiros.com\/blog\/wp-content\/uploads\/2019\/02\/osabatico01-788x443.jpg 788w, https:\/\/www.mochileiros.com\/blog\/wp-content\/uploads\/2019\/02\/osabatico01-320x180.jpg 320w, https:\/\/www.mochileiros.com\/blog\/wp-content\/uploads\/2019\/02\/osabatico01-640x360.jpg 640w, https:\/\/www.mochileiros.com\/blog\/wp-content\/uploads\/2019\/02\/osabatico01-360x203.jpg 360w, https:\/\/www.mochileiros.com\/blog\/wp-content\/uploads\/2019\/02\/osabatico01-720x405.jpg 720w, https:\/\/www.mochileiros.com\/blog\/wp-content\/uploads\/2019\/02\/osabatico01-768x432.jpg 768w, https:\/\/www.mochileiros.com\/blog\/wp-content\/uploads\/2019\/02\/osabatico01-800x450.jpg 800w, https:\/\/www.mochileiros.com\/blog\/wp-content\/uploads\/2019\/02\/osabatico01-313x176.jpg 313w\" sizes=\"auto, (max-width: 1000px) 100vw, 1000px\" \/><p id=\"caption-attachment-42622\" class=\"wp-caption-text\">Fl\u00e1via e C\u00edcero s\u00e3o especialistas em estrat\u00e9gias de mudan\u00e7as e carreira | Foto: Divulga\u00e7\u00e3o.<\/p><\/div>\n","protected":false},"excerpt":{"rendered":"<p>H\u00e1 7 anos, Fl\u00e1via Tavernari e C\u00edcero Andrade pediram demiss\u00e3o de seus &#8220;excelentes empregos no Brasil&#8221; para tirar um ano sab\u00e1tico tendo como base Dublin, na Irlanda. Al\u00e9m de viajarem muito, fizeram trabalhos volunt\u00e1rios, investiram numa p\u00f3s gradua\u00e7\u00e3o e depois disso acabaram se recolocando no mercado no exterior. Apesar da carreira bem sucedida no Brasil [&hellip;]<\/p>\n","protected":false},"author":55,"featured_media":42622,"comment_status":"open","ping_status":"closed","sticky":false,"template":"","format":"standard","meta":{"googlesitekit_rrm_CAoiELM5mIOjYRN0nfylq3_9r-8:productID":"","_crdt_document":"","_daim_seo_power":"","_daim_enable_ail":"","footnotes":""},"categories":[168],"tags":[],"class_list":["post-42595","post","type-post","status-publish","format-standard","has-post-thumbnail","hentry","category-blog"],"_links":{"self":[{"href":"https:\/\/www.mochileiros.com\/blog\/wp-json\/wp\/v2\/posts\/42595","targetHints":{"allow":["GET"]}}],"collection":[{"href":"https:\/\/www.mochileiros.com\/blog\/wp-json\/wp\/v2\/posts"}],"about":[{"href":"https:\/\/www.mochileiros.com\/blog\/wp-json\/wp\/v2\/types\/post"}],"author":[{"embeddable":true,"href":"https:\/\/www.mochileiros.com\/blog\/wp-json\/wp\/v2\/users\/55"}],"replies":[{"embeddable":true,"href":"https:\/\/www.mochileiros.com\/blog\/wp-json\/wp\/v2\/comments?post=42595"}],"version-history":[{"count":0,"href":"https:\/\/www.mochileiros.com\/blog\/wp-json\/wp\/v2\/posts\/42595\/revisions"}],"wp:featuredmedia":[{"embeddable":true,"href":"https:\/\/www.mochileiros.com\/blog\/wp-json\/wp\/v2\/media\/42622"}],"wp:attachment":[{"href":"https:\/\/www.mochileiros.com\/blog\/wp-json\/wp\/v2\/media?parent=42595"}],"wp:term":[{"taxonomy":"category","embeddable":true,"href":"https:\/\/www.mochileiros.com\/blog\/wp-json\/wp\/v2\/categories?post=42595"},{"taxonomy":"post_tag","embeddable":true,"href":"https:\/\/www.mochileiros.com\/blog\/wp-json\/wp\/v2\/tags?post=42595"}],"curies":[{"name":"wp","href":"https:\/\/api.w.org\/{rel}","templated":true}]}}