{"id":42597,"date":"2019-02-14T16:40:04","date_gmt":"2019-02-14T19:40:04","guid":{"rendered":"https:\/\/www.mochileiros.com\/blog\/?p=42597"},"modified":"2019-02-16T14:06:49","modified_gmt":"2019-02-16T17:06:49","slug":"casal-viajara-pela-america-do-sul-promovendo-meditacao-e-musicoterapia","status":"publish","type":"post","link":"https:\/\/www.mochileiros.com\/blog\/casal-viajara-pela-america-do-sul-promovendo-meditacao-e-musicoterapia","title":{"rendered":"Casal viajar\u00e1 pela Am\u00e9rica do Sul promovendo medita\u00e7\u00e3o e musicoterapia"},"content":{"rendered":"<p>O musicoterapeuta, Marcos Lopes desenvolve h\u00e1 mais de cinco anos um projeto de integra\u00e7\u00e3o entre Musicoterapia e Medita\u00e7\u00e3o que tem alcan\u00e7ado escolas, hospitais, cl\u00ednicas, empresas e unidades do Sesc no Estado de S\u00e3o Paulo. Trata-se do projeto &#8216;Medita\u00e7\u00e3o e M\u00fasica&#8217;.<br \/>\nUnido a esposa, a enfermeira especialista em Sa\u00fade P\u00fablica, Cristiane Lopes, o casal est\u00e1 se dedicando \u00e0 concretiza\u00e7\u00e3o do projeto &#8216;Rota Am\u00e9rica do Sul&#8217; que pretende criar um document\u00e1rio e difundir a musicoterapia e a medita\u00e7\u00e3o e seus benef\u00edcios em diversos pontos do Brasil e Am\u00e9rica do Sul. Eles devem sair de S\u00e3o Paulo rumo a Santa Catarina, Rio Grande do Sul, Uruguai, Argentina e por fim Chile, com um motor home, o &#8216;Holand\u00eas Voador&#8217; levando a experi\u00eancia que t\u00eam aos lugares por onde passarem. &#8220;Hoje j\u00e1 reunimos pessoas em centros culturais, centros comunit\u00e1rios, espa\u00e7os p\u00fablicos, privados, escolas e ruas e promover a\u00e7\u00f5es de sa\u00fade e bem-estar; equil\u00edbrio e concentra\u00e7\u00e3o&#8221;, conta Marcos.<br \/>\nHoje o projeto est\u00e1 em fase de &#8220;capta\u00e7\u00e3o&#8221; (recursos financeiros e estruturais junto a parceiros e apoiadores).<\/p>\n<div id=\"attachment_42630\" style=\"width: 970px\" class=\"wp-caption aligncenter\"><img loading=\"lazy\" decoding=\"async\" aria-describedby=\"caption-attachment-42630\" class=\"wp-image-42630 size-full\" src=\"https:\/\/www.mochileiros.com\/blog\/wp-content\/uploads\/2019\/02\/meditacaoemusica00.jpg\" alt=\"\" width=\"960\" height=\"715\" srcset=\"https:\/\/www.mochileiros.com\/blog\/wp-content\/uploads\/2019\/02\/meditacaoemusica00.jpg 960w, https:\/\/www.mochileiros.com\/blog\/wp-content\/uploads\/2019\/02\/meditacaoemusica00-300x223.jpg 300w, https:\/\/www.mochileiros.com\/blog\/wp-content\/uploads\/2019\/02\/meditacaoemusica00-768x572.jpg 768w, https:\/\/www.mochileiros.com\/blog\/wp-content\/uploads\/2019\/02\/meditacaoemusica00-320x238.jpg 320w, https:\/\/www.mochileiros.com\/blog\/wp-content\/uploads\/2019\/02\/meditacaoemusica00-640x477.jpg 640w, https:\/\/www.mochileiros.com\/blog\/wp-content\/uploads\/2019\/02\/meditacaoemusica00-360x268.jpg 360w, https:\/\/www.mochileiros.com\/blog\/wp-content\/uploads\/2019\/02\/meditacaoemusica00-720x536.jpg 720w, https:\/\/www.mochileiros.com\/blog\/wp-content\/uploads\/2019\/02\/meditacaoemusica00-800x596.jpg 800w, https:\/\/www.mochileiros.com\/blog\/wp-content\/uploads\/2019\/02\/meditacaoemusica00-313x233.jpg 313w\" sizes=\"auto, (max-width: 960px) 100vw, 960px\" \/><p id=\"caption-attachment-42630\" class=\"wp-caption-text\">Trabalho j\u00e1 \u00e9 desenvolvido em cidades do estado de S\u00e3o Paulo e ir\u00e1 adiante com a realiza\u00e7\u00e3o do projeto do casal | Foto: @meditacaoemusica<\/p><\/div>\n<h3>Sobre Musicoterapia e Medita\u00e7\u00e3o<\/h3>\n<p>A musicoterapia melhora a qualidade de vida e atende as necessidades de crian\u00e7as e adultos com defici\u00eancias ou doen\u00e7as. Essa atividade \u00e9 exercida por um profissional legalmente formado em musicoterapia, o musicoterapeuta. E pode ser aplicada para: promover o bem estar, gerenciar o estresse, aliviar a dor, expressar sentimentos, melhorar a mem\u00f3ria, melhorar a comunica\u00e7\u00e3o, promover a reabilita\u00e7\u00e3o f\u00edsica, melhorar a socializa\u00e7\u00e3o, melhorar a qualidade de vida.<\/p>\n<div id=\"attachment_42628\" style=\"width: 970px\" class=\"wp-caption aligncenter\"><img loading=\"lazy\" decoding=\"async\" aria-describedby=\"caption-attachment-42628\" class=\"wp-image-42628 size-full\" src=\"https:\/\/www.mochileiros.com\/blog\/wp-content\/uploads\/2019\/02\/meditacaoemusica03.jpg\" alt=\"\" width=\"960\" height=\"640\" srcset=\"https:\/\/www.mochileiros.com\/blog\/wp-content\/uploads\/2019\/02\/meditacaoemusica03.jpg 960w, https:\/\/www.mochileiros.com\/blog\/wp-content\/uploads\/2019\/02\/meditacaoemusica03-300x200.jpg 300w, https:\/\/www.mochileiros.com\/blog\/wp-content\/uploads\/2019\/02\/meditacaoemusica03-768x512.jpg 768w, https:\/\/www.mochileiros.com\/blog\/wp-content\/uploads\/2019\/02\/meditacaoemusica03-320x213.jpg 320w, https:\/\/www.mochileiros.com\/blog\/wp-content\/uploads\/2019\/02\/meditacaoemusica03-640x427.jpg 640w, https:\/\/www.mochileiros.com\/blog\/wp-content\/uploads\/2019\/02\/meditacaoemusica03-360x240.jpg 360w, https:\/\/www.mochileiros.com\/blog\/wp-content\/uploads\/2019\/02\/meditacaoemusica03-720x480.jpg 720w, https:\/\/www.mochileiros.com\/blog\/wp-content\/uploads\/2019\/02\/meditacaoemusica03-800x533.jpg 800w, https:\/\/www.mochileiros.com\/blog\/wp-content\/uploads\/2019\/02\/meditacaoemusica03-313x209.jpg 313w\" sizes=\"auto, (max-width: 960px) 100vw, 960px\" \/><p id=\"caption-attachment-42628\" class=\"wp-caption-text\">Foto: @meditacaoemusica<\/p><\/div>\n<p>A medita\u00e7\u00e3o \u00e9 uma pr\u00e1tica mental individual milenar, descrita por diferentes culturas tradicionais, que consiste em treinar a focaliza\u00e7\u00e3o da aten\u00e7\u00e3o de modo n\u00e3o anal\u00edtico ou discriminativo, a diminui\u00e7\u00e3o do pensamento repetitivo e a reorienta\u00e7\u00e3o cognitiva, promovendo altera\u00e7\u00f5es favor\u00e1veis no humor e melhora no desempenho cognitivo, al\u00e9m de proporcionar maior integra\u00e7\u00e3o entre mente, corpo e mundo exterior. A medita\u00e7\u00e3o amplia a capacidade de<br \/>\nobserva\u00e7\u00e3o, aten\u00e7\u00e3o, concentra\u00e7\u00e3o e a regula\u00e7\u00e3o do corpo-mente-emo\u00e7\u00f5es; desenvolve habilidades para lidar com os pensamentos e observar os conte\u00fados que emergem \u00e0 consci\u00eancia; facilita o processo de autoconhecimento, autocuidado e autotransforma\u00e7\u00e3o; e aprimora as inter-rela\u00e7\u00f5es \u2013 pessoal, social, ambiental \u2013 incorporando a promo\u00e7\u00e3o da sa\u00fade \u00e0 sua efici\u00eancia. Atualmente praticada por mais de 6 milh\u00f5es de pessoas no mundo.<\/p>\n<div id=\"attachment_42629\" style=\"width: 970px\" class=\"wp-caption aligncenter\"><img loading=\"lazy\" decoding=\"async\" aria-describedby=\"caption-attachment-42629\" class=\"wp-image-42629 size-full\" src=\"https:\/\/www.mochileiros.com\/blog\/wp-content\/uploads\/2019\/02\/meditacaoemusica04.jpg\" alt=\"\" width=\"960\" height=\"640\" srcset=\"https:\/\/www.mochileiros.com\/blog\/wp-content\/uploads\/2019\/02\/meditacaoemusica04.jpg 960w, https:\/\/www.mochileiros.com\/blog\/wp-content\/uploads\/2019\/02\/meditacaoemusica04-300x200.jpg 300w, https:\/\/www.mochileiros.com\/blog\/wp-content\/uploads\/2019\/02\/meditacaoemusica04-768x512.jpg 768w, https:\/\/www.mochileiros.com\/blog\/wp-content\/uploads\/2019\/02\/meditacaoemusica04-320x213.jpg 320w, https:\/\/www.mochileiros.com\/blog\/wp-content\/uploads\/2019\/02\/meditacaoemusica04-640x427.jpg 640w, https:\/\/www.mochileiros.com\/blog\/wp-content\/uploads\/2019\/02\/meditacaoemusica04-360x240.jpg 360w, https:\/\/www.mochileiros.com\/blog\/wp-content\/uploads\/2019\/02\/meditacaoemusica04-720x480.jpg 720w, https:\/\/www.mochileiros.com\/blog\/wp-content\/uploads\/2019\/02\/meditacaoemusica04-800x533.jpg 800w, https:\/\/www.mochileiros.com\/blog\/wp-content\/uploads\/2019\/02\/meditacaoemusica04-313x209.jpg 313w\" sizes=\"auto, (max-width: 960px) 100vw, 960px\" \/><p id=\"caption-attachment-42629\" class=\"wp-caption-text\">Foto: @meditacaoemusica<\/p><\/div>\n<p>Voc\u00ea pode saber conhecer mais sobre o trabalho j\u00e1 desenvolvido, sobre o projeto e ou saber como ajudar acessando o <span style=\"text-decoration: underline;\"><a href=\"https:\/\/meditacaoemusica.com.br\/\" target=\"_blank\" rel=\"noopener\">site<\/a><\/span>, <span style=\"text-decoration: underline;\"><a href=\"https:\/\/www.facebook.com\/meditacaoemusica\/\" target=\"_blank\" rel=\"noopener\">Facebook<\/a><\/span> e <span style=\"text-decoration: underline;\"><a href=\"https:\/\/www.instagram.com\/meditacaoemusica\/\" target=\"_blank\" rel=\"noopener\">Instagram<\/a><\/span> do &#8216;Medita\u00e7\u00e3o e M\u00fasica&#8217;.<\/p>\n<h3>Sobre os autores do projeto<\/h3>\n<p><strong>Marcos Lopes &#8211;<\/strong>\u00a0Musicoterapeuta (FMU), facilitador de c\u00edrculo de tambores comunit\u00e1rio (Rtbrasil), professor de m\u00fasica do curso t\u00e9cnico no conservat\u00f3rio Beethoven, Facilitador em Medita\u00e7\u00e3o na Sa\u00fade (Unifesp), Produtor Cultural e Art\u00edstico (Senac), Administra\u00e7\u00e3o de Conflitos (Senac), Conselheiro e Lideran\u00e7a Comunit\u00e1ria (Senad); ministra palestras e oficinas em institui\u00e7\u00f5es de ensino, culturais, semin\u00e1rios e empresariais.<\/p>\n<div id=\"attachment_42631\" style=\"width: 970px\" class=\"wp-caption alignnone\"><a href=\"https:\/\/www.mochileiros.com\/blog\/casal-viajara-pela-america-do-sul-promovendo-meditacao-e-musicoterapia\/meditacaoemusica05#main\" rel=\"attachment wp-att-42631\"><img loading=\"lazy\" decoding=\"async\" aria-describedby=\"caption-attachment-42631\" class=\"size-full wp-image-42631\" src=\"https:\/\/www.mochileiros.com\/blog\/wp-content\/uploads\/2019\/02\/meditacaoemusica05.jpg\" alt=\"\" width=\"960\" height=\"632\" srcset=\"https:\/\/www.mochileiros.com\/blog\/wp-content\/uploads\/2019\/02\/meditacaoemusica05.jpg 960w, https:\/\/www.mochileiros.com\/blog\/wp-content\/uploads\/2019\/02\/meditacaoemusica05-300x198.jpg 300w, https:\/\/www.mochileiros.com\/blog\/wp-content\/uploads\/2019\/02\/meditacaoemusica05-768x506.jpg 768w, https:\/\/www.mochileiros.com\/blog\/wp-content\/uploads\/2019\/02\/meditacaoemusica05-320x211.jpg 320w, https:\/\/www.mochileiros.com\/blog\/wp-content\/uploads\/2019\/02\/meditacaoemusica05-640x421.jpg 640w, https:\/\/www.mochileiros.com\/blog\/wp-content\/uploads\/2019\/02\/meditacaoemusica05-360x237.jpg 360w, https:\/\/www.mochileiros.com\/blog\/wp-content\/uploads\/2019\/02\/meditacaoemusica05-720x474.jpg 720w, https:\/\/www.mochileiros.com\/blog\/wp-content\/uploads\/2019\/02\/meditacaoemusica05-800x527.jpg 800w, https:\/\/www.mochileiros.com\/blog\/wp-content\/uploads\/2019\/02\/meditacaoemusica05-313x206.jpg 313w\" sizes=\"auto, (max-width: 960px) 100vw, 960px\" \/><\/a><p id=\"caption-attachment-42631\" class=\"wp-caption-text\">Marcos Lopes | Foto: @meditacaoemusica<\/p><\/div>\n<p><strong>Cristiane Lopes &#8211;<\/strong> Enfermeira especialista em Sa\u00fade P\u00fablica, Docente na \u00e1rea da Sa\u00fade, Enfermagem do Trabalho, Pronto Socorro e Terapia Intensiva. Apoiadora do projeto Medita\u00e7\u00e3o e M\u00fasica. Acredita no Amor como o \u00fanico caminho para o cora\u00e7\u00e3o.<\/p>\n<p><em>Texto: Marcos Lopes e Reda\u00e7\u00e3o.<br \/>\nA foto (da home e) que traz at\u00e9 este post \u00e9 de Dingzeyu Li\/Unsplash.<br \/>\n<\/em><\/p>\n","protected":false},"excerpt":{"rendered":"<p>O musicoterapeuta, Marcos Lopes desenvolve h\u00e1 mais de cinco anos um projeto de integra\u00e7\u00e3o entre Musicoterapia e Medita\u00e7\u00e3o que tem alcan\u00e7ado escolas, hospitais, cl\u00ednicas, empresas e unidades do Sesc no Estado de S\u00e3o Paulo. Trata-se do projeto &#8216;Medita\u00e7\u00e3o e M\u00fasica&#8217;. Unido a esposa, a enfermeira especialista em Sa\u00fade P\u00fablica, Cristiane Lopes, o casal est\u00e1 se [&hellip;]<\/p>\n","protected":false},"author":55,"featured_media":42632,"comment_status":"open","ping_status":"closed","sticky":false,"template":"","format":"standard","meta":{"googlesitekit_rrm_CAoiELM5mIOjYRN0nfylq3_9r-8:productID":"","_crdt_document":"","_daim_seo_power":"","_daim_enable_ail":"","footnotes":""},"categories":[168],"tags":[],"class_list":["post-42597","post","type-post","status-publish","format-standard","has-post-thumbnail","hentry","category-blog"],"_links":{"self":[{"href":"https:\/\/www.mochileiros.com\/blog\/wp-json\/wp\/v2\/posts\/42597","targetHints":{"allow":["GET"]}}],"collection":[{"href":"https:\/\/www.mochileiros.com\/blog\/wp-json\/wp\/v2\/posts"}],"about":[{"href":"https:\/\/www.mochileiros.com\/blog\/wp-json\/wp\/v2\/types\/post"}],"author":[{"embeddable":true,"href":"https:\/\/www.mochileiros.com\/blog\/wp-json\/wp\/v2\/users\/55"}],"replies":[{"embeddable":true,"href":"https:\/\/www.mochileiros.com\/blog\/wp-json\/wp\/v2\/comments?post=42597"}],"version-history":[{"count":0,"href":"https:\/\/www.mochileiros.com\/blog\/wp-json\/wp\/v2\/posts\/42597\/revisions"}],"wp:featuredmedia":[{"embeddable":true,"href":"https:\/\/www.mochileiros.com\/blog\/wp-json\/wp\/v2\/media\/42632"}],"wp:attachment":[{"href":"https:\/\/www.mochileiros.com\/blog\/wp-json\/wp\/v2\/media?parent=42597"}],"wp:term":[{"taxonomy":"category","embeddable":true,"href":"https:\/\/www.mochileiros.com\/blog\/wp-json\/wp\/v2\/categories?post=42597"},{"taxonomy":"post_tag","embeddable":true,"href":"https:\/\/www.mochileiros.com\/blog\/wp-json\/wp\/v2\/tags?post=42597"}],"curies":[{"name":"wp","href":"https:\/\/api.w.org\/{rel}","templated":true}]}}