{"id":42903,"date":"2019-03-13T15:57:20","date_gmt":"2019-03-13T18:57:20","guid":{"rendered":"https:\/\/www.mochileiros.com\/blog\/?p=42903"},"modified":"2019-12-12T04:43:02","modified_gmt":"2019-12-12T07:43:02","slug":"ela-transformou-uma-fiorino-em-um-mini-motorhome-para-viajar-o-mundo","status":"publish","type":"post","link":"https:\/\/www.mochileiros.com\/blog\/ela-transformou-uma-fiorino-em-um-mini-motorhome-para-viajar-o-mundo","title":{"rendered":"Ela transformou uma Fiorino em motorhome e segue rumo ao Alasca"},"content":{"rendered":"<p>A fot\u00f3grafa e escaladora Camila Caggiano, 42 construiu sozinha um mini motorhome numa Fiorino na qual mora e viaja pelo mundo. A primeira aventura com a Safira, nome que deu ao carro, foi de S\u00e3o Paulo (SP) \u00e0 Ushuaia, extremo sul da Argentina. Foram cerca de 15.000Km rodados. (Confira o v\u00eddeo de um mini tour pelo motorhome ao final do post).<\/p>\n<p>Certamente foram muitos cen\u00e1rios e situa\u00e7\u00f5es inesquec\u00edveis, experi\u00eancias \u00fanicas e enriquecedoras, de passar a noite de Natal sozinha \u00e0 beira de um lago ao simples fazer uma fogueira para se aquecer do frio do Ushuaia (tendo a sorte de ter encontrado uma pessoa na estrada que lhe deu um isqueiro), viv\u00eancias que se transformaram em um document\u00e1rio ( Trailer no final do post).<\/p>\n<p>Camila \u00e9 fot\u00f3grafa experiente &#8211; come\u00e7ou na carreira h\u00e1 mais de 20 anos no maior est\u00fadio da Am\u00e9rica Latina, o extinto Est\u00fadio Abril &#8211; mas pesar da experi\u00eancia em fotografia e cinema, seu conhecimento se limita a capta\u00e7\u00e3o de imagens, portanto a finaliza\u00e7\u00e3o do filme precisou ser terceirizada. Parte deste trabalho foi feita com ajuda de financiamento coletivo.<\/p>\n<div id=\"attachment_42905\" style=\"width: 970px\" class=\"wp-caption alignnone\"><img loading=\"lazy\" decoding=\"async\" aria-describedby=\"caption-attachment-42905\" class=\"wp-image-42905 size-full\" src=\"https:\/\/www.mochileiros.com\/blog\/wp-content\/uploads\/2019\/03\/sobasestrelas00.jpg\" alt=\"\" width=\"960\" height=\"638\" srcset=\"https:\/\/www.mochileiros.com\/blog\/wp-content\/uploads\/2019\/03\/sobasestrelas00.jpg 960w, https:\/\/www.mochileiros.com\/blog\/wp-content\/uploads\/2019\/03\/sobasestrelas00-300x199.jpg 300w, https:\/\/www.mochileiros.com\/blog\/wp-content\/uploads\/2019\/03\/sobasestrelas00-768x510.jpg 768w, https:\/\/www.mochileiros.com\/blog\/wp-content\/uploads\/2019\/03\/sobasestrelas00-320x213.jpg 320w, https:\/\/www.mochileiros.com\/blog\/wp-content\/uploads\/2019\/03\/sobasestrelas00-640x425.jpg 640w, https:\/\/www.mochileiros.com\/blog\/wp-content\/uploads\/2019\/03\/sobasestrelas00-360x239.jpg 360w, https:\/\/www.mochileiros.com\/blog\/wp-content\/uploads\/2019\/03\/sobasestrelas00-720x479.jpg 720w, https:\/\/www.mochileiros.com\/blog\/wp-content\/uploads\/2019\/03\/sobasestrelas00-800x532.jpg 800w, https:\/\/www.mochileiros.com\/blog\/wp-content\/uploads\/2019\/03\/sobasestrelas00-313x208.jpg 313w\" sizes=\"auto, (max-width: 960px) 100vw, 960px\" \/><p id=\"caption-attachment-42905\" class=\"wp-caption-text\">Camila e Safira em algum ponto da viagem | Foto: Camila Caggiano\/Sob as estrelas.<\/p><\/div>\n<div id=\"attachment_42906\" style=\"width: 970px\" class=\"wp-caption alignnone\"><img loading=\"lazy\" decoding=\"async\" aria-describedby=\"caption-attachment-42906\" class=\"wp-image-42906 size-full\" src=\"https:\/\/www.mochileiros.com\/blog\/wp-content\/uploads\/2019\/03\/sobasestrelas04.jpg\" alt=\"\" width=\"960\" height=\"638\" srcset=\"https:\/\/www.mochileiros.com\/blog\/wp-content\/uploads\/2019\/03\/sobasestrelas04.jpg 960w, https:\/\/www.mochileiros.com\/blog\/wp-content\/uploads\/2019\/03\/sobasestrelas04-300x199.jpg 300w, https:\/\/www.mochileiros.com\/blog\/wp-content\/uploads\/2019\/03\/sobasestrelas04-1024x681.jpg 1024w, https:\/\/www.mochileiros.com\/blog\/wp-content\/uploads\/2019\/03\/sobasestrelas04-767x510.jpg 767w, https:\/\/www.mochileiros.com\/blog\/wp-content\/uploads\/2019\/03\/sobasestrelas04-1536x1021.jpg 1536w, https:\/\/www.mochileiros.com\/blog\/wp-content\/uploads\/2019\/03\/sobasestrelas04-2048x1361.jpg 2048w, https:\/\/www.mochileiros.com\/blog\/wp-content\/uploads\/2019\/03\/sobasestrelas04-226x150.jpg 226w, https:\/\/www.mochileiros.com\/blog\/wp-content\/uploads\/2019\/03\/sobasestrelas04-100x66.jpg 100w, https:\/\/www.mochileiros.com\/blog\/wp-content\/uploads\/2019\/03\/sobasestrelas04-527x350.jpg 527w, https:\/\/www.mochileiros.com\/blog\/wp-content\/uploads\/2019\/03\/sobasestrelas04-788x523.jpg 788w, https:\/\/www.mochileiros.com\/blog\/wp-content\/uploads\/2019\/03\/sobasestrelas04-320x213.jpg 320w, https:\/\/www.mochileiros.com\/blog\/wp-content\/uploads\/2019\/03\/sobasestrelas04-640x425.jpg 640w, https:\/\/www.mochileiros.com\/blog\/wp-content\/uploads\/2019\/03\/sobasestrelas04-360x239.jpg 360w, https:\/\/www.mochileiros.com\/blog\/wp-content\/uploads\/2019\/03\/sobasestrelas04-720x479.jpg 720w, https:\/\/www.mochileiros.com\/blog\/wp-content\/uploads\/2019\/03\/sobasestrelas04-768x510.jpg 768w, https:\/\/www.mochileiros.com\/blog\/wp-content\/uploads\/2019\/03\/sobasestrelas04-800x532.jpg 800w, https:\/\/www.mochileiros.com\/blog\/wp-content\/uploads\/2019\/03\/sobasestrelas04-313x208.jpg 313w\" sizes=\"auto, (max-width: 960px) 100vw, 960px\" \/><p id=\"caption-attachment-42906\" class=\"wp-caption-text\">Que quintal! | Foto: Camila Caggiano\/Sob as estrelas.<\/p><\/div>\n<div id=\"attachment_42907\" style=\"width: 810px\" class=\"wp-caption alignnone\"><img loading=\"lazy\" decoding=\"async\" aria-describedby=\"caption-attachment-42907\" class=\"wp-image-42907 size-full\" src=\"https:\/\/www.mochileiros.com\/blog\/wp-content\/uploads\/2019\/03\/sobasestrelas01.jpg\" alt=\"\" width=\"800\" height=\"534\" srcset=\"https:\/\/www.mochileiros.com\/blog\/wp-content\/uploads\/2019\/03\/sobasestrelas01.jpg 800w, https:\/\/www.mochileiros.com\/blog\/wp-content\/uploads\/2019\/03\/sobasestrelas01-300x200.jpg 300w, https:\/\/www.mochileiros.com\/blog\/wp-content\/uploads\/2019\/03\/sobasestrelas01-768x513.jpg 768w, https:\/\/www.mochileiros.com\/blog\/wp-content\/uploads\/2019\/03\/sobasestrelas01-320x214.jpg 320w, https:\/\/www.mochileiros.com\/blog\/wp-content\/uploads\/2019\/03\/sobasestrelas01-640x427.jpg 640w, https:\/\/www.mochileiros.com\/blog\/wp-content\/uploads\/2019\/03\/sobasestrelas01-360x240.jpg 360w, https:\/\/www.mochileiros.com\/blog\/wp-content\/uploads\/2019\/03\/sobasestrelas01-720x481.jpg 720w, https:\/\/www.mochileiros.com\/blog\/wp-content\/uploads\/2019\/03\/sobasestrelas01-313x209.jpg 313w\" sizes=\"auto, (max-width: 800px) 100vw, 800px\" \/><p id=\"caption-attachment-42907\" class=\"wp-caption-text\">Camila teve um Natal diferente, sozinha e feliz em realizar o seu sonho | Foto: Camila Caggiano\/Sob as estrelas.<\/p><\/div>\n<h3>Sobre o &#8220;Sob as Estrelas&#8221;<\/h3>\n<p>O filme \u00e9 sobre a &#8220;hist\u00f3ria real de uma mulher que descobre que deixou todos os sonhos de vida na adolesc\u00eancia. Decidida a viv\u00ea-los antes que seja tarde demais, Camila constr\u00f3i com as pr\u00f3prias m\u00e3os um motorhome e parte sozinha rumo \u00e0 Terra do Fogo.<br \/>\nUma jornada de aventuras, sonhos, buscas, desafios e descobertas.<br \/>\nUma caminhada de autoconhecimento por entre estradas e montanhas.<br \/>\nEsse document\u00e1rio \u00e9 um convite para entendermos que uma pessoa comum pode ser livre e que pode ter muito a ensinar, com tanta for\u00e7a quanto um atleta de ponta.&#8221;<\/p>\n<p>Confira o Trailer do filme <strong>Sob as Estrelas<\/strong>:<\/p>\n<p><iframe loading=\"lazy\" title=\"( TRAILER OFICIAL ) Sob as Estrelas - o filme\" width=\"740\" height=\"416\" src=\"https:\/\/www.youtube.com\/embed\/u_Azj1cVOhU?feature=oembed\" frameborder=\"0\" allow=\"accelerometer; autoplay; clipboard-write; encrypted-media; gyroscope; picture-in-picture; web-share\" referrerpolicy=\"strict-origin-when-cross-origin\" allowfullscreen><\/iframe><\/p>\n<p>&nbsp;<\/p>\n<p>Camila neste momento est\u00e1 na estrada, rumo ao Alasca.<\/p>\n<p>Voc\u00ea pode acompanhar a viagem em tempo real\u00a0no <span style=\"text-decoration: underline;\"><a href=\"https:\/\/sobasestrelas.com.br\/\" target=\"_blank\" rel=\"noopener noreferrer\">blog Sob as estrelas<\/a><\/span>, <span style=\"text-decoration: underline;\"><a href=\"https:\/\/www.instagram.com\/sobasestrelas\/\" target=\"_blank\" rel=\"noopener noreferrer\">Instagram<\/a><\/span>, <span style=\"text-decoration: underline;\"><a href=\"https:\/\/www.facebook.com\/sobasestrelas\/\" target=\"_blank\" rel=\"noopener noreferrer\">Facebook<\/a><\/span> e <span style=\"text-decoration: underline;\"><a href=\"https:\/\/www.youtube.com\/channel\/UCf35-xImEEcZMdmOFmLiiZQ\" target=\"_blank\" rel=\"noopener noreferrer\">YouTube<\/a><\/span>.<\/p>\n<p><strong>Confira um &#8216;mini tour&#8217; pela Safira, um Motorhome Fiorino:<\/strong><\/p>\n<p><iframe loading=\"lazy\" title=\"motorhome Fiorino #tour pela Safira\" width=\"740\" height=\"416\" src=\"https:\/\/www.youtube.com\/embed\/v5SG5p_eijc?feature=oembed\" frameborder=\"0\" allow=\"accelerometer; autoplay; clipboard-write; encrypted-media; gyroscope; picture-in-picture; web-share\" referrerpolicy=\"strict-origin-when-cross-origin\" allowfullscreen><\/iframe><\/p>\n","protected":false},"excerpt":{"rendered":"<p>A fot\u00f3grafa e escaladora Camila Caggiano, 42 construiu sozinha um mini motorhome numa Fiorino na qual mora e viaja pelo mundo. A primeira aventura com a Safira, nome que deu ao carro, foi de S\u00e3o Paulo (SP) \u00e0 Ushuaia, extremo sul da Argentina. Foram cerca de 15.000Km rodados. (Confira o v\u00eddeo de um mini tour [&hellip;]<\/p>\n","protected":false},"author":55,"featured_media":42906,"comment_status":"open","ping_status":"closed","sticky":false,"template":"","format":"standard","meta":{"googlesitekit_rrm_CAoiELM5mIOjYRN0nfylq3_9r-8:productID":"","_crdt_document":"","_daim_seo_power":"1000","_daim_enable_ail":"1","footnotes":""},"categories":[168],"tags":[1189,18553,1365],"class_list":["post-42903","post","type-post","status-publish","format-standard","has-post-thumbnail","hentry","category-blog","tag-mochileiras","tag-mulheres","tag-vanlife"],"_links":{"self":[{"href":"https:\/\/www.mochileiros.com\/blog\/wp-json\/wp\/v2\/posts\/42903","targetHints":{"allow":["GET"]}}],"collection":[{"href":"https:\/\/www.mochileiros.com\/blog\/wp-json\/wp\/v2\/posts"}],"about":[{"href":"https:\/\/www.mochileiros.com\/blog\/wp-json\/wp\/v2\/types\/post"}],"author":[{"embeddable":true,"href":"https:\/\/www.mochileiros.com\/blog\/wp-json\/wp\/v2\/users\/55"}],"replies":[{"embeddable":true,"href":"https:\/\/www.mochileiros.com\/blog\/wp-json\/wp\/v2\/comments?post=42903"}],"version-history":[{"count":0,"href":"https:\/\/www.mochileiros.com\/blog\/wp-json\/wp\/v2\/posts\/42903\/revisions"}],"wp:featuredmedia":[{"embeddable":true,"href":"https:\/\/www.mochileiros.com\/blog\/wp-json\/wp\/v2\/media\/42906"}],"wp:attachment":[{"href":"https:\/\/www.mochileiros.com\/blog\/wp-json\/wp\/v2\/media?parent=42903"}],"wp:term":[{"taxonomy":"category","embeddable":true,"href":"https:\/\/www.mochileiros.com\/blog\/wp-json\/wp\/v2\/categories?post=42903"},{"taxonomy":"post_tag","embeddable":true,"href":"https:\/\/www.mochileiros.com\/blog\/wp-json\/wp\/v2\/tags?post=42903"}],"curies":[{"name":"wp","href":"https:\/\/api.w.org\/{rel}","templated":true}]}}