{"id":42948,"date":"2019-03-14T14:45:30","date_gmt":"2019-03-14T17:45:30","guid":{"rendered":"https:\/\/www.mochileiros.com\/blog\/?p=42948"},"modified":"2019-03-28T21:11:33","modified_gmt":"2019-03-29T00:11:33","slug":"mochileiros-agora-tem-canequinho-no-bar-mais-tradicional-de-curitiba","status":"publish","type":"post","link":"https:\/\/www.mochileiros.com\/blog\/mochileiros-agora-tem-canequinho-no-bar-mais-tradicional-de-curitiba","title":{"rendered":"Mochileiros agora tem canequinho no bar mais tradicional de Curitiba"},"content":{"rendered":"<p>A gente pode dizer que quem vai \u00e0 Curitiba e n\u00e3o visita o Bar do Alem\u00e3o n\u00e3o foi \u00e0 Curitiba. Se vai ao bar e n\u00e3o pede um &#8220;Submarino&#8221; n\u00e3o foi ao Bar do Alem\u00e3o. A bebida que nasceu em 1982 \u00e9 uma dose de Steinh\u00e4ger &#8220;submersa&#8221; num caneco de chope Pilsen.<br \/>\nAl\u00e9m do sabor, o Submarino \u00e9 sucesso porque \u00e9 uma maneira de o viajante (ou frequentador) levar um souvenier para casa. E desta vez o bar faz uma homenagem aos mochileiros. Quem chegar por l\u00e1 e pedir um Submarino com o canequinho do Mochileiros.com, vai levar a lembran\u00e7a pra casa.<br \/>\nQuem quiser dividir com a gente o momento, pode publicar fotos nas redes sociais e no <span style=\"text-decoration: underline;\"><a href=\"https:\/\/www.facebook.com\/groups\/mochileiroscom\/\" target=\"_blank\" rel=\"noopener noreferrer\">grupo Mochileiros no Facebook<\/a><\/span> com a hashtag <strong>#MochileirosNoBardoAlem\u00e3o<\/strong><\/p>\n<div id=\"attachment_42949\" style=\"width: 1034px\" class=\"wp-caption alignnone\"><img loading=\"lazy\" decoding=\"async\" aria-describedby=\"caption-attachment-42949\" class=\"wp-image-42949 size-large\" src=\"https:\/\/www.mochileiros.com\/blog\/wp-content\/uploads\/2019\/03\/mochileirosbardoalemao-1024x683.jpg\" alt=\"\" width=\"1024\" height=\"683\"><p id=\"caption-attachment-42949\" class=\"wp-caption-text\">Pedindo um Submarino do Mochileiros.com voc\u00ea leva o canequinho para casa | Foto: Divulga\u00e7\u00e3o\/Bar do Alem\u00e3o.<\/p><\/div>\n<h3>Sobre o Submarino<\/h3>\n<p>Como boas surpresas de viagem, o Submarino nasceu por acaso. No inverno de 1982 um grupo de amigos frequentadores do Bar do Alem\u00e3o que tomava chope costumava tomar uma dose de Steinh\u00e4ger antes, para se aquecer. Em uma das rodadas uma das doses caiu no chope e todos resolveram experimentar, colocando uma dose em cada caneco de chope: nascia ali a bebida que \u00e9 tradi\u00e7\u00e3o do bar e conhecida por turistas do mundo todo.<\/p>\n<div id=\"attachment_42950\" style=\"width: 1034px\" class=\"wp-caption alignnone\"><img loading=\"lazy\" decoding=\"async\" aria-describedby=\"caption-attachment-42950\" class=\"wp-image-42950 size-large\" src=\"https:\/\/www.mochileiros.com\/blog\/wp-content\/uploads\/2019\/03\/mochileirosnobardoalemao-1024x680.jpg\" alt=\"\" width=\"1024\" height=\"680\"><p id=\"caption-attachment-42950\" class=\"wp-caption-text\">O canequinho (com Steinh\u00e4ger) vem &#8220;submerso&#8221; no caneco de chopp Pilsen | Foto: Divulga\u00e7\u00e3o\/Bar do Alem\u00e3o.<\/p><\/div>\n<h3>Sobre o Schwarzwald, o Bar do Alem\u00e3o<\/h3>\n<p>O bar e restaurante completa em 2019, 40 anos (o Mochileiros.com completa 20!). \u00c9 um bar e restaurante localizado no centro hist\u00f3rico da capital paranaense. Com decora\u00e7\u00e3o r\u00fastica, o bar \u00e9 fiel \u00e0s suas origens, recriando a atmosfera das tabernas mais tradicionais da Alemanha \u2013 assim como a cozinha que prepara os pratos da culin\u00e1ria germ\u00e2nica.<br \/>\nAl\u00e9m do Submarino, o bar possui uma carta de cervejas especiais e artesanais.<br \/>\nO Bar do Alem\u00e3o fica no Largo da Ordem, na Rua Dr. Claudino dos Santos, 63. Funciona das 11h \u00e0s 2h. Mais informa\u00e7\u00f5es no <span style=\"text-decoration: underline;\"><a href=\"http:\/\/www.bardoalemaocuritiba.com.br\/\" target=\"_blank\" rel=\"noopener noreferrer\">http:\/\/www.bardoalemaocuritiba.com.br\/<\/a><\/span><\/p>\n<div id=\"attachment_42951\" style=\"width: 1034px\" class=\"wp-caption alignnone\"><img loading=\"lazy\" decoding=\"async\" aria-describedby=\"caption-attachment-42951\" class=\"wp-image-42951 size-large\" src=\"https:\/\/www.mochileiros.com\/blog\/wp-content\/uploads\/2019\/03\/bardoalemaocuritiba-1024x680.jpg\" alt=\"\" width=\"1024\" height=\"680\"><p id=\"caption-attachment-42951\" class=\"wp-caption-text\">Bar tem capacidade para 800 pessoas. Na foto, um dos dias de Copa do Mundo | Foto: Divulga\u00e7\u00e3o\/Bar do Alem\u00e3o.<\/p><\/div>\n<div id=\"attachment_42952\" style=\"width: 1010px\" class=\"wp-caption aligncenter\"><img loading=\"lazy\" decoding=\"async\" aria-describedby=\"caption-attachment-42952\" class=\"wp-image-42952\" src=\"https:\/\/www.mochileiros.com\/blog\/wp-content\/uploads\/2019\/03\/bardoalemaocuritiba02.jpg\" alt=\"\" width=\"1000\" height=\"661\" srcset=\"https:\/\/www.mochileiros.com\/blog\/wp-content\/uploads\/2019\/03\/bardoalemaocuritiba02.jpg 988w, https:\/\/www.mochileiros.com\/blog\/wp-content\/uploads\/2019\/03\/bardoalemaocuritiba02-300x198.jpg 300w, https:\/\/www.mochileiros.com\/blog\/wp-content\/uploads\/2019\/03\/bardoalemaocuritiba02-768x508.jpg 768w, https:\/\/www.mochileiros.com\/blog\/wp-content\/uploads\/2019\/03\/bardoalemaocuritiba02-320x211.jpg 320w, https:\/\/www.mochileiros.com\/blog\/wp-content\/uploads\/2019\/03\/bardoalemaocuritiba02-640x423.jpg 640w, https:\/\/www.mochileiros.com\/blog\/wp-content\/uploads\/2019\/03\/bardoalemaocuritiba02-360x238.jpg 360w, https:\/\/www.mochileiros.com\/blog\/wp-content\/uploads\/2019\/03\/bardoalemaocuritiba02-720x476.jpg 720w, https:\/\/www.mochileiros.com\/blog\/wp-content\/uploads\/2019\/03\/bardoalemaocuritiba02-800x529.jpg 800w, https:\/\/www.mochileiros.com\/blog\/wp-content\/uploads\/2019\/03\/bardoalemaocuritiba02-313x207.jpg 313w\" sizes=\"auto, (max-width: 1000px) 100vw, 1000px\" \/><p id=\"caption-attachment-42952\" class=\"wp-caption-text\">Foto: Divulga\u00e7\u00e3o\/Bar do Alem\u00e3o.<\/p><\/div>\n<div id=\"attachment_42953\" style=\"width: 1010px\" class=\"wp-caption aligncenter\"><img loading=\"lazy\" decoding=\"async\" aria-describedby=\"caption-attachment-42953\" class=\"wp-image-42953\" src=\"https:\/\/www.mochileiros.com\/blog\/wp-content\/uploads\/2019\/03\/bardoalemao03.jpg\" alt=\"\" width=\"1000\" height=\"586\"><p id=\"caption-attachment-42953\" class=\"wp-caption-text\">Na fachada, depois do chopp, inevit\u00e1vel a pausa para a foto | Foto: Divulga\u00e7\u00e3o\/Bar do Alem\u00e3o.<\/p><\/div>\n","protected":false},"excerpt":{"rendered":"<p>A gente pode dizer que quem vai \u00e0 Curitiba e n\u00e3o visita o Bar do Alem\u00e3o n\u00e3o foi \u00e0 Curitiba. Se vai ao bar e n\u00e3o pede um &#8220;Submarino&#8221; n\u00e3o foi ao Bar do Alem\u00e3o. A bebida que nasceu em 1982 \u00e9 uma dose de Steinh\u00e4ger &#8220;submersa&#8221; num caneco de chope Pilsen. Al\u00e9m do sabor, [&hellip;]<\/p>\n","protected":false},"author":55,"featured_media":42949,"comment_status":"open","ping_status":"closed","sticky":false,"template":"","format":"standard","meta":{"googlesitekit_rrm_CAoiELM5mIOjYRN0nfylq3_9r-8:productID":"","_crdt_document":"","_daim_seo_power":"","_daim_enable_ail":"","footnotes":""},"categories":[14],"tags":[1044,31,1723,85],"class_list":["post-42948","post","type-post","status-publish","format-standard","has-post-thumbnail","hentry","category-noticias","tag-bares","tag-cerveja","tag-curitiba","tag-parana"],"_links":{"self":[{"href":"https:\/\/www.mochileiros.com\/blog\/wp-json\/wp\/v2\/posts\/42948","targetHints":{"allow":["GET"]}}],"collection":[{"href":"https:\/\/www.mochileiros.com\/blog\/wp-json\/wp\/v2\/posts"}],"about":[{"href":"https:\/\/www.mochileiros.com\/blog\/wp-json\/wp\/v2\/types\/post"}],"author":[{"embeddable":true,"href":"https:\/\/www.mochileiros.com\/blog\/wp-json\/wp\/v2\/users\/55"}],"replies":[{"embeddable":true,"href":"https:\/\/www.mochileiros.com\/blog\/wp-json\/wp\/v2\/comments?post=42948"}],"version-history":[{"count":0,"href":"https:\/\/www.mochileiros.com\/blog\/wp-json\/wp\/v2\/posts\/42948\/revisions"}],"wp:featuredmedia":[{"embeddable":true,"href":"https:\/\/www.mochileiros.com\/blog\/wp-json\/wp\/v2\/media\/42949"}],"wp:attachment":[{"href":"https:\/\/www.mochileiros.com\/blog\/wp-json\/wp\/v2\/media?parent=42948"}],"wp:term":[{"taxonomy":"category","embeddable":true,"href":"https:\/\/www.mochileiros.com\/blog\/wp-json\/wp\/v2\/categories?post=42948"},{"taxonomy":"post_tag","embeddable":true,"href":"https:\/\/www.mochileiros.com\/blog\/wp-json\/wp\/v2\/tags?post=42948"}],"curies":[{"name":"wp","href":"https:\/\/api.w.org\/{rel}","templated":true}]}}