{"id":43967,"date":"2019-05-09T14:23:55","date_gmt":"2019-05-09T17:23:55","guid":{"rendered":"https:\/\/www.mochileiros.com\/blog\/?p=43967"},"modified":"2019-05-09T14:27:50","modified_gmt":"2019-05-09T17:27:50","slug":"brasileira-foi-passar-ferias-na-tailandia-e-acabou-vivendo-dois-anos-no-pais","status":"publish","type":"post","link":"https:\/\/www.mochileiros.com\/blog\/brasileira-foi-passar-ferias-na-tailandia-e-acabou-vivendo-dois-anos-no-pais","title":{"rendered":"Brasileira foi passar f\u00e9rias na Tail\u00e2ndia e acabou vivendo dois anos no pa\u00eds"},"content":{"rendered":"<p><em>Isa Gama abriu uma ag\u00eancia de turismo na Tail\u00e2ndia como meio de empreender e de se manter no pa\u00eds e retorna ao Brasil contado tudo no livro &#8220;Voc\u00ea ousa sonhar?&#8221; que marca sua estreia como escritora<\/em><\/p>\n<p>\u201cVoc\u00ea ousa sonhar?\u201d. Foi essa a pergunta que Isa Gama, natural de Tr\u00eas Cora\u00e7\u00f5es (MG), se fez quando foi conhecer a Tail\u00e2ndia e, ao se encantar, decidiu ficar de vez. Depois de quase dois anos no pa\u00eds, Gama lan\u00e7a seu primeiro livro, batizado como \u201cVoc\u00ea ousa sonhar?\u201d &#8211; em refer\u00eancia a um v\u00eddeo (abaixo) que a instigou durante essa decis\u00e3o &#8211; com tiragem de 200 exemplares e edi\u00e7\u00e3o independente. Na obra, a mineira narra suas aventuras, entre alegrias e percal\u00e7os, nesse bi\u00eanio e ainda descreve outras experi\u00eancias, como um mochil\u00e3o na Europa.<\/p>\n<p><iframe loading=\"lazy\" title=\"Voc\u00ea ousa sonhar?\" width=\"740\" height=\"416\" src=\"https:\/\/www.youtube.com\/embed\/MVRUPZLMqwU?feature=oembed\" frameborder=\"0\" allow=\"accelerometer; autoplay; clipboard-write; encrypted-media; gyroscope; picture-in-picture; web-share\" referrerpolicy=\"strict-origin-when-cross-origin\" allowfullscreen><\/iframe><\/p>\n<p>Formada em engenharia civil, Isa Gama, que residia em Belo Horizonte, foi passar 20 dias para conhecer o pa\u00eds do sudeste asi\u00e1tico com passagem de ida e volta. Ao aterrissar, foi completamente tomada pela energia tailandesa e decidiu ficar. \u201cQueria ter novas experi\u00eancias, sair da zona de conforto, crescer pessoalmente e profissionalmente. Tinha muitas d\u00favidas sobre quem eu era e o que realmente desejava para minha vida. Como sempre gostei de desafios, embarquei em mais um\u201d, afirma. Essa coragem rendeu bons frutos, entre eles, a primeira publica\u00e7\u00e3o, que pode ser comprada pelo site <span style=\"text-decoration: underline;\"><a href=\"https:\/\/www.engenheirasemfronteiras.com\/livro\" target=\"_blank\" rel=\"noopener noreferrer\">Engenheira Sem Fronteiras<\/a><\/span>.<\/p>\n<div id=\"attachment_43969\" style=\"width: 970px\" class=\"wp-caption aligncenter\"><img loading=\"lazy\" decoding=\"async\" aria-describedby=\"caption-attachment-43969\" class=\"wp-image-43969 size-full\" src=\"https:\/\/www.mochileiros.com\/blog\/wp-content\/uploads\/2019\/05\/IsaGama-Tail\u00e2ndia-koh-Phangan.jpg\" alt=\"\" width=\"960\" height=\"785\" srcset=\"https:\/\/www.mochileiros.com\/blog\/wp-content\/uploads\/2019\/05\/IsaGama-Tail\u00e2ndia-koh-Phangan.jpg 960w, https:\/\/www.mochileiros.com\/blog\/wp-content\/uploads\/2019\/05\/IsaGama-Tail\u00e2ndia-koh-Phangan-300x245.jpg 300w, https:\/\/www.mochileiros.com\/blog\/wp-content\/uploads\/2019\/05\/IsaGama-Tail\u00e2ndia-koh-Phangan-768x628.jpg 768w\" sizes=\"auto, (max-width: 960px) 100vw, 960px\" \/><p id=\"caption-attachment-43969\" class=\"wp-caption-text\">Isa Gama em Koh Phagan &#8211; Tail\u00e2ndia | Foto: @engenheirasemfronteiras<\/p><\/div>\n<p>\u201cVoc\u00ea ousa sonhar?\u201d traz \u00e0 tona a jornada de Isa, que criou uma startup \u201cdo zero\u201d &#8211; a Tours Phi Phi &#8211; como um meio de empreender e se manter no novo destino. \u201cComecei com as ferramentas que eu tinha \u00e0 m\u00e3o: um celular, um caderninho e uma caneta\u201d, conta.<\/p>\n<p>Hoje residente em S\u00e3o Paulo, cidade escolhida ap\u00f3s a temporada asi\u00e1tica, Isa Gama foi uma das palestrantes do\u00a0 <span style=\"text-decoration: underline;\"><a href=\"https:\/\/www.mochileiros.com\/blog\/encontro-reuniu-mulheres-viajantes-de-todo-o-brasil\" target=\"_blank\" rel=\"noopener noreferrer\">\u201cI Encontro Brasileiro de Mulheres Viajantes\u201d, que reuniu quase 600 mulheres em S\u00e3o Paulo.<\/a><\/span><\/p>\n<p>Sobre a virada de jogo, a autora comenta que \u201cuma vontade de mudar radicalmente e completamente de vida\u201d a motivou. O livro \u00e9 tamb\u00e9m uma consolida\u00e7\u00e3o dessa rota que ela tomou como \u201cnorte\u201d e elucida momentos que foram cruciais para elaborar esse novo caminho.<\/p>\n<h3>Sobre o &#8220;Voc\u00ea ousa sonhar?&#8221;:<\/h3>\n<p>Ao longo de 261 p\u00e1ginas, &#8220;Voc\u00ea ousa sonhar?&#8221; mescla as descobertas pelas quais Isa Gama passou com atividades para que o leitor pense na pr\u00f3pria vida. H\u00e1 diversos assuntos em evid\u00eancia, como relacionamentos, autoconhecimento, empreendedorismo, al\u00e9m de algumas p\u00e1ginas extra\u00eddas dos di\u00e1rios que escreveu.<br \/>\nA autora compartilha erros e acertos, os momentos de felicidade extrema vividos e tamb\u00e9m os mais sofridos.<br \/>\nDurante a leitura, \u00e9 poss\u00edvel fazer uma viagem pela mente de Isa e ainda acompanhar experi\u00eancias reais, tais como fugir de um alerta de tsunami, fazer um retiro de medita\u00e7\u00e3o no Myanmar, visitar Auschwitz e morar com um russo no Vietn\u00e3.<\/p>\n<div id=\"attachment_43970\" style=\"width: 955px\" class=\"wp-caption aligncenter\"><img loading=\"lazy\" decoding=\"async\" aria-describedby=\"caption-attachment-43970\" class=\"wp-image-43970 size-full\" src=\"https:\/\/www.mochileiros.com\/blog\/wp-content\/uploads\/2019\/05\/vcousasonhar01.jpg\" alt=\"\" width=\"945\" height=\"695\" srcset=\"https:\/\/www.mochileiros.com\/blog\/wp-content\/uploads\/2019\/05\/vcousasonhar01.jpg 945w, https:\/\/www.mochileiros.com\/blog\/wp-content\/uploads\/2019\/05\/vcousasonhar01-300x221.jpg 300w, https:\/\/www.mochileiros.com\/blog\/wp-content\/uploads\/2019\/05\/vcousasonhar01-768x565.jpg 768w\" sizes=\"auto, (max-width: 945px) 100vw, 945px\" \/><p id=\"caption-attachment-43970\" class=\"wp-caption-text\">Foto: Divulga\u00e7\u00e3o\/@engenheirasemfronteiras.<\/p><\/div>\n<p>&nbsp;<\/p>\n","protected":false},"excerpt":{"rendered":"<p>Isa Gama abriu uma ag\u00eancia de turismo na Tail\u00e2ndia como meio de empreender e de se manter no pa\u00eds e retorna ao Brasil contado tudo no livro &#8220;Voc\u00ea ousa sonhar?&#8221; que marca sua estreia como escritora \u201cVoc\u00ea ousa sonhar?\u201d. Foi essa a pergunta que Isa Gama, natural de Tr\u00eas Cora\u00e7\u00f5es (MG), se fez quando foi [&hellip;]<\/p>\n","protected":false},"author":55,"featured_media":43974,"comment_status":"open","ping_status":"closed","sticky":false,"template":"","format":"standard","meta":{"googlesitekit_rrm_CAoiELM5mIOjYRN0nfylq3_9r-8:productID":"","_crdt_document":"","_daim_seo_power":"","_daim_enable_ail":"","footnotes":""},"categories":[14],"tags":[20385,1243,169,1189,18553],"class_list":["post-43967","post","type-post","status-publish","format-standard","has-post-thumbnail","hentry","category-noticias","tag-literatura","tag-literatura-de-viagem","tag-livros","tag-mochileiras","tag-mulheres"],"_links":{"self":[{"href":"https:\/\/www.mochileiros.com\/blog\/wp-json\/wp\/v2\/posts\/43967","targetHints":{"allow":["GET"]}}],"collection":[{"href":"https:\/\/www.mochileiros.com\/blog\/wp-json\/wp\/v2\/posts"}],"about":[{"href":"https:\/\/www.mochileiros.com\/blog\/wp-json\/wp\/v2\/types\/post"}],"author":[{"embeddable":true,"href":"https:\/\/www.mochileiros.com\/blog\/wp-json\/wp\/v2\/users\/55"}],"replies":[{"embeddable":true,"href":"https:\/\/www.mochileiros.com\/blog\/wp-json\/wp\/v2\/comments?post=43967"}],"version-history":[{"count":0,"href":"https:\/\/www.mochileiros.com\/blog\/wp-json\/wp\/v2\/posts\/43967\/revisions"}],"wp:featuredmedia":[{"embeddable":true,"href":"https:\/\/www.mochileiros.com\/blog\/wp-json\/wp\/v2\/media\/43974"}],"wp:attachment":[{"href":"https:\/\/www.mochileiros.com\/blog\/wp-json\/wp\/v2\/media?parent=43967"}],"wp:term":[{"taxonomy":"category","embeddable":true,"href":"https:\/\/www.mochileiros.com\/blog\/wp-json\/wp\/v2\/categories?post=43967"},{"taxonomy":"post_tag","embeddable":true,"href":"https:\/\/www.mochileiros.com\/blog\/wp-json\/wp\/v2\/tags?post=43967"}],"curies":[{"name":"wp","href":"https:\/\/api.w.org\/{rel}","templated":true}]}}