{"id":44345,"date":"2019-05-30T15:44:23","date_gmt":"2019-05-30T18:44:23","guid":{"rendered":"https:\/\/www.mochileiros.com\/blog\/?p=44345"},"modified":"2019-05-30T16:51:02","modified_gmt":"2019-05-30T19:51:02","slug":"estacoes-de-neve-chile-inverno-2019","status":"publish","type":"post","link":"https:\/\/www.mochileiros.com\/blog\/estacoes-de-neve-chile-inverno-2019","title":{"rendered":"Esta\u00e7\u00f5es de neve no Chile anunciam datas e novidades para temporada de inverno"},"content":{"rendered":"<p>Com a chegada dos primeiros flocos de neve, aumentam as expectativas sobre a agenda das esta\u00e7\u00f5es, que j\u00e1 est\u00e3o se preparando para sua temporada de inverno 2019.<\/p>\n<div id=\"ez-toc-container\" class=\"ez-toc-v2_0_82_2 counter-hierarchy ez-toc-counter ez-toc-grey ez-toc-container-direction\">\n<div class=\"ez-toc-title-container\">\n<p class=\"ez-toc-title\" style=\"cursor:inherit\">\u00cdndice<\/p>\n<span class=\"ez-toc-title-toggle\"><a href=\"#\" class=\"ez-toc-pull-right ez-toc-btn ez-toc-btn-xs ez-toc-btn-default ez-toc-toggle\" aria-label=\"Alternar tabela de conte\u00fado\"><span class=\"ez-toc-js-icon-con\"><span class=\"\"><span class=\"eztoc-hide\" style=\"display:none;\">Toggle<\/span><span class=\"ez-toc-icon-toggle-span\"><svg style=\"fill: #999;color:#999\" xmlns=\"http:\/\/www.w3.org\/2000\/svg\" class=\"list-377408\" width=\"20px\" height=\"20px\" viewBox=\"0 0 24 24\" fill=\"none\"><path d=\"M6 6H4v2h2V6zm14 0H8v2h12V6zM4 11h2v2H4v-2zm16 0H8v2h12v-2zM4 16h2v2H4v-2zm16 0H8v2h12v-2z\" fill=\"currentColor\"><\/path><\/svg><svg style=\"fill: #999;color:#999\" class=\"arrow-unsorted-368013\" xmlns=\"http:\/\/www.w3.org\/2000\/svg\" width=\"10px\" height=\"10px\" viewBox=\"0 0 24 24\" version=\"1.2\" baseProfile=\"tiny\"><path d=\"M18.2 9.3l-6.2-6.3-6.2 6.3c-.2.2-.3.4-.3.7s.1.5.3.7c.2.2.4.3.7.3h11c.3 0 .5-.1.7-.3.2-.2.3-.5.3-.7s-.1-.5-.3-.7zM5.8 14.7l6.2 6.3 6.2-6.3c.2-.2.3-.5.3-.7s-.1-.5-.3-.7c-.2-.2-.4-.3-.7-.3h-11c-.3 0-.5.1-.7.3-.2.2-.3.5-.3.7s.1.5.3.7z\"\/><\/svg><\/span><\/span><\/span><\/a><\/span><\/div>\n<nav><ul class='ez-toc-list ez-toc-list-level-1 ' ><li class='ez-toc-page-1 ez-toc-heading-level-3'><a class=\"ez-toc-link ez-toc-heading-1\" href=\"https:\/\/www.mochileiros.com\/blog\/estacoes-de-neve-chile-inverno-2019\/#Antillanca\" >Antillanca<\/a><\/li><li class='ez-toc-page-1 ez-toc-heading-level-3'><a class=\"ez-toc-link ez-toc-heading-2\" href=\"https:\/\/www.mochileiros.com\/blog\/estacoes-de-neve-chile-inverno-2019\/#Corralco\" >Corralco<\/a><\/li><li class='ez-toc-page-1 ez-toc-heading-level-3'><a class=\"ez-toc-link ez-toc-heading-3\" href=\"https:\/\/www.mochileiros.com\/blog\/estacoes-de-neve-chile-inverno-2019\/#El_Colorado\" >El Colorado<\/a><\/li><li class='ez-toc-page-1 ez-toc-heading-level-3'><a class=\"ez-toc-link ez-toc-heading-4\" href=\"https:\/\/www.mochileiros.com\/blog\/estacoes-de-neve-chile-inverno-2019\/#Farellones\" >Farellones<\/a><\/li><li class='ez-toc-page-1 ez-toc-heading-level-3'><a class=\"ez-toc-link ez-toc-heading-5\" href=\"https:\/\/www.mochileiros.com\/blog\/estacoes-de-neve-chile-inverno-2019\/#La_Parva\" >La Parva<\/a><\/li><li class='ez-toc-page-1 ez-toc-heading-level-3'><a class=\"ez-toc-link ez-toc-heading-6\" href=\"https:\/\/www.mochileiros.com\/blog\/estacoes-de-neve-chile-inverno-2019\/#Nevados_de_Chillan\" >Nevados de Chill\u00e1n<\/a><\/li><li class='ez-toc-page-1 ez-toc-heading-level-3'><a class=\"ez-toc-link ez-toc-heading-7\" href=\"https:\/\/www.mochileiros.com\/blog\/estacoes-de-neve-chile-inverno-2019\/#Portillo\" >Portillo<\/a><\/li><li class='ez-toc-page-1 ez-toc-heading-level-3'><a class=\"ez-toc-link ez-toc-heading-8\" href=\"https:\/\/www.mochileiros.com\/blog\/estacoes-de-neve-chile-inverno-2019\/#Valle_Nevado\" >Valle Nevado<\/a><\/li><li class='ez-toc-page-1 ez-toc-heading-level-3'><a class=\"ez-toc-link ez-toc-heading-9\" href=\"https:\/\/www.mochileiros.com\/blog\/estacoes-de-neve-chile-inverno-2019\/#Vai_viajar_para_o_Chile\" >Vai viajar para o Chile?<\/a><\/li><\/ul><\/nav><\/div>\n<h3><span class=\"ez-toc-section\" id=\"Antillanca\"><\/span><span style=\"text-decoration: underline;\"><a href=\"http:\/\/www.antillanca.cl\/\" target=\"_blank\" rel=\"noopener noreferrer\">Antillanca<\/a><\/span><span class=\"ez-toc-section-end\"><\/span><\/h3>\n<p><strong>Temporada de esqui: 15 de junho &#8211; 15 de outubro<\/strong><\/p>\n<p>N\u00e3o bastasse ser uma das principais esta\u00e7\u00f5es de esqui do Sul do Chile, Antillanca fica localizado na encosta de um dos mais belos vulc\u00f5es chilenos: o Casablanca, no meio do Parque Nacional Puyehue. A 98 quil\u00f4metros da cidade de Osorno, o Centro de Esqui de Antillanca tem como destaque a possibilidade de pr\u00e1tica do esporte de inverno fora das pistas tradicionais &#8211; a geografia do vulc\u00e3o permite que esquiadores experientes descubram novos locais com bons declives para descidas extremas, em uma \u00e1rea conhecida como uma das mais radicais do pa\u00eds para snowboard.<\/p>\n<p>Bom tamb\u00e9m para fam\u00edlias, o centro tur\u00edstico de Antillanca prop\u00f5e atividades de ecoturismo e de aventura, como escaladas, passeios por grutas vulc\u00e2nicas e trekking pela floresta de arauc\u00e1rias do sul do Chile, onde as \u00e1rvores, enfeitadas pela neve durante o inverno, formam um belo cen\u00e1rio para fotos.<\/p>\n<p><strong>Localiza\u00e7\u00e3o: Cerca de 98 km de Osorno (1h40 de carro)<\/strong><\/p>\n<div id=\"attachment_44346\" style=\"width: 970px\" class=\"wp-caption aligncenter\"><img loading=\"lazy\" decoding=\"async\" aria-describedby=\"caption-attachment-44346\" class=\"wp-image-44346 size-full\" src=\"https:\/\/www.mochileiros.com\/blog\/wp-content\/uploads\/2019\/05\/Antillanca.jpg\" alt=\"\" width=\"960\" height=\"481\" srcset=\"https:\/\/www.mochileiros.com\/blog\/wp-content\/uploads\/2019\/05\/Antillanca.jpg 960w, https:\/\/www.mochileiros.com\/blog\/wp-content\/uploads\/2019\/05\/Antillanca-300x150.jpg 300w, https:\/\/www.mochileiros.com\/blog\/wp-content\/uploads\/2019\/05\/Antillanca-1024x513.jpg 1024w, https:\/\/www.mochileiros.com\/blog\/wp-content\/uploads\/2019\/05\/Antillanca-766x384.jpg 766w, https:\/\/www.mochileiros.com\/blog\/wp-content\/uploads\/2019\/05\/Antillanca-1536x770.jpg 1536w, https:\/\/www.mochileiros.com\/blog\/wp-content\/uploads\/2019\/05\/Antillanca-2048x1026.jpg 2048w, https:\/\/www.mochileiros.com\/blog\/wp-content\/uploads\/2019\/05\/Antillanca-299x150.jpg 299w, https:\/\/www.mochileiros.com\/blog\/wp-content\/uploads\/2019\/05\/Antillanca-100x50.jpg 100w, https:\/\/www.mochileiros.com\/blog\/wp-content\/uploads\/2019\/05\/Antillanca-699x350.jpg 699w, https:\/\/www.mochileiros.com\/blog\/wp-content\/uploads\/2019\/05\/Antillanca-788x394.jpg 788w, https:\/\/www.mochileiros.com\/blog\/wp-content\/uploads\/2019\/05\/Antillanca-768x385.jpg 768w\" sizes=\"auto, (max-width: 960px) 100vw, 960px\" \/><p id=\"caption-attachment-44346\" class=\"wp-caption-text\">Antillanca | Foto: Divulga\u00e7\u00e3o\/Sernatur.<\/p><\/div>\n<h3><span class=\"ez-toc-section\" id=\"Corralco\"><\/span><span style=\"text-decoration: underline;\"><a href=\"https:\/\/corralco.com\/\" target=\"_blank\" rel=\"noopener noreferrer\">Corralco<\/a><\/span><span class=\"ez-toc-section-end\"><\/span><\/h3>\n<p><strong>Temporada de esqui: 22 de junho &#8211; 13 de outubro<\/strong><\/p>\n<p>Dentro da Reserva Nacional Malalcahuellos e no meio de uma densa floresta de arauc\u00e1rias de mais de mil anos, fica o centro de esqui de Corralco, a 2,3 mil metros de altitude e na encosta do vulc\u00e3o Lonquimay. Com 31 pistas, o ponto alto de l\u00e1 \u00e9 a qualidade da neve (considerada uma das melhores para esquiadores experientes) e a exclusividade: o local conta com pistas menos cheias, o que possibilita uma melhor experi\u00eancia para aqueles que querem ter mais tranquilidade durante a pr\u00e1tica do esporte.<\/p>\n<p>Para a temporada deste ano, a esta\u00e7\u00e3o anunciou que estrear\u00e1 seu s\u00e9timo telef\u00e9rico, ao lado do elevador Cornice, que atualmente leva os visitantes de sua base ao meio da montanha. Al\u00e9m de ampliar a capacidade da esta\u00e7\u00e3o para 800 esquiadores por hora e tornar mais r\u00e1pido o transporte dos esportistas, o novo lift se destaca por funcionar mesmo em dias em que as condi\u00e7\u00f5es de vento e neve n\u00e3o sejam as mais favor\u00e1veis, o que certas vezes for\u00e7am o fechamento do Cornice &#8211; ou seja, permitir\u00e1 que Corralco continue aberta ao p\u00fablico mesmo quando as condi\u00e7\u00f5es clim\u00e1ticas n\u00e3o forem das melhores.<\/p>\n<p><strong>Localiza\u00e7\u00e3o: Cerca de 130 km de Temuco (2h de carro)<\/strong><\/p>\n<div id=\"attachment_44347\" style=\"width: 970px\" class=\"wp-caption aligncenter\"><img loading=\"lazy\" decoding=\"async\" aria-describedby=\"caption-attachment-44347\" class=\"wp-image-44347 size-full\" src=\"https:\/\/www.mochileiros.com\/blog\/wp-content\/uploads\/2019\/05\/Corralco.jpg\" alt=\"\" width=\"960\" height=\"661\" srcset=\"https:\/\/www.mochileiros.com\/blog\/wp-content\/uploads\/2019\/05\/Corralco.jpg 960w, https:\/\/www.mochileiros.com\/blog\/wp-content\/uploads\/2019\/05\/Corralco-300x207.jpg 300w, https:\/\/www.mochileiros.com\/blog\/wp-content\/uploads\/2019\/05\/Corralco-768x529.jpg 768w\" sizes=\"auto, (max-width: 960px) 100vw, 960px\" \/><p id=\"caption-attachment-44347\" class=\"wp-caption-text\">Corralco | Foto: Divulga\u00e7\u00e3o\/Sernatur.<\/p><\/div>\n<h3><span class=\"ez-toc-section\" id=\"El_Colorado\"><\/span><span style=\"text-decoration: underline;\"><a href=\"https:\/\/www.elcolorado.cl\/\" target=\"_blank\" rel=\"noopener noreferrer\">El Colorado<\/a><\/span><span class=\"ez-toc-section-end\"><\/span><\/h3>\n<p><strong>Temporada de esqui: a espera de defini\u00e7\u00e3o de data devido a condi\u00e7\u00f5es clim\u00e1ticas.<\/strong><\/p>\n<p>Com mais de 1.200 hectares de terreno esqui\u00e1vel, El Colorado, esta\u00e7\u00e3o de esqui que completou 70 anos em 2018, \u00e9 uma das principais do circuito de centros de inverno nos arredores de Santiago. Dentre as novidades para este ano destaca-se a abertura de uma nova pista, voltada aos esquiadores mais experientes &#8211; com extens\u00e3o de 2.500 metros, ela \u00e9 voltada para equipes de treinamento, mas tamb\u00e9m pode ser utilizado pelos clientes da esta\u00e7\u00e3o durante a temporada de inverno.<\/p>\n<p>A escola do local tamb\u00e9m prepara novidades para este ano, sendo uma delas \u00e9 um novo programa introdut\u00f3rio de esqui b\u00e1sico que ser\u00e1 inclu\u00eddo nas op\u00e7\u00f5es do local, se destacando pelo valor acess\u00edvel (apenas 10 mil pesos chilenos, pouco mais de R$ 50). Outros novos servi\u00e7os incluem programas premium com aulas de estilo livre (fora das pistas tradicionais). J\u00e1 na \u00e1rea gastron\u00f4mica, El Colorado anunciou que abrir\u00e1 um novo terra\u00e7o do restaurante Olimpo , localizado a 3.100 metros de altura.<\/p>\n<p><strong>Localiza\u00e7\u00e3o: Cerca de 50 km de Santiago (de 1h a 1h30)<\/strong><\/p>\n<div id=\"attachment_44349\" style=\"width: 970px\" class=\"wp-caption aligncenter\"><img loading=\"lazy\" decoding=\"async\" aria-describedby=\"caption-attachment-44349\" class=\"wp-image-44349 size-full\" src=\"https:\/\/www.mochileiros.com\/blog\/wp-content\/uploads\/2019\/05\/El-Colorado-011.jpg\" alt=\"\" width=\"960\" height=\"640\" srcset=\"https:\/\/www.mochileiros.com\/blog\/wp-content\/uploads\/2019\/05\/El-Colorado-011.jpg 960w, https:\/\/www.mochileiros.com\/blog\/wp-content\/uploads\/2019\/05\/El-Colorado-011-300x200.jpg 300w, https:\/\/www.mochileiros.com\/blog\/wp-content\/uploads\/2019\/05\/El-Colorado-011-768x512.jpg 768w, https:\/\/www.mochileiros.com\/blog\/wp-content\/uploads\/2019\/05\/El-Colorado-011-450x300.jpg 450w\" sizes=\"auto, (max-width: 960px) 100vw, 960px\" \/><p id=\"caption-attachment-44349\" class=\"wp-caption-text\">El Colorado | Foto: Divulga\u00e7\u00e3o\/Sernatur.<\/p><\/div>\n<h3><span class=\"ez-toc-section\" id=\"Farellones\"><\/span><span style=\"text-decoration: underline;\"><a href=\"https:\/\/www.parquesdefarellones.cl\/\" target=\"_blank\" rel=\"noopener noreferrer\">Farellones<\/a><\/span><span class=\"ez-toc-section-end\"><\/span><\/h3>\n<p><strong>Temporada de esqui: a espera de defini\u00e7\u00e3o de data devido a condi\u00e7\u00f5es clim\u00e1ticas.<\/strong><\/p>\n<p>Farellones \u00e9 um caso \u00e0 parte dentre as esta\u00e7\u00f5es de esqui na regi\u00e3o central chilena: o local se posiciona como um centro de entretenimento na neve para toda fam\u00edlia com todos os tipos de atra\u00e7\u00f5es, e n\u00e3o exclusivamente para a pr\u00e1tica de esqui e snowboard. Com a ajuda da proximidade (cerca de 1h de Santiago), o local \u00e9 ideal para fam\u00edlias com crian\u00e7as, especialmente aqueles que querem ter uma \u00f3tima experi\u00eancia no primeiro contato com a neve, j\u00e1 que diversas atividades s\u00e3o oferecidas no local.<\/p>\n<p>Neste ano o centro deve ficar ainda mais atrativo para pais com seus filhos: ser\u00e1 aberto nesta temporada um novo mini-parque com cinco esta\u00e7\u00f5es de brincadeiras voltado para os pequenos de divertirem na montanha. J\u00e1 na \u00e1rea gastron\u00f4mica, Farellones revelou que contar\u00e1 com 13 food trucks distribu\u00eddos em diferentes locais do centro, ampliando a variedade culin\u00e1ria do local. Gra\u00e7as as novidades, a expectativa \u00e9 que 150 mil pessoas visitem a esta\u00e7\u00e3o de neve nesta temporada de inverno.<\/p>\n<p><strong>Localiza\u00e7\u00e3o: Cerca de 45 km de Santiago (1h)<\/strong><\/p>\n<div id=\"attachment_44350\" style=\"width: 970px\" class=\"wp-caption aligncenter\"><img loading=\"lazy\" decoding=\"async\" aria-describedby=\"caption-attachment-44350\" class=\"wp-image-44350 size-full\" src=\"https:\/\/www.mochileiros.com\/blog\/wp-content\/uploads\/2019\/05\/Farellones.jpg\" alt=\"\" width=\"960\" height=\"540\" srcset=\"https:\/\/www.mochileiros.com\/blog\/wp-content\/uploads\/2019\/05\/Farellones.jpg 960w, https:\/\/www.mochileiros.com\/blog\/wp-content\/uploads\/2019\/05\/Farellones-300x169.jpg 300w, https:\/\/www.mochileiros.com\/blog\/wp-content\/uploads\/2019\/05\/Farellones-768x432.jpg 768w\" sizes=\"auto, (max-width: 960px) 100vw, 960px\" \/><p id=\"caption-attachment-44350\" class=\"wp-caption-text\">Farellones | Foto: Divulga\u00e7\u00e3o\/Sernatur.<\/p><\/div>\n<h3><span class=\"ez-toc-section\" id=\"La_Parva\"><\/span><span style=\"text-decoration: underline;\"><a href=\"https:\/\/www.laparva.cl\/es\/\" target=\"_blank\" rel=\"noopener noreferrer\">La Parva<\/a><\/span><span class=\"ez-toc-section-end\"><\/span><\/h3>\n<p><strong>Temporada de esqui: (sem data exata &#8211; depende das condi\u00e7\u00f5es clim\u00e1ticas)<\/strong><\/p>\n<p>Junto de um pitoresco vilarejo no meio da neve da Cordilheira dos Andes, La Parva tem uma hist\u00f3ria curiosa: foi constru\u00eddo originalmente como um ref\u00fagio para guerras, mas posteriormente tornou-se um dos centros de esqui mais visitados por turistas do Chile. A proximidade de Santiago (cerca de 50 quil\u00f4metros) ajuda em sua popularidade, al\u00e9m de suas 40 pistas de todos os n\u00edveis &#8211; iniciantes a partir de tr\u00eas anos podem fazer aula por l\u00e1.<\/p>\n<p>\u00c9 na escola do centro, chamada Golondrinas, que fica a principal novidade da esta\u00e7\u00e3o para este ano: renovado, o espa\u00e7o passou a contar com um novo centro para turistas, permitindo aos visitantes alugar equipamentos, adquirir passes e escolher as aulas que far\u00e3o em um \u00fanico lugar. Um novo restaurante faz parte ainda das mudan\u00e7as para este ano, enquanto os shows noturnos de fogos de artif\u00edcio e as descidas com tochas durante a noite, que criam um belo espet\u00e1culo luminoso, continuam como tradi\u00e7\u00e3o do La Parva.<\/p>\n<p><strong>Localiza\u00e7\u00e3o: Cerca de 50 km da capital Santiago (1h de carro)<\/strong><\/p>\n<div id=\"attachment_44358\" style=\"width: 970px\" class=\"wp-caption aligncenter\"><img loading=\"lazy\" decoding=\"async\" aria-describedby=\"caption-attachment-44358\" class=\"wp-image-44358 size-full\" src=\"https:\/\/www.mochileiros.com\/blog\/wp-content\/uploads\/2019\/05\/La-Parva.jpg\" alt=\"\" width=\"960\" height=\"720\" srcset=\"https:\/\/www.mochileiros.com\/blog\/wp-content\/uploads\/2019\/05\/La-Parva.jpg 960w, https:\/\/www.mochileiros.com\/blog\/wp-content\/uploads\/2019\/05\/La-Parva-300x225.jpg 300w, https:\/\/www.mochileiros.com\/blog\/wp-content\/uploads\/2019\/05\/La-Parva-768x576.jpg 768w\" sizes=\"auto, (max-width: 960px) 100vw, 960px\" \/><p id=\"caption-attachment-44358\" class=\"wp-caption-text\">La Parva | Foto: Divulga\u00e7\u00e3o\/Sernatur.<\/p><\/div>\n<h3><span class=\"ez-toc-section\" id=\"Nevados_de_Chillan\"><\/span><span style=\"text-decoration: underline;\"><a href=\"https:\/\/www.nevadosdechillan.com\/\" target=\"_blank\" rel=\"noopener noreferrer\">Nevados de Chill\u00e1n<\/a><\/span><span class=\"ez-toc-section-end\"><\/span><\/h3>\n<p><strong>Temporada de esqui: 28 de junho &#8211; 30 de setembro<\/strong><\/p>\n<p>O Centro de Esqui Nevados de Chill\u00e1n \u00e9 um dos mais completos do pa\u00eds. O local \u00e9 conhecido mundialmente pela excelente qualidade de sua neve e particularmente pela beleza de seus arredores. Os destaques incluem fontes termais vulc\u00e2nicas, grandes extens\u00f5es de mata nativa e uma vista panor\u00e2mica de neve e montanhas. Possui uma \u00e1rea de esqui de 10 mil hectares, adequada para todos os tipos de esportes de inverno &#8211; al\u00e9m de esqui, snowmobile, randonn\u00e9e, passeios de tren\u00f3 e cross country s\u00e3o praticados por l\u00e1. S\u00e3o mais de 30 pistas, incluindo a Tr\u00eas Marias, a mais longa da Am\u00e9rica do Sul, com 13 km de extens\u00e3o.<\/p>\n<p>A grande novidade de l\u00e1 para este ano \u00e9 a reabertura do Grand Hotel Thermas de Chill\u00e1n, empreendimento de alto luxo que desde o ano passado passa por uma longa reforma de todos os seus ambientes, que foram totalmente repaginados. Ainda n\u00e3o se tem muitos detalhes de como o ic\u00f4nico hotel ficar\u00e1, sendo garantido apenas que ele deve reabrir em junho.<\/p>\n<p><strong>Localiza\u00e7\u00e3o: Cerca de 180 km de Concepi\u00f3n (2h30 de carro)<\/strong><\/p>\n<div id=\"attachment_44351\" style=\"width: 970px\" class=\"wp-caption aligncenter\"><img loading=\"lazy\" decoding=\"async\" aria-describedby=\"caption-attachment-44351\" class=\"wp-image-44351 size-full\" src=\"https:\/\/www.mochileiros.com\/blog\/wp-content\/uploads\/2019\/05\/Chillan.jpg\" alt=\"\" width=\"960\" height=\"641\" srcset=\"https:\/\/www.mochileiros.com\/blog\/wp-content\/uploads\/2019\/05\/Chillan.jpg 960w, https:\/\/www.mochileiros.com\/blog\/wp-content\/uploads\/2019\/05\/Chillan-300x200.jpg 300w, https:\/\/www.mochileiros.com\/blog\/wp-content\/uploads\/2019\/05\/Chillan-768x513.jpg 768w, https:\/\/www.mochileiros.com\/blog\/wp-content\/uploads\/2019\/05\/Chillan-450x300.jpg 450w\" sizes=\"auto, (max-width: 960px) 100vw, 960px\" \/><p id=\"caption-attachment-44351\" class=\"wp-caption-text\">Chill\u00e1n | Foto: Divulga\u00e7\u00e3o\/Sernatur.<\/p><\/div>\n<h3><span class=\"ez-toc-section\" id=\"Portillo\"><\/span><span style=\"text-decoration: underline;\"><a href=\"https:\/\/www.skiportillo.com\/\" target=\"_blank\" rel=\"noopener noreferrer\">Portillo<\/a><\/span><span class=\"ez-toc-section-end\"><\/span><\/h3>\n<p><strong>Temporada de esqui: 22 de junho &#8211; 5 de outubro<\/strong><\/p>\n<p>Localizado a pouco mais de 150 quil\u00f4metros de Santiago, no cora\u00e7\u00e3o da Cordilheira de Los Andes, Portillo \u00e9 o centro de esqui mais antigo da Am\u00e9rica do Sul. A esta\u00e7\u00e3o, que fica na beira do belo Lago del Inca, conta com quatro hot\u00e9is de diferentes as categorias e tem como destaque uma piscina aquecida ao ar livre com vista para as belas montanhas andinas.<\/p>\n<p>A novidade para este ano \u00e9 que, com um custo total de US$ 3,5 milh\u00f5es, o centro de esqui de Portillo acrescentou 25 novas m\u00e1quinas autom\u00e1ticas de fabrica\u00e7\u00e3o em neve, que atender\u00e3o no total 10 hectares e nove pistas (na \u00faltima temporada os equipamentos cobriam apenas parte de tr\u00eas pistas). Isso deve assegurar as boas condi\u00e7\u00f5es para o esqui do in\u00edcio ao fim da temporada. Melhorias foram feitas tamb\u00e9m no Hotel Portillo, o de mais alto padr\u00e3o do local &#8211; os apartamentos familiares dos 3\u00ba, 4\u00ba e 5\u00ba andares acabam de ser renovados e est\u00e3o com nova decora\u00e7\u00e3o.<\/p>\n<p><strong>Localiza\u00e7\u00e3o: Cerca de 150 km del Santiago (2 hrs de carro)<\/strong><\/p>\n<div id=\"attachment_44352\" style=\"width: 970px\" class=\"wp-caption aligncenter\"><img loading=\"lazy\" decoding=\"async\" aria-describedby=\"caption-attachment-44352\" class=\"wp-image-44352 size-full\" src=\"https:\/\/www.mochileiros.com\/blog\/wp-content\/uploads\/2019\/05\/Portillo-2.jpg\" alt=\"\" width=\"960\" height=\"640\" srcset=\"https:\/\/www.mochileiros.com\/blog\/wp-content\/uploads\/2019\/05\/Portillo-2.jpg 960w, https:\/\/www.mochileiros.com\/blog\/wp-content\/uploads\/2019\/05\/Portillo-2-300x200.jpg 300w, https:\/\/www.mochileiros.com\/blog\/wp-content\/uploads\/2019\/05\/Portillo-2-768x512.jpg 768w, https:\/\/www.mochileiros.com\/blog\/wp-content\/uploads\/2019\/05\/Portillo-2-450x300.jpg 450w\" sizes=\"auto, (max-width: 960px) 100vw, 960px\" \/><p id=\"caption-attachment-44352\" class=\"wp-caption-text\">Portillo | Foto: Divulga\u00e7\u00e3o\/Portillo.<\/p><\/div>\n<h3><span class=\"ez-toc-section\" id=\"Valle_Nevado\"><\/span><span style=\"text-decoration: underline;\"><a href=\"https:\/\/vallenevado.com\/pt\/\" target=\"_blank\" rel=\"noopener noreferrer\">Valle Nevado<\/a><\/span><span class=\"ez-toc-section-end\"><\/span><\/h3>\n<p><strong>Temporada de esqui: 21 de junho &#8211; 27 de setembro<\/strong><\/p>\n<p>Dono da maior \u00e1rea esqui\u00e1vel do hemisf\u00e9rio sul dividida em 34 pistas, e maior centro de esqui do Chile, o Valle Nevado \u00e9 hoje uma das esta\u00e7\u00f5es preferidas dos brasileiros para curtir o inverno na neve &#8211; na temporada de 2018, 15% de todos os visitantes eram brasileiros (45 mil). Ser a esta\u00e7\u00e3o mais alta do Chile tamb\u00e9m d\u00e1 uma posi\u00e7\u00e3o privilegiada para o local. De novidade, o Valle Nevado anunciou que neste ano, al\u00e9m das j\u00e1 tradicionais aulas de esqui e snowboard, oferecer\u00e1 tamb\u00e9m caminhadas com raquetes de neve e aulas de randonn\u00e9e, esp\u00e9cie de marcha na neve, com instrutores qualificados e bil\u00edngues.<\/p>\n<p>No longo prazo, a esta\u00e7\u00e3o j\u00e1 anunciou que deve estrear seu Bike Park em dezembro, aproveitando o terreno e o design de suas pistas tamb\u00e9m durante o ver\u00e3o &#8211; o Valle Nevado passar\u00e1 a ficar aberto no ano inteiro e ser\u00e1 um destino n\u00e3o s\u00f3 de esqui, mas tamb\u00e9m de diversas modalidades de ciclismo.<\/p>\n<p><strong>Localiza\u00e7\u00e3o: Cerca de 70 km de Santiago (1h30 de carro)<\/strong><\/p>\n<div id=\"attachment_44353\" style=\"width: 970px\" class=\"wp-caption aligncenter\"><img loading=\"lazy\" decoding=\"async\" aria-describedby=\"caption-attachment-44353\" class=\"wp-image-44353 size-full\" src=\"https:\/\/www.mochileiros.com\/blog\/wp-content\/uploads\/2019\/05\/Valle-Nevado.jpg\" alt=\"\" width=\"960\" height=\"640\" srcset=\"https:\/\/www.mochileiros.com\/blog\/wp-content\/uploads\/2019\/05\/Valle-Nevado.jpg 960w, https:\/\/www.mochileiros.com\/blog\/wp-content\/uploads\/2019\/05\/Valle-Nevado-300x200.jpg 300w, https:\/\/www.mochileiros.com\/blog\/wp-content\/uploads\/2019\/05\/Valle-Nevado-768x512.jpg 768w, https:\/\/www.mochileiros.com\/blog\/wp-content\/uploads\/2019\/05\/Valle-Nevado-450x300.jpg 450w\" sizes=\"auto, (max-width: 960px) 100vw, 960px\" \/><p id=\"caption-attachment-44353\" class=\"wp-caption-text\">Valle Nevado | Foto: Divulga\u00e7\u00e3o\/Sernatur.<\/p><\/div>\n<h3><span class=\"ez-toc-section\" id=\"Vai_viajar_para_o_Chile\"><\/span>Vai viajar para o Chile?<span class=\"ez-toc-section-end\"><\/span><\/h3>\n<p>Encontre abaixo facilmente:<\/p>\n<ul>\n<li>boas <strong>ofertas de voo<\/strong> no <span style=\"text-decoration: underline;\"><a href=\"https:\/\/www.mochileiros.com\/blog\/voosGEOIP\" target=\"_blank\" rel=\"noopener noreferrer\">https:\/\/www.mochileiros.com\/blog\/voosGEOIP<\/a><\/span><\/li>\n<li>Cota\u00e7\u00e3o do seu <strong>seguro de viagem<\/strong> <span style=\"text-decoration: underline;\"><a href=\"http:\/\/www.segurospromo.com.br\/p\/mochileiros\/parceiro\" target=\"_blank\" rel=\"noopener noreferrer\">aqui<\/a><\/span>. Utilizando o c\u00f3digo promocional MOCHILEIROS5 voc\u00ea ganha 5% de <strong>desconto na contrata\u00e7\u00e3o<\/strong>. Confira tamb\u00e9m mais sobre <a href=\"https:\/\/www.mochileiros.com\/blog\/seguro-viagem-america-do-sul\" target=\"_blank\" rel=\"noopener noreferrer\">Seguro Viagem Am\u00e9rica do Sul<\/a> no post que fizemos.<\/li>\n<li>\u00d3timas op\u00e7\u00f5es de <strong>hospedagem<\/strong> <span style=\"text-decoration: underline;\"><a href=\"https:\/\/www.booking.com\/searchresults.pt-br.html?aid=348663&amp;sid=06618bbdbb89245431a5a6b58dd88167&amp;sb=1&amp;src=index&amp;src_elem=sb&amp;error_url=https%3A%2F%2Fwww.booking.com%2Findex.pt-br.html%3Faid%3D348663%3Bsid%3D06618bbdbb89245431a5a6b58dd88167%3Bsb_price_type%3Dtotal%26%3B&amp;ss=Chile&amp;is_ski_area=&amp;checkin_year=&amp;checkin_month=&amp;checkout_year=&amp;checkout_month=&amp;group_adults=2&amp;group_children=0&amp;no_rooms=1&amp;b_h4u_keep_filters=&amp;from_sf=1&amp;ss_raw=chile&amp;ac_position=1&amp;ac_langcode=xb&amp;ac_click_type=b&amp;dest_id=43&amp;dest_type=country&amp;place_id_lat=-38.1371&amp;place_id_lon=-72.0095&amp;search_pageview_id=0cfa85b305d700cc&amp;search_selected=true&amp;search_pageview_id=0cfa85b305d700cc&amp;ac_suggestion_list_length=5&amp;ac_suggestion_theme_list_length=0\" target=\"_blank\" rel=\"noopener noreferrer\">aqui<\/a><\/span>.<\/li>\n<\/ul>\n<p><em>Com informa\u00e7\u00f5es do Servi\u00e7o Nacional de Turismo do Chile (Sernatur).<\/em><\/p>\n","protected":false},"excerpt":{"rendered":"<p>Com a chegada dos primeiros flocos de neve, aumentam as expectativas sobre a agenda das esta\u00e7\u00f5es, que j\u00e1 est\u00e3o se preparando para sua temporada de inverno 2019. Antillanca Temporada de esqui: 15 de junho &#8211; 15 de outubro N\u00e3o bastasse ser uma das principais esta\u00e7\u00f5es de esqui do Sul do Chile, Antillanca fica localizado na [&hellip;]<\/p>\n","protected":false},"author":55,"featured_media":44346,"comment_status":"open","ping_status":"closed","sticky":false,"template":"","format":"standard","meta":{"googlesitekit_rrm_CAoiELM5mIOjYRN0nfylq3_9r-8:productID":"","_crdt_document":"","_daim_seo_power":"","_daim_enable_ail":"","footnotes":""},"categories":[14],"tags":[19790,20831,20832,20830],"class_list":["post-44345","post","type-post","status-publish","format-standard","has-post-thumbnail","hentry","category-noticias","tag-chile","tag-estacoes-de-esqui","tag-estacoes-de-neve","tag-estacoes-de-ski"],"_links":{"self":[{"href":"https:\/\/www.mochileiros.com\/blog\/wp-json\/wp\/v2\/posts\/44345","targetHints":{"allow":["GET"]}}],"collection":[{"href":"https:\/\/www.mochileiros.com\/blog\/wp-json\/wp\/v2\/posts"}],"about":[{"href":"https:\/\/www.mochileiros.com\/blog\/wp-json\/wp\/v2\/types\/post"}],"author":[{"embeddable":true,"href":"https:\/\/www.mochileiros.com\/blog\/wp-json\/wp\/v2\/users\/55"}],"replies":[{"embeddable":true,"href":"https:\/\/www.mochileiros.com\/blog\/wp-json\/wp\/v2\/comments?post=44345"}],"version-history":[{"count":0,"href":"https:\/\/www.mochileiros.com\/blog\/wp-json\/wp\/v2\/posts\/44345\/revisions"}],"wp:featuredmedia":[{"embeddable":true,"href":"https:\/\/www.mochileiros.com\/blog\/wp-json\/wp\/v2\/media\/44346"}],"wp:attachment":[{"href":"https:\/\/www.mochileiros.com\/blog\/wp-json\/wp\/v2\/media?parent=44345"}],"wp:term":[{"taxonomy":"category","embeddable":true,"href":"https:\/\/www.mochileiros.com\/blog\/wp-json\/wp\/v2\/categories?post=44345"},{"taxonomy":"post_tag","embeddable":true,"href":"https:\/\/www.mochileiros.com\/blog\/wp-json\/wp\/v2\/tags?post=44345"}],"curies":[{"name":"wp","href":"https:\/\/api.w.org\/{rel}","templated":true}]}}