{"id":44491,"date":"2019-06-06T13:58:57","date_gmt":"2019-06-06T16:58:57","guid":{"rendered":"https:\/\/www.mochileiros.com\/blog\/?p=44491"},"modified":"2019-10-28T10:24:55","modified_gmt":"2019-10-28T13:24:55","slug":"brasileiro-lanca-livro-sobre-destinos-invisiveis-da-africa","status":"publish","type":"post","link":"https:\/\/www.mochileiros.com\/blog\/brasileiro-lanca-livro-sobre-destinos-invisiveis-da-africa","title":{"rendered":"Brasileiro lan\u00e7a livro sobre &#8220;destinos invis\u00edveis&#8221; da \u00c1frica"},"content":{"rendered":"<p>Viagens por lugares pouco explorados, por culturas diferentes, por terras in\u00f3spitas, viagens pelo mundo e para dentro de si. Mais uma vez o autor do &#8220;Uma Viagem pelos Pa\u00edses que N\u00e3o Existem*&#8221; nos proporcionar\u00e1 mergulhar em uma incr\u00edvel aventura viajante.<br \/>\nGuilherme Canever est\u00e1 lan\u00e7ando o &#8220;<em>Destinos Invis\u00edveis &#8211; uma nova aventura pela \u00c1frica<\/em>&#8220;. No livro, o curitibano formado em Engenharia Florestal que largou uma carreira promissora em uma grande corpora\u00e7\u00e3o para aventurar-se mundo afora em busca de novas descobertas conta sua jornada de mais de 20 mil quil\u00f4metros por 18 pa\u00edses do continente africano. S\u00e3o destinos pouco explorados e com uma grande car\u00eancia de relatos, principalmente em l\u00edngua portuguesa.<\/p>\n<div id=\"attachment_44492\" style=\"width: 1034px\" class=\"wp-caption aligncenter\"><img loading=\"lazy\" decoding=\"async\" aria-describedby=\"caption-attachment-44492\" class=\"wp-image-44492 size-full\" src=\"https:\/\/www.mochileiros.com\/blog\/wp-content\/uploads\/2019\/06\/destinosinvisiveis01.jpg\" alt=\"\" width=\"1024\" height=\"1501\" srcset=\"https:\/\/www.mochileiros.com\/blog\/wp-content\/uploads\/2019\/06\/destinosinvisiveis01.jpg 1024w, https:\/\/www.mochileiros.com\/blog\/wp-content\/uploads\/2019\/06\/destinosinvisiveis01-205x300.jpg 205w, https:\/\/www.mochileiros.com\/blog\/wp-content\/uploads\/2019\/06\/destinosinvisiveis01-768x1126.jpg 768w, https:\/\/www.mochileiros.com\/blog\/wp-content\/uploads\/2019\/06\/destinosinvisiveis01-699x1024.jpg 699w\" sizes=\"auto, (max-width: 1024px) 100vw, 1024px\" \/><p id=\"caption-attachment-44492\" class=\"wp-caption-text\">Foto: Reprodu\u00e7\u00e3o.<\/p><\/div>\n<p>O jornalista Andr\u00e9 Fran, apresentador do programa \u201cQue Mundo \u00c9 Esse?\u201d, da Globo News, e do consagrado \u201cN\u00e3o Conta L\u00e1 em Casa\u201d, do Multishow, e autor do pref\u00e1cio, define bem a sensa\u00e7\u00e3o que temos durante a leitura. Para ele, mais do que aprender, entender e ter contato com culturas que poucos t\u00eam acesso, temos a impress\u00e3o de que estamos explorando esses lugares com um amigo de longa data. \u201cE n\u00e3o se trata aqui de um amigo comum, senhores. Nada disso. Mas aquele companheiro de viagem que estudou a fundo a hist\u00f3ria dos pa\u00edses que est\u00e3o no roteiro, que est\u00e1 disposto a encarar a ocasional &#8220;roubada&#8221; para ter uma viv\u00eancia mais realista dos locais visitados, e cuja curiosidade leg\u00edtima faz a gente ansiar pela pr\u00f3xima aventura (e pela pr\u00f3xima p\u00e1gina).&#8221;<\/p>\n<div id=\"attachment_44493\" style=\"width: 1034px\" class=\"wp-caption aligncenter\"><img loading=\"lazy\" decoding=\"async\" aria-describedby=\"caption-attachment-44493\" class=\"wp-image-44493 size-full\" src=\"https:\/\/www.mochileiros.com\/blog\/wp-content\/uploads\/2019\/06\/destinosinvisiveis02.jpg\" alt=\"\" width=\"1024\" height=\"768\" srcset=\"https:\/\/www.mochileiros.com\/blog\/wp-content\/uploads\/2019\/06\/destinosinvisiveis02.jpg 1024w, https:\/\/www.mochileiros.com\/blog\/wp-content\/uploads\/2019\/06\/destinosinvisiveis02-300x225.jpg 300w, https:\/\/www.mochileiros.com\/blog\/wp-content\/uploads\/2019\/06\/destinosinvisiveis02-768x576.jpg 768w\" sizes=\"auto, (max-width: 1024px) 100vw, 1024px\" \/><p id=\"caption-attachment-44493\" class=\"wp-caption-text\">Foto: Arquivo pessoal.<\/p><\/div>\n<p>Dentre os pa\u00edses que Canever conheceu nesta jornada est\u00e3o Gana, Burkina Faso, N\u00edger, Benim, Togo, Senegal, G\u00e2mbia, Guin\u00e9 Bissau, Arg\u00e9lia, Tun\u00edsia, Maurit\u00e2nia, Mali, Serra Leoa, Lib\u00e9ria, Guin\u00e9, Lesoto, Suazil\u00e2ndia, Zimb\u00e1bue.<\/p>\n<div id=\"attachment_46255\" style=\"width: 1034px\" class=\"wp-caption aligncenter\"><img loading=\"lazy\" decoding=\"async\" aria-describedby=\"caption-attachment-46255\" class=\"wp-image-46255 size-full\" src=\"https:\/\/www.mochileiros.com\/blog\/wp-content\/uploads\/2019\/06\/cachoeiralesoto.jpg\" alt=\"\" width=\"1024\" height=\"681\" srcset=\"https:\/\/www.mochileiros.com\/blog\/wp-content\/uploads\/2019\/06\/cachoeiralesoto.jpg 1024w, https:\/\/www.mochileiros.com\/blog\/wp-content\/uploads\/2019\/06\/cachoeiralesoto-300x200.jpg 300w, https:\/\/www.mochileiros.com\/blog\/wp-content\/uploads\/2019\/06\/cachoeiralesoto-767x510.jpg 767w, https:\/\/www.mochileiros.com\/blog\/wp-content\/uploads\/2019\/06\/cachoeiralesoto-1536x1022.jpg 1536w, https:\/\/www.mochileiros.com\/blog\/wp-content\/uploads\/2019\/06\/cachoeiralesoto-2048x1362.jpg 2048w, https:\/\/www.mochileiros.com\/blog\/wp-content\/uploads\/2019\/06\/cachoeiralesoto-226x150.jpg 226w, https:\/\/www.mochileiros.com\/blog\/wp-content\/uploads\/2019\/06\/cachoeiralesoto-100x67.jpg 100w, https:\/\/www.mochileiros.com\/blog\/wp-content\/uploads\/2019\/06\/cachoeiralesoto-526x350.jpg 526w, https:\/\/www.mochileiros.com\/blog\/wp-content\/uploads\/2019\/06\/cachoeiralesoto-788x524.jpg 788w, https:\/\/www.mochileiros.com\/blog\/wp-content\/uploads\/2019\/06\/cachoeiralesoto-768x511.jpg 768w, https:\/\/www.mochileiros.com\/blog\/wp-content\/uploads\/2019\/06\/cachoeiralesoto-450x300.jpg 450w\" sizes=\"auto, (max-width: 1024px) 100vw, 1024px\" \/><p id=\"caption-attachment-46255\" class=\"wp-caption-text\">Cachoeira no Lesoto | Foto: Guilherme Canever\/SaiPorAi.com<\/p><\/div>\n<div id=\"attachment_44500\" style=\"width: 1034px\" class=\"wp-caption aligncenter\"><img loading=\"lazy\" decoding=\"async\" aria-describedby=\"caption-attachment-44500\" class=\"wp-image-44500 size-full\" src=\"https:\/\/www.mochileiros.com\/blog\/wp-content\/uploads\/2019\/06\/destinosinvisiveis00.jpg\" alt=\"\" width=\"1024\" height=\"768\" srcset=\"https:\/\/www.mochileiros.com\/blog\/wp-content\/uploads\/2019\/06\/destinosinvisiveis00.jpg 1024w, https:\/\/www.mochileiros.com\/blog\/wp-content\/uploads\/2019\/06\/destinosinvisiveis00-300x225.jpg 300w, https:\/\/www.mochileiros.com\/blog\/wp-content\/uploads\/2019\/06\/destinosinvisiveis00-768x576.jpg 768w\" sizes=\"auto, (max-width: 1024px) 100vw, 1024px\" \/><p id=\"caption-attachment-44500\" class=\"wp-caption-text\">Forma\u00e7\u00e3o rochosa de Hombori, no Mali | Foto: Timm Guenther\/Wikipedia Commons.<\/p><\/div>\n<h3>Como adquirir o livro<\/h3>\n<p><strong>Direto com o autor &#8211;<\/strong> Voc\u00ea pode comprar o seu exemplar direto com o autor fazendo seu pedido enviando um e-mail para <span style=\"text-decoration: underline;\">guicanever@<\/span><span class=\"skimlinks-unlinked\"><span style=\"text-decoration: underline;\">gmail.com<\/span> ou enviando mensagem privativa\/inbox via Facebook para a p\u00e1gina <span style=\"text-decoration: underline;\"><a href=\"https:\/\/www.facebook.com\/SaiPorAi\" target=\"_blank\" rel=\"noopener noreferrer\">https:\/\/www.facebook.com\/SaiPorAi<\/a><br \/>\n<\/span><strong>Em livrarias online:<\/strong> Na Amazon (<a href=\"https:\/\/amzn.to\/31GdFAB\" target=\"_blank\" rel=\"noopener noreferrer\"><span style=\"text-decoration: underline;\">Impresso<\/span><\/a> e <a href=\"https:\/\/amzn.to\/31HIkNJ\" target=\"_blank\" rel=\"noopener noreferrer\"><span style=\"text-decoration: underline;\">E-book<\/span><\/a>) e na <span style=\"text-decoration: underline;\"><a href=\"https:\/\/m.travessa.com.br\/produto.aspx?codartigo=de347d08-75ee-44c8-ac88-95211854a101\" target=\"_blank\" rel=\"noopener noreferrer\">Livraria Travessa<\/a><\/span>.<br \/>\n<strong>Em lojas f\u00edsicas em Curitiba (PR):\u00a0<\/strong><br \/>\n&#8211; Loja MON- Museu Oscar Niemeyer<br \/>\n(Mal Hermes, 999)<br \/>\n&#8211; Caf\u00e9 L\u00e1 Rauxa<br \/>\n(Rua Euripedes G do Nascimento, 906)<br \/>\n&#8211; Restaurante Tuk-Tuk<br \/>\n(Rua Cam\u00f5es, 1888)<br \/>\n&#8211; Revistaria Bom Jesus<br \/>\n(Rua Jaime Bal\u00e3o, 201)<br \/>\n&#8211; Panoteca<br \/>\n(R. Gast\u00e3o c\u00e2mara, 384)<br \/>\n<\/span><\/p>\n<h3>Confira o teaser do &#8220;Destinos invis\u00edveis&#8221;:<\/h3>\n<p><iframe loading=\"lazy\" title=\"Destinos Invis\u00edveis - Teaser\" width=\"740\" height=\"416\" src=\"https:\/\/www.youtube.com\/embed\/3J-f59B3nWw?feature=oembed\" frameborder=\"0\" allow=\"accelerometer; autoplay; clipboard-write; encrypted-media; gyroscope; picture-in-picture; web-share\" referrerpolicy=\"strict-origin-when-cross-origin\" allowfullscreen><\/iframe><\/p>\n<p>&nbsp;<\/p>\n<p>* Com o &#8220;<em>Uma Viagem pelos Pa\u00edses que N\u00e3o Existem<\/em>&#8221; Guilherme Canever se transformou em uma das principais fontes de refer\u00eancia sobre o pa\u00edses que n\u00e3o s\u00e3o reconhecidos pela ONU. Ele tamb\u00e9m \u00e9 autor do &#8220;<em>De Cape Town a Muscat: Uma Aventura pela \u00c1frica<\/em>&#8221; e do &#8220;<em>De Istambul a Nova D\u00e9lhi, Uma Aventura pela Rota da Seda<\/em>&#8220;.<br \/>\nSaiba mais sobre os demais livros (que n\u00e3o podem faltar na biblioteca de um viajante) e como adquiri-los no <span style=\"text-decoration: underline;\"><a href=\"https:\/\/saiporai.com\/livros\/\" target=\"_blank\" rel=\"noopener noreferrer\">https:\/\/saiporai.com\/livros\/<\/a><\/span><\/p>\n","protected":false},"excerpt":{"rendered":"<p>Viagens por lugares pouco explorados, por culturas diferentes, por terras in\u00f3spitas, viagens pelo mundo e para dentro de si. Mais uma vez o autor do &#8220;Uma Viagem pelos Pa\u00edses que N\u00e3o Existem*&#8221; nos proporcionar\u00e1 mergulhar em uma incr\u00edvel aventura viajante. Guilherme Canever est\u00e1 lan\u00e7ando o &#8220;Destinos Invis\u00edveis &#8211; uma nova aventura pela \u00c1frica&#8220;. No livro, [&hellip;]<\/p>\n","protected":false},"author":55,"featured_media":46255,"comment_status":"open","ping_status":"closed","sticky":false,"template":"","format":"standard","meta":{"googlesitekit_rrm_CAoiELM5mIOjYRN0nfylq3_9r-8:productID":"","_crdt_document":"","_daim_seo_power":"1000","_daim_enable_ail":"1","footnotes":""},"categories":[14],"tags":[20920,1243,169],"class_list":["post-44491","post","type-post","status-publish","format-standard","has-post-thumbnail","hentry","category-noticias","tag-africa","tag-literatura-de-viagem","tag-livros"],"_links":{"self":[{"href":"https:\/\/www.mochileiros.com\/blog\/wp-json\/wp\/v2\/posts\/44491","targetHints":{"allow":["GET"]}}],"collection":[{"href":"https:\/\/www.mochileiros.com\/blog\/wp-json\/wp\/v2\/posts"}],"about":[{"href":"https:\/\/www.mochileiros.com\/blog\/wp-json\/wp\/v2\/types\/post"}],"author":[{"embeddable":true,"href":"https:\/\/www.mochileiros.com\/blog\/wp-json\/wp\/v2\/users\/55"}],"replies":[{"embeddable":true,"href":"https:\/\/www.mochileiros.com\/blog\/wp-json\/wp\/v2\/comments?post=44491"}],"version-history":[{"count":0,"href":"https:\/\/www.mochileiros.com\/blog\/wp-json\/wp\/v2\/posts\/44491\/revisions"}],"wp:featuredmedia":[{"embeddable":true,"href":"https:\/\/www.mochileiros.com\/blog\/wp-json\/wp\/v2\/media\/46255"}],"wp:attachment":[{"href":"https:\/\/www.mochileiros.com\/blog\/wp-json\/wp\/v2\/media?parent=44491"}],"wp:term":[{"taxonomy":"category","embeddable":true,"href":"https:\/\/www.mochileiros.com\/blog\/wp-json\/wp\/v2\/categories?post=44491"},{"taxonomy":"post_tag","embeddable":true,"href":"https:\/\/www.mochileiros.com\/blog\/wp-json\/wp\/v2\/tags?post=44491"}],"curies":[{"name":"wp","href":"https:\/\/api.w.org\/{rel}","templated":true}]}}