{"id":44981,"date":"2019-07-17T16:49:28","date_gmt":"2019-07-17T19:49:28","guid":{"rendered":"https:\/\/www.mochileiros.com\/blog\/?p=44981"},"modified":"2019-07-17T16:52:31","modified_gmt":"2019-07-17T19:52:31","slug":"instagram-comeca-ocultar-numero-de-curtidas","status":"publish","type":"post","link":"https:\/\/www.mochileiros.com\/blog\/instagram-comeca-ocultar-numero-de-curtidas","title":{"rendered":"Instagram come\u00e7a ocultar n\u00famero de curtidas"},"content":{"rendered":"<p>O Instagram come\u00e7ou hoje (17) um teste para ocultar o n\u00famero de curtidas das publica\u00e7\u00f5es da rede social no Brasil. Segundo <span style=\"text-decoration: underline;\"><a href=\"https:\/\/g1.globo.com\/economia\/tecnologia\/noticia\/2019\/07\/17\/instagram-comeca-testes-para-ocultar-numero-de-curtidas-no-brasil.ghtml\" target=\"_blank\" rel=\"noopener noreferrer\">mat\u00e9ria publicada no G1<\/a><\/span>, a empresa informa que a inten\u00e7\u00e3o \u00e9 que &#8220;os seguidores se concentrem mais nas fotos e v\u00eddeos que s\u00e3o compartilhados, do que na quantidade de curtidas que recebem&#8221;.<br \/>\nA publica\u00e7\u00e3o informa que o propriet\u00e1rio do perfil ainda continuar\u00e1 sabendo quantas curtidas seus posts receberam, mas o dado ser\u00e1 escondido do p\u00fablico.<\/p>\n<div id=\"attachment_44983\" style=\"width: 810px\" class=\"wp-caption alignnone\"><a href=\"https:\/\/www.mochileiros.com\/blog\/instagram-comeca-ocultar-numero-de-curtidas\/instagram_divulgacao#main\" rel=\"attachment wp-att-44983\"><img loading=\"lazy\" decoding=\"async\" aria-describedby=\"caption-attachment-44983\" class=\"size-full wp-image-44983\" src=\"https:\/\/www.mochileiros.com\/blog\/wp-content\/uploads\/2019\/07\/instagram_divulgacao.jpg\" alt=\"\" width=\"800\" height=\"450\" srcset=\"https:\/\/www.mochileiros.com\/blog\/wp-content\/uploads\/2019\/07\/instagram_divulgacao.jpg 800w, https:\/\/www.mochileiros.com\/blog\/wp-content\/uploads\/2019\/07\/instagram_divulgacao-300x169.jpg 300w, https:\/\/www.mochileiros.com\/blog\/wp-content\/uploads\/2019\/07\/instagram_divulgacao-768x432.jpg 768w\" sizes=\"auto, (max-width: 800px) 100vw, 800px\" \/><\/a><p id=\"caption-attachment-44983\" class=\"wp-caption-text\">Foto: Divulga\u00e7\u00e3o\/Instagram.com<\/p><\/div>\n<p>H\u00e1 alguns meses se cogita remover o recurso &#8220;like&#8221; da plataforma &#8220;em um esfor\u00e7o para aliviar os usu\u00e1rios de algumas das press\u00f5es associadas \u00e0s m\u00eddias sociais&#8221;, como comenta <span style=\"text-decoration: underline;\"><a href=\"https:\/\/www.foxbusiness.com\/technology\/instagram-getting-rid-of-likes-test\" target=\"_blank\" rel=\"noopener noreferrer\">mat\u00e9ria sobre, do site Fox News<\/a><\/span>.<br \/>\nTestes similares j\u00e1 foram feitos no Canad\u00e1, por exemplo.<\/p>\n<p><strong>E voc\u00ea, o que acha de o p\u00fablico n\u00e3o poder saber mais o n\u00famero de likes que voc\u00ea recebeu num post do Instagram?<\/strong><\/p>\n<p><strong>Ainda n\u00e3o segue o Mochileiros.com por l\u00e1? Nosso &#8220;Insta&#8221; \u00e9 o <span style=\"text-decoration: underline;\"><a href=\"https:\/\/www.instagram.com\/mochileiroscom\/\" target=\"_blank\" rel=\"noopener noreferrer\">https:\/\/www.instagram.com\/mochileiroscom\/<\/a><\/span><\/strong><\/p>\n<p><em>Com informa\u00e7\u00f5es do G1 e da Fox News.<\/em><br \/>\n<em>A foto (da home e) que traz at\u00e9 este post \u00e9 de divulga\u00e7\u00e3o do Instagram.com.<\/em><\/p>\n","protected":false},"excerpt":{"rendered":"<p>O Instagram come\u00e7ou hoje (17) um teste para ocultar o n\u00famero de curtidas das publica\u00e7\u00f5es da rede social no Brasil. Segundo mat\u00e9ria publicada no G1, a empresa informa que a inten\u00e7\u00e3o \u00e9 que &#8220;os seguidores se concentrem mais nas fotos e v\u00eddeos que s\u00e3o compartilhados, do que na quantidade de curtidas que recebem&#8221;. A publica\u00e7\u00e3o [&hellip;]<\/p>\n","protected":false},"author":55,"featured_media":44983,"comment_status":"open","ping_status":"closed","sticky":false,"template":"","format":"standard","meta":{"googlesitekit_rrm_CAoiELM5mIOjYRN0nfylq3_9r-8:productID":"","_crdt_document":"","_daim_seo_power":"","_daim_enable_ail":"","footnotes":""},"categories":[14],"tags":[19208,2432],"class_list":["post-44981","post","type-post","status-publish","format-standard","has-post-thumbnail","hentry","category-noticias","tag-fotografia","tag-instagram"],"_links":{"self":[{"href":"https:\/\/www.mochileiros.com\/blog\/wp-json\/wp\/v2\/posts\/44981","targetHints":{"allow":["GET"]}}],"collection":[{"href":"https:\/\/www.mochileiros.com\/blog\/wp-json\/wp\/v2\/posts"}],"about":[{"href":"https:\/\/www.mochileiros.com\/blog\/wp-json\/wp\/v2\/types\/post"}],"author":[{"embeddable":true,"href":"https:\/\/www.mochileiros.com\/blog\/wp-json\/wp\/v2\/users\/55"}],"replies":[{"embeddable":true,"href":"https:\/\/www.mochileiros.com\/blog\/wp-json\/wp\/v2\/comments?post=44981"}],"version-history":[{"count":0,"href":"https:\/\/www.mochileiros.com\/blog\/wp-json\/wp\/v2\/posts\/44981\/revisions"}],"wp:featuredmedia":[{"embeddable":true,"href":"https:\/\/www.mochileiros.com\/blog\/wp-json\/wp\/v2\/media\/44983"}],"wp:attachment":[{"href":"https:\/\/www.mochileiros.com\/blog\/wp-json\/wp\/v2\/media?parent=44981"}],"wp:term":[{"taxonomy":"category","embeddable":true,"href":"https:\/\/www.mochileiros.com\/blog\/wp-json\/wp\/v2\/categories?post=44981"},{"taxonomy":"post_tag","embeddable":true,"href":"https:\/\/www.mochileiros.com\/blog\/wp-json\/wp\/v2\/tags?post=44981"}],"curies":[{"name":"wp","href":"https:\/\/api.w.org\/{rel}","templated":true}]}}