{"id":47511,"date":"2020-02-06T13:31:28","date_gmt":"2020-02-06T16:31:28","guid":{"rendered":"https:\/\/www.mochileiros.com\/blog\/?p=47511"},"modified":"2020-02-06T13:37:10","modified_gmt":"2020-02-06T16:37:10","slug":"confira-o-novo-circuito-e-as-mais-recentes-descobertas","status":"publish","type":"post","link":"https:\/\/www.mochileiros.com\/blog\/confira-o-novo-circuito-e-as-mais-recentes-descobertas","title":{"rendered":"Linhas de Nazca: confira o novo circuito e as mais recentes descobertas"},"content":{"rendered":"<p>O Minist\u00e9rio de Cultura peruano <span style=\"text-decoration: underline;\"><a href=\"https:\/\/www.gob.pe\/institucion\/cultura\/noticias\/79423-ministerio-de-cultura-presento-tres-grupos-de-geoglifos-en-palpa\" target=\"_blank\" rel=\"noopener noreferrer\">anunciou o circuito de visita\u00e7\u00e3o de tr\u00eas novos grupos de geoglifos em Nazca<\/a><\/span>. Denominados &#8220;Sham\u00e1n y sus aliados&#8221;, &#8220;Animales del desieto y d\u00f3nde observarlos&#8221; e &#8220;La Orca de Piedras Gordas&#8221; eles fazem parte da rota inaugurada no \u00faltimo dia 03. Os trabalhos realizados fazem parte das atividades do sistema de gest\u00e3o Nasca-Palpa do Ministerio de Cultura peruano.<\/p>\n<div id=\"attachment_47515\" style=\"width: 660px\" class=\"wp-caption aligncenter\"><img loading=\"lazy\" decoding=\"async\" aria-describedby=\"caption-attachment-47515\" class=\"wp-image-47515 size-full\" src=\"https:\/\/www.mochileiros.com\/blog\/wp-content\/uploads\/2020\/02\/autoridadesnazca2_correta.jpg\" alt=\"\" width=\"650\" height=\"366\" srcset=\"https:\/\/www.mochileiros.com\/blog\/wp-content\/uploads\/2020\/02\/autoridadesnazca2_correta.jpg 650w, https:\/\/www.mochileiros.com\/blog\/wp-content\/uploads\/2020\/02\/autoridadesnazca2_correta-300x169.jpg 300w, https:\/\/www.mochileiros.com\/blog\/wp-content\/uploads\/2020\/02\/autoridadesnazca2_correta-480x270.jpg 480w, https:\/\/www.mochileiros.com\/blog\/wp-content\/uploads\/2020\/02\/autoridadesnazca2_correta-133x75.jpg 133w\" sizes=\"auto, (max-width: 650px) 100vw, 650px\" \/><p id=\"caption-attachment-47515\" class=\"wp-caption-text\">Circuito foi inaugurado no \u00faltimo dia 3 | Foto: Ministerio de Cultura del Per\u00fa.<\/p><\/div>\n<div id=\"ez-toc-container\" class=\"ez-toc-v2_0_82_2 counter-hierarchy ez-toc-counter ez-toc-grey ez-toc-container-direction\">\n<div class=\"ez-toc-title-container\">\n<p class=\"ez-toc-title\" style=\"cursor:inherit\">\u00cdndice<\/p>\n<span class=\"ez-toc-title-toggle\"><a href=\"#\" class=\"ez-toc-pull-right ez-toc-btn ez-toc-btn-xs ez-toc-btn-default ez-toc-toggle\" aria-label=\"Alternar tabela de conte\u00fado\"><span class=\"ez-toc-js-icon-con\"><span class=\"\"><span class=\"eztoc-hide\" style=\"display:none;\">Toggle<\/span><span class=\"ez-toc-icon-toggle-span\"><svg style=\"fill: #999;color:#999\" xmlns=\"http:\/\/www.w3.org\/2000\/svg\" class=\"list-377408\" width=\"20px\" height=\"20px\" viewBox=\"0 0 24 24\" fill=\"none\"><path d=\"M6 6H4v2h2V6zm14 0H8v2h12V6zM4 11h2v2H4v-2zm16 0H8v2h12v-2zM4 16h2v2H4v-2zm16 0H8v2h12v-2z\" fill=\"currentColor\"><\/path><\/svg><svg style=\"fill: #999;color:#999\" class=\"arrow-unsorted-368013\" xmlns=\"http:\/\/www.w3.org\/2000\/svg\" width=\"10px\" height=\"10px\" viewBox=\"0 0 24 24\" version=\"1.2\" baseProfile=\"tiny\"><path d=\"M18.2 9.3l-6.2-6.3-6.2 6.3c-.2.2-.3.4-.3.7s.1.5.3.7c.2.2.4.3.7.3h11c.3 0 .5-.1.7-.3.2-.2.3-.5.3-.7s-.1-.5-.3-.7zM5.8 14.7l6.2 6.3 6.2-6.3c.2-.2.3-.5.3-.7s-.1-.5-.3-.7c-.2-.2-.4-.3-.7-.3h-11c-.3 0-.5.1-.7.3-.2.2-.3.5-.3.7s.1.5.3.7z\"\/><\/svg><\/span><\/span><\/span><\/a><\/span><\/div>\n<nav><ul class='ez-toc-list ez-toc-list-level-1 ' ><li class='ez-toc-page-1 ez-toc-heading-level-3'><a class=\"ez-toc-link ez-toc-heading-1\" href=\"https:\/\/www.mochileiros.com\/blog\/confira-o-novo-circuito-e-as-mais-recentes-descobertas\/#Shaman_y_sus_aliados\" >Sham\u00e1n y sus aliados<\/a><\/li><li class='ez-toc-page-1 ez-toc-heading-level-3'><a class=\"ez-toc-link ez-toc-heading-2\" href=\"https:\/\/www.mochileiros.com\/blog\/confira-o-novo-circuito-e-as-mais-recentes-descobertas\/#Animales_del_desierto_y_donde_observarlos\" >Animales del desierto y d\u00f3nde observarlos<\/a><\/li><li class='ez-toc-page-1 ez-toc-heading-level-3'><a class=\"ez-toc-link ez-toc-heading-3\" href=\"https:\/\/www.mochileiros.com\/blog\/confira-o-novo-circuito-e-as-mais-recentes-descobertas\/#La_Orca_de_Piedras_Gordas\" >La Orca de Piedras Gordas<\/a><\/li><li class='ez-toc-page-1 ez-toc-heading-level-3'><a class=\"ez-toc-link ez-toc-heading-4\" href=\"https:\/\/www.mochileiros.com\/blog\/confira-o-novo-circuito-e-as-mais-recentes-descobertas\/#Inaugurada_nova_torre-mirante\" >Inaugurada nova torre-mirante<\/a><\/li><li class='ez-toc-page-1 ez-toc-heading-level-3'><a class=\"ez-toc-link ez-toc-heading-5\" href=\"https:\/\/www.mochileiros.com\/blog\/confira-o-novo-circuito-e-as-mais-recentes-descobertas\/#Descoberta_de_143_novos_desenhos_foi_divulgada_no_ano_passado\" >Descoberta de 143 novos desenhos foi divulgada no ano passado<\/a><\/li><\/ul><\/nav><\/div>\n<h3><span class=\"ez-toc-section\" id=\"Shaman_y_sus_aliados\"><\/span>Sham\u00e1n y sus aliados<span class=\"ez-toc-section-end\"><\/span><\/h3>\n<p>Compreende um personagem central representado por um ser antropomorfo, o Sham\u00e1n, rodeado de animais como a orca e macacos. De acordo com nota divulgada pelo Minist\u00e9rio de Cultura do Peru, acredita-se que o ser possui atributos sobrenaturais e os animais que o rodeiam estejam vinculados a \u00e1gua (a baleia) e \u00e0 fertilidade (os macacos).<\/p>\n<div id=\"attachment_47521\" style=\"width: 660px\" class=\"wp-caption aligncenter\"><img loading=\"lazy\" decoding=\"async\" aria-describedby=\"caption-attachment-47521\" class=\"wp-image-47521 size-full\" src=\"https:\/\/www.mochileiros.com\/blog\/wp-content\/uploads\/2020\/02\/shaman.jpg\" alt=\"\" width=\"650\" height=\"403\" srcset=\"https:\/\/www.mochileiros.com\/blog\/wp-content\/uploads\/2020\/02\/shaman.jpg 650w, https:\/\/www.mochileiros.com\/blog\/wp-content\/uploads\/2020\/02\/shaman-300x186.jpg 300w\" sizes=\"auto, (max-width: 650px) 100vw, 650px\" \/><p id=\"caption-attachment-47521\" class=\"wp-caption-text\">Foto: Ministerio de Cultura del Per\u00fa.<\/p><\/div>\n<h3><span class=\"ez-toc-section\" id=\"Animales_del_desierto_y_donde_observarlos\"><\/span>Animales del desierto y d\u00f3nde observarlos<span class=\"ez-toc-section-end\"><\/span><\/h3>\n<p>Apresenta uma s\u00e9rie de animais dentre os quais se destacam a figura de uma coruja, dois camelos, um felino e v\u00e1rios personagens antropomorfos, de diferentes tamanhos.<\/p>\n<div id=\"attachment_47522\" style=\"width: 660px\" class=\"wp-caption aligncenter\"><img loading=\"lazy\" decoding=\"async\" aria-describedby=\"caption-attachment-47522\" class=\"wp-image-47522 size-full\" src=\"https:\/\/www.mochileiros.com\/blog\/wp-content\/uploads\/2020\/02\/animais.jpg\" alt=\"\" width=\"650\" height=\"402\" srcset=\"https:\/\/www.mochileiros.com\/blog\/wp-content\/uploads\/2020\/02\/animais.jpg 650w, https:\/\/www.mochileiros.com\/blog\/wp-content\/uploads\/2020\/02\/animais-300x186.jpg 300w\" sizes=\"auto, (max-width: 650px) 100vw, 650px\" \/><p id=\"caption-attachment-47522\" class=\"wp-caption-text\">Foto: Ministerio de Cultura del Per\u00fa.<\/p><\/div>\n<h3><span class=\"ez-toc-section\" id=\"La_Orca_de_Piedras_Gordas\"><\/span>La Orca de Piedras Gordas<span class=\"ez-toc-section-end\"><\/span><\/h3>\n<p>Representa um dos seres m\u00edticos mais importantes das sociedades Paracas e Nasca. Usualmente \u00e9 representada com atributos humanos. A figura est\u00e1 olhando para o oeste (onde est\u00e1 o mar) e traz um peixe diante da boca, al\u00e9m de v\u00e1rias cabe\u00e7as humanas dentro do corpo.<\/p>\n<div id=\"attachment_47523\" style=\"width: 660px\" class=\"wp-caption aligncenter\"><img loading=\"lazy\" decoding=\"async\" aria-describedby=\"caption-attachment-47523\" class=\"wp-image-47523 size-full\" src=\"https:\/\/www.mochileiros.com\/blog\/wp-content\/uploads\/2020\/02\/orca.jpg\" alt=\"\" width=\"650\" height=\"400\" srcset=\"https:\/\/www.mochileiros.com\/blog\/wp-content\/uploads\/2020\/02\/orca.jpg 650w, https:\/\/www.mochileiros.com\/blog\/wp-content\/uploads\/2020\/02\/orca-300x185.jpg 300w\" sizes=\"auto, (max-width: 650px) 100vw, 650px\" \/><p id=\"caption-attachment-47523\" class=\"wp-caption-text\">Foto: Ministerio de Cultura del Per\u00fa.<\/p><\/div>\n<h3><span class=\"ez-toc-section\" id=\"Inaugurada_nova_torre-mirante\"><\/span>Inaugurada nova torre-mirante<span class=\"ez-toc-section-end\"><\/span><\/h3>\n<p>Ainda no dia 3 foi <span style=\"text-decoration: underline;\"><a href=\"https:\/\/www.gob.pe\/institucion\/cultura\/noticias\/81116-ministra-de-cultura-inaugura-la-nueva-torre-mirador-de-las-lineas-y-geoglifos-de-nasca\" target=\"_blank\" rel=\"noopener noreferrer\">inaugurada uma nova torre-mirante no local<\/a><\/span>. De acordo com o Minist\u00e9rio de Cultura peruano, a moderna estrutura permitir\u00e1 a um maior n\u00famero de visitantes admirarem as famosas linhas e geoglifos, reconhecidas como Patrim\u00f4nio Mundial.<br \/>\nA nova torre tem 20 metros de altura de onde \u00e9 poss\u00edvel ver as figuras mais emblem\u00e1ticas do local (\u00c1rvore, M\u00e3o ou R\u00e3 e a Lagartixa), al\u00e9m de outras linhas e campos do extenso territ\u00f3rio das pampas de Nazca.<\/p>\n<div id=\"attachment_47517\" style=\"width: 660px\" class=\"wp-caption aligncenter\"><img loading=\"lazy\" decoding=\"async\" aria-describedby=\"caption-attachment-47517\" class=\"wp-image-47517 size-full\" src=\"https:\/\/www.mochileiros.com\/blog\/wp-content\/uploads\/2020\/02\/novatorrenazca.jpg\" alt=\"\" width=\"650\" height=\"366\" srcset=\"https:\/\/www.mochileiros.com\/blog\/wp-content\/uploads\/2020\/02\/novatorrenazca.jpg 650w, https:\/\/www.mochileiros.com\/blog\/wp-content\/uploads\/2020\/02\/novatorrenazca-300x169.jpg 300w, https:\/\/www.mochileiros.com\/blog\/wp-content\/uploads\/2020\/02\/novatorrenazca-480x270.jpg 480w, https:\/\/www.mochileiros.com\/blog\/wp-content\/uploads\/2020\/02\/novatorrenazca-133x75.jpg 133w\" sizes=\"auto, (max-width: 650px) 100vw, 650px\" \/><p id=\"caption-attachment-47517\" class=\"wp-caption-text\">Nova torre-mirante foi constru\u00edda com fundos de coopera\u00e7\u00e3o japonesa e do Minist\u00e9rio da Cultura do Peru | Foto: Ministerio de Cultura del Per\u00fa.<\/p><\/div>\n<h3><span class=\"ez-toc-section\" id=\"Descoberta_de_143_novos_desenhos_foi_divulgada_no_ano_passado\"><\/span>Descoberta de 143 novos desenhos foi divulgada no ano passado<span class=\"ez-toc-section-end\"><\/span><\/h3>\n<p>Uma equipe de japoneses, coordenada pelo professor de Antropologia Cultural e Arqueologia Andina da Universidade Yamagata, Masato Sakai revelou em novembro de 2019, a descoberta de 143 novos desenhos em Nazca. A descoberta foi resultado do trabalho de campo e an\u00e1lises de imagens tridimensionais feitos pela equipe. Dentre os desenhos, uma figura humanoide, com quatro metros de altura e dois de largura foi delineada por um programa de intelig\u00eancia artificial da IBM do Jap\u00e3o. Mais sobre os trabalhos podem ser conferidos <span style=\"text-decoration: underline;\"><a href=\"https:\/\/www.yamagata-u.ac.jp\/en\/files\/7615\/7381\/2393\/PRESS_RELEASE_nasca191115EN.pdf\" target=\"_blank\" rel=\"noopener noreferrer\">aqui<\/a><\/span>.<\/p>\n<p>Veja abaixo algumas fotos divulgadas pela universidade japonesa:<\/p>\n<div id=\"attachment_47525\" style=\"width: 660px\" class=\"wp-caption aligncenter\"><img loading=\"lazy\" decoding=\"async\" aria-describedby=\"caption-attachment-47525\" class=\"wp-image-47525 size-full\" src=\"https:\/\/www.mochileiros.com\/blog\/wp-content\/uploads\/2020\/02\/nazcapassaro01.jpg\" alt=\"\" width=\"650\" height=\"487\" srcset=\"https:\/\/www.mochileiros.com\/blog\/wp-content\/uploads\/2020\/02\/nazcapassaro01.jpg 650w, https:\/\/www.mochileiros.com\/blog\/wp-content\/uploads\/2020\/02\/nazcapassaro01-300x225.jpg 300w\" sizes=\"auto, (max-width: 650px) 100vw, 650px\" \/><p id=\"caption-attachment-47525\" class=\"wp-caption-text\">Imagem do p\u00e1ssaro | Foto: Universidade Yamagata.<\/p><\/div>\n<div id=\"attachment_47526\" style=\"width: 660px\" class=\"wp-caption aligncenter\"><img loading=\"lazy\" decoding=\"async\" aria-describedby=\"caption-attachment-47526\" class=\"wp-image-47526 size-full\" src=\"https:\/\/www.mochileiros.com\/blog\/wp-content\/uploads\/2020\/02\/nazcapassaro02.jpg\" alt=\"\" width=\"650\" height=\"487\" srcset=\"https:\/\/www.mochileiros.com\/blog\/wp-content\/uploads\/2020\/02\/nazcapassaro02.jpg 650w, https:\/\/www.mochileiros.com\/blog\/wp-content\/uploads\/2020\/02\/nazcapassaro02-300x225.jpg 300w\" sizes=\"auto, (max-width: 650px) 100vw, 650px\" \/><p id=\"caption-attachment-47526\" class=\"wp-caption-text\">Imagem do p\u00e1ssaro em foto processada | Foto: Universidade Yamagata.<\/p><\/div>\n<div id=\"attachment_47527\" style=\"width: 660px\" class=\"wp-caption aligncenter\"><img loading=\"lazy\" decoding=\"async\" aria-describedby=\"caption-attachment-47527\" class=\"wp-image-47527 size-full\" src=\"https:\/\/www.mochileiros.com\/blog\/wp-content\/uploads\/2020\/02\/nazcahumanoide01.jpg\" alt=\"\" width=\"650\" height=\"487\" srcset=\"https:\/\/www.mochileiros.com\/blog\/wp-content\/uploads\/2020\/02\/nazcahumanoide01.jpg 650w, https:\/\/www.mochileiros.com\/blog\/wp-content\/uploads\/2020\/02\/nazcahumanoide01-300x225.jpg 300w\" sizes=\"auto, (max-width: 650px) 100vw, 650px\" \/><p id=\"caption-attachment-47527\" class=\"wp-caption-text\">Humanoide | Foto: Universidade Yamagata.<\/p><\/div>\n<div id=\"attachment_47528\" style=\"width: 660px\" class=\"wp-caption aligncenter\"><img loading=\"lazy\" decoding=\"async\" aria-describedby=\"caption-attachment-47528\" class=\"wp-image-47528 size-full\" src=\"https:\/\/www.mochileiros.com\/blog\/wp-content\/uploads\/2020\/02\/nazcahumanoide02.jpg\" alt=\"\" width=\"650\" height=\"487\" srcset=\"https:\/\/www.mochileiros.com\/blog\/wp-content\/uploads\/2020\/02\/nazcahumanoide02.jpg 650w, https:\/\/www.mochileiros.com\/blog\/wp-content\/uploads\/2020\/02\/nazcahumanoide02-300x225.jpg 300w\" sizes=\"auto, (max-width: 650px) 100vw, 650px\" \/><p id=\"caption-attachment-47528\" class=\"wp-caption-text\">Humanoide em foto processada | Foto: Universidade Yamagata.<\/p><\/div>\n<div id=\"attachment_47529\" style=\"width: 660px\" class=\"wp-caption aligncenter\"><img loading=\"lazy\" decoding=\"async\" aria-describedby=\"caption-attachment-47529\" class=\"wp-image-47529 size-full\" src=\"https:\/\/www.mochileiros.com\/blog\/wp-content\/uploads\/2020\/02\/nazcaserpente2cabecasehumanoide01.jpg\" alt=\"\" width=\"650\" height=\"487\" srcset=\"https:\/\/www.mochileiros.com\/blog\/wp-content\/uploads\/2020\/02\/nazcaserpente2cabecasehumanoide01.jpg 650w, https:\/\/www.mochileiros.com\/blog\/wp-content\/uploads\/2020\/02\/nazcaserpente2cabecasehumanoide01-300x225.jpg 300w\" sizes=\"auto, (max-width: 650px) 100vw, 650px\" \/><p id=\"caption-attachment-47529\" class=\"wp-caption-text\">Serpente de duas cabe\u00e7as e humanoide | Foto: Universidade Yamagata.<\/p><\/div>\n<div id=\"attachment_47530\" style=\"width: 660px\" class=\"wp-caption aligncenter\"><img loading=\"lazy\" decoding=\"async\" aria-describedby=\"caption-attachment-47530\" class=\"wp-image-47530 size-full\" src=\"https:\/\/www.mochileiros.com\/blog\/wp-content\/uploads\/2020\/02\/nazcaserpente2cabecasehumanoide02.jpg\" alt=\"\" width=\"650\" height=\"487\" srcset=\"https:\/\/www.mochileiros.com\/blog\/wp-content\/uploads\/2020\/02\/nazcaserpente2cabecasehumanoide02.jpg 650w, https:\/\/www.mochileiros.com\/blog\/wp-content\/uploads\/2020\/02\/nazcaserpente2cabecasehumanoide02-300x225.jpg 300w\" sizes=\"auto, (max-width: 650px) 100vw, 650px\" \/><p id=\"caption-attachment-47530\" class=\"wp-caption-text\">Serpente de duas cabe\u00e7as foto processada | Foto: Universidade Yamagata.<\/p><\/div>\n<p>&nbsp;<\/p>\n<div id=\"attachment_47531\" style=\"width: 660px\" class=\"wp-caption aligncenter\"><img loading=\"lazy\" decoding=\"async\" aria-describedby=\"caption-attachment-47531\" class=\"wp-image-47531 size-full\" src=\"https:\/\/www.mochileiros.com\/blog\/wp-content\/uploads\/2020\/02\/nazcapeixe01.jpg\" alt=\"\" width=\"650\" height=\"487\" srcset=\"https:\/\/www.mochileiros.com\/blog\/wp-content\/uploads\/2020\/02\/nazcapeixe01.jpg 650w, https:\/\/www.mochileiros.com\/blog\/wp-content\/uploads\/2020\/02\/nazcapeixe01-300x225.jpg 300w\" sizes=\"auto, (max-width: 650px) 100vw, 650px\" \/><p id=\"caption-attachment-47531\" class=\"wp-caption-text\">Peixe | Foto: Universidade Yamagata.<\/p><\/div>\n<div id=\"attachment_47532\" style=\"width: 660px\" class=\"wp-caption aligncenter\"><img loading=\"lazy\" decoding=\"async\" aria-describedby=\"caption-attachment-47532\" class=\"wp-image-47532 size-full\" src=\"https:\/\/www.mochileiros.com\/blog\/wp-content\/uploads\/2020\/02\/nazcapeixe02.jpg\" alt=\"\" width=\"650\" height=\"488\" srcset=\"https:\/\/www.mochileiros.com\/blog\/wp-content\/uploads\/2020\/02\/nazcapeixe02.jpg 650w, https:\/\/www.mochileiros.com\/blog\/wp-content\/uploads\/2020\/02\/nazcapeixe02-300x225.jpg 300w\" sizes=\"auto, (max-width: 650px) 100vw, 650px\" \/><p id=\"caption-attachment-47532\" class=\"wp-caption-text\">Peixe foto processada | Foto: Universidade Yamagata.<\/p><\/div>\n<p>&nbsp;<\/p>\n<p>As Linhas e Geoglifos de Nazca e Palpa s\u00e3o Patrim\u00f4nio Mundial da UNESCO desde 1994. O conjunto constitu\u00ed um dos legados culturais mais surpreendentes do mundo e uma mostra excepcional do sistema de arte e cren\u00e7as das sociedades <span style=\"text-decoration: underline;\"><a href=\"https:\/\/pt.wikipedia.org\/wiki\/Cultura_paracas\" target=\"_blank\" rel=\"noopener noreferrer\">Paracas<\/a><\/span> e <span style=\"text-decoration: underline;\"><a href=\"https:\/\/pt.wikipedia.org\/wiki\/Civiliza%C3%A7%C3%A3o_de_Nasca\" target=\"_blank\" rel=\"noopener noreferrer\">Nasca<\/a><\/span>, que habitaram a costa sul do Peru antes do s\u00e9culo VIII.<\/p>\n<p><em>A imagem (da home e) que traz at\u00e9 este post \u00e9 da Carretera Panamericana Sur 972, Nazca &#8211; Peru | Foto: Mart\u00edn Espinoza\/Unsplash.<\/em><\/p>\n","protected":false},"excerpt":{"rendered":"<p>O Minist\u00e9rio de Cultura peruano anunciou o circuito de visita\u00e7\u00e3o de tr\u00eas novos grupos de geoglifos em Nazca. Denominados &#8220;Sham\u00e1n y sus aliados&#8221;, &#8220;Animales del desieto y d\u00f3nde observarlos&#8221; e &#8220;La Orca de Piedras Gordas&#8221; eles fazem parte da rota inaugurada no \u00faltimo dia 03. Os trabalhos realizados fazem parte das atividades do sistema de [&hellip;]<\/p>\n","protected":false},"author":55,"featured_media":47535,"comment_status":"open","ping_status":"closed","sticky":false,"template":"","format":"standard","meta":{"googlesitekit_rrm_CAoiELM5mIOjYRN0nfylq3_9r-8:productID":"","_crdt_document":"","_daim_seo_power":"1000","_daim_enable_ail":"1","footnotes":""},"categories":[14,59],"tags":[1069,23662,23661],"class_list":["post-47511","post","type-post","status-publish","format-standard","has-post-thumbnail","hentry","category-noticias","category-peru","tag-linhas-de-nazca","tag-nasca","tag-nazca"],"_links":{"self":[{"href":"https:\/\/www.mochileiros.com\/blog\/wp-json\/wp\/v2\/posts\/47511","targetHints":{"allow":["GET"]}}],"collection":[{"href":"https:\/\/www.mochileiros.com\/blog\/wp-json\/wp\/v2\/posts"}],"about":[{"href":"https:\/\/www.mochileiros.com\/blog\/wp-json\/wp\/v2\/types\/post"}],"author":[{"embeddable":true,"href":"https:\/\/www.mochileiros.com\/blog\/wp-json\/wp\/v2\/users\/55"}],"replies":[{"embeddable":true,"href":"https:\/\/www.mochileiros.com\/blog\/wp-json\/wp\/v2\/comments?post=47511"}],"version-history":[{"count":0,"href":"https:\/\/www.mochileiros.com\/blog\/wp-json\/wp\/v2\/posts\/47511\/revisions"}],"wp:featuredmedia":[{"embeddable":true,"href":"https:\/\/www.mochileiros.com\/blog\/wp-json\/wp\/v2\/media\/47535"}],"wp:attachment":[{"href":"https:\/\/www.mochileiros.com\/blog\/wp-json\/wp\/v2\/media?parent=47511"}],"wp:term":[{"taxonomy":"category","embeddable":true,"href":"https:\/\/www.mochileiros.com\/blog\/wp-json\/wp\/v2\/categories?post=47511"},{"taxonomy":"post_tag","embeddable":true,"href":"https:\/\/www.mochileiros.com\/blog\/wp-json\/wp\/v2\/tags?post=47511"}],"curies":[{"name":"wp","href":"https:\/\/api.w.org\/{rel}","templated":true}]}}