{"id":4759,"date":"2012-11-26T20:24:44","date_gmt":"2012-11-26T23:24:44","guid":{"rendered":"https:\/\/www.mochileiros.com\/blog\/?p=4759"},"modified":"2012-11-29T23:26:57","modified_gmt":"2012-11-30T02:26:57","slug":"video-mostra-imagens-antigas-de-cusco-e-regiao","status":"publish","type":"post","link":"https:\/\/www.mochileiros.com\/blog\/video-mostra-imagens-antigas-de-cusco-e-regiao","title":{"rendered":"V\u00eddeo mostra imagens antigas de Cusco e regi\u00e3o"},"content":{"rendered":"<p>Amantes de Machu Picchu e regi\u00e3o, bem como amantes do Peru e de Hist\u00f3ria ir\u00e3o gostar do v\u00eddeo abaixo.<\/p>\n<p><iframe loading=\"lazy\" src=\"http:\/\/www.youtube.com\/embed\/hCNLG3mky8g\" frameborder=\"0\" width=\"600\" height=\"360\"><\/iframe><\/p>\n<p>O v\u00eddeo faz parte do acervo do Museu de Arqueologia e Antropologia da Universidade da Pensilv\u00e2nia.<br \/>\nMais sobre o Penn Museum\u00a0<span style=\"text-decoration: underline;\"><a href=\"http:\/\/www.penn.museum\/\" target=\"_blank\" rel=\"noopener\">aqui<\/a><\/span>.<\/p>\n<p><em>(O v\u00eddeo original n\u00e3o tem m\u00fasica, que foi inserida por Ricardo Escalante, quem publicou o v\u00eddeo no Youtube).<\/em><\/p>\n","protected":false},"excerpt":{"rendered":"<p>Amantes de Machu Picchu e regi\u00e3o, bem como amantes do Peru e de Hist\u00f3ria ir\u00e3o gostar do v\u00eddeo abaixo. O v\u00eddeo faz parte do acervo do Museu de Arqueologia e Antropologia da Universidade da Pensilv\u00e2nia. Mais sobre o Penn Museum\u00a0aqui. (O v\u00eddeo original n\u00e3o tem m\u00fasica, que foi inserida por Ricardo Escalante, quem publicou o [&hellip;]<\/p>\n","protected":false},"author":2,"featured_media":4764,"comment_status":"open","ping_status":"closed","sticky":false,"template":"","format":"standard","meta":{"googlesitekit_rrm_CAoiELM5mIOjYRN0nfylq3_9r-8:productID":"","_crdt_document":"","_daim_seo_power":"","_daim_enable_ail":"","footnotes":""},"categories":[],"tags":[12,46],"class_list":["post-4759","post","type-post","status-publish","format-standard","has-post-thumbnail","hentry","tag-livros-cinema-afins","tag-machu-picchu"],"_links":{"self":[{"href":"https:\/\/www.mochileiros.com\/blog\/wp-json\/wp\/v2\/posts\/4759","targetHints":{"allow":["GET"]}}],"collection":[{"href":"https:\/\/www.mochileiros.com\/blog\/wp-json\/wp\/v2\/posts"}],"about":[{"href":"https:\/\/www.mochileiros.com\/blog\/wp-json\/wp\/v2\/types\/post"}],"author":[{"embeddable":true,"href":"https:\/\/www.mochileiros.com\/blog\/wp-json\/wp\/v2\/users\/2"}],"replies":[{"embeddable":true,"href":"https:\/\/www.mochileiros.com\/blog\/wp-json\/wp\/v2\/comments?post=4759"}],"version-history":[{"count":0,"href":"https:\/\/www.mochileiros.com\/blog\/wp-json\/wp\/v2\/posts\/4759\/revisions"}],"wp:featuredmedia":[{"embeddable":true,"href":"https:\/\/www.mochileiros.com\/blog\/wp-json\/wp\/v2\/media\/4764"}],"wp:attachment":[{"href":"https:\/\/www.mochileiros.com\/blog\/wp-json\/wp\/v2\/media?parent=4759"}],"wp:term":[{"taxonomy":"category","embeddable":true,"href":"https:\/\/www.mochileiros.com\/blog\/wp-json\/wp\/v2\/categories?post=4759"},{"taxonomy":"post_tag","embeddable":true,"href":"https:\/\/www.mochileiros.com\/blog\/wp-json\/wp\/v2\/tags?post=4759"}],"curies":[{"name":"wp","href":"https:\/\/api.w.org\/{rel}","templated":true}]}}