{"id":47901,"date":"2020-02-23T14:31:08","date_gmt":"2020-02-23T17:31:08","guid":{"rendered":"https:\/\/www.mochileiros.com\/blog\/?p=47901"},"modified":"2020-02-23T14:34:00","modified_gmt":"2020-02-23T17:34:00","slug":"tres-empresas-estao-credenciadas-para-operar-no-pico-da-neblina","status":"publish","type":"post","link":"https:\/\/www.mochileiros.com\/blog\/tres-empresas-estao-credenciadas-para-operar-no-pico-da-neblina","title":{"rendered":"Tr\u00eas empresas est\u00e3o credenciadas para operar no Pico da Neblina"},"content":{"rendered":"<p>O Instituto Chico Mendes de Conserva\u00e7\u00e3o da Biodiversidade (ICMBio) divulgou o resultado do credenciamento para atua\u00e7\u00e3o em servi\u00e7os de opera\u00e7\u00e3o tur\u00edstica no Parque Nacional do Pico da Neblina, no Amazonas. Clique <span style=\"text-decoration: underline;\"><a href=\"http:\/\/www.icmbio.gov.br\/portal\/images\/stories\/edital\/resultado_autorizados_edital_credenciamento_1_2020_parna_do_pico_da_neblina.pdf\" target=\"_blank\" rel=\"noopener noreferrer\">aqui<\/a><\/span> para ver os resultados.<\/p>\n<p>As empresas <span style=\"text-decoration: underline;\"><a href=\"https:\/\/www.amazonemotions.com\/\" target=\"_blank\" rel=\"noopener noreferrer\">Amazon Emotions<\/a><\/span>, <span style=\"text-decoration: underline;\"><a href=\"https:\/\/www.ambiental.tur.br\/\" target=\"_blank\" rel=\"noopener noreferrer\">Ambiental Turismo<\/a><\/span> e <span style=\"text-decoration: underline;\"><a href=\"https:\/\/roraimaadventures.com.br\/\" target=\"_blank\" rel=\"noopener noreferrer\">Roraima Adventures<\/a><\/span> s\u00e3o as selecionadas para o credenciamento. Foram avaliados os seguintes crit\u00e9rios: experi\u00eancias em opera\u00e7\u00f5es de turismo na Amaz\u00f4nia; experi\u00eancia profissional de turismo em terras ind\u00edgenas ou comunidades tradicionais; experi\u00eancia em opera\u00e7\u00e3o de turismo em regi\u00f5es montanhosas e locais remotos; atender ao Sistema de Gest\u00e3o de Seguran\u00e7a para Opera\u00e7\u00e3o Tur\u00edstica no Pico da Neblina, segundo as diretrizes da ABNT NBR ISSO 21101; e carta de anu\u00eancia da Associa\u00e7\u00e3o Yanomami do Rio Cauaburis e Afluentes (AYRCA), j\u00e1 que o servi\u00e7o ser\u00e1 prestado em \u00e1rea de sobreposi\u00e7\u00e3o com a terra ind\u00edgena.<\/p>\n<div id=\"attachment_47902\" style=\"width: 1034px\" class=\"wp-caption aligncenter\"><img loading=\"lazy\" decoding=\"async\" aria-describedby=\"caption-attachment-47902\" class=\"wp-image-47902 size-full\" src=\"https:\/\/www.mochileiros.com\/blog\/wp-content\/uploads\/2020\/02\/pico_da_neblina_katiatorresribeiro_icmbio_yaripo.jpg\" alt=\"\" width=\"1024\" height=\"768\" srcset=\"https:\/\/www.mochileiros.com\/blog\/wp-content\/uploads\/2020\/02\/pico_da_neblina_katiatorresribeiro_icmbio_yaripo.jpg 1024w, https:\/\/www.mochileiros.com\/blog\/wp-content\/uploads\/2020\/02\/pico_da_neblina_katiatorresribeiro_icmbio_yaripo-300x225.jpg 300w, https:\/\/www.mochileiros.com\/blog\/wp-content\/uploads\/2020\/02\/pico_da_neblina_katiatorresribeiro_icmbio_yaripo-768x576.jpg 768w\" sizes=\"auto, (max-width: 1024px) 100vw, 1024px\" \/><p id=\"caption-attachment-47902\" class=\"wp-caption-text\">Foto: Katia Torres Ribeiro\/ICMBio.<\/p><\/div>\n<p>O processo para reabertura do Pico da Neblina durou cerca de seis anos. Por ser uma \u00e1rea de dupla afeta\u00e7\u00e3o (territ\u00f3rio ind\u00edgena e unidade de conserva\u00e7\u00e3o), o ICMBio construiu junto aos Yanomamis as diretrizes de turismo que deveriam ser adotadas pelos prestadores de servi\u00e7o. Em 2018, foi publicado o Plano de Visita\u00e7\u00e3o Yaripo que norteia e estabelece as normas para turismo e alinha os interesses entre as institui\u00e7\u00f5es envolvidas. O ICMBio \u00e9 respons\u00e1vel pelo credenciamento das operadoras, enquanto que a AYRCA far\u00e1 a gest\u00e3o do turismo com apoio dos \u00f3rg\u00e3os p\u00fablicos, j\u00e1 que trata-se de turismo com base comunit\u00e1ria.<\/p>\n<p>O <span style=\"text-decoration: underline;\"><a href=\"http:\/\/www.icmbio.gov.br\/portal\/parna-do-pico-da-neblina\" target=\"_blank\" rel=\"noopener noreferrer\">Parque Nacional do Pico da Neblina<\/a><\/span> abriga o ponto mais alto do pa\u00eds e, por isso, possui um grande potencial no turismo de aventura e de montanhismo.<\/p>\n<p><em>Texto: <a href=\"http:\/\/www.icmbio.gov.br\/portal\/ultimas-noticias\/20-geral\/10916-icmbio-divulga-credenciados-para-o-pico-da-neblina\" target=\"_blank\" rel=\"noopener noreferrer\">ICMBio<\/a> e Reda\u00e7\u00e3o.<\/em><\/p>\n","protected":false},"excerpt":{"rendered":"<p>O Instituto Chico Mendes de Conserva\u00e7\u00e3o da Biodiversidade (ICMBio) divulgou o resultado do credenciamento para atua\u00e7\u00e3o em servi\u00e7os de opera\u00e7\u00e3o tur\u00edstica no Parque Nacional do Pico da Neblina, no Amazonas. Clique aqui para ver os resultados. As empresas Amazon Emotions, Ambiental Turismo e Roraima Adventures s\u00e3o as selecionadas para o credenciamento. Foram avaliados os seguintes [&hellip;]<\/p>\n","protected":false},"author":55,"featured_media":47902,"comment_status":"open","ping_status":"closed","sticky":false,"template":"","format":"standard","meta":{"googlesitekit_rrm_CAoiELM5mIOjYRN0nfylq3_9r-8:productID":"","_crdt_document":"","_daim_seo_power":"1000","_daim_enable_ail":"1","footnotes":""},"categories":[14],"tags":[1963,2371],"class_list":["post-47901","post","type-post","status-publish","format-standard","has-post-thumbnail","hentry","category-noticias","tag-amazonas","tag-pico-da-neblina"],"_links":{"self":[{"href":"https:\/\/www.mochileiros.com\/blog\/wp-json\/wp\/v2\/posts\/47901","targetHints":{"allow":["GET"]}}],"collection":[{"href":"https:\/\/www.mochileiros.com\/blog\/wp-json\/wp\/v2\/posts"}],"about":[{"href":"https:\/\/www.mochileiros.com\/blog\/wp-json\/wp\/v2\/types\/post"}],"author":[{"embeddable":true,"href":"https:\/\/www.mochileiros.com\/blog\/wp-json\/wp\/v2\/users\/55"}],"replies":[{"embeddable":true,"href":"https:\/\/www.mochileiros.com\/blog\/wp-json\/wp\/v2\/comments?post=47901"}],"version-history":[{"count":0,"href":"https:\/\/www.mochileiros.com\/blog\/wp-json\/wp\/v2\/posts\/47901\/revisions"}],"wp:featuredmedia":[{"embeddable":true,"href":"https:\/\/www.mochileiros.com\/blog\/wp-json\/wp\/v2\/media\/47902"}],"wp:attachment":[{"href":"https:\/\/www.mochileiros.com\/blog\/wp-json\/wp\/v2\/media?parent=47901"}],"wp:term":[{"taxonomy":"category","embeddable":true,"href":"https:\/\/www.mochileiros.com\/blog\/wp-json\/wp\/v2\/categories?post=47901"},{"taxonomy":"post_tag","embeddable":true,"href":"https:\/\/www.mochileiros.com\/blog\/wp-json\/wp\/v2\/tags?post=47901"}],"curies":[{"name":"wp","href":"https:\/\/api.w.org\/{rel}","templated":true}]}}