{"id":48477,"date":"2020-03-16T11:24:53","date_gmt":"2020-03-16T14:24:53","guid":{"rendered":"https:\/\/www.mochileiros.com\/blog\/?p=48477"},"modified":"2020-03-16T11:27:44","modified_gmt":"2020-03-16T14:27:44","slug":"peru-fecha-fronteiras-para-conter-o-covid-19","status":"publish","type":"post","link":"https:\/\/www.mochileiros.com\/blog\/peru-fecha-fronteiras-para-conter-o-covid-19","title":{"rendered":"Peru fecha fronteiras para conter o COVID-19"},"content":{"rendered":"<p>Assim como a <span style=\"text-decoration: underline;\"><a href=\"https:\/\/www.mochileiros.com\/blog\/argentina-fecha-fronteiras-por-15-dias\" target=\"_blank\" rel=\"noopener noreferrer\">Argentina, que anunciou ontem (15) o fechamento de todas as fronteiras do pa\u00eds<\/a><\/span>, o Peru declarou no mesmo dia, estado de emerg\u00eancia e o fechamento de suas fronteiras devido \u00e0 pandemia do novo coronav\u00edrus.<br \/>\nDe acordo com informa\u00e7\u00f5es publicadas pela ag\u00eancia de not\u00edcias <span style=\"text-decoration: underline;\"><a href=\"https:\/\/br.sputniknews.com\/americas\/2020031515333427-peru-declara-emergencia-nacional-e-fecha-as-fronteiras-para-conter-o-covid-19\/\" target=\"_blank\" rel=\"noopener noreferrer\">SputnikNews<\/a><\/span>, o presidente Mart\u00edn Vizcarra, frisou que est\u00e1 proibido o uso de vias p\u00fablicas no pa\u00eds, exceto para a presta\u00e7\u00e3o e acesso a servi\u00e7os essenciais como aquisi\u00e7\u00e3o, produ\u00e7\u00e3o e distribui\u00e7\u00e3o de produtos aliment\u00edcios e farmac\u00eauticos e aqueles de primeira necessidade.<br \/>\nEst\u00e3o isentos das suspens\u00f5es pessoas que precisem transportar idosos, crian\u00e7as e pessoas com necessidades especiais a locais para atendimento m\u00e9dico, bem como \u00e0queles que precisem ir a centros de sa\u00fade e diagn\u00f3stico e em casos de emerg\u00eancias.<\/p>\n<p>Assim como na Argentina, a vig\u00eancia da medida (num primeiro momento) vale por 15 dias.<\/p>\n<h3>Machu Picchu n\u00e3o receber\u00e1 visitantes durante o estado de emerg\u00eancia<\/h3>\n<p>O ponto tur\u00edstico mais visitado do Peru, Machu Picchu n\u00e3o receber\u00e1 visitantes durante o estado de emerg\u00eancia. Nem trens, nem \u00f4nibus circular\u00e3o rumo \u00e0 ciudadela Inca. As informa\u00e7\u00f5es s\u00e3o do jornal peruano <span style=\"text-decoration: underline;\"><a href=\"https:\/\/larepublica.pe\/sociedad\/2020\/03\/16\/estado-de-emergencia-no-habra-trenes-ni-buses-hacia-machu-picchu-por-coronavirus-cusco-lrsd\/\" target=\"_blank\" rel=\"noopener noreferrer\">La Republica<\/a><\/span>.<\/p>\n<p>Peru Rail e Inca Rail que operam os trens locais publicaram aviso sobre em seus sites.<\/p>\n<div id=\"attachment_48479\" style=\"width: 1034px\" class=\"wp-caption aligncenter\"><img loading=\"lazy\" decoding=\"async\" aria-describedby=\"caption-attachment-48479\" class=\"wp-image-48479 size-full\" src=\"https:\/\/www.mochileiros.com\/blog\/wp-content\/uploads\/2020\/03\/perurail_160320.jpg\" alt=\"\" width=\"1024\" height=\"467\" srcset=\"https:\/\/www.mochileiros.com\/blog\/wp-content\/uploads\/2020\/03\/perurail_160320.jpg 1024w, https:\/\/www.mochileiros.com\/blog\/wp-content\/uploads\/2020\/03\/perurail_160320-300x137.jpg 300w, https:\/\/www.mochileiros.com\/blog\/wp-content\/uploads\/2020\/03\/perurail_160320-768x350.jpg 768w\" sizes=\"auto, (max-width: 1024px) 100vw, 1024px\" \/><p id=\"caption-attachment-48479\" class=\"wp-caption-text\">Comunicado no <span style=\"text-decoration: underline;\"><a href=\"https:\/\/www.perurail.com\/\" target=\"_blank\" rel=\"noopener noreferrer\">site da Peru Rail<\/a><\/span> fala sobre a suspens\u00e3o dos servi\u00e7os | Foto: Reprodu\u00e7\u00e3o.<\/p><\/div>\n<div id=\"attachment_48480\" style=\"width: 1034px\" class=\"wp-caption alignnone\"><img loading=\"lazy\" decoding=\"async\" aria-describedby=\"caption-attachment-48480\" class=\"size-full wp-image-48480\" src=\"https:\/\/www.mochileiros.com\/blog\/wp-content\/uploads\/2020\/03\/incarail160320.jpg\" alt=\"\" width=\"1024\" height=\"473\" srcset=\"https:\/\/www.mochileiros.com\/blog\/wp-content\/uploads\/2020\/03\/incarail160320.jpg 1024w, https:\/\/www.mochileiros.com\/blog\/wp-content\/uploads\/2020\/03\/incarail160320-300x139.jpg 300w, https:\/\/www.mochileiros.com\/blog\/wp-content\/uploads\/2020\/03\/incarail160320-768x355.jpg 768w\" sizes=\"auto, (max-width: 1024px) 100vw, 1024px\" \/><p id=\"caption-attachment-48480\" class=\"wp-caption-text\">Inca Rail tamb\u00e9m d\u00e1 detalhes sobre a suspens\u00e3o dos servi\u00e7os em comunicado publicado em seu <span style=\"text-decoration: underline;\"><a href=\"https:\/\/incarail.com\/pt\/\" target=\"_blank\" rel=\"noopener noreferrer\">site<\/a><\/span> | Foto: Reprodu\u00e7\u00e3o.<\/p><\/div>\n<p><em>A foto (da home e) que traz at\u00e9 este post \u00e9 de Natalie Pedigo\/Unsplash.<\/em><\/p>\n<p>&nbsp;<\/p>\n","protected":false},"excerpt":{"rendered":"<p>Assim como a Argentina, que anunciou ontem (15) o fechamento de todas as fronteiras do pa\u00eds, o Peru declarou no mesmo dia, estado de emerg\u00eancia e o fechamento de suas fronteiras devido \u00e0 pandemia do novo coronav\u00edrus. De acordo com informa\u00e7\u00f5es publicadas pela ag\u00eancia de not\u00edcias SputnikNews, o presidente Mart\u00edn Vizcarra, frisou que est\u00e1 proibido [&hellip;]<\/p>\n","protected":false},"author":55,"featured_media":48482,"comment_status":"open","ping_status":"closed","sticky":false,"template":"","format":"standard","meta":{"googlesitekit_rrm_CAoiELM5mIOjYRN0nfylq3_9r-8:productID":"","_crdt_document":"","_daim_seo_power":"1000","_daim_enable_ail":"1","footnotes":""},"categories":[14,59],"tags":[24643,24747],"class_list":["post-48477","post","type-post","status-publish","format-standard","has-post-thumbnail","hentry","category-noticias","category-peru","tag-coronavirus","tag-covid-19"],"_links":{"self":[{"href":"https:\/\/www.mochileiros.com\/blog\/wp-json\/wp\/v2\/posts\/48477","targetHints":{"allow":["GET"]}}],"collection":[{"href":"https:\/\/www.mochileiros.com\/blog\/wp-json\/wp\/v2\/posts"}],"about":[{"href":"https:\/\/www.mochileiros.com\/blog\/wp-json\/wp\/v2\/types\/post"}],"author":[{"embeddable":true,"href":"https:\/\/www.mochileiros.com\/blog\/wp-json\/wp\/v2\/users\/55"}],"replies":[{"embeddable":true,"href":"https:\/\/www.mochileiros.com\/blog\/wp-json\/wp\/v2\/comments?post=48477"}],"version-history":[{"count":0,"href":"https:\/\/www.mochileiros.com\/blog\/wp-json\/wp\/v2\/posts\/48477\/revisions"}],"wp:featuredmedia":[{"embeddable":true,"href":"https:\/\/www.mochileiros.com\/blog\/wp-json\/wp\/v2\/media\/48482"}],"wp:attachment":[{"href":"https:\/\/www.mochileiros.com\/blog\/wp-json\/wp\/v2\/media?parent=48477"}],"wp:term":[{"taxonomy":"category","embeddable":true,"href":"https:\/\/www.mochileiros.com\/blog\/wp-json\/wp\/v2\/categories?post=48477"},{"taxonomy":"post_tag","embeddable":true,"href":"https:\/\/www.mochileiros.com\/blog\/wp-json\/wp\/v2\/tags?post=48477"}],"curies":[{"name":"wp","href":"https:\/\/api.w.org\/{rel}","templated":true}]}}