{"id":48495,"date":"2020-03-16T12:31:38","date_gmt":"2020-03-16T15:31:38","guid":{"rendered":"https:\/\/www.mochileiros.com\/blog\/?p=48495"},"modified":"2020-03-16T12:31:38","modified_gmt":"2020-03-16T15:31:38","slug":"chile-fechara-fronteiras-por-14-dias-na-proxima-quarta","status":"publish","type":"post","link":"https:\/\/www.mochileiros.com\/blog\/chile-fechara-fronteiras-por-14-dias-na-proxima-quarta","title":{"rendered":"Chile fechar\u00e1 fronteiras por 14 dias na pr\u00f3xima quarta (18)"},"content":{"rendered":"<p>Na manh\u00e3 desta segunda-feira (16\/O3) em <span style=\"text-decoration: underline;\"><a href=\"https:\/\/www.youtube.com\/watch?v=pBrvX2QC28\" target=\"_blank\" rel=\"noopener noreferrer\">an\u00fancio no Pal\u00e1cio La Moneda<\/a><\/span> , o presidente do Chile, Sebasti\u00e1n Pi\u00f1era, anunciou o fechamento de todas as fronteiras por 14 dia e confirmou que h\u00e1 155 pessoas infectadas no pa\u00eds.<\/p>\n<p>Assim <span style=\"text-decoration: underline;\"><a href=\"https:\/\/www.mochileiros.com\/blog\/argentina-fecha-fronteiras-por-15-dias\" target=\"_blank\" rel=\"noopener noreferrer\">como fez a Argentina<\/a><\/span>, s\u00f3 poder\u00e3o entrar nativos ou residentes que vierem em voos que ainda estiverem ativos.<\/p>\n<p>\u201cDecidimos fechar todas as fronteiras terrestres, mar\u00edtimas e regionais de nosso pa\u00eds para o tr\u00e2nsito de estrangeiros. Isso n\u00e3o afetar\u00e1 a entrada e sa\u00edda de carga ou transportadoras, para continuar garantindo o fornecimento normal de nosso pa\u00eds. Esta medida entrar\u00e1 em vigor a partir de quarta-feira, 18 de mar\u00e7o. Cidad\u00e3os chilenos e residentes permanentes no Chile, vindos de locais de alto risco, podem entrar em nosso pa\u00eds passando pela Alf\u00e2ndega Sanit\u00e1ria e por uma quarentena obrigat\u00f3ria de 14 dias &#8220;, refor\u00e7ou.<\/p>\n<p>Pi\u00f1era tamb\u00e9m enfatizou que o Governo exercer\u00e1 todos os poderes concedidos pela lei para processar aqueles que n\u00e3o cumprirem as instru\u00e7\u00f5es que a autoridade de sa\u00fade deu e p\u00f5e em risco a sa\u00fade de outras pessoas. &#8220;Isso significa aplicar as multas e penas de pris\u00e3o estabelecidas pelo C\u00f3digo Sanit\u00e1rio e pelo C\u00f3digo Penal&#8221;.<\/p>\n<p>As For\u00e7as Armadas colaborar\u00e3o com o controle de fronteiras &#8220;para garantir que o fechamento que determinamos seja totalmente respeitado&#8221;, refor\u00e7ou o presidente do Chile.<\/p>\n<p><strong>Assista o pronunciamento na \u00edntegra:<\/strong><\/p>\n<p><iframe loading=\"lazy\" title=\"Chile cierra todas sus fronteras por coronavirus: anuncio del Presidente Pi\u00f1era\" width=\"740\" height=\"416\" src=\"https:\/\/www.youtube.com\/embed\/pBrvxX2QC28?feature=oembed\" frameborder=\"0\" allow=\"accelerometer; autoplay; clipboard-write; encrypted-media; gyroscope; picture-in-picture; web-share\" referrerpolicy=\"strict-origin-when-cross-origin\" allowfullscreen><\/iframe><\/p>\n<p>&nbsp;<\/p>\n<p>&nbsp;<\/p>\n","protected":false},"excerpt":{"rendered":"<p>Na manh\u00e3 desta segunda-feira (16\/O3) em an\u00fancio no Pal\u00e1cio La Moneda , o presidente do Chile, Sebasti\u00e1n Pi\u00f1era, anunciou o fechamento de todas as fronteiras por 14 dia e confirmou que h\u00e1 155 pessoas infectadas no pa\u00eds. Assim como fez a Argentina, s\u00f3 poder\u00e3o entrar nativos ou residentes que vierem em voos que ainda estiverem [&hellip;]<\/p>\n","protected":false},"author":55,"featured_media":46252,"comment_status":"open","ping_status":"closed","sticky":false,"template":"","format":"standard","meta":{"googlesitekit_rrm_CAoiELM5mIOjYRN0nfylq3_9r-8:productID":"","_crdt_document":"","_daim_seo_power":"1000","_daim_enable_ail":"1","footnotes":""},"categories":[14],"tags":[19790,24643],"class_list":["post-48495","post","type-post","status-publish","format-standard","has-post-thumbnail","hentry","category-noticias","tag-chile","tag-coronavirus"],"_links":{"self":[{"href":"https:\/\/www.mochileiros.com\/blog\/wp-json\/wp\/v2\/posts\/48495","targetHints":{"allow":["GET"]}}],"collection":[{"href":"https:\/\/www.mochileiros.com\/blog\/wp-json\/wp\/v2\/posts"}],"about":[{"href":"https:\/\/www.mochileiros.com\/blog\/wp-json\/wp\/v2\/types\/post"}],"author":[{"embeddable":true,"href":"https:\/\/www.mochileiros.com\/blog\/wp-json\/wp\/v2\/users\/55"}],"replies":[{"embeddable":true,"href":"https:\/\/www.mochileiros.com\/blog\/wp-json\/wp\/v2\/comments?post=48495"}],"version-history":[{"count":0,"href":"https:\/\/www.mochileiros.com\/blog\/wp-json\/wp\/v2\/posts\/48495\/revisions"}],"wp:featuredmedia":[{"embeddable":true,"href":"https:\/\/www.mochileiros.com\/blog\/wp-json\/wp\/v2\/media\/46252"}],"wp:attachment":[{"href":"https:\/\/www.mochileiros.com\/blog\/wp-json\/wp\/v2\/media?parent=48495"}],"wp:term":[{"taxonomy":"category","embeddable":true,"href":"https:\/\/www.mochileiros.com\/blog\/wp-json\/wp\/v2\/categories?post=48495"},{"taxonomy":"post_tag","embeddable":true,"href":"https:\/\/www.mochileiros.com\/blog\/wp-json\/wp\/v2\/tags?post=48495"}],"curies":[{"name":"wp","href":"https:\/\/api.w.org\/{rel}","templated":true}]}}