{"id":48515,"date":"2020-03-16T14:15:16","date_gmt":"2020-03-16T17:15:16","guid":{"rendered":"https:\/\/www.mochileiros.com\/blog\/?p=48515"},"modified":"2020-03-16T14:20:10","modified_gmt":"2020-03-16T17:20:10","slug":"uniao-europeia-restringira-acesso-ao-bloco-por-30-dias","status":"publish","type":"post","link":"https:\/\/www.mochileiros.com\/blog\/uniao-europeia-restringira-acesso-ao-bloco-por-30-dias","title":{"rendered":"Uni\u00e3o Europeia restringir\u00e1 acesso ao bloco por 30 dias"},"content":{"rendered":"<p>A presidente da Comiss\u00e3o Europeia anunciou que pedir\u00e1 aos pa\u00edses a restri\u00e7\u00e3o de viagens n\u00e3o essenciais ao bloco pelo per\u00edodo de 30 dias. O an\u00fancio foi feito pela presidente da comiss\u00e3o, Ursula von der Leyen, <span style=\"text-decoration: underline;\"><a href=\"https:\/\/twitter.com\/vonderleyen\/status\/1239568170152857607\" target=\"_blank\" rel=\"noopener noreferrer\">via Twitter<\/a><\/span>.<\/p>\n<p>A medida \u00e9 mais uma tentativa de contar a epidemia do novo coronav\u00edrus e poder\u00e1 ser estendida por mais tempo, se necess\u00e1rio.<br \/>\nA restri\u00e7\u00e3o n\u00e3o ser\u00e1 aplicada aos familiares de cidad\u00e3os ou estrangeiros residentes no bloco, assim como profissionais da sa\u00fade e pessoas envolvidas no transporte de produtos para a Uni\u00e3o Europeia.<br \/>\n&#8220;Quanto menos viagens, mais podemos conter o v\u00edrus. Acabei de informar nossos parceiros do G7 que proponho para todos os chefes de Estado e governo a restri\u00e7\u00e3o de qualquer viagem n\u00e3o essencial para a Uni\u00e3o Europeia&#8221;. As informa\u00e7\u00f5es s\u00e3o da <span style=\"text-decoration: underline;\"><a href=\"https:\/\/exame.abril.com.br\/mundo\/coronavirus-uniao-europeia-restringira-acesso-ao-bloco-por-30-dias\/\" target=\"_blank\" rel=\"noopener noreferrer\">revista Exame<\/a><\/span>.<\/p>\n<div id=\"attachment_48516\" style=\"width: 540px\" class=\"wp-caption aligncenter\"><img loading=\"lazy\" decoding=\"async\" aria-describedby=\"caption-attachment-48516\" class=\"wp-image-48516 size-full\" src=\"https:\/\/www.mochileiros.com\/blog\/wp-content\/uploads\/2020\/03\/presidentecomissaoUE_160320.jpg\" alt=\"\" width=\"530\" height=\"615\" srcset=\"https:\/\/www.mochileiros.com\/blog\/wp-content\/uploads\/2020\/03\/presidentecomissaoUE_160320.jpg 530w, https:\/\/www.mochileiros.com\/blog\/wp-content\/uploads\/2020\/03\/presidentecomissaoUE_160320-259x300.jpg 259w\" sizes=\"auto, (max-width: 530px) 100vw, 530px\" \/><p id=\"caption-attachment-48516\" class=\"wp-caption-text\">Foto: Reprodu\u00e7\u00e3o.<\/p><\/div>\n<blockquote class=\"twitter-tweet\">\n<p dir=\"ltr\" lang=\"en\">The <a href=\"https:\/\/twitter.com\/EU_Commission?ref_src=twsrc%5Etfw\" target=\"_blank\" rel=\"noopener\">@EU_Commission<\/a> presents guidelines on border measures &amp; proposes:<\/p>\n<p>1\u20e3Green lanes\/fast lanes giving priority to essential transport to keep the mobility sector going &amp; ensure economic continuity<\/p>\n<p>2\u20e3Temporary restriction on non-essential travel to the EU (30 days) <a href=\"https:\/\/t.co\/9bda9MntF0\">pic.twitter.com\/9bda9MntF0<\/a><\/p>\n<p>\u2014 Ursula von der Leyen (@vonderleyen) <a href=\"https:\/\/twitter.com\/vonderleyen\/status\/1239568170152857607?ref_src=twsrc%5Etfw\" target=\"_blank\" rel=\"noopener\">March 16, 2020<\/a><\/p><\/blockquote>\n<p><script async src=\"https:\/\/platform.twitter.com\/widgets.js\" charset=\"utf-8\"><\/script><\/p>\n","protected":false},"excerpt":{"rendered":"<p>A presidente da Comiss\u00e3o Europeia anunciou que pedir\u00e1 aos pa\u00edses a restri\u00e7\u00e3o de viagens n\u00e3o essenciais ao bloco pelo per\u00edodo de 30 dias. O an\u00fancio foi feito pela presidente da comiss\u00e3o, Ursula von der Leyen, via Twitter. A medida \u00e9 mais uma tentativa de contar a epidemia do novo coronav\u00edrus e poder\u00e1 ser estendida por [&hellip;]<\/p>\n","protected":false},"author":55,"featured_media":48522,"comment_status":"open","ping_status":"closed","sticky":false,"template":"","format":"standard","meta":{"googlesitekit_rrm_CAoiELM5mIOjYRN0nfylq3_9r-8:productID":"","_crdt_document":"","_daim_seo_power":"1000","_daim_enable_ail":"1","footnotes":""},"categories":[14],"tags":[24643,24747,19194],"class_list":["post-48515","post","type-post","status-publish","format-standard","has-post-thumbnail","hentry","category-noticias","tag-coronavirus","tag-covid-19","tag-europa"],"_links":{"self":[{"href":"https:\/\/www.mochileiros.com\/blog\/wp-json\/wp\/v2\/posts\/48515","targetHints":{"allow":["GET"]}}],"collection":[{"href":"https:\/\/www.mochileiros.com\/blog\/wp-json\/wp\/v2\/posts"}],"about":[{"href":"https:\/\/www.mochileiros.com\/blog\/wp-json\/wp\/v2\/types\/post"}],"author":[{"embeddable":true,"href":"https:\/\/www.mochileiros.com\/blog\/wp-json\/wp\/v2\/users\/55"}],"replies":[{"embeddable":true,"href":"https:\/\/www.mochileiros.com\/blog\/wp-json\/wp\/v2\/comments?post=48515"}],"version-history":[{"count":0,"href":"https:\/\/www.mochileiros.com\/blog\/wp-json\/wp\/v2\/posts\/48515\/revisions"}],"wp:featuredmedia":[{"embeddable":true,"href":"https:\/\/www.mochileiros.com\/blog\/wp-json\/wp\/v2\/media\/48522"}],"wp:attachment":[{"href":"https:\/\/www.mochileiros.com\/blog\/wp-json\/wp\/v2\/media?parent=48515"}],"wp:term":[{"taxonomy":"category","embeddable":true,"href":"https:\/\/www.mochileiros.com\/blog\/wp-json\/wp\/v2\/categories?post=48515"},{"taxonomy":"post_tag","embeddable":true,"href":"https:\/\/www.mochileiros.com\/blog\/wp-json\/wp\/v2\/tags?post=48515"}],"curies":[{"name":"wp","href":"https:\/\/api.w.org\/{rel}","templated":true}]}}