{"id":48521,"date":"2020-03-16T14:25:09","date_gmt":"2020-03-16T17:25:09","guid":{"rendered":"https:\/\/www.mochileiros.com\/blog\/?p=48521"},"modified":"2020-03-16T14:26:03","modified_gmt":"2020-03-16T17:26:03","slug":"defesa-civil-vai-as-praias-do-rio-para-pedir-que-banhistas-se-retirem","status":"publish","type":"post","link":"https:\/\/www.mochileiros.com\/blog\/defesa-civil-vai-as-praias-do-rio-para-pedir-que-banhistas-se-retirem","title":{"rendered":"Defesa Civil vai \u00e0s praias do Rio para pedir que banhistas se retirem"},"content":{"rendered":"<p><em>Medida \u00e9 preventiva para conter transmiss\u00e3o do coronav\u00edrus<\/em><\/p>\n<p>Depois do an\u00fancio de antecipa\u00e7\u00e3o das f\u00e9rias escolares pelo governo do estado e pela prefeitura do Rio de Janeiro, como medida para conter a transmiss\u00e3o do coronav\u00edrus, o fim de semana ensolarado levou muitos banhistas \u00e0s praias da cidade, contrariando recomenda\u00e7\u00e3o da Organiza\u00e7\u00e3o Mundial da Sa\u00fade e do Minist\u00e9rio da Sa\u00fade de evitar aglomera\u00e7\u00f5es.<br \/>\nNa manh\u00e3 de hoje (16), quem foi \u00e0 praia foi surpreendido por carros do Corpo de Bombeiros com alto-falantes pedindo que a popula\u00e7\u00e3o permane\u00e7a em casa e fa\u00e7a a sua parte para conter o avan\u00e7o da doen\u00e7a. O estado do Rio de Janeiro tem 25 casos confirmados, um em estado grave.<\/p>\n<p>Segundo a Secretaria de Estado de Defesa Civil, as viaturas do Corpo de Bombeiros est\u00e3o rondando a orla das praias e as ruas orientando as pessoas para que evitem aglomera\u00e7\u00f5es\u201d. Em nota, a corpora\u00e7\u00e3o informa que as praias da capital, regi\u00e3o metropolitana e de Cabo Frio j\u00e1 receberam os alertas, que ser\u00e3o estendidos tamb\u00e9m a outros munic\u00edpios fluminenses.<\/p>\n<p>Em um v\u00eddeo feito na Praia Vermelha, na zona sul do Rio de Janeiro, com o P\u00e3o de A\u00e7\u00facar ao fundo, \u00e9 poss\u00edvel ouvir o \u00e1udio de um alto falante que diz: \u201cBom dia. A Defesa Civil estadual pede \u00e0 popula\u00e7\u00e3o que evite aglomera\u00e7\u00e3o nas praias. Por favor, para a sua seguran\u00e7a, dos seus vizinhos, amigos e familiares, volte para casa. O momento \u00e9 de conscientiza\u00e7\u00e3o. Fa\u00e7a a sua parte e ajude a prevenir e controlar o coronav\u00edrus. Voc\u00ea sempre conta com o Corpo de Bombeiros. Podemos contar com voc\u00ea? Obrigado.\u201d<\/p>\n<p>Tamb\u00e9m h\u00e1 v\u00eddeos circulando pelas redes sociais na praia de Botafogo, que n\u00e3o \u00e9 pr\u00f3pria para banho, mas \u00e9 muito utilizada para a pr\u00e1tica de esportes na faixa de areia, e na Barra da Tijuca. O mesmo recado \u00e9 lido, ap\u00f3s o acionamento de uma sirene para chamar a aten\u00e7\u00e3o das pessoas.<\/p>\n<div id=\"attachment_48524\" style=\"width: 1034px\" class=\"wp-caption aligncenter\"><img loading=\"lazy\" decoding=\"async\" aria-describedby=\"caption-attachment-48524\" class=\"wp-image-48524 size-full\" src=\"https:\/\/www.mochileiros.com\/blog\/wp-content\/uploads\/2020\/03\/rio_tomazsilva_agenciabrasil.jpg\" alt=\"\" width=\"1024\" height=\"613\" srcset=\"https:\/\/www.mochileiros.com\/blog\/wp-content\/uploads\/2020\/03\/rio_tomazsilva_agenciabrasil.jpg 1024w, https:\/\/www.mochileiros.com\/blog\/wp-content\/uploads\/2020\/03\/rio_tomazsilva_agenciabrasil-300x180.jpg 300w, https:\/\/www.mochileiros.com\/blog\/wp-content\/uploads\/2020\/03\/rio_tomazsilva_agenciabrasil-768x460.jpg 768w\" sizes=\"auto, (max-width: 1024px) 100vw, 1024px\" \/><p id=\"caption-attachment-48524\" class=\"wp-caption-text\">Foto: Tomaz Silva\/Ag\u00eancia Brasil.<\/p><\/div>\n<h3>Mensagem<\/h3>\n<p>O governador, Wilson Witzel, refor\u00e7ou a mensagem em sua conta <span style=\"text-decoration: underline;\"><a href=\"https:\/\/twitter.com\/wilsonwitzel\/status\/1239583774393933827\" target=\"_blank\" rel=\"noopener noreferrer\">no Twitter<\/a><\/span>: \u201cNossa prioridade \u00e9 conter ao m\u00e1ximo a prolifera\u00e7\u00e3o do v\u00edrus e reduzir os danos \u00e0 popula\u00e7\u00e3o. Mas a\u00e7\u00f5es duras s\u00f3 ter\u00e3o efeito se as pessoas entenderem a real dimens\u00e3o do problema. O cen\u00e1rio do \u00faltimo fim de semana, com praias e lugares p\u00fablicos lotados, n\u00e3o deve se repetir.\u201d<\/p>\n<p>Witzel tamb\u00e9m informou que ir\u00e1 anunciar na tarde de hoje outras \u201cmedidas restritivas para os servidores e tamb\u00e9m para a popula\u00e7\u00e3o\u201d.<\/p>\n<p><em>Texto: <a href=\"https:\/\/agenciabrasil.ebc.com.br\/geral\/noticia\/2020-03\/defesa-civil-vai-praias-do-rio-para-pedir-que-banhistas-se-retirem\" target=\"_blank\" rel=\"noopener noreferrer\"><span style=\"text-decoration: underline;\">Akemi Nitahara\/Ag\u00eancia Brasil<\/span>.<\/a><\/em><\/p>\n","protected":false},"excerpt":{"rendered":"<p>Medida \u00e9 preventiva para conter transmiss\u00e3o do coronav\u00edrus Depois do an\u00fancio de antecipa\u00e7\u00e3o das f\u00e9rias escolares pelo governo do estado e pela prefeitura do Rio de Janeiro, como medida para conter a transmiss\u00e3o do coronav\u00edrus, o fim de semana ensolarado levou muitos banhistas \u00e0s praias da cidade, contrariando recomenda\u00e7\u00e3o da Organiza\u00e7\u00e3o Mundial da Sa\u00fade e [&hellip;]<\/p>\n","protected":false},"author":55,"featured_media":48524,"comment_status":"open","ping_status":"closed","sticky":false,"template":"","format":"standard","meta":{"googlesitekit_rrm_CAoiELM5mIOjYRN0nfylq3_9r-8:productID":"","_crdt_document":"","_daim_seo_power":"1000","_daim_enable_ail":"1","footnotes":""},"categories":[14],"tags":[23540,24643,24747,66],"class_list":["post-48521","post","type-post","status-publish","format-standard","has-post-thumbnail","hentry","category-noticias","tag-brasil","tag-coronavirus","tag-covid-19","tag-rio-de-janeiro"],"_links":{"self":[{"href":"https:\/\/www.mochileiros.com\/blog\/wp-json\/wp\/v2\/posts\/48521","targetHints":{"allow":["GET"]}}],"collection":[{"href":"https:\/\/www.mochileiros.com\/blog\/wp-json\/wp\/v2\/posts"}],"about":[{"href":"https:\/\/www.mochileiros.com\/blog\/wp-json\/wp\/v2\/types\/post"}],"author":[{"embeddable":true,"href":"https:\/\/www.mochileiros.com\/blog\/wp-json\/wp\/v2\/users\/55"}],"replies":[{"embeddable":true,"href":"https:\/\/www.mochileiros.com\/blog\/wp-json\/wp\/v2\/comments?post=48521"}],"version-history":[{"count":0,"href":"https:\/\/www.mochileiros.com\/blog\/wp-json\/wp\/v2\/posts\/48521\/revisions"}],"wp:featuredmedia":[{"embeddable":true,"href":"https:\/\/www.mochileiros.com\/blog\/wp-json\/wp\/v2\/media\/48524"}],"wp:attachment":[{"href":"https:\/\/www.mochileiros.com\/blog\/wp-json\/wp\/v2\/media?parent=48521"}],"wp:term":[{"taxonomy":"category","embeddable":true,"href":"https:\/\/www.mochileiros.com\/blog\/wp-json\/wp\/v2\/categories?post=48521"},{"taxonomy":"post_tag","embeddable":true,"href":"https:\/\/www.mochileiros.com\/blog\/wp-json\/wp\/v2\/tags?post=48521"}],"curies":[{"name":"wp","href":"https:\/\/api.w.org\/{rel}","templated":true}]}}