{"id":48823,"date":"2020-04-02T12:39:09","date_gmt":"2020-04-02T15:39:09","guid":{"rendered":"https:\/\/www.mochileiros.com\/blog\/?p=48823"},"modified":"2020-04-02T13:02:42","modified_gmt":"2020-04-02T16:02:42","slug":"coppe-ufrj-desenvolve-ventiladores-pulmonares-para-ajudar-pacientes-com-coronavirus","status":"publish","type":"post","link":"https:\/\/www.mochileiros.com\/blog\/coppe-ufrj-desenvolve-ventiladores-pulmonares-para-ajudar-pacientes-com-coronavirus","title":{"rendered":"Coppe\/UFRJ desenvolve ventiladores pulmonares para ajudar pacientes com coronav\u00edrus"},"content":{"rendered":"<p class=\"col-10 offset-1 animated fadeInDown dealy-900 display-8 display-md-8 alt-font font-italic my-1 text-center\" style=\"text-align: left;\"><em>Ideia \u00e9 fazer os primeiros testes em pacientes na pr\u00f3xima semana<\/em><\/p>\n<p>Uma cadeia de colaboradores, que inclui as empresas Petrobras e Vale, o grupo norte-americano Whirlpool, representado pela ind\u00fastria Brastemp, mais a Funda\u00e7\u00e3o de Amparo \u00e0 Pesquisa do Rio de Janeiro (Faperj), est\u00e1 ajudando o Instituto Alberto Luiz Coimbra de P\u00f3s-Gradua\u00e7\u00e3o e Pesquisa de Engenharia, da Universidade Federal do Rio de Janeiro (Coppe\/UFRJ), a desenvolver ventiladores pulmonares mec\u00e2nicos para tratamento da covid-19. A ideia \u00e9 fazer os primeiros testes em pacientes j\u00e1 na pr\u00f3xima semana.<\/p>\n<p>O professor Jurandir Nadal, chefe do Laborat\u00f3rio de Engenharia Pulmonar e Cardiovascular da Coppe, disse hoje (1\u00ba) \u00e0 Ag\u00eancia Brasil que percebendo que haveria falta de ventiladores para uso em UTIs, a Coppe decidiu montar um modelo experimental e test\u00e1-lo com um modelo mec\u00e2nico de pulm\u00e3o. \u201cA gente configurou esse modelo para dificuldades de respira\u00e7\u00e3o semelhantes \u00e0s da covid-19\u201d.<\/p>\n<p>O aparelho funcionou bem e, a partir da\u00ed, os pesquisadores da Coppe pensaram em construir um equipamento emergencial para a crise do novo coronav\u00edrus. \u201cEstabelecemos uma rede de contatos, usamos as redes sociais. Tivemos muitas ofertas e estamos formando um time para desenvolver esse produto\u201d, disse Nadal.<\/p>\n<div id=\"attachment_48826\" style=\"width: 1034px\" class=\"wp-caption aligncenter\"><img loading=\"lazy\" decoding=\"async\" aria-describedby=\"caption-attachment-48826\" class=\"wp-image-48826 size-full\" src=\"https:\/\/www.mochileiros.com\/blog\/wp-content\/uploads\/2020\/04\/respiradorufrj.jpg\" alt=\"\" width=\"1024\" height=\"563\" srcset=\"https:\/\/www.mochileiros.com\/blog\/wp-content\/uploads\/2020\/04\/respiradorufrj.jpg 1024w, https:\/\/www.mochileiros.com\/blog\/wp-content\/uploads\/2020\/04\/respiradorufrj-300x165.jpg 300w, https:\/\/www.mochileiros.com\/blog\/wp-content\/uploads\/2020\/04\/respiradorufrj-768x422.jpg 768w\" sizes=\"auto, (max-width: 1024px) 100vw, 1024px\" \/><p id=\"caption-attachment-48826\" class=\"wp-caption-text\">Foto: <span style=\"text-decoration: underline;\"><a href=\"https:\/\/ufrj.br\/noticia\/2020\/03\/27\/coronavirus-ufrj-mobiliza-producao-de-ventiladores-pulmonares\" target=\"_blank\" rel=\"noopener noreferrer\">Coppe\/UFRJ<\/a><\/span>.<\/p><\/div>\n<div id=\"ez-toc-container\" class=\"ez-toc-v2_0_82_2 counter-hierarchy ez-toc-counter ez-toc-grey ez-toc-container-direction\">\n<div class=\"ez-toc-title-container\">\n<p class=\"ez-toc-title\" style=\"cursor:inherit\">\u00cdndice<\/p>\n<span class=\"ez-toc-title-toggle\"><a href=\"#\" class=\"ez-toc-pull-right ez-toc-btn ez-toc-btn-xs ez-toc-btn-default ez-toc-toggle\" aria-label=\"Alternar tabela de conte\u00fado\"><span class=\"ez-toc-js-icon-con\"><span class=\"\"><span class=\"eztoc-hide\" style=\"display:none;\">Toggle<\/span><span class=\"ez-toc-icon-toggle-span\"><svg style=\"fill: #999;color:#999\" xmlns=\"http:\/\/www.w3.org\/2000\/svg\" class=\"list-377408\" width=\"20px\" height=\"20px\" viewBox=\"0 0 24 24\" fill=\"none\"><path d=\"M6 6H4v2h2V6zm14 0H8v2h12V6zM4 11h2v2H4v-2zm16 0H8v2h12v-2zM4 16h2v2H4v-2zm16 0H8v2h12v-2z\" fill=\"currentColor\"><\/path><\/svg><svg style=\"fill: #999;color:#999\" class=\"arrow-unsorted-368013\" xmlns=\"http:\/\/www.w3.org\/2000\/svg\" width=\"10px\" height=\"10px\" viewBox=\"0 0 24 24\" version=\"1.2\" baseProfile=\"tiny\"><path d=\"M18.2 9.3l-6.2-6.3-6.2 6.3c-.2.2-.3.4-.3.7s.1.5.3.7c.2.2.4.3.7.3h11c.3 0 .5-.1.7-.3.2-.2.3-.5.3-.7s-.1-.5-.3-.7zM5.8 14.7l6.2 6.3 6.2-6.3c.2-.2.3-.5.3-.7s-.1-.5-.3-.7c-.2-.2-.4-.3-.7-.3h-11c-.3 0-.5.1-.7.3-.2.2-.3.5-.3.7s.1.5.3.7z\"\/><\/svg><\/span><\/span><\/span><\/a><\/span><\/div>\n<nav><ul class='ez-toc-list ez-toc-list-level-1 ' ><li class='ez-toc-page-1 ez-toc-heading-level-3'><a class=\"ez-toc-link ez-toc-heading-1\" href=\"https:\/\/www.mochileiros.com\/blog\/coppe-ufrj-desenvolve-ventiladores-pulmonares-para-ajudar-pacientes-com-coronavirus\/#Petrobras\" >Petrobras<\/a><\/li><li class='ez-toc-page-1 ez-toc-heading-level-3'><a class=\"ez-toc-link ez-toc-heading-2\" href=\"https:\/\/www.mochileiros.com\/blog\/coppe-ufrj-desenvolve-ventiladores-pulmonares-para-ajudar-pacientes-com-coronavirus\/#Primeira_serie\" >Primeira s\u00e9rie<\/a><\/li><li class='ez-toc-page-1 ez-toc-heading-level-3'><a class=\"ez-toc-link ez-toc-heading-3\" href=\"https:\/\/www.mochileiros.com\/blog\/coppe-ufrj-desenvolve-ventiladores-pulmonares-para-ajudar-pacientes-com-coronavirus\/#Seguranca\" >Seguran\u00e7a<\/a><\/li><li class='ez-toc-page-1 ez-toc-heading-level-3'><a class=\"ez-toc-link ez-toc-heading-4\" href=\"https:\/\/www.mochileiros.com\/blog\/coppe-ufrj-desenvolve-ventiladores-pulmonares-para-ajudar-pacientes-com-coronavirus\/#Custo\" >Custo<\/a><\/li><li class='ez-toc-page-1 ez-toc-heading-level-3'><a class=\"ez-toc-link ez-toc-heading-5\" href=\"https:\/\/www.mochileiros.com\/blog\/coppe-ufrj-desenvolve-ventiladores-pulmonares-para-ajudar-pacientes-com-coronavirus\/#Leia_tambem\" >Leia tamb\u00e9m:<\/a><\/li><\/ul><\/nav><\/div>\n<h3><span class=\"ez-toc-section\" id=\"Petrobras\"><\/span>Petrobras<span class=\"ez-toc-section-end\"><\/span><\/h3>\n<p>T\u00e9cnicos da Petrobras est\u00e3o trabalhando junto com os pesquisadores no laborat\u00f3rio da Coppe e fornecendo pe\u00e7as dispon\u00edveis no Centro de Pesquisas da Petrobras (Cenpes) ou em outros locais, enquanto a empresa Brastemp, do setor de eletrodom\u00e9sticos, auxilia gerenciando contatos para conseguir pe\u00e7as comerciais vi\u00e1veis de fabrica\u00e7\u00e3o r\u00e1pida. A Faperj, por sua vez, aprovou apoio financeiro no tempo recorde de quatro dias para o projeto e j\u00e1 liberou recursos. \u201cA Coppe est\u00e1 toda mobilizada com v\u00e1rios programas participando, entre os quais a \u00e1rea de controle e automa\u00e7\u00e3o, engenharia biom\u00e9dica, mec\u00e2nica. Enfim, tem sido um trabalho muito bacana\u201d.<\/p>\n<p>A Petrobras emprestou sua impressora 3D, instalada no Cenpes, para produzir componentes dos prot\u00f3tipos, e cedeu um sensor de oxig\u00eanio, que estava localizado em Caraguatatuba (SP) e ser\u00e1 usado nos testes para garantir o n\u00edvel correto de oxigena\u00e7\u00e3o dos aparelhos.<\/p>\n<p>Ontem (31), os pesquisadores definiram o modelo que vai ser o prot\u00f3tipo 1 do ventilador pulmonar. Agora, em dois ou tr\u00eas dias, eles esperam transformar esse prot\u00f3tipo feito em laborat\u00f3rio em um modelo mais resistente para levar para testes em pacientes com a covid-19. \u201cEm paralelo, a gente que aprovar isso no conselho de \u00e9tica. Tudo est\u00e1 sendo corrido para ver se poderemos testar em pacientes j\u00e1 no in\u00edcio da pr\u00f3xima semana\u201d, informou Jurandir Nadal.<\/p>\n<h3><span class=\"ez-toc-section\" id=\"Primeira_serie\"><\/span>Primeira s\u00e9rie<span class=\"ez-toc-section-end\"><\/span><\/h3>\n<p>Depois disso, o objetivo \u00e9 fabricar o ventilador pulmonar, em uma primeira s\u00e9rie sem equipamentos, para fazer um teste cl\u00ednico mais amplo, mas j\u00e1 atendendo pacientes, para avaliar o uso em longo prazo. \u201cSe \u00e9 necess\u00e1rio fazer alguma adapta\u00e7\u00e3o final e, depois, vamos fazer uma s\u00e9rie de mil pe\u00e7as que ficar\u00e3o de prontid\u00e3o para fazer mais, se for necess\u00e1rio\u201d.<\/p>\n<p>O professor afirmou que, a partir de agora, uma vez testado em hospital e tendo as pe\u00e7as j\u00e1 em m\u00e3os da ind\u00fastria, a fabrica\u00e7\u00e3o \u00e9 muito r\u00e1pida. \u201cMil pe\u00e7as se fazem em um a tr\u00eas dias\u201d. Contatos s\u00e3o feitos diariamente pelos pesquisadores com a Ag\u00eancia Nacional de Vigil\u00e2ncia Sanit\u00e1ria (Anvisa). \u201cA gente est\u00e1 procurando atender ao m\u00e1ximo as normas para produ\u00e7\u00e3o de equipamentos para venda, ou seja, aparelhos comerciais\u201d.<\/p>\n<p>Nadal observou, entretanto, que o ventilador pulmonar da Coppe n\u00e3o atender\u00e1 todos os requisitos de um equipamento comercial. \u201cA gente est\u00e1 procurando atender os requisitos de um ventilador pulmonar de emerg\u00eancia. E vamos recomendar o uso dessa forma. Que ele deve ser usado quando n\u00e3o tiver ventilador registrado na Anvisa sendo utilizado\u201d. Isso significa que o modelo da Coppe poder\u00e1 ser usado na falta de equipamento registrado, se houver pane nesses outros ventiladores, \u201cou onde n\u00e3o tem nenhum\u201d.<\/p>\n<h3><span class=\"ez-toc-section\" id=\"Seguranca\"><\/span>Seguran\u00e7a<span class=\"ez-toc-section-end\"><\/span><\/h3>\n<p>A preocupa\u00e7\u00e3o dos pesquisadores da Coppe\/UFRJ foi atender os requisitos de seguran\u00e7a do paciente. Foram colocados os alarmes necess\u00e1rios para avisar se faltou oxig\u00eanio, se faltou energia, se a bateria est\u00e1 fraca, se a press\u00e3o est\u00e1 muito baixa, ou seja, aspectos que podem colocar em risco a vida do paciente. Tudo isso ser\u00e1 testado em laborat\u00f3rio antes de iniciar a produ\u00e7\u00e3o, para confirmar que n\u00e3o envolve nenhum risco.<\/p>\n<p>Esses testes dever\u00e3o ser feitos em hospitais, em pacientes com covid-19, na pr\u00f3xima semana. O chefe do Laborat\u00f3rio de Engenharia Pulmonar e Cardiovascular da Coppe estimou que a primeira s\u00e9rie do ventilador pulmonar poder\u00e1 estar pronta entre 15 a 20 dias. Os pesquisadores trabalham tamb\u00e9m com a possibilidade de a produ\u00e7\u00e3o atrasar em algumas semanas, caso surjam dificuldades, como a necessidade de importar alguma pe\u00e7a, por exemplo . \u201cSe tudo der certo, a gente produz em relativamente pouco tempo\u201d.<\/p>\n<h3><span class=\"ez-toc-section\" id=\"Custo\"><\/span>Custo<span class=\"ez-toc-section-end\"><\/span><\/h3>\n<p>Jurandir Nadal revelou que o custo de um ventilador pulmonar normal varia muito e vai de R$ 15 mil at\u00e9 R$ 100 mil, dependendo do grau de sofistica\u00e7\u00e3o, versatilidade, recursos adicionais que oferecem. O equipamento da Coppe tem m\u00e3o de obra zero, porque todos os envolvidos no projeto est\u00e3o trabalhando voluntariamente, \u201cningu\u00e9m est\u00e1 pensando em lucro neste momento\u201d. Considerando as pe\u00e7as utilizadas, o professor estimou que o equipamento poder\u00e1 custar entre R$ 3 mil e R$ 5 mil cada, que \u00e9 um custo muito baixo. Como n\u00e3o vai para o mercado, ele acredita que o modelo da Coppe n\u00e3o dever\u00e1 ter nenhum tipo de imposto.<\/p>\n<p>\u201cOu seja, n\u00f3s compramos as pe\u00e7as j\u00e1 com valor de mercado, colocamos no equipamento, esperamos ter financiadores volunt\u00e1rios para cobrir o custo dessas pe\u00e7as e, se a gente produzir mil custar\u00e3o entre R$ 3 milh\u00f5es a R$ 5 milh\u00f5es, o que n\u00e3o \u00e9 um absurdo para uma grande empresa. Vamos tentar entregar isso gratuitamente para o Sistema \u00danico de Sa\u00fade (SUS)\u201d, comentou Nadal. Todo esfor\u00e7o ser\u00e1 no sentido de entregar um primeiro lote antes de maio pr\u00f3ximo. Em abril, ser\u00e1 feito um lote de 100 aparelhos desse tipo para uso sob supervis\u00e3o dos especialistas de cl\u00ednica, para que os pesquisadores tenha no\u00e7\u00e3o de desempenho de longa dura\u00e7\u00e3o e possam fazer um modelo final em maior quantidade.<\/p>\n<p>A Petrobras se comprometeu a colaborar na viabiliza\u00e7\u00e3o da produ\u00e7\u00e3o em larga escala dos ventiladores mec\u00e2nicos, depois de sua aprova\u00e7\u00e3o pelos \u00f3rg\u00e3os competentes. O diretor de Transforma\u00e7\u00e3o Digital e Inova\u00e7\u00e3o da Petrobras, Nicolas Simone, disse que \u201cessa iniciativa integra uma ampla frente cient\u00edfica da Petrobras, que re\u00fane especialistas da companhia na gera\u00e7\u00e3o de ideias e solu\u00e7\u00f5es de combate \u00e0 covid-19, em parceria com universidades, empresas, organiza\u00e7\u00f5es sociais e institui\u00e7\u00f5es do Brasil e do exterior\u201d. O diretor da Coppe\/UFRJ, professor Romildo Toledo, destacou que a Petrobras \u00e9 uma parceira da Coppe de longa data e esse apoio \u00e9 fundamental para viabilizar a produ\u00e7\u00e3o do ventilador pulmonar. \u201cEsperamos que, com essa a\u00e7\u00e3o, possamos contribuir para salvar vidas nesse combate ao coronav\u00edrus\u201d.<\/p>\n<p><span style=\"text-decoration: underline;\"><a href=\"https:\/\/agenciabrasil.ebc.com.br\/saude\/noticia\/2020-04\/coppe-desenvolve-ventiladores-pulmonares-para-combate-ao-coronavirus\" target=\"_blank\" rel=\"noopener noreferrer\"><em>Texto: Alana Gandra\/Ag\u00eancia Brasil.<\/em><\/a><br \/>\n<\/span><\/p>\n<h3><span class=\"ez-toc-section\" id=\"Leia_tambem\"><\/span>Leia tamb\u00e9m:<span class=\"ez-toc-section-end\"><\/span><\/h3>\n<p><span style=\"text-decoration: underline;\"><a href=\"https:\/\/www.mochileiros.com\/blog\/projeto-da-usp-permite-construir-ventiladores-pulmonares-mais-baratos-e-em-tempo-recorde\" target=\"_blank\" rel=\"noopener noreferrer\">Projeto da USP permite construir ventiladores pulmonares mais baratos e em tempo recorde<\/a><\/span><\/p>\n<p><em>A imagem (da home e) que traz at\u00e9 este post \u00e9 de NeedPix.com.<\/em><\/p>\n","protected":false},"excerpt":{"rendered":"<p>Ideia \u00e9 fazer os primeiros testes em pacientes na pr\u00f3xima semana Uma cadeia de colaboradores, que inclui as empresas Petrobras e Vale, o grupo norte-americano Whirlpool, representado pela ind\u00fastria Brastemp, mais a Funda\u00e7\u00e3o de Amparo \u00e0 Pesquisa do Rio de Janeiro (Faperj), est\u00e1 ajudando o Instituto Alberto Luiz Coimbra de P\u00f3s-Gradua\u00e7\u00e3o e Pesquisa de Engenharia, [&hellip;]<\/p>\n","protected":false},"author":55,"featured_media":48827,"comment_status":"open","ping_status":"closed","sticky":false,"template":"","format":"standard","meta":{"googlesitekit_rrm_CAoiELM5mIOjYRN0nfylq3_9r-8:productID":"","_crdt_document":"","_daim_seo_power":"1000","_daim_enable_ail":"1","footnotes":""},"categories":[14],"tags":[23540,24643,24747,66],"class_list":["post-48823","post","type-post","status-publish","format-standard","has-post-thumbnail","hentry","category-noticias","tag-brasil","tag-coronavirus","tag-covid-19","tag-rio-de-janeiro"],"_links":{"self":[{"href":"https:\/\/www.mochileiros.com\/blog\/wp-json\/wp\/v2\/posts\/48823","targetHints":{"allow":["GET"]}}],"collection":[{"href":"https:\/\/www.mochileiros.com\/blog\/wp-json\/wp\/v2\/posts"}],"about":[{"href":"https:\/\/www.mochileiros.com\/blog\/wp-json\/wp\/v2\/types\/post"}],"author":[{"embeddable":true,"href":"https:\/\/www.mochileiros.com\/blog\/wp-json\/wp\/v2\/users\/55"}],"replies":[{"embeddable":true,"href":"https:\/\/www.mochileiros.com\/blog\/wp-json\/wp\/v2\/comments?post=48823"}],"version-history":[{"count":0,"href":"https:\/\/www.mochileiros.com\/blog\/wp-json\/wp\/v2\/posts\/48823\/revisions"}],"wp:featuredmedia":[{"embeddable":true,"href":"https:\/\/www.mochileiros.com\/blog\/wp-json\/wp\/v2\/media\/48827"}],"wp:attachment":[{"href":"https:\/\/www.mochileiros.com\/blog\/wp-json\/wp\/v2\/media?parent=48823"}],"wp:term":[{"taxonomy":"category","embeddable":true,"href":"https:\/\/www.mochileiros.com\/blog\/wp-json\/wp\/v2\/categories?post=48823"},{"taxonomy":"post_tag","embeddable":true,"href":"https:\/\/www.mochileiros.com\/blog\/wp-json\/wp\/v2\/tags?post=48823"}],"curies":[{"name":"wp","href":"https:\/\/api.w.org\/{rel}","templated":true}]}}