{"id":49128,"date":"2020-04-15T14:10:26","date_gmt":"2020-04-15T17:10:26","guid":{"rendered":"https:\/\/www.mochileiros.com\/blog\/?p=49128"},"modified":"2020-04-15T14:13:51","modified_gmt":"2020-04-15T17:13:51","slug":"europa-desaconselha-reservas-de-ferias-para-o-meio-do-ano","status":"publish","type":"post","link":"https:\/\/www.mochileiros.com\/blog\/europa-desaconselha-reservas-de-ferias-para-o-meio-do-ano","title":{"rendered":"Europa desaconselha reservas de f\u00e9rias para o meio do ano"},"content":{"rendered":"<p>A presidente da Comiss\u00e3o Europeia, Ursula von der Leyen, recomendou aos viajantes que esperem antes de fazerem planos de viagem \u00e0 Europa. &#8220;Neste momento, ningu\u00e9m pode fazer previs\u00f5es confi\u00e1veis para julho e agosto&#8221;, declarou em entrevista ao <span style=\"text-decoration: underline;\"><a href=\"https:\/\/www.bild.de\/bild-plus\/politik\/ausland\/politik\/ursula-von-der-leyen-im-interview-stirbt-die-eu-an-corona-69990046,view=conversionToLogin.bild.html\" target=\"_blank\" rel=\"noopener noreferrer\">jornal alem\u00e3o Bild<\/a><\/span>. As informa\u00e7\u00f5es s\u00e3o do portal <span style=\"text-decoration: underline;\"><a href=\"https:\/\/portugaldigital.com.br\/comissao-europeia-desaconselha-reservas-de-ferias-de-verao\/\" target=\"_blank\" rel=\"noopener noreferrer\">Portugal Digital<\/a><\/span>.<\/p>\n<div id=\"attachment_49129\" style=\"width: 810px\" class=\"wp-caption aligncenter\"><img loading=\"lazy\" decoding=\"async\" aria-describedby=\"caption-attachment-49129\" class=\"wp-image-49129 size-full\" src=\"https:\/\/www.mochileiros.com\/blog\/wp-content\/uploads\/2020\/04\/jornalalemaobild.jpg\" alt=\"\" width=\"800\" height=\"736\" srcset=\"https:\/\/www.mochileiros.com\/blog\/wp-content\/uploads\/2020\/04\/jornalalemaobild.jpg 800w, https:\/\/www.mochileiros.com\/blog\/wp-content\/uploads\/2020\/04\/jornalalemaobild-300x276.jpg 300w, https:\/\/www.mochileiros.com\/blog\/wp-content\/uploads\/2020\/04\/jornalalemaobild-768x707.jpg 768w\" sizes=\"auto, (max-width: 800px) 100vw, 800px\" \/><p id=\"caption-attachment-49129\" class=\"wp-caption-text\">Presidente da Comiss\u00e3o Europeia falou sobre este e outros assuntos ao jornal alem\u00e3o Bild | Foto: Reprodu\u00e7\u00e3o.<\/p><\/div>\n<p>Na semana anterior, o comiss\u00e1rio europeu da Justi\u00e7a e Consumidores, Didier Reynders ressaltou que os turistas com pacotes de viagem cancelados devido \u00e0 pandemia t\u00eam direito a reembolso, explicando que esse direito est\u00e1 estipulado na diretiva comunit\u00e1ria sobre viagens organizadas e servi\u00e7os de viagem conexos.<br \/>\nDe acordo com a publica\u00e7\u00e3o, o comiss\u00e1rio enviou cartas aos Estados-membros da Uni\u00e3o Europeia (UE) e anunciou estar em contato com as associa\u00e7\u00f5es empresariais e de consumidores para garantir que sejam tomadas medidas para haver um equil\u00edbrio entre prote\u00e7\u00e3o aos consumidores e apoio \u00e0s empresas de viagem e turismo.<br \/>\nDada a situa\u00e7\u00e3o &#8220;sem precedentes&#8221;, Reynders defendeu que &#8220;sempre que poss\u00edvel, os consumidores devem considerar a possibilidade de aceitar um &#8216;voucher&#8217; que lhes permita adiar suas f\u00e9rias para um momento posterior, sob determinadas condi\u00e7\u00f5es&#8221;. O voucher, se n\u00e3o utilizado dever\u00e1 ser reembols\u00e1vel.<\/p>\n<h3>No Brasil<\/h3>\n<p>No Brasil, o Minist\u00e9rio do Turismo (MTur), estados e associa\u00e7\u00f5es do setor lan\u00e7aram a <span style=\"text-decoration: underline;\"><a href=\"https:\/\/www.mochileiros.com\/blog\/09-04-2020-turismo-lanca-campanha-de-incentivo-as-viagens-pos-pandemia\" target=\"_blank\" rel=\"noopener noreferrer\">campanha &#8220;N\u00e3o cancele, remarque!&#8221;<\/a><\/span> visando conscientizar os viajantes da import\u00e2ncia de n\u00e3o cancelar, mas apenas adiar as viagens e pacotes tur\u00edsticos durante o per\u00edodo de pandemia.<br \/>\nNo \u00faltimo dia 08, foi publicada a Medida Provis\u00f3ria (MP) 948 que trata do cancelamento de servi\u00e7os, reservas e eventos no Brasil. O texto da MP na \u00edntegra pode ser conferido <span style=\"text-decoration: underline;\"><a href=\"http:\/\/www.in.gov.br\/en\/web\/dou\/-\/medida-provisoria-n-948-de-8-de-abril-de-2020-251768019\" target=\"_blank\" rel=\"noopener noreferrer\">aqui<\/a><\/span> e mais informa\u00e7\u00f5es sobre divulgadas pelo MTur, <span style=\"text-decoration: underline;\"><a href=\"http:\/\/www.turismo.gov.br\/%C3%BAltimas-not%C3%ADcias\/13459-publicada-mp-que-trata-das-rela%C3%A7%C3%B5es-de-consumo-no-turismo-e-na-cultura-durante-pandemia.html\" target=\"_blank\" rel=\"noopener noreferrer\">aqui<\/a><\/span>.<br \/>\nSe voc\u00ea adquiriu um servi\u00e7o tur\u00edstico (pacote, passagem etc) esteja atento \u00e0s orienta\u00e7\u00f5es das entidades de defesa do consumidor da sua cidade\/estado, bem como \u00e0s op\u00e7\u00f5es oferecidas pelas empresas que voc\u00ea contratou.<\/p>\n<p><em>A foto (da home e) que traz at\u00e9 este post \u00e9 de Markus Spiske\/Unsplash.<\/em><\/p>\n","protected":false},"excerpt":{"rendered":"<p>A presidente da Comiss\u00e3o Europeia, Ursula von der Leyen, recomendou aos viajantes que esperem antes de fazerem planos de viagem \u00e0 Europa. &#8220;Neste momento, ningu\u00e9m pode fazer previs\u00f5es confi\u00e1veis para julho e agosto&#8221;, declarou em entrevista ao jornal alem\u00e3o Bild. As informa\u00e7\u00f5es s\u00e3o do portal Portugal Digital. Na semana anterior, o comiss\u00e1rio europeu da Justi\u00e7a [&hellip;]<\/p>\n","protected":false},"author":55,"featured_media":49131,"comment_status":"open","ping_status":"closed","sticky":false,"template":"","format":"standard","meta":{"googlesitekit_rrm_CAoiELM5mIOjYRN0nfylq3_9r-8:productID":"","_crdt_document":"","_daim_seo_power":"1000","_daim_enable_ail":"1","footnotes":""},"categories":[14],"tags":[24643,24747,19194],"class_list":["post-49128","post","type-post","status-publish","format-standard","has-post-thumbnail","hentry","category-noticias","tag-coronavirus","tag-covid-19","tag-europa"],"_links":{"self":[{"href":"https:\/\/www.mochileiros.com\/blog\/wp-json\/wp\/v2\/posts\/49128","targetHints":{"allow":["GET"]}}],"collection":[{"href":"https:\/\/www.mochileiros.com\/blog\/wp-json\/wp\/v2\/posts"}],"about":[{"href":"https:\/\/www.mochileiros.com\/blog\/wp-json\/wp\/v2\/types\/post"}],"author":[{"embeddable":true,"href":"https:\/\/www.mochileiros.com\/blog\/wp-json\/wp\/v2\/users\/55"}],"replies":[{"embeddable":true,"href":"https:\/\/www.mochileiros.com\/blog\/wp-json\/wp\/v2\/comments?post=49128"}],"version-history":[{"count":0,"href":"https:\/\/www.mochileiros.com\/blog\/wp-json\/wp\/v2\/posts\/49128\/revisions"}],"wp:featuredmedia":[{"embeddable":true,"href":"https:\/\/www.mochileiros.com\/blog\/wp-json\/wp\/v2\/media\/49131"}],"wp:attachment":[{"href":"https:\/\/www.mochileiros.com\/blog\/wp-json\/wp\/v2\/media?parent=49128"}],"wp:term":[{"taxonomy":"category","embeddable":true,"href":"https:\/\/www.mochileiros.com\/blog\/wp-json\/wp\/v2\/categories?post=49128"},{"taxonomy":"post_tag","embeddable":true,"href":"https:\/\/www.mochileiros.com\/blog\/wp-json\/wp\/v2\/tags?post=49128"}],"curies":[{"name":"wp","href":"https:\/\/api.w.org\/{rel}","templated":true}]}}