{"id":49208,"date":"2020-04-17T14:53:25","date_gmt":"2020-04-17T17:53:25","guid":{"rendered":"https:\/\/www.mochileiros.com\/blog\/?p=49208"},"modified":"2020-04-17T14:54:08","modified_gmt":"2020-04-17T17:54:08","slug":"flamengo-e-laboratorio-distribuirao-alcool-gel-em-areas-carentes-do-rj","status":"publish","type":"post","link":"https:\/\/www.mochileiros.com\/blog\/flamengo-e-laboratorio-distribuirao-alcool-gel-em-areas-carentes-do-rj","title":{"rendered":"Flamengo e laborat\u00f3rio distribuir\u00e3o \u00e1lcool gel em \u00e1reas carentes do RJ"},"content":{"rendered":"<p>A parceria entre o Flamengo e o Laborato\u0301rio Brasileiro de Biologia vai gerar 200 mil embalagens de \u00e1lcool gel 70%, item essencial na preven\u00e7\u00e3o contra o novo coronav\u00edrus (covid-19). Os primeiros itens desta produ\u00e7\u00e3o come\u00e7aram a ser distribu\u00eddos, nesta sexta-feira (17), a pessoas em vulnerabilidade social que vivem em comunidades carentes no Rio de Janeiro e regi\u00e3o metropolitana.<\/p>\n<p>Todos os funcion\u00e1rios e atletas do clube tamb\u00e9m ir\u00e3o receber uma unidade do produto, que \u00e9 um dos aliados da popula\u00e7\u00e3o no combate \u00e0 covid-19.<\/p>\n<p>Em maio, o \u00e1lcool gel rubro-negro tamb\u00e9m vai chegar ao mercado para a compra dos consumidores.\u201cFizemos questa\u0303o de parar todo o nosso processo de produc\u0327a\u0303o para atender exclusivamente ao clube. Estamos disponibilizando um produto com todas as autorizac\u0327o\u0303es necessa\u0301rias num prazo recorde, tendo em vista a urge\u0302ncia do momento\u201d, disse Rodrigo Vieira, diretor do LBBio.<\/p>\n<div id=\"attachment_49209\" style=\"width: 574px\" class=\"wp-caption aligncenter\"><img loading=\"lazy\" decoding=\"async\" aria-describedby=\"caption-attachment-49209\" class=\"wp-image-49209 size-large\" src=\"https:\/\/www.mochileiros.com\/blog\/wp-content\/uploads\/2020\/04\/flamengo_alcool_gel-564x1024.jpg\" alt=\"\" width=\"564\" height=\"1024\" srcset=\"https:\/\/www.mochileiros.com\/blog\/wp-content\/uploads\/2020\/04\/flamengo_alcool_gel-564x1024.jpg 564w, https:\/\/www.mochileiros.com\/blog\/wp-content\/uploads\/2020\/04\/flamengo_alcool_gel-165x300.jpg 165w, https:\/\/www.mochileiros.com\/blog\/wp-content\/uploads\/2020\/04\/flamengo_alcool_gel.jpg 567w\" sizes=\"auto, (max-width: 564px) 100vw, 564px\" \/><p id=\"caption-attachment-49209\" class=\"wp-caption-text\">Flamengo cede a marca e recebe produtos para doa\u00e7\u00e3o | Foto: Divulga\u00e7\u00e3o\/Flamengo.<\/p><\/div>\n<p><span style=\"text-decoration: underline;\"><a href=\"https:\/\/agenciabrasil.ebc.com.br\/esportes\/noticia\/2020-04\/covid-19-fla-faz-parceria-com-laboratorio-em-producao-de-acool-gel\" target=\"_blank\" rel=\"noopener noreferrer\"><em>Texto: Rodrigo Ricardo\/R\u00e1dio Nacional via Ag\u00eancia Brasil.<\/em><\/a><\/span><\/p>\n","protected":false},"excerpt":{"rendered":"<p>A parceria entre o Flamengo e o Laborato\u0301rio Brasileiro de Biologia vai gerar 200 mil embalagens de \u00e1lcool gel 70%, item essencial na preven\u00e7\u00e3o contra o novo coronav\u00edrus (covid-19). Os primeiros itens desta produ\u00e7\u00e3o come\u00e7aram a ser distribu\u00eddos, nesta sexta-feira (17), a pessoas em vulnerabilidade social que vivem em comunidades carentes no Rio de Janeiro [&hellip;]<\/p>\n","protected":false},"author":55,"featured_media":49210,"comment_status":"open","ping_status":"closed","sticky":false,"template":"","format":"standard","meta":{"googlesitekit_rrm_CAoiELM5mIOjYRN0nfylq3_9r-8:productID":"","_crdt_document":"","_daim_seo_power":"1000","_daim_enable_ail":"1","footnotes":""},"categories":[14],"tags":[24643,24747,66],"class_list":["post-49208","post","type-post","status-publish","format-standard","has-post-thumbnail","hentry","category-noticias","tag-coronavirus","tag-covid-19","tag-rio-de-janeiro"],"_links":{"self":[{"href":"https:\/\/www.mochileiros.com\/blog\/wp-json\/wp\/v2\/posts\/49208","targetHints":{"allow":["GET"]}}],"collection":[{"href":"https:\/\/www.mochileiros.com\/blog\/wp-json\/wp\/v2\/posts"}],"about":[{"href":"https:\/\/www.mochileiros.com\/blog\/wp-json\/wp\/v2\/types\/post"}],"author":[{"embeddable":true,"href":"https:\/\/www.mochileiros.com\/blog\/wp-json\/wp\/v2\/users\/55"}],"replies":[{"embeddable":true,"href":"https:\/\/www.mochileiros.com\/blog\/wp-json\/wp\/v2\/comments?post=49208"}],"version-history":[{"count":0,"href":"https:\/\/www.mochileiros.com\/blog\/wp-json\/wp\/v2\/posts\/49208\/revisions"}],"wp:featuredmedia":[{"embeddable":true,"href":"https:\/\/www.mochileiros.com\/blog\/wp-json\/wp\/v2\/media\/49210"}],"wp:attachment":[{"href":"https:\/\/www.mochileiros.com\/blog\/wp-json\/wp\/v2\/media?parent=49208"}],"wp:term":[{"taxonomy":"category","embeddable":true,"href":"https:\/\/www.mochileiros.com\/blog\/wp-json\/wp\/v2\/categories?post=49208"},{"taxonomy":"post_tag","embeddable":true,"href":"https:\/\/www.mochileiros.com\/blog\/wp-json\/wp\/v2\/tags?post=49208"}],"curies":[{"name":"wp","href":"https:\/\/api.w.org\/{rel}","templated":true}]}}