{"id":4921,"date":"2013-02-16T08:00:39","date_gmt":"2013-02-16T11:00:39","guid":{"rendered":"https:\/\/www.mochileiros.com\/blog\/?p=4921"},"modified":"2018-12-20T01:00:51","modified_gmt":"2018-12-20T04:00:51","slug":"a-senda-e-o-aprendizado-do-mochileiro-peregrino-lancamento","status":"publish","type":"post","link":"https:\/\/www.mochileiros.com\/blog\/a-senda-e-o-aprendizado-do-mochileiro-peregrino-lancamento","title":{"rendered":"\u201cA Senda e o Aprendizado do Mochileiro Peregrino\u201d"},"content":{"rendered":"<p>O livro <strong>\u201cA Senda e o Aprendizado do Mochileiro Peregrino\u201d<\/strong> \u00e9 um misto de viv\u00eancias de um viajante solit\u00e1rio (ele &#8211; o livro \u00e9 autobiogr\u00e1fico) e da vida de um jovem sem lembran\u00e7as de sua inf\u00e2ncia, que h\u00e1 anos n\u00e3o tem contato com sua fam\u00edlia.<br \/>\nN\u00e3o tem um car\u00e1ter &#8220;auto-ajuda&#8221;, mas poder\u00e1 servir de motiva\u00e7\u00e3o pra muita gente.<br \/>\n\u201cAcredito que uma das li\u00e7\u00f5es mais fortes que posso passar ao leitor \u00e9 que jamais devemos desistir de lutar por aquilo que queremos, n\u00e3o h\u00e1 nada que seja imposs\u00edvel de realizarmos, se \u00e9 isso mesmo que desejamos. O meu livro \u00e9 uma hist\u00f3ria de amor que busca ajudar o leitor a ter f\u00e9 em Deus e esperan\u00e7a de viver&#8221;, afirma o autor.<\/p>\n<h3>Hist\u00f3ria curiosa<\/h3>\n<p>&#8220;Com uma\u00a0escrita doce e positiva, tua ret\u00f3rica em prol da vida, da trilha, da estrada, da natureza nos leva, a no m\u00ednimo, ter muita curiosidade a cerca desta hist\u00f3ria, com certeza uma boa novidade no mercado editorial brasileiro&#8221;, analisa na orelha do livro, o jornalista Leonardo Parente, autor do <em>&#8220;De Rol\u00ea pela Am\u00e9rica do Sul &#8211; Di\u00e1rio de um Mochileiro Baiano&#8221;.<\/em><\/p>\n<p>Mais sobre o livro (e como adquir\u00ed-lo) e o autor no <span style=\"text-decoration: underline;\">http:\/\/www.mochileiroperegrino.com\/<\/span>, na fanpage oficial do livro no Facebook: <span style=\"text-decoration: underline;\"><a href=\"https:\/\/www.facebook.com\/LivroASendaEOAprendizadoDoMochileiroPeregrino\" target=\"_blank\" rel=\"noopener\">https:\/\/www.facebook.com\/LivroASendaEOAprendizadoDoMochileiroPeregrino<\/a><\/span> e ou no Mochileiros.com, onde o &#8220;Mochileiro Peregrino&#8221; \u00e9 colaborador: <span style=\"text-decoration: underline;\"><a href=\"http:\/\/www.mochileiros.com\/lancamento-do-livro-a-senda-e-o-aprendizado-do-mochileiro-peregrino-t75873.html\" target=\"_blank\">http:\/\/www.mochileiros.com\/lancamento-do-livro-a-senda-e-o-aprendizado-do-mochileiro-peregrino-t75873.html<\/a><\/span><\/p>\n<div id=\"attachment_4923\" style=\"width: 610px\" class=\"wp-caption alignnone\"><a href=\"https:\/\/www.mochileiros.com\/blog\/wp-content\/uploads\/2012\/12\/mochileiroperegrino00.jpg\"><img loading=\"lazy\" decoding=\"async\" aria-describedby=\"caption-attachment-4923\" class=\"size-full wp-image-4923\" alt=\"A Senda e o Aprendizado do Mochileiro Peregrino \/ Foto: Reprodu\u00e7\u00e3o\" src=\"https:\/\/www.mochileiros.com\/blog\/wp-content\/uploads\/2012\/12\/mochileiroperegrino00.jpg\" width=\"600\" height=\"841\" srcset=\"https:\/\/www.mochileiros.com\/blog\/wp-content\/uploads\/2012\/12\/mochileiroperegrino00.jpg 600w, https:\/\/www.mochileiros.com\/blog\/wp-content\/uploads\/2012\/12\/mochileiroperegrino00-214x300.jpg 214w, https:\/\/www.mochileiros.com\/blog\/wp-content\/uploads\/2012\/12\/mochileiroperegrino00-313x439.jpg 313w, https:\/\/www.mochileiros.com\/blog\/wp-content\/uploads\/2012\/12\/mochileiroperegrino00-14x20.jpg 14w\" sizes=\"auto, (max-width: 600px) 100vw, 600px\" \/><\/a><p id=\"caption-attachment-4923\" class=\"wp-caption-text\">A Senda e o Aprendizado do Mochileiro Peregrino \/ Foto: Reprodu\u00e7\u00e3o<\/p><\/div>\n<h3>Ficha t\u00e9cnica:<\/h3>\n<p><strong>T\u00edtulo:<\/strong> A Senda e o Aprendizado do Mochileiro Peregrino.<\/p>\n<p><strong>Autor:<\/strong> Mochileiro Peregrino.<\/p>\n<p><strong>Material:<\/strong> 264 p\u00e1ginas, capa papel cart\u00e3o 250 gramas, miolo papel p\u00f3lensoft 70 gramas, fotos PB.<\/p>\n<p><strong>Corre\u00e7\u00e3o Ortogr\u00e1fica:<\/strong> Guilherme Tosetto.<\/p>\n<p><strong>Diagrama\u00e7\u00e3o:<\/strong> Alexandre Dallepiane.<\/p>\n<p><strong>Orelha e pref\u00e1cio:<\/strong> Leonardo Parente.<\/p>\n<p><strong>Fotos:<\/strong> Mochileiro Peregrino.<\/p>\n","protected":false},"excerpt":{"rendered":"<p>O livro \u201cA Senda e o Aprendizado do Mochileiro Peregrino\u201d \u00e9 um misto de viv\u00eancias de um viajante solit\u00e1rio (ele &#8211; o livro \u00e9 autobiogr\u00e1fico) e da vida de um jovem sem lembran\u00e7as de sua inf\u00e2ncia, que h\u00e1 anos n\u00e3o tem contato com sua fam\u00edlia. N\u00e3o tem um car\u00e1ter &#8220;auto-ajuda&#8221;, mas poder\u00e1 servir de motiva\u00e7\u00e3o [&hellip;]<\/p>\n","protected":false},"author":2,"featured_media":4924,"comment_status":"open","ping_status":"closed","sticky":false,"template":"","format":"standard","meta":{"googlesitekit_rrm_CAoiELM5mIOjYRN0nfylq3_9r-8:productID":"","_crdt_document":"","_daim_seo_power":"","_daim_enable_ail":"","footnotes":""},"categories":[168],"tags":[169,12],"class_list":["post-4921","post","type-post","status-publish","format-standard","has-post-thumbnail","hentry","category-blog","tag-livros","tag-livros-cinema-afins"],"_links":{"self":[{"href":"https:\/\/www.mochileiros.com\/blog\/wp-json\/wp\/v2\/posts\/4921","targetHints":{"allow":["GET"]}}],"collection":[{"href":"https:\/\/www.mochileiros.com\/blog\/wp-json\/wp\/v2\/posts"}],"about":[{"href":"https:\/\/www.mochileiros.com\/blog\/wp-json\/wp\/v2\/types\/post"}],"author":[{"embeddable":true,"href":"https:\/\/www.mochileiros.com\/blog\/wp-json\/wp\/v2\/users\/2"}],"replies":[{"embeddable":true,"href":"https:\/\/www.mochileiros.com\/blog\/wp-json\/wp\/v2\/comments?post=4921"}],"version-history":[{"count":0,"href":"https:\/\/www.mochileiros.com\/blog\/wp-json\/wp\/v2\/posts\/4921\/revisions"}],"wp:featuredmedia":[{"embeddable":true,"href":"https:\/\/www.mochileiros.com\/blog\/wp-json\/wp\/v2\/media\/4924"}],"wp:attachment":[{"href":"https:\/\/www.mochileiros.com\/blog\/wp-json\/wp\/v2\/media?parent=4921"}],"wp:term":[{"taxonomy":"category","embeddable":true,"href":"https:\/\/www.mochileiros.com\/blog\/wp-json\/wp\/v2\/categories?post=4921"},{"taxonomy":"post_tag","embeddable":true,"href":"https:\/\/www.mochileiros.com\/blog\/wp-json\/wp\/v2\/tags?post=4921"}],"curies":[{"name":"wp","href":"https:\/\/api.w.org\/{rel}","templated":true}]}}