{"id":49510,"date":"2020-05-12T12:39:24","date_gmt":"2020-05-12T15:39:24","guid":{"rendered":"https:\/\/www.mochileiros.com\/blog\/?p=49510"},"modified":"2020-05-12T12:40:24","modified_gmt":"2020-05-12T15:40:24","slug":"esta-proibido-estacionar-na-orla-do-rio-de-janeiro","status":"publish","type":"post","link":"https:\/\/www.mochileiros.com\/blog\/esta-proibido-estacionar-na-orla-do-rio-de-janeiro","title":{"rendered":"Est\u00e1 proibido estacionar na orla do Rio de Janeiro"},"content":{"rendered":"<p>A prefeitura do Rio de Janeiro anunciou ontem (11) a amplia\u00e7\u00e3o de medidas restritivas para o isolamento social na capital fluminense. Dentre as medidas v\u00e1lidas por sete dias est\u00e1 a proibi\u00e7\u00e3o de estacionar na orla das praias da cidade, inclus\u00e3o de novos pontos de interdi\u00e7\u00e3o nos centros comerciais e o fechamento de com\u00e9rcio nas comunidades, exceto supermercados e farm\u00e1cias. As informa\u00e7\u00f5es s\u00e3o da <span style=\"text-decoration: underline;\"><a href=\"https:\/\/agenciabrasil.ebc.com.br\/geral\/noticia\/2020-05\/coronavirus-rio-amplia-restricoes-em-praias-e-centros-comerciais\" target=\"_blank\" rel=\"noopener noreferrer\">Ag\u00eancia Brasil<\/a><\/span>.<br \/>\nDe acordo com a publica\u00e7\u00e3o, as regras come\u00e7am a valer hoje (12) e foram feitas para tentar aumentar o isolamento &#8220;porque a curva de contamina\u00e7\u00e3o acelerou na semana passada, quando o Rio atingiu 10 mil casos de contamina\u00e7\u00e3o pelo novo coronav\u00edrus&#8221;, explicou o prefeito Marcelo Crivella \u00e0 ag\u00eancia.<br \/>\nSobre um <span style=\"text-decoration: underline;\"><a href=\"https:\/\/pt.wikipedia.org\/wiki\/Lockdown\" target=\"_blank\" rel=\"noopener noreferrer\">lockdown<\/a><\/span> (bloqueio total) em toda a cidade o prefeito avaliou que s\u00f3 seria considerado se houvesse mais a\u00e7\u00f5es de socorro \u00e0 popula\u00e7\u00e3o, como a entrega de cestas b\u00e1sicas. &#8220;Centenas de milhares de cestas b\u00e1sicas ainda n\u00e3o chegaram&#8221;, comentou.<br \/>\nSegundo informou a ag\u00eancia de not\u00edcias, a aplica\u00e7\u00e3o das medidas na cidade contar\u00e1 com o apoio da Pol\u00edcia Militar, conforme combinado com o governo do estado. Mais informa\u00e7\u00f5es, <span style=\"text-decoration: underline;\"><a href=\"https:\/\/agenciabrasil.ebc.com.br\/geral\/noticia\/2020-05\/coronavirus-rio-amplia-restricoes-em-praias-e-centros-comerciais\" target=\"_blank\" rel=\"noopener noreferrer\">aqui<\/a><\/span>.<\/p>\n<div id=\"attachment_49512\" style=\"width: 1034px\" class=\"wp-caption aligncenter\"><img loading=\"lazy\" decoding=\"async\" aria-describedby=\"caption-attachment-49512\" class=\"wp-image-49512 size-full\" src=\"https:\/\/www.mochileiros.com\/blog\/wp-content\/uploads\/2020\/05\/copacabana_luciolavillela_mtur.jpg\" alt=\"\" width=\"1024\" height=\"632\" srcset=\"https:\/\/www.mochileiros.com\/blog\/wp-content\/uploads\/2020\/05\/copacabana_luciolavillela_mtur.jpg 1024w, https:\/\/www.mochileiros.com\/blog\/wp-content\/uploads\/2020\/05\/copacabana_luciolavillela_mtur-300x185.jpg 300w, https:\/\/www.mochileiros.com\/blog\/wp-content\/uploads\/2020\/05\/copacabana_luciolavillela_mtur-768x474.jpg 768w\" sizes=\"auto, (max-width: 1024px) 100vw, 1024px\" \/><p id=\"caption-attachment-49512\" class=\"wp-caption-text\">Vista da Praia (e do Forte) de Copacabana | Foto: Luciola Vilella\/MTur.<\/p><\/div>\n","protected":false},"excerpt":{"rendered":"<p>A prefeitura do Rio de Janeiro anunciou ontem (11) a amplia\u00e7\u00e3o de medidas restritivas para o isolamento social na capital fluminense. Dentre as medidas v\u00e1lidas por sete dias est\u00e1 a proibi\u00e7\u00e3o de estacionar na orla das praias da cidade, inclus\u00e3o de novos pontos de interdi\u00e7\u00e3o nos centros comerciais e o fechamento de com\u00e9rcio nas comunidades, [&hellip;]<\/p>\n","protected":false},"author":55,"featured_media":49512,"comment_status":"open","ping_status":"closed","sticky":false,"template":"","format":"standard","meta":{"googlesitekit_rrm_CAoiELM5mIOjYRN0nfylq3_9r-8:productID":"","_crdt_document":"","_daim_seo_power":"1000","_daim_enable_ail":"1","footnotes":""},"categories":[14],"tags":[24643,24747,66],"class_list":["post-49510","post","type-post","status-publish","format-standard","has-post-thumbnail","hentry","category-noticias","tag-coronavirus","tag-covid-19","tag-rio-de-janeiro"],"_links":{"self":[{"href":"https:\/\/www.mochileiros.com\/blog\/wp-json\/wp\/v2\/posts\/49510","targetHints":{"allow":["GET"]}}],"collection":[{"href":"https:\/\/www.mochileiros.com\/blog\/wp-json\/wp\/v2\/posts"}],"about":[{"href":"https:\/\/www.mochileiros.com\/blog\/wp-json\/wp\/v2\/types\/post"}],"author":[{"embeddable":true,"href":"https:\/\/www.mochileiros.com\/blog\/wp-json\/wp\/v2\/users\/55"}],"replies":[{"embeddable":true,"href":"https:\/\/www.mochileiros.com\/blog\/wp-json\/wp\/v2\/comments?post=49510"}],"version-history":[{"count":0,"href":"https:\/\/www.mochileiros.com\/blog\/wp-json\/wp\/v2\/posts\/49510\/revisions"}],"wp:featuredmedia":[{"embeddable":true,"href":"https:\/\/www.mochileiros.com\/blog\/wp-json\/wp\/v2\/media\/49512"}],"wp:attachment":[{"href":"https:\/\/www.mochileiros.com\/blog\/wp-json\/wp\/v2\/media?parent=49510"}],"wp:term":[{"taxonomy":"category","embeddable":true,"href":"https:\/\/www.mochileiros.com\/blog\/wp-json\/wp\/v2\/categories?post=49510"},{"taxonomy":"post_tag","embeddable":true,"href":"https:\/\/www.mochileiros.com\/blog\/wp-json\/wp\/v2\/tags?post=49510"}],"curies":[{"name":"wp","href":"https:\/\/api.w.org\/{rel}","templated":true}]}}