{"id":49631,"date":"2020-05-19T09:42:33","date_gmt":"2020-05-19T12:42:33","guid":{"rendered":"https:\/\/www.mochileiros.com\/blog\/?p=49631"},"modified":"2020-05-19T09:49:02","modified_gmt":"2020-05-19T12:49:02","slug":"mapas-comparam-movimentacao-dos-voos-na-europa-antes-e-depois-da-covid-19","status":"publish","type":"post","link":"https:\/\/www.mochileiros.com\/blog\/mapas-comparam-movimentacao-dos-voos-na-europa-antes-e-depois-da-covid-19","title":{"rendered":"Mapas comparam movimenta\u00e7\u00e3o dos voos na Europa antes e depois da covid-19"},"content":{"rendered":"<p>O EUROCONTROL, uma organiza\u00e7\u00e3o civil-militar dedicada ao apoio \u00e0 avia\u00e7\u00e3o europeia divulgou um mapa (abaixo) para tentar mostrar o impacto no tr\u00e1fego a\u00e9reo europeu antes e depois da covid-19.<br \/>\nNele \u00e9 poss\u00edvel ver a compara\u00e7\u00e3o entre mar\u00e7o de 2019 e mar\u00e7o de 2020:<\/p>\n<p><iframe loading=\"lazy\" title=\"Air traffic situation over Europe - 26 March 2019 vs 24 March 2020\" width=\"740\" height=\"416\" src=\"https:\/\/www.youtube.com\/embed\/uMMIRVns2h4?list=PLqCQ_m_VHx7MKL3Fg2XJU2TVTU4IdALGq\" frameborder=\"0\" allow=\"accelerometer; autoplay; clipboard-write; encrypted-media; gyroscope; picture-in-picture; web-share\" referrerpolicy=\"strict-origin-when-cross-origin\" allowfullscreen><\/iframe><\/p>\n<p>De acordo com dados da EUROCONTROL houve uma queda de 89,2% na movimenta\u00e7\u00e3o de avi\u00f5es nos c\u00e9us da Europa em maio 2020 com rela\u00e7\u00e3o ao ano passado. A an\u00e1lise detalhada pode ser conferida <span style=\"text-decoration: underline;\"><a href=\"https:\/\/www.eurocontrol.int\/publication\/eurocontrol-comprehensive-assessment-covid-19s-impact-european-air-traffic\" target=\"_blank\" rel=\"noopener noreferrer\">aqui<\/a><\/span>.<\/p>\n<p>A entidade divulgou ainda compara\u00e7\u00f5es dos c\u00e9us de outros pa\u00edses. A seguir, voc\u00ea confere os da <strong>It\u00e1lia<\/strong>:<\/p>\n<p><iframe loading=\"lazy\" title=\"Air traffic situation over Italy - 05 April 2019 vs 03 April 2020\" width=\"740\" height=\"416\" src=\"https:\/\/www.youtube.com\/embed\/KLY2I2R259s?start=8&#038;feature=oembed\" frameborder=\"0\" allow=\"accelerometer; autoplay; clipboard-write; encrypted-media; gyroscope; picture-in-picture; web-share\" referrerpolicy=\"strict-origin-when-cross-origin\" allowfullscreen><\/iframe><\/p>\n<p><strong>E Espanha e Portugal:<\/strong><\/p>\n<p><iframe loading=\"lazy\" title=\"Air traffic situation over Spain and Portugal - 8 April 2019 vs 6 April 2020\" width=\"740\" height=\"416\" src=\"https:\/\/www.youtube.com\/embed\/ktWBqtj-g7Q?feature=oembed\" frameborder=\"0\" allow=\"accelerometer; autoplay; clipboard-write; encrypted-media; gyroscope; picture-in-picture; web-share\" referrerpolicy=\"strict-origin-when-cross-origin\" allowfullscreen><\/iframe><\/p>\n<p>Fora do continente europeu, a EUROCONTROL divulgou apenas a compara\u00e7\u00e3o dos voos na China:<\/p>\n<p><iframe loading=\"lazy\" title=\"Air traffic situation over China - 12 April vs 17 February vs 08 January 2020\" width=\"740\" height=\"416\" src=\"https:\/\/www.youtube.com\/embed\/UlyQe7nMQ-E?feature=oembed\" frameborder=\"0\" allow=\"accelerometer; autoplay; clipboard-write; encrypted-media; gyroscope; picture-in-picture; web-share\" referrerpolicy=\"strict-origin-when-cross-origin\" allowfullscreen><\/iframe><\/p>\n<p>Mais v\u00eddeos com as compara\u00e7\u00f5es dos c\u00e9us de outros pa\u00edses da Europa podem ser conferidos <span style=\"text-decoration: underline;\"><a href=\"https:\/\/www.eurocontrol.int\/covid19\" target=\"_blank\" rel=\"noopener noreferrer\">aqui<\/a><\/span>.<\/p>\n<p><em>A foto (da home e) que traz at\u00e9 este post \u00e9 Reprodu\u00e7\u00e3o.<\/em><\/p>\n","protected":false},"excerpt":{"rendered":"<p>O EUROCONTROL, uma organiza\u00e7\u00e3o civil-militar dedicada ao apoio \u00e0 avia\u00e7\u00e3o europeia divulgou um mapa (abaixo) para tentar mostrar o impacto no tr\u00e1fego a\u00e9reo europeu antes e depois da covid-19. Nele \u00e9 poss\u00edvel ver a compara\u00e7\u00e3o entre mar\u00e7o de 2019 e mar\u00e7o de 2020: De acordo com dados da EUROCONTROL houve uma queda de 89,2% na [&hellip;]<\/p>\n","protected":false},"author":55,"featured_media":49638,"comment_status":"open","ping_status":"closed","sticky":false,"template":"","format":"standard","meta":{"googlesitekit_rrm_CAoiELM5mIOjYRN0nfylq3_9r-8:productID":"","_crdt_document":"","_daim_seo_power":"1000","_daim_enable_ail":"1","footnotes":""},"categories":[14],"tags":[24643,24747,19194,118],"class_list":["post-49631","post","type-post","status-publish","format-standard","has-post-thumbnail","hentry","category-noticias","tag-coronavirus","tag-covid-19","tag-europa","tag-mapas"],"_links":{"self":[{"href":"https:\/\/www.mochileiros.com\/blog\/wp-json\/wp\/v2\/posts\/49631","targetHints":{"allow":["GET"]}}],"collection":[{"href":"https:\/\/www.mochileiros.com\/blog\/wp-json\/wp\/v2\/posts"}],"about":[{"href":"https:\/\/www.mochileiros.com\/blog\/wp-json\/wp\/v2\/types\/post"}],"author":[{"embeddable":true,"href":"https:\/\/www.mochileiros.com\/blog\/wp-json\/wp\/v2\/users\/55"}],"replies":[{"embeddable":true,"href":"https:\/\/www.mochileiros.com\/blog\/wp-json\/wp\/v2\/comments?post=49631"}],"version-history":[{"count":0,"href":"https:\/\/www.mochileiros.com\/blog\/wp-json\/wp\/v2\/posts\/49631\/revisions"}],"wp:featuredmedia":[{"embeddable":true,"href":"https:\/\/www.mochileiros.com\/blog\/wp-json\/wp\/v2\/media\/49638"}],"wp:attachment":[{"href":"https:\/\/www.mochileiros.com\/blog\/wp-json\/wp\/v2\/media?parent=49631"}],"wp:term":[{"taxonomy":"category","embeddable":true,"href":"https:\/\/www.mochileiros.com\/blog\/wp-json\/wp\/v2\/categories?post=49631"},{"taxonomy":"post_tag","embeddable":true,"href":"https:\/\/www.mochileiros.com\/blog\/wp-json\/wp\/v2\/tags?post=49631"}],"curies":[{"name":"wp","href":"https:\/\/api.w.org\/{rel}","templated":true}]}}