{"id":50014,"date":"2020-08-10T18:35:47","date_gmt":"2020-08-10T21:35:47","guid":{"rendered":"https:\/\/www.mochileiros.com\/blog\/?p=50014"},"modified":"2020-08-10T18:36:22","modified_gmt":"2020-08-10T21:36:22","slug":"pontos-turisticos-do-rio-voltam-a-funcionar-no-sabado","status":"publish","type":"post","link":"https:\/\/www.mochileiros.com\/blog\/pontos-turisticos-do-rio-voltam-a-funcionar-no-sabado","title":{"rendered":"Pontos tur\u00edsticos do Rio voltam a funcionar no s\u00e1bado"},"content":{"rendered":"<p>A partir deste s\u00e1bado (15), famosas atra\u00e7\u00f5es tur\u00edsticas da cidade do Rio de Janeiro voltam a reabrir para o p\u00fablico, seguindo protocolos sanit\u00e1rios em virtude da pandemia de covid-19: o <span style=\"text-decoration: underline;\"><a href=\"http:\/\/www.tremdocorcovado.rio\/\" target=\"_blank\" rel=\"noopener noreferrer\">Trem do Corcovado<\/a><\/span>, o <span style=\"text-decoration: underline;\"><a href=\"https:\/\/www.bondinho.com.br\/\" target=\"_blank\" rel=\"noopener noreferrer\">Bondinho do P\u00e3o de A\u00e7\u00facar<\/a><\/span> e a <span style=\"text-decoration: underline;\"><a href=\"https:\/\/riostar.tur.br\/\" target=\"_blank\" rel=\"noopener noreferrer\">Rio Star<\/a><\/span>, maior roda gigante da Am\u00e9rica Latina.<\/p>\n<p>De acordo com o presidente da Trem do Corcovado, empresa que administra a opera\u00e7\u00e3o do servi\u00e7o, S\u00e1vio Neves, os protocolos s\u00e3o r\u00edgidos e foram adotados para diversos equipamentos de turismo como o <span style=\"text-decoration: underline;\"><a href=\"https:\/\/www.aquariomarinhodorio.com.br\/\" target=\"_blank\" rel=\"noopener noreferrer\">Aqu\u00e1rio do Rio<\/a><\/span> e o <span style=\"text-decoration: underline;\"><a href=\"https:\/\/museudoamanha.org.br\/\" target=\"_blank\" rel=\"noopener noreferrer\">Museu do Amanh\u00e3<\/a><\/span>.<\/p>\n<p>\u201c\u00c9 um protocolo completo que pega desde a parte de preven\u00e7\u00e3o, precau\u00e7\u00f5es todas como uso de m\u00e1scara, distanciamento social evitar aglomera\u00e7\u00e3o tanto na bilheteria quanto na \u00e1rea de embarque, medi\u00e7\u00e3o de temperatura, \u00e1lcool em gel dispon\u00edvel em todos os pontos estrat\u00e9gicos da esta\u00e7\u00e3o. Enfim, \u00e9 um protocolo completo que foi feito com todos os equipamentos tur\u00edsticos do Rio de Janeiro\u201d, explicou S\u00e1vio Neves, presidente da Trem do Corcovado, empresa que administra a opera\u00e7\u00e3o do servi\u00e7o.<\/p>\n<p>Logo na entrada da Esta\u00e7\u00e3o do Cosme Velho, na zona sul do Rio, onde parte e chega o trem para o alto do Corcovado, funcion\u00e1rios da empresa v\u00e3o aferir a temperatura dos visitantes e todos devem estar de m\u00e1scaras. O caminho at\u00e9 o embarque tem marca\u00e7\u00f5es para preservar o distanciamento. Os trens que costumavam sair de 20 em 20 minutos, agora v\u00e3o partir a cada meia hora.<\/p>\n<p>Mesmo autorizado a operar com dois ter\u00e7os da capacidade de passageiros, o Trem do Corcovado s\u00f3 vai funcionar com 50% do n\u00famero de visitantes. O hor\u00e1rio de funcionamento ser\u00e1 das 8h \u00e0s 16h, de segunda a domingo. Antes da pandemia, as visitas podiam ser feitas at\u00e9 as 19h.<\/p>\n<p>\u201cA gente vai ter que sentir isso [se o hor\u00e1rio est\u00e1 adequado] at\u00e9 pela aus\u00eancia do turista estrangeiro e de outros estados. Ent\u00e3o, nesse primeiro momento, a gente acha que s\u00f3 o carioca vai. A gente vai ter que monitorar para ver se esse hor\u00e1rio \u00e9 pouco ou se \u00e9 suficiente, porque se achar que tem um fluxo que justifique a gente j\u00e1 estica imediatamente. Agora, \u00e9 hora de sentir o fluxo e depois fazer os ajustes, se necess\u00e1rio\u201d, avaliou Neves.<\/p>\n<p>Para evitar aglomera\u00e7\u00e3o nas bilheterias, a dire\u00e7\u00e3o da empresa recomenda que os ingressos sejam comprados no site, em lot\u00e9ricas ou no aplicativo do Trem do Corcovado. \u201cAs bilheterias v\u00e3o funcionar normalmente, mas a nossa ideia \u00e9 evitar que ali tamb\u00e9m se acumulem pessoas para que a gente n\u00e3o tenha aglomera\u00e7\u00e3o na \u00e1rea de bilheteria\u201d, afirmou.<\/p>\n<p>A reabertura do Trem do Corcovado j\u00e1 estava autorizada desde o in\u00edcio de agosto, mas a empresa optou por esperar mais alguns dias como medida de seguran\u00e7a.<\/p>\n<p>S\u00e1vio Neves disse que nesse per\u00edodo houve o treinamento dos colaboradores, a compra dos equipamentos de prote\u00e7\u00e3o e a prepara\u00e7\u00e3o dos locais de acesso e passagem de visitantes e funcion\u00e1rios, incluindo a sinaliza\u00e7\u00e3o e a disponibilidade de \u00e1lcool em gel.<\/p>\n<div id=\"attachment_50015\" style=\"width: 1034px\" class=\"wp-caption aligncenter\"><img loading=\"lazy\" decoding=\"async\" aria-describedby=\"caption-attachment-50015\" class=\"wp-image-50015 size-full\" src=\"https:\/\/www.mochileiros.com\/blog\/wp-content\/uploads\/2020\/08\/cristo_luciolavillela_mtur.jpg\" alt=\"\" width=\"1024\" height=\"683\" srcset=\"https:\/\/www.mochileiros.com\/blog\/wp-content\/uploads\/2020\/08\/cristo_luciolavillela_mtur.jpg 1024w, https:\/\/www.mochileiros.com\/blog\/wp-content\/uploads\/2020\/08\/cristo_luciolavillela_mtur-300x200.jpg 300w, https:\/\/www.mochileiros.com\/blog\/wp-content\/uploads\/2020\/08\/cristo_luciolavillela_mtur-768x512.jpg 768w\" sizes=\"auto, (max-width: 1024px) 100vw, 1024px\" \/><p id=\"caption-attachment-50015\" class=\"wp-caption-text\">Foto: Luciola Vilella\/MTur.<\/p><\/div>\n<div id=\"ez-toc-container\" class=\"ez-toc-v2_0_82_2 counter-hierarchy ez-toc-counter ez-toc-grey ez-toc-container-direction\">\n<div class=\"ez-toc-title-container\">\n<p class=\"ez-toc-title\" style=\"cursor:inherit\">\u00cdndice<\/p>\n<span class=\"ez-toc-title-toggle\"><a href=\"#\" class=\"ez-toc-pull-right ez-toc-btn ez-toc-btn-xs ez-toc-btn-default ez-toc-toggle\" aria-label=\"Alternar tabela de conte\u00fado\"><span class=\"ez-toc-js-icon-con\"><span class=\"\"><span class=\"eztoc-hide\" style=\"display:none;\">Toggle<\/span><span class=\"ez-toc-icon-toggle-span\"><svg style=\"fill: #999;color:#999\" xmlns=\"http:\/\/www.w3.org\/2000\/svg\" class=\"list-377408\" width=\"20px\" height=\"20px\" viewBox=\"0 0 24 24\" fill=\"none\"><path d=\"M6 6H4v2h2V6zm14 0H8v2h12V6zM4 11h2v2H4v-2zm16 0H8v2h12v-2zM4 16h2v2H4v-2zm16 0H8v2h12v-2z\" fill=\"currentColor\"><\/path><\/svg><svg style=\"fill: #999;color:#999\" class=\"arrow-unsorted-368013\" xmlns=\"http:\/\/www.w3.org\/2000\/svg\" width=\"10px\" height=\"10px\" viewBox=\"0 0 24 24\" version=\"1.2\" baseProfile=\"tiny\"><path d=\"M18.2 9.3l-6.2-6.3-6.2 6.3c-.2.2-.3.4-.3.7s.1.5.3.7c.2.2.4.3.7.3h11c.3 0 .5-.1.7-.3.2-.2.3-.5.3-.7s-.1-.5-.3-.7zM5.8 14.7l6.2 6.3 6.2-6.3c.2-.2.3-.5.3-.7s-.1-.5-.3-.7c-.2-.2-.4-.3-.7-.3h-11c-.3 0-.5.1-.7.3-.2.2-.3.5-.3.7s.1.5.3.7z\"\/><\/svg><\/span><\/span><\/span><\/a><\/span><\/div>\n<nav><ul class='ez-toc-list ez-toc-list-level-1 ' ><li class='ez-toc-page-1 ez-toc-heading-level-3'><a class=\"ez-toc-link ez-toc-heading-1\" href=\"https:\/\/www.mochileiros.com\/blog\/pontos-turisticos-do-rio-voltam-a-funcionar-no-sabado\/#Ingresso\" >Ingresso<\/a><\/li><li class='ez-toc-page-1 ez-toc-heading-level-3'><a class=\"ez-toc-link ez-toc-heading-2\" href=\"https:\/\/www.mochileiros.com\/blog\/pontos-turisticos-do-rio-voltam-a-funcionar-no-sabado\/#Mascaras\" >M\u00e1scaras<\/a><\/li><li class='ez-toc-page-1 ez-toc-heading-level-3'><a class=\"ez-toc-link ez-toc-heading-3\" href=\"https:\/\/www.mochileiros.com\/blog\/pontos-turisticos-do-rio-voltam-a-funcionar-no-sabado\/#Perdas\" >Perdas<\/a><\/li><li class='ez-toc-page-1 ez-toc-heading-level-3'><a class=\"ez-toc-link ez-toc-heading-4\" href=\"https:\/\/www.mochileiros.com\/blog\/pontos-turisticos-do-rio-voltam-a-funcionar-no-sabado\/#Roda_gigante\" >Roda gigante<\/a><\/li><li class='ez-toc-page-1 ez-toc-heading-level-3'><a class=\"ez-toc-link ez-toc-heading-5\" href=\"https:\/\/www.mochileiros.com\/blog\/pontos-turisticos-do-rio-voltam-a-funcionar-no-sabado\/#Bondinho_do_Pao_de_Acucar\" >Bondinho do P\u00e3o de A\u00e7\u00facar<\/a><\/li><\/ul><\/nav><\/div>\n<h3><span class=\"ez-toc-section\" id=\"Ingresso\"><\/span>Ingresso<span class=\"ez-toc-section-end\"><\/span><\/h3>\n<p>Para incentivar o turismo dom\u00e9stico, at\u00e9 12 de outubro haver\u00e1 promo\u00e7\u00e3o para os cariocas com desconto no valor dos ingressos. O percentual do desconto ainda est\u00e1 sendo negociado com o Instituto Chico Mendes de Conserva\u00e7\u00e3o da Biodiversidade (ICMBio), que administra o Parque Nacional da Tijuca, onde est\u00e1 localizada a trilha at\u00e9 o alto do Corcovado.<\/p>\n<p>Antes do fechamento, em mar\u00e7o, os ingressos custavam R$ 82 (inteira, em alta temporada, s\u00e1bados, domingos e feriados) e R$ 67 (inteira, na baixa temporada). Para idosos acima de 60 anos residentes no Brasil, o custo era de R$ 26 e para crian\u00e7as, de 5 a 11 anos, R$ 52. Crian\u00e7as at\u00e9 4 anos n\u00e3o pagam, desde que estejam no colo do respons\u00e1vel. O ingresso inclui transporte de ida e volta e acesso ao monumento do Cristo Redentor.<\/p>\n<h3><span class=\"ez-toc-section\" id=\"Mascaras\"><\/span>M\u00e1scaras<span class=\"ez-toc-section-end\"><\/span><\/h3>\n<p>Quem n\u00e3o tiver m\u00e1scara poder\u00e1 comprar na pr\u00f3pria Esta\u00e7\u00e3o do Corcovado. A empresa que administra o servi\u00e7o adquiriu m\u00e1scaras de costureiras de uma organiza\u00e7\u00e3o n\u00e3o governamental (ONG) ligada a comunidades carentes do Rio. O item de prote\u00e7\u00e3o ser\u00e3o vendido a pre\u00e7o de custo e a renda ser\u00e1 revertida para a compra de cestas b\u00e1sicas para os guias. \u201c\u00c9 uma categoria que est\u00e1 sofrendo muito com esse fechamento\u201d, disse Neves.<\/p>\n<h3><span class=\"ez-toc-section\" id=\"Perdas\"><\/span>Perdas<span class=\"ez-toc-section-end\"><\/span><\/h3>\n<p>O presidente da empresa avaliou que durante os cinco meses em que a atra\u00e7\u00e3o ficou fechada, de 15 de mar\u00e7o a 15 de agosto, o Trem do Corcovado deixou de atender cerca de 500 mil passageiros e acumulou perdas de R$ 40 milh\u00f5es. Neves lembrou que, nesse per\u00edodo, a empresa manteve o quadro de colaboradores. \u201cTrem do Corcovado n\u00e3o demitiu ningu\u00e9m, a gente manteve todo mundo, alguns com suspens\u00e3o de contrato, outros com redu\u00e7\u00e3o de jornada, mas n\u00e3o ningu\u00e9m foi demitido. A gente vai retornar agora com todos os colaboradores\u201d, disse.<\/p>\n<h3><span class=\"ez-toc-section\" id=\"Roda_gigante\"><\/span>Roda gigante<span class=\"ez-toc-section-end\"><\/span><\/h3>\n<p>A Rio Star, maior roda gigante da Am\u00e9rica Latina, tamb\u00e9m retorna no pr\u00f3ximo s\u00e1bado com protocolos de opera\u00e7\u00e3o iguais aos do trenzinho para garantir a seguran\u00e7a dos frequentadores e colaboradores. Tamb\u00e9m vai funcionar com 50% da capacidade t\u00e9cnica nas cabines. Cada uma ter\u00e1, no m\u00e1ximo, quatro pessoas \u2013 antes da pandemia eram oito. Por causa do momento atual, ser\u00e1 permitida a abertura da janela.<\/p>\n<p>A aferi\u00e7\u00e3o de temperatura dos visitantes, parceiros, terceiros e fornecedores vai ser feita na entrada do parque, colaboradores por meio do uso de term\u00f4metros infravermelhos. N\u00e3o poder\u00e3o entrar aqueles que apresentarem temperaturas iguais ou acima de 37,8\u00b0 C. O uso de m\u00e1scaras ser\u00e1 obrigat\u00f3rio.<\/p>\n<p>A Rio Star, localizada na zona portu\u00e1ria da cidade, funcionar\u00e1 todos os dias, das 10h \u00e0s 18h, com exce\u00e7\u00e3o das quartas-feiras, quando permanecer\u00e1 fechada.<\/p>\n<p>O diretor-executivo da FW Investimentos, holding que administra a roda gigante, F\u00e1bio Bordin, disse que a atra\u00e7\u00e3o v\u00ea com otimismo a retomada de atividades, ainda que no cen\u00e1rio atual de incertezas. \u201cPor mais que estejamos sofrendo com essa crise, encaramos tudo isso como um grande aprendizado e vamos dar a volta por cima, juntos e com muita positividade e alegria, que \u00e9 o papel de quem trabalha com entretenimento e turismo\u201d, apontou.<\/p>\n<p>O acesso \u00e0 pra\u00e7a de alimenta\u00e7\u00e3o e \u00e0 loja de souvenirs do parque ser\u00e1 controlado e monitorado para evitar aglomera\u00e7\u00e3o. \u201cPara garantir seguran\u00e7a total, nossos funcion\u00e1rios usar\u00e3o, al\u00e9m da m\u00e1scara, que passa a ser obrigat\u00f3ria por todos os frequentadores, a prote\u00e7\u00e3o facial\u201d, disse Bordin.<\/p>\n<h3><span class=\"ez-toc-section\" id=\"Bondinho_do_Pao_de_Acucar\"><\/span>Bondinho do P\u00e3o de A\u00e7\u00facar<span class=\"ez-toc-section-end\"><\/span><\/h3>\n<p>Embora celebre a volta do funcionamento no s\u00e1bado (15), o diretor-executivo do bondinho, Sandro Fernandes, chama a aten\u00e7\u00e3o para o momento que exige cuidado de todos, especialmente, dos pr\u00f3prios visitantes.<\/p>\n<p>\u201cEstamos felizes em voltar a oferecer a experi\u00eancia incr\u00edvel que \u00e9 visitar o parque. Preparamos o retorno de forma a preservar a sa\u00fade e o bem-estar de nossos funcion\u00e1rios e visitantes. No entanto, todos temos a responsabilidade e o dever coletivo de proteger uns aos outros\u201d, observou.<\/p>\n<p>O bondinho estar\u00e1 aberto ao p\u00fablico de quinta a segunda-feira, das 10h \u00e0s 19h.<\/p>\n<p>A dire\u00e7\u00e3o da atra\u00e7\u00e3o estimula a compra dos bilhetes, prioritariamente, por meio do site oficial. No caso de compra presencial, deve ser usado o cart\u00e3o. Para evitar aglomera\u00e7\u00e3o, os bondes v\u00e3o operar com dois ter\u00e7os da capacidade.<\/p>\n<p><em>Texto: Cristina Indio do Brasil\/<span style=\"text-decoration: underline;\"><a href=\"https:\/\/agenciabrasil.ebc.com.br\/geral\/noticia\/2020-08\/rio-pontos-turisticos-voltam-funcionar-no-sabado\" target=\"_blank\" rel=\"noopener noreferrer\">Ag\u00eancia Brasil<\/a><\/span>.<\/em><\/p>\n<ul>\n<li>Para mais informa\u00e7\u00f5es acesse os sites dos respectivos atrativos clicando sobre os nomes sublinhados no in\u00edcio do texto.<\/li>\n<\/ul>\n<p><strong>Nota:<\/strong><span style=\"color: #ff0000;\">\u00a0<\/span><em><span style=\"color: #ff0000;\">Antes de planejar sua viagem a este destino informe-se sobre ele atrav\u00e9s do notici\u00e1rio (uma dica \u00e9 escrever o nome do destino no Google e clicar em \u2018not\u00edcias&#8217;) e confirme se ele segue aberto (eventualmente ele pode ser fechado novamente, haja vista que a pandemia n\u00e3o acabou) e quais regras devem ser seguidas.<\/span><\/em><\/p>\n","protected":false},"excerpt":{"rendered":"<p>A partir deste s\u00e1bado (15), famosas atra\u00e7\u00f5es tur\u00edsticas da cidade do Rio de Janeiro voltam a reabrir para o p\u00fablico, seguindo protocolos sanit\u00e1rios em virtude da pandemia de covid-19: o Trem do Corcovado, o Bondinho do P\u00e3o de A\u00e7\u00facar e a Rio Star, maior roda gigante da Am\u00e9rica Latina. De acordo com o presidente da [&hellip;]<\/p>\n","protected":false},"author":55,"featured_media":50015,"comment_status":"open","ping_status":"closed","sticky":false,"template":"","format":"standard","meta":{"googlesitekit_rrm_CAoiELM5mIOjYRN0nfylq3_9r-8:productID":"","_crdt_document":"","_daim_seo_power":"1000","_daim_enable_ail":"1","footnotes":""},"categories":[14],"tags":[66],"class_list":["post-50014","post","type-post","status-publish","format-standard","has-post-thumbnail","hentry","category-noticias","tag-rio-de-janeiro"],"_links":{"self":[{"href":"https:\/\/www.mochileiros.com\/blog\/wp-json\/wp\/v2\/posts\/50014","targetHints":{"allow":["GET"]}}],"collection":[{"href":"https:\/\/www.mochileiros.com\/blog\/wp-json\/wp\/v2\/posts"}],"about":[{"href":"https:\/\/www.mochileiros.com\/blog\/wp-json\/wp\/v2\/types\/post"}],"author":[{"embeddable":true,"href":"https:\/\/www.mochileiros.com\/blog\/wp-json\/wp\/v2\/users\/55"}],"replies":[{"embeddable":true,"href":"https:\/\/www.mochileiros.com\/blog\/wp-json\/wp\/v2\/comments?post=50014"}],"version-history":[{"count":0,"href":"https:\/\/www.mochileiros.com\/blog\/wp-json\/wp\/v2\/posts\/50014\/revisions"}],"wp:featuredmedia":[{"embeddable":true,"href":"https:\/\/www.mochileiros.com\/blog\/wp-json\/wp\/v2\/media\/50015"}],"wp:attachment":[{"href":"https:\/\/www.mochileiros.com\/blog\/wp-json\/wp\/v2\/media?parent=50014"}],"wp:term":[{"taxonomy":"category","embeddable":true,"href":"https:\/\/www.mochileiros.com\/blog\/wp-json\/wp\/v2\/categories?post=50014"},{"taxonomy":"post_tag","embeddable":true,"href":"https:\/\/www.mochileiros.com\/blog\/wp-json\/wp\/v2\/tags?post=50014"}],"curies":[{"name":"wp","href":"https:\/\/api.w.org\/{rel}","templated":true}]}}