{"id":5007,"date":"2013-02-18T00:15:11","date_gmt":"2013-02-18T03:15:11","guid":{"rendered":"https:\/\/www.mochileiros.com\/blog\/?p=5007"},"modified":"2019-01-23T14:48:39","modified_gmt":"2019-01-23T17:48:39","slug":"salto-do-yucuma","status":"publish","type":"post","link":"https:\/\/www.mochileiros.com\/blog\/salto-do-yucuma","title":{"rendered":"Salto do Yucum\u00e3, um destino &#8220;Corra antes que acabe!&#8221;"},"content":{"rendered":"<p style=\"text-align: justify;\">N\u00e3o, n\u00e3o se trata de uma super promo\u00e7\u00e3o, mas de um alerta \u00e0queles que querem conhecer um dos mais belos pontos do sul do Brasil: o Salto do Yucum\u00e3.<br \/>\nNo extremo noroeste do Estado do Rio Grande do Sul, fazendo divisa com a Argentina (e dividindo com o vizinho a beleza, assim como o faz com <a href=\"https:\/\/www.mochileiros.com\/blog\/destinos\/parque-nacional-do-iguacu\" target=\"_blank\" rel=\"noopener\">Foz do Igua\u00e7u<\/a>) est\u00e1 o maior salto longitudinal do planeta. S\u00e3o 1800m de extens\u00e3o por onde deitam as \u00e1guas do Rio Uruguai.<\/p>\n<div id=\"attachment_5427\" style=\"width: 1034px\" class=\"wp-caption alignnone\"><a href=\"https:\/\/www.mochileiros.com\/blog\/wp-content\/uploads\/2013\/02\/IMG_7142.jpg\"><img loading=\"lazy\" decoding=\"async\" aria-describedby=\"caption-attachment-5427\" class=\"size-large wp-image-5427\" src=\"https:\/\/www.mochileiros.com\/blog\/wp-content\/uploads\/2013\/02\/IMG_7142-1024x682.jpg\" alt=\"Salto do Yucum\u00e3 - Foto: Silnei L Andrade\" width=\"1024\" height=\"682\" \/><\/a><p id=\"caption-attachment-5427\" class=\"wp-caption-text\">Salto do Yucum\u00e3 &#8211; Foto: Silnei L Andrade<\/p><\/div>\n<p style=\"text-align: justify;\">E \u00e9 na \u00e9poca de seca que o Salto revela todo seu esplendor. A\u00ed \u00e9 que entra o &#8216;corra antes que acabe&#8217;. A \u00e9poca de seca que vai de novembro a abril, agora n\u00e3o \u00e9 mais algo estritamente natural.<br \/>\nAs \u00e1guas da barragem da usina Foz de Chapec\u00f3 (entre as cidades de \u00c1guas de Chapec\u00f3, em Santa Catarina e Alpestre, no Rio Grande do Sul) &#8216;banham&#8217; a regi\u00e3o quando necessitam. Com isso, a fenda que se abre no meio do rio (em alguns pontos pode chegar at\u00e9 a 110 metros de profundidade) enche e toda a beleza do Salto fica escondida sob a \u00e1gua, se n\u00e3o total, parcialmente.<br \/>\nSe com as a\u00e7\u00f5es nesta usina uma boa parte da beleza c\u00eanica do Salto &#8216;se perde&#8217;, com a constru\u00e7\u00e3o da Binacional (Argentina e Brasil) Garabi-Panambi ela estaria amea\u00e7ada.<\/p>\n<p style=\"text-align: justify;\">Autoridades utilizando-se de m\u00e9tricas e promessas, afirmam que o Salto n\u00e3o seria alagado pela hidrel\u00e9trica. \u201cAntes do invent\u00e1rio n\u00f3s colocamos tr\u00eas grandes premissas: que os empreendimentos fossem vi\u00e1veis economicamente, socialmente justos e ambientalmente sustent\u00e1veis, incluindo a\u00ed a preserva\u00e7\u00e3o integral dos Saltos de Yucum\u00e3\u201d, afirmou o superintendente de Gera\u00e7\u00e3o da Eletrobras, Sidney Lago, em maio de 2011 quando da apresenta\u00e7\u00e3o do projeto numa audi\u00eancia p\u00fablica no munic\u00edpio de Santo \u00c2ngelo (RS). Por\u00e9m, argentinos e brasileiros contr\u00e1rios \u00e0 binacional afirmam que sim, a beleza c\u00eanica do Yucum\u00e3 corre risco, al\u00e9m da amea\u00e7a \u00e0 toda biodiversidade da maior e mais importante \u00e1rea de preserva\u00e7\u00e3o ambiental do Rio Grande do Sul, que abriga entre outras esp\u00e9cies amea\u00e7adas a on\u00e7a, a anta, os ara\u00e7aris, o tapiti e a jararacussu.<br \/>\nAlguns sites, brasileiros (como o <a href=\"http:\/\/riouruguaivivo.wordpress.com\/complexo-garabi-panambi\/\" target=\"_blank\" rel=\"noopener\">Rio Uruguai Vivo!<\/a> \u00a0e o <a href=\"http:\/\/salveosaltodoyucuma.blogspot.com.br\/\" target=\"_blank\" rel=\"noopener\">Salve o Salto do Yucum\u00e3<\/a>) e argentinos (como o <a href=\"https:\/\/www.facebook.com\/pages\/No-A-Garabi\/156533954379926\" target=\"_blank\" rel=\"noopener\">No a Garab\u00ed<\/a> )falam sobre a problem\u00e1tica. J\u00e1 o Movimento dos Atingidos por Barragens (MAB) alerta para o fato de que os futuros atingidos n\u00e3o t\u00eam sido esclarecidos sobre a constru\u00e7\u00e3o das hidrel\u00e9ticas. \u201cEles t\u00eam a not\u00edcia que a barragem vai sair, porque os meios de comunica\u00e7\u00e3o est\u00e3o propagandeando isso. Est\u00e3o acontecendo as negocia\u00e7\u00f5es, mas os principais interessados e afetados diretamente e indiretamente pelo empreendimento n\u00e3o t\u00eam essas informa\u00e7\u00f5es\u201d, declara Nudicl\u00e9ia de Oliveira, coordenadora do MAB em <span style=\"text-decoration: underline;\" data-mce-mark=\"1\"><a href=\"http:\/\/www.mabnacional.org.br\/noticia\/complexo-binacional-deixa-13-mil-atingidos-sem-informa\" target=\"_blank\" rel=\"noopener\">nota divulgada no site da organiza\u00e7\u00e3o<\/a><\/span>, que j\u00e1 vem desenvolvendo projetos junto aos agricultores que ser\u00e3o afetados.<br \/>\n\u201cAs sete usinas hidrel\u00e9tricas j\u00e1 constru\u00eddas na bacia do rio Uruguai atingiram cerca de 80 mil hectares e somente as duas hidrel\u00e9tricas [Garab\u00ed e Panambi] v\u00e3o atingir 100 mil hectares. Ent\u00e3o, essa obra \u00e9 muito grande vai atingir muitas pessoas, do ponto de vista de desestrutura\u00e7\u00e3o de comunidade e desestrutura\u00e7\u00e3o das regi\u00f5es\u201d, acrescenta.<br \/>\nOutra entidade atenta ao problema \u00e9 o Cons\u00f3rcio Rota do Yucum\u00e3, organiza\u00e7\u00e3o de 33 munic\u00edpios que visa promover o turismo regional. &#8220;O governo diz que o Salto n\u00e3o ser\u00e1 inundado, mas temos essa preocupa\u00e7\u00e3o&#8221;, afirma Felipe St\u00fcrmer, coordenador regional de turismo da organiza\u00e7\u00e3o.<\/p>\n<div id=\"attachment_5436\" style=\"width: 1034px\" class=\"wp-caption alignnone\"><a href=\"https:\/\/www.mochileiros.com\/blog\/wp-content\/uploads\/2013\/02\/IMG_7195.jpg\"><img loading=\"lazy\" decoding=\"async\" aria-describedby=\"caption-attachment-5436\" class=\" wp-image-5436 size-large\" src=\"https:\/\/www.mochileiros.com\/blog\/wp-content\/uploads\/2013\/02\/IMG_7195-1024x393.jpg\" alt=\"P\u00e1ssaro voa \u00e0s margens do Rio Uruguai - Foto: Silnei L. Andrade\" width=\"1024\" height=\"393\" srcset=\"https:\/\/www.mochileiros.com\/blog\/wp-content\/uploads\/2013\/02\/IMG_7195-1024x393.jpg 1024w, https:\/\/www.mochileiros.com\/blog\/wp-content\/uploads\/2013\/02\/IMG_7195-300x115.jpg 300w, https:\/\/www.mochileiros.com\/blog\/wp-content\/uploads\/2013\/02\/IMG_7195-768x295.jpg 768w, https:\/\/www.mochileiros.com\/blog\/wp-content\/uploads\/2013\/02\/IMG_7195-313x120.jpg 313w, https:\/\/www.mochileiros.com\/blog\/wp-content\/uploads\/2013\/02\/IMG_7195-20x8.jpg 20w, https:\/\/www.mochileiros.com\/blog\/wp-content\/uploads\/2013\/02\/IMG_7195.jpg 1237w\" sizes=\"auto, (max-width: 1024px) 100vw, 1024px\" \/><\/a><p id=\"caption-attachment-5436\" class=\"wp-caption-text\">P\u00e1ssaro voa \u00e0s margens do Rio Uruguai &#8211; Foto: Silnei L. Andrade<\/p><\/div>\n<p style=\"text-align: justify;\">O pr\u00f3prio estudo ambiental feito pela Eletrobras\u00a0aponta pelo menos 23 indicadores de impacto negativo com a constru\u00e7\u00e3o, entre elas perda de cobertura vegetal nativa, fauna afetada (inclusive de esp\u00e9cies j\u00e1 amea\u00e7adas), perda de \u00e1reas de interesse ecol\u00f3gico relevante; interfer\u00eancias na organiza\u00e7\u00e3o territorial e no modo de vida local, tanto urbano quanto rural, valor das produ\u00e7\u00f5es (econ\u00f4micas) afetadas, s\u00edtios arqueol\u00f3gicos atingidos etc.<br \/>\nJ\u00e1 os impactos positivos apresentados no estudo, seriam entre outros, o aumento dos or\u00e7amentos estaduais e municipais atrav\u00e9s de &#8216;compensa\u00e7\u00f5es&#8217; financeiras, incremento na arrecada\u00e7\u00e3o de impostos durante a constru\u00e7\u00e3o (devido ao crescimento da atividade econ\u00f4mica durante o andamento dos trabalhos), cria\u00e7\u00e3o de postos de trabalho durante a obra, possibilidade de desenvolvimento tur\u00edstico e de lazer no entorno do reservat\u00f3rio e melhora do servi\u00e7o el\u00e9trico regional etc.<br \/>\nBem, e parece que o processo de constru\u00e7\u00e3o das usinas \u00e9 irrevers\u00edvel. Em novembro passado, a Eletrobras anunciou que os trabalhos de viabilidade para o projeto seriam iniciados no 1\u00ba trimestre de 2013 e que o cronograma seria basicamente: 2014 t\u00e9rmino dos projetos b\u00e1sicos; 2015 licita\u00e7\u00e3o para a constru\u00e7\u00e3o das usinas; 2016 a 2020 constru\u00e7\u00e3o e 2020 in\u00edcio da opera\u00e7\u00e3o comercial.<br \/>\nEnt\u00e3o&#8230; corra antes que acabe. Antes que acabe de ser como \u00e9 hoje, ao menos.<\/p>\n<div id=\"attachment_5434\" style=\"width: 1034px\" class=\"wp-caption alignnone\"><a href=\"https:\/\/www.mochileiros.com\/blog\/wp-content\/uploads\/2013\/02\/IMG_7171.jpg\"><img loading=\"lazy\" decoding=\"async\" aria-describedby=\"caption-attachment-5434\" class=\" wp-image-5434 size-large\" src=\"https:\/\/www.mochileiros.com\/blog\/wp-content\/uploads\/2013\/02\/IMG_7171-1024x682.jpg\" alt=\"No lado argentino \u00e9 poss\u00edvel contratar um passeio de barco pelo Rio Uruguai | Foto: Silnei L. Andrade \/ Mochila Brasil\" width=\"1024\" height=\"682\" \/><\/a><p id=\"caption-attachment-5434\" class=\"wp-caption-text\">No lado argentino \u00e9 poss\u00edvel contratar um passeio de barco pelo Rio Uruguai | Foto: Silnei L. Andrade \/ Mochila Brasil<\/p><\/div>\n<p style=\"text-align: justify;\">Estivemos no Salto em janeiro (2013). Se n\u00e3o fosse o azar de no dia anterior a barragem de \u00c1guas de Chapec\u00f3 ter agido, conhecer\u00edamos uma das maravilhas do Rio Grande do Sul em sua plenitude. Arrependidos? De maneira alguma! O lugar \u00e9 realmente espetacular, mesmo estando um pouco mais cheio (de \u00e1gua) do que gostar\u00edamos de ver.<br \/>\nAlguns viajantes podem at\u00e9 esperar algo mais, haja vista que na regi\u00e3o \u00e9 s\u00f3 o Salto mesmo que voc\u00ea vai encontrar; mas como a gente curte muito uma estrada e estava interessada no Yucum\u00e3, conseguimos ver beleza at\u00e9 mesmo nos vastos campos de planta\u00e7\u00e3o de soja do Estado (no m\u00ednimo voc\u00ea associa \u00e0s imagens \u00e0s prote\u00e7\u00f5es de tela do seu amado computador e faz belas fotos que poderiam at\u00e9 ser vendidas ao Bill Gates).<br \/>\nAs placas na estrada, desde a cidade de Carazinho (RS) anunciam a &#8220;Rota do Yucum\u00e3&#8221;. Bem, n\u00e3o h\u00e1 exatamente uma rota, embora propaguem que 33 munic\u00edpios e, consequentemente, seus atrativos fa\u00e7am parte dela. (Tudo por ali no quesito turismo parece estar em forma\u00e7\u00e3o, ent\u00e3o \u00e9 aguardar).<br \/>\nVoc\u00ea tamb\u00e9m ir\u00e1 se deparar com algum material publicit\u00e1rio na cidade onde est\u00e1 o Salto, Derrubadas (RS) falando de trilhas no Parque Florestal do Turvo; por\u00e9m a qualquer pessoa que se pergunte sobre, a resposta \u00e9 &#8220;aqui \u00e9 s\u00f3 o Salto mesmo&#8221;. J\u00e1 do lado argentino h\u00e1 passeios de barco, 4&#215;4, \u00e0 cavalo, rafting etc.<br \/>\nDe acordo com Felipe St\u00fcrmer, h\u00e1 previsto no plano de manejo do parque, &#8220;para este ano ainda&#8221; a cria\u00e7\u00e3o de mirantes e a implementa\u00e7\u00e3o de passeios de barco, para que o visitante possa ao menos usufruir de um dia todo no Salto.<\/p>\n<div id=\"attachment_5438\" style=\"width: 1034px\" class=\"wp-caption alignnone\"><a href=\"https:\/\/www.mochileiros.com\/blog\/wp-content\/uploads\/2013\/02\/IMG_7215.jpg\"><img loading=\"lazy\" decoding=\"async\" aria-describedby=\"caption-attachment-5438\" class=\" wp-image-5438 size-large\" src=\"https:\/\/www.mochileiros.com\/blog\/wp-content\/uploads\/2013\/02\/IMG_7215-1024x682.jpg\" alt=\"Turistas no Salto do Yucum\u00e3 | Foto: Silnei L. Andrade \/ Mochila Brasil\" width=\"1024\" height=\"682\" \/><\/a><p id=\"caption-attachment-5438\" class=\"wp-caption-text\">Turistas no Salto do Yucum\u00e3 | Foto: Silnei L. Andrade \/ Mochila Brasil<\/p><\/div>\n<div id=\"ez-toc-container\" class=\"ez-toc-v2_0_82_2 counter-hierarchy ez-toc-counter ez-toc-grey ez-toc-container-direction\">\n<div class=\"ez-toc-title-container\">\n<p class=\"ez-toc-title\" style=\"cursor:inherit\">\u00cdndice<\/p>\n<span class=\"ez-toc-title-toggle\"><a href=\"#\" class=\"ez-toc-pull-right ez-toc-btn ez-toc-btn-xs ez-toc-btn-default ez-toc-toggle\" aria-label=\"Alternar tabela de conte\u00fado\"><span class=\"ez-toc-js-icon-con\"><span class=\"\"><span class=\"eztoc-hide\" style=\"display:none;\">Toggle<\/span><span class=\"ez-toc-icon-toggle-span\"><svg style=\"fill: #999;color:#999\" xmlns=\"http:\/\/www.w3.org\/2000\/svg\" class=\"list-377408\" width=\"20px\" height=\"20px\" viewBox=\"0 0 24 24\" fill=\"none\"><path d=\"M6 6H4v2h2V6zm14 0H8v2h12V6zM4 11h2v2H4v-2zm16 0H8v2h12v-2zM4 16h2v2H4v-2zm16 0H8v2h12v-2z\" fill=\"currentColor\"><\/path><\/svg><svg style=\"fill: #999;color:#999\" class=\"arrow-unsorted-368013\" xmlns=\"http:\/\/www.w3.org\/2000\/svg\" width=\"10px\" height=\"10px\" viewBox=\"0 0 24 24\" version=\"1.2\" baseProfile=\"tiny\"><path d=\"M18.2 9.3l-6.2-6.3-6.2 6.3c-.2.2-.3.4-.3.7s.1.5.3.7c.2.2.4.3.7.3h11c.3 0 .5-.1.7-.3.2-.2.3-.5.3-.7s-.1-.5-.3-.7zM5.8 14.7l6.2 6.3 6.2-6.3c.2-.2.3-.5.3-.7s-.1-.5-.3-.7c-.2-.2-.4-.3-.7-.3h-11c-.3 0-.5.1-.7.3-.2.2-.3.5-.3.7s.1.5.3.7z\"\/><\/svg><\/span><\/span><\/span><\/a><\/span><\/div>\n<nav><ul class='ez-toc-list ez-toc-list-level-1 ' ><li class='ez-toc-page-1 ez-toc-heading-level-2'><a class=\"ez-toc-link ez-toc-heading-1\" href=\"https:\/\/www.mochileiros.com\/blog\/salto-do-yucuma\/#Bora_pro_Yucuma\" >Bora pro Yucum\u00e3?<\/a><\/li><li class='ez-toc-page-1 ez-toc-heading-level-2'><a class=\"ez-toc-link ez-toc-heading-2\" href=\"https:\/\/www.mochileiros.com\/blog\/salto-do-yucuma\/#Bora_pro_Yucuma_argentino\" >Bora pro Yucum\u00e3 argentino?<\/a><\/li><li class='ez-toc-page-1 ez-toc-heading-level-2'><a class=\"ez-toc-link ez-toc-heading-3\" href=\"https:\/\/www.mochileiros.com\/blog\/salto-do-yucuma\/#Mas%E2%80%A6_o_pais_fechou\" >Mas&#8230; o pa\u00eds fechou<\/a><\/li><li class='ez-toc-page-1 ez-toc-heading-level-2'><a class=\"ez-toc-link ez-toc-heading-4\" href=\"https:\/\/www.mochileiros.com\/blog\/salto-do-yucuma\/#Como_chegar_a_Derrubadas\" >Como chegar \u00e0 Derrubadas<\/a><\/li><li class='ez-toc-page-1 ez-toc-heading-level-2'><a class=\"ez-toc-link ez-toc-heading-5\" href=\"https:\/\/www.mochileiros.com\/blog\/salto-do-yucuma\/#Esticadinha_pela_regiao\" >Esticadinha pela regi\u00e3o<\/a><\/li><li class='ez-toc-page-1 ez-toc-heading-level-2'><a class=\"ez-toc-link ez-toc-heading-6\" href=\"https:\/\/www.mochileiros.com\/blog\/salto-do-yucuma\/#Mais\" >Mais<\/a><\/li><li class='ez-toc-page-1 ez-toc-heading-level-2'><a class=\"ez-toc-link ez-toc-heading-7\" href=\"https:\/\/www.mochileiros.com\/blog\/salto-do-yucuma\/#Fotos_do_Salto_Yucuma_e_Regiao\" >Fotos do Salto Yucum\u00e3 e Regi\u00e3o:<\/a><\/li><\/ul><\/nav><\/div>\n<h2 style=\"text-align: justify;\"><span class=\"ez-toc-section\" id=\"Bora_pro_Yucuma\"><\/span>Bora pro Yucum\u00e3?<span class=\"ez-toc-section-end\"><\/span><\/h2>\n<p style=\"text-align: justify;\">Derrubadas fica a cerca de 490Km de Porto Alegre. Do centro da cidade at\u00e9 a entrada do parque s\u00e3o 4 Km. Dali s\u00e3o mais 15Km de estrada de terra que podem ser percorridos em carro\/moto\/bicicleta ou \u00e0 p\u00e9. A velocidade m\u00e1xima permitida \u00e9 de 30Km\/h e \u00e9 imprescind\u00edvel respeitar esse limite, porque n\u00e3o raro voc\u00ea vai se deparar com um lagart\u00e3o buscando sol na estradinha. Al\u00e9m do cuidado com a fauna local, voc\u00ea aprecia a bel\u00edssima e preservada vegeta\u00e7\u00e3o nativa e um (sempre lindo) bal\u00e9 de borboletas.<br \/>\nEsses 15Km levam ao estacionamento que est\u00e1 a uns 5 minutos de caminhada do Salto.<br \/>\nOs pre\u00e7os de ingresso ao Parque do Turvo (onde est\u00e1 o Salto) s\u00e3o:<br \/>\nR$ 7,27 (moto), R$ 11,98 (autom\u00f3vel) e R$ 39,99 (utilit\u00e1rio leve); os valores s\u00e3o por ve\u00edculo e incluem todos os seus passageiros.<br \/>\nTamb\u00e9m \u00e9 poss\u00edvel pegar um t\u00e1xi do centro de Derrubadas para o parque e pagar coisa de R$ 5,00 a corrida. Voc\u00ea pode negociar com o taxista a ida at\u00e9 o Salto (pagando pelo ingresso, mais o servi\u00e7o dele) ou partir da entrada \u00e0 p\u00e9; n\u00e3o esquecendo claro, que voc\u00ea ter\u00e1 de voltar pra onde partiu e que por ali n\u00e3o encontrar\u00e1 taxis ou outro meio de transporte lhe esperando.<br \/>\nO parque abre de quarta a domingo, das 8h \u00e0s 17h. Como h\u00e1 os 15Km de estrada de terra, a 30Km\/h tanto pra ir, quanto pra voltar, a recomenda\u00e7\u00e3o oficial \u00e9 para que o visitante programe sua sa\u00edda antes das 16:30h; \u00e9&#8230; se n\u00e3o os guardas v\u00e3o atr\u00e1s de voc\u00ea fazendo as vezes de despertador. Dois deles nos pegaram na metade da pequena trilha que leva de volta at\u00e9 o estacionamento &#8211; eles estavam indo buscar um casal que praticamente tinha acabado de chegar. Portanto, se quiser aproveitar ao m\u00e1ximo sua ida ao Salto, tente chegar o mais cedo poss\u00edvel.<br \/>\nAten\u00e7\u00e3o para a prote\u00e7\u00e3o solar e a hidrata\u00e7\u00e3o. N\u00e3o h\u00e1 vegeta\u00e7\u00e3o (que fa\u00e7a sombra) sobre as pedras no leito do rio e com o sol elas viram verdadeiras chapas. Apesar do grande volume de \u00e1gua, o calor \u00e9 extremamente forte (acho que com a \u00e1gua de pequenas po\u00e7as dali dava at\u00e9 pra fazer um chimarr\u00e3o!).<br \/>\nN\u00e3o h\u00e1 lanchonetes ou restaurantes na \u00e1rea, portanto leve \u00e1gua mineral, frutas e barras de cereal se pretente ficar o dia todo por ali. Roupas leves, protetor solar, \u00f3culos escuros e chap\u00e9u podem ajud\u00e1-lo a curtir mais o local.<\/p>\n<h2 style=\"text-align: justify;\"><span class=\"ez-toc-section\" id=\"Bora_pro_Yucuma_argentino\"><\/span>Bora pro Yucum\u00e3 argentino?<span class=\"ez-toc-section-end\"><\/span><\/h2>\n<p style=\"text-align: justify;\">Do lado brasileiro voc\u00ea consegue avistar uma placa verde daquelas indicativas de lugares tur\u00edsticos ou de estrada e logo pensa em como chegar ali.<br \/>\nNadando voc\u00ea n\u00e3o vai n\u00e9?! Ali\u00e1s, muito cuidado nas pedras pr\u00f3ximas \u00e0 margem &#8211; n\u00e3o h\u00e1 absolutamente nada onde voc\u00ea possa se agarrar num escorreg\u00e3o!<br \/>\nDepois de avistada a placa, um barco passeia pelas \u00e1guas do Rio Uruguai e n\u00f3s: de onde partem esses barcos? Ok, mera curiosidade; as manobras feitas pelo barco ali diante de nossos olhos conseguiram tirar de mim qualquer sombra de vontade que pudesse existir de passear de barco ali, naquele momento. Bem, e na verdade, naquele cen\u00e1rio acho que o que realmente vale \u00e9 o visual e o curtir tranquilamente, o barco at\u00e9 destoava um pouco&#8230;<br \/>\nBem, mas para os interessados no barco: por enquanto ele s\u00f3 parte do lado argentino.<br \/>\nPara saber mais, toca pra Porto Soberbo, cidade argentina (na verdade a cidade se chama El Soberbio, fica na prov\u00edncia de Misiones) que faz fronteira com o Brasil nessa \u00e1rea e de onde \u00e9 poss\u00edvel acessar o Salto do lado hermano.<\/p>\n<h2><span class=\"ez-toc-section\" id=\"Mas%E2%80%A6_o_pais_fechou\"><\/span>Mas&#8230; o pa\u00eds fechou<span class=\"ez-toc-section-end\"><\/span><\/h2>\n<div id=\"attachment_5424\" style=\"width: 1034px\" class=\"wp-caption alignnone\"><a href=\"https:\/\/www.mochileiros.com\/blog\/wp-content\/uploads\/2013\/02\/IMG_4646.jpg\"><img loading=\"lazy\" decoding=\"async\" aria-describedby=\"caption-attachment-5424\" class=\" wp-image-5424 size-large\" src=\"https:\/\/www.mochileiros.com\/blog\/wp-content\/uploads\/2013\/02\/IMG_4646-1024x740.jpg\" alt=\"Fronteira Brasil Argentina | Foto: Silnei L Andrade \/ Mochila Brasil\" width=\"1024\" height=\"740\" \/><\/a><p id=\"caption-attachment-5424\" class=\"wp-caption-text\">Fronteira Brasil Argentina | Foto: Silnei L Andrade \/ Mochila Brasil<\/p><\/div>\n<p style=\"text-align: justify;\">Passava das 18h e infelizmente encontramos a Argentina&#8230; fechada. Eu n\u00e3o pensei que isso seria poss\u00edvel, mas sim, o pa\u00eds estava de port\u00f5es fechados &#8211; pelo menos naquele ponto o &#8220;Porto Internacional de Soberbo&#8221; estava cerrado. &#8220;Ah, d\u00e1 umas cinco e meia, eles fecham&#8221;, respondeu um brasileiro, morador do lado brasileiro quando perguntamos se n\u00e3o poder\u00edamos seguir viagem por ali, passando pela Argentina.<br \/>\nOk, daria*, mas ter\u00edamos que esperar o pa\u00eds reabrir&#8230;<br \/>\nVoltamos pra Derrubadas pra tentar comer algo e como a cidade n\u00e3o \u00e9 muito dotada de infra e n\u00f3s est\u00e1vamos com uma fome maior que o Salto, decidimos voltar pra Seberi pra jantar no restaurante do posto de gasolina, o Kakareko: R$ 15,90 por pessoa (buffet livre + uma imensa &#8220;chuletinha&#8221; estilo mata fome de 3 dias).<br \/>\nComo a gente curte esse neg\u00f3cio de &#8216;n\u00e3o sei pra onde exatamente vamos agora&#8217; demos um tempo no posto, tentando acessar a internet via 3G. 3G no Brasil \u00e9 aquela coisa, dar um tempo \u00e9 realmente dar um teeeempo, o tempo \u00e9 tanto que o cansa\u00e7o realmente bateu e sendo assim, \u00e9 chegada a hora de buscar um lugar pra dormir. A 17Km de Derrubadas, numa cidade relativamente mais estruturada que ela, Tenente Portela (RS) havia pelo menos 2 hot\u00e9is o Avenida e o Maia. Como nossa ideia era descer, decidimos ir pra cidade de Frederico Westphalen, perto dali, \u00e0s margens da BR 258 e pegar o primeiro hotel razo\u00e1vel que surgisse no horizonte.<br \/>\nConseguimos um bastante razo\u00e1vel (o <span style=\"text-decoration: underline;\" data-mce-mark=\"1\"><a href=\"http:\/\/www.hotelerestaurantebelavista.com.br\/site\/sobre.php\" target=\"_blank\" rel=\"noopener\">Hotel Bela Vista<\/a><\/span>), embora pudesse ser um pouquinho mais barato, haja vista que chegamos quase 01:30h da matina e nem caf\u00e9 tomamos (nos custou R$ 90\/casal &#8211; cama box, ar condicionado, chuveiro quente, TV, caf\u00e9 da manh\u00e3. Ah, a toalha de banho cheirava um pouco a churrasco, mas deu pra usar. Epa, como assim? Deve ter sido seca em uma \u00e1rea aberta, pr\u00f3xima a alguma carne assando).<br \/>\n<em>Dica<\/em>: nunca procure uma hospedagem quando voc\u00ea estiver extremamente cansado, voc\u00ea corre o risco de dormir mal, pagando mais do que deveria (n\u00e3o foi o caso desta vez).<\/p>\n<p><em>*Ok, n\u00e3o daria. N\u00f3s est\u00e1vamos sem o seguro Carta Verde, que permite a circula\u00e7\u00e3o de carros brasileiros no Paraguai, Uruguai e Argentina, seguro que tiramos em Santana do Livramento (RS) quando de nossa entrada no Uruguai, via Rivera.<\/em><br \/>\n<em> Nos pr\u00f3ximos dias traremos informa\u00e7\u00f5es e dicas sobre o Uruguai.<\/em><\/p>\n<h2 style=\"text-align: justify;\"><span class=\"ez-toc-section\" id=\"Como_chegar_a_Derrubadas\"><\/span>Como chegar \u00e0 Derrubadas<span class=\"ez-toc-section-end\"><\/span><\/h2>\n<div id=\"attachment_5426\" style=\"width: 1034px\" class=\"wp-caption alignnone\"><a href=\"https:\/\/www.mochileiros.com\/blog\/wp-content\/uploads\/2013\/02\/IMG_7133.jpg\"><img loading=\"lazy\" decoding=\"async\" aria-describedby=\"caption-attachment-5426\" class=\" wp-image-5426 size-large\" src=\"https:\/\/www.mochileiros.com\/blog\/wp-content\/uploads\/2013\/02\/IMG_7133-1024x682.jpg\" alt=\"Verde, amarelo, azul e branco nas estradas rumo ao Salto | Foto: Silnei L Andrade \/ Mochila Brasil\" width=\"1024\" height=\"682\" \/><\/a><p id=\"caption-attachment-5426\" class=\"wp-caption-text\">Verde, amarelo, azul e branco nas estradas rumo ao Salto | Foto: Silnei L Andrade \/ Mochila Brasil<\/p><\/div>\n<p style=\"text-align: justify;\">Com ve\u00edculo pr\u00f3prio (carro\/moto\/bike) partindo de Porto Alegre, pegue a BR 116 at\u00e9 a BR 386 sentido Nova Santa Rita, dali at\u00e9 a BR 472, sentido Taquaru\u00e7u do Sul (a entradinha da cidade \u00e9 mais caprichadinha da regi\u00e3o) siga at\u00e9 a BR 330 para Tenente Portela e de l\u00e1 at\u00e9 Derrubadas (esses &#8216;p\u00f3rticos&#8217; de cidades s\u00e3o uma coisa meio de mal gosto, na minha opini\u00e3o, mas o de Derrubadas tamb\u00e9m \u00e9 bem simp\u00e1tico, parece coisa de parque de divers\u00f5es).<br \/>\nJ\u00e1 de \u00f4nibus, voc\u00ea deve tomar um que v\u00e1 para Tenente Portela (<span style=\"text-decoration: underline;\" data-mce-mark=\"1\"><a href=\"http:\/\/www.viacaoouroeprata.com.br\/site\/default.asp\" target=\"_blank\" rel=\"noopener\">Via\u00e7\u00e3o Ouro e Prata<\/a><\/span>) e de l\u00e1 tomar outro at\u00e9 Derrubadas (<span style=\"text-decoration: underline;\" data-mce-mark=\"1\"><a href=\"http:\/\/www.sulserratransportes.com.br\/\" target=\"_blank\" rel=\"noopener\">Via\u00e7\u00e3o Sul Serra<\/a><\/span>).<br \/>\nAs estradas que levam \u00e0 Derrubadas e de l\u00e1 para a entrada para o parque est\u00e3o asfaltadas e em boas condi\u00e7\u00f5es.<\/p>\n<p><strong>Nosso trajeto:<\/strong> Como quer\u00edamos matar a saudade e rever ao menos o<span style=\"text-decoration: underline;\" data-mce-mark=\"1\"><a href=\"https:\/\/www.mochileiros.com\/blog\/destinos\/aparados-e-serra-geral\" target=\"_blank\" rel=\"noopener\"> C\u00e2nion Itaimbezinho<\/a><\/span>, <span style=\"text-decoration: underline;\" data-mce-mark=\"1\"><a href=\"https:\/\/www.mochileiros.com\/blog\/destinos\/urubici-e-o-parque-nacional-de-sao-joaquim\" target=\"_blank\" rel=\"noopener\">Urubici e S\u00e3o Joaquim<\/a><\/span>, seguimos \u00e0 Derrubadas via serra (SC e RS); pegamos a BR 285 sentido Vacaria (RS) (onde chegamos \u00e0 noite, com a cidade toda sem energia el\u00e9trica &#8211; tudo \u00e0s escuras, sem\u00e1foros sem funcionar e no hor\u00e1rio de rush: &#8220;pip stop&#8221; e bye), seguimos sentido Passo Fundo (RS) onde acabamos dormindo; para na manh\u00e3 seguinte seguir sentido Carazinho (RS), j\u00e1 BR 386, subindo sentido Sarandi (RS) at\u00e9 Seberi (RS) onde \u00e9 bom ficar atento para que lado seguir; no caso, Tenente Portela, j\u00e1 bem perto dali (passando pelas entradas de v\u00e1rias cidadezinhas, como Taquaru\u00e7u do Sul, Vista Alegre e Palmitinho). De Tenente Portela \u00e9 s\u00f3 seguir pra Derrubadas.<br \/>\n&#8211; Esse trajeto \u00e9 uma op\u00e7\u00e3o para quem quer visitar os <span style=\"text-decoration: underline;\" data-mce-mark=\"1\"><a href=\"https:\/\/www.mochileiros.com\/blog\/destinos\/aparados-e-serra-geral\" target=\"_blank\" rel=\"noopener\">Parques Nacionais Aparados da Serra e Serra Geral<\/a><\/span> (e seus bel\u00edssimos c\u00e2nions),<span style=\"text-decoration: underline;\" data-mce-mark=\"1\"> <a href=\"https:\/\/www.mochileiros.com\/blog\/destinos\/urubici-e-o-parque-nacional-de-sao-joaquim\" target=\"_blank\" rel=\"noopener\">Urubici e S\u00e3o Joaquim<\/a><\/span> antes de seguir para o Salto do Yucum\u00e3.<\/p>\n<h2 style=\"text-align: justify;\"><span class=\"ez-toc-section\" id=\"Esticadinha_pela_regiao\"><\/span>Esticadinha pela regi\u00e3o<span class=\"ez-toc-section-end\"><\/span><\/h2>\n<p style=\"text-align: justify;\">Apesar de o Salto Yucum\u00e3 ser um atrativo por si s\u00f3, muitos viajantes (sobretudo os que n\u00e3o est\u00e3o na regi\u00e3o sul do pa\u00eds) podem querer mais de um deslocamento assim. Uma boa op\u00e7\u00e3o para quem quer dar uma esticadinha pela regi\u00e3o \u00e9 conhecer a Rota das <span style=\"text-decoration: underline;\" data-mce-mark=\"1\"><a href=\"https:\/\/www.mochileiros.com\/blog\/destinos\/missoes\" target=\"_blank\" rel=\"noopener\">Miss\u00f5es<\/a><\/span>. Uma das cidades da rota, Santo \u00c2ngelo, por exemplo, est\u00e1 a 203Km de Derrubadas.<br \/>\nO deslocamento pode ser feito por \u00f4nibus da Via\u00e7\u00e3o Sul Serra (Telefone: 55 3522-1361. <span style=\"text-decoration: underline;\" data-mce-mark=\"1\"><a href=\"http:\/\/www.sulserratransportes.com.br\/\" target=\"_blank\" rel=\"noopener\">Site<\/a><\/span> em constru\u00e7\u00e3o).<\/p>\n<h2 style=\"text-align: justify;\"><span class=\"ez-toc-section\" id=\"Mais\"><\/span>Mais<span class=\"ez-toc-section-end\"><\/span><\/h2>\n<p style=\"text-align: justify;\">Not\u00edcias da Eletrobras sobre o andamento da binacional podem ser obtidas<span style=\"text-decoration: underline;\"> <a href=\"http:\/\/www.eletrobras.com\/elb\/main.asp?View={39833F64-5D0E-472A-8BFD-5F3FF333BA0D}\" target=\"_blank\" rel=\"noopener\">aqui<\/a><\/span>.<br \/>\nO plano de manejo do Parque Estadual do Turvo, elaborado pela Secretaria do Meio Ambiente do RS tem interessantes hist\u00f3rias sobre a unidade est\u00e1 <span style=\"text-decoration: underline;\"><a href=\"http:\/\/www.sema.rs.gov.br\/upload\/arquivos\/201610\/24172430-plano-manejo-peturvo.pdf\" target=\"_blank\" rel=\"noopener\">aqui<\/a><\/span>.<br \/>\nMais informa\u00e7\u00f5es tamb\u00e9m no <span style=\"text-decoration: underline;\"><a href=\"http:\/\/www.turismoyucuma.com.br\" target=\"_blank\" rel=\"noopener\">http:\/\/www.turismoyucuma.com.br<\/a><\/span>\u00a0e com a\u00a0Secretaria do Turismo de Derrubadas (E-mail: turismo@derrubadas-rs.com.br . Telefone: 55 3616-3017).<\/p>\n<h2><span class=\"ez-toc-section\" id=\"Fotos_do_Salto_Yucuma_e_Regiao\"><\/span>Fotos do Salto Yucum\u00e3 e Regi\u00e3o:<span class=\"ez-toc-section-end\"><\/span><\/h2>\n<p>[justified_image_grid preset=1 link_title_field=caption img_alt_field=title]<\/p>\n","protected":false},"excerpt":{"rendered":"<p>N\u00e3o, n\u00e3o se trata de uma super promo\u00e7\u00e3o, mas de um alerta \u00e0queles que querem conhecer um dos mais belos pontos do sul do Brasil: o Salto do Yucum\u00e3. No extremo noroeste do Estado do Rio Grande do Sul, fazendo divisa com a Argentina (e dividindo com o vizinho a beleza, assim como o faz [&hellip;]<\/p>\n","protected":false},"author":2,"featured_media":5427,"comment_status":"open","ping_status":"closed","sticky":false,"template":"","format":"standard","meta":{"googlesitekit_rrm_CAoiELM5mIOjYRN0nfylq3_9r-8:productID":"","_crdt_document":"","_daim_seo_power":"","_daim_enable_ail":"","footnotes":""},"categories":[1193],"tags":[2561,2562,68,208],"class_list":["post-5007","post","type-post","status-publish","format-standard","has-post-thumbnail","hentry","category-brasil","tag-derrubadas","tag-parque-estadual-do-turvo","tag-rio-grande-do-sul","tag-salto-do-yucuma"],"_links":{"self":[{"href":"https:\/\/www.mochileiros.com\/blog\/wp-json\/wp\/v2\/posts\/5007","targetHints":{"allow":["GET"]}}],"collection":[{"href":"https:\/\/www.mochileiros.com\/blog\/wp-json\/wp\/v2\/posts"}],"about":[{"href":"https:\/\/www.mochileiros.com\/blog\/wp-json\/wp\/v2\/types\/post"}],"author":[{"embeddable":true,"href":"https:\/\/www.mochileiros.com\/blog\/wp-json\/wp\/v2\/users\/2"}],"replies":[{"embeddable":true,"href":"https:\/\/www.mochileiros.com\/blog\/wp-json\/wp\/v2\/comments?post=5007"}],"version-history":[{"count":0,"href":"https:\/\/www.mochileiros.com\/blog\/wp-json\/wp\/v2\/posts\/5007\/revisions"}],"wp:featuredmedia":[{"embeddable":true,"href":"https:\/\/www.mochileiros.com\/blog\/wp-json\/wp\/v2\/media\/5427"}],"wp:attachment":[{"href":"https:\/\/www.mochileiros.com\/blog\/wp-json\/wp\/v2\/media?parent=5007"}],"wp:term":[{"taxonomy":"category","embeddable":true,"href":"https:\/\/www.mochileiros.com\/blog\/wp-json\/wp\/v2\/categories?post=5007"},{"taxonomy":"post_tag","embeddable":true,"href":"https:\/\/www.mochileiros.com\/blog\/wp-json\/wp\/v2\/tags?post=5007"}],"curies":[{"name":"wp","href":"https:\/\/api.w.org\/{rel}","templated":true}]}}