{"id":50180,"date":"2020-08-12T14:31:20","date_gmt":"2020-08-12T17:31:20","guid":{"rendered":"https:\/\/www.mochileiros.com\/blog\/?p=50180"},"modified":"2020-08-12T14:34:13","modified_gmt":"2020-08-12T17:34:13","slug":"campanha-oferece-descontos-em-atracoes-turisticas-do-rio","status":"publish","type":"post","link":"https:\/\/www.mochileiros.com\/blog\/campanha-oferece-descontos-em-atracoes-turisticas-do-rio","title":{"rendered":"Campanha oferece descontos em atra\u00e7\u00f5es tur\u00edsticas do Rio"},"content":{"rendered":"<p>Foi lan\u00e7ada hoje (12), no Rio de Janeiro, a campanha <span style=\"text-decoration: underline;\"><a href=\"https:\/\/redescubraorio.rio\/\" target=\"_blank\" rel=\"noopener noreferrer\">Redescubra o Rio<\/a><\/span>, liderada pelas cinco principais atra\u00e7\u00f5es da cidade. O objetivo \u00e9 oferecer descontos de 30% a 50% nos ingressos para estimular visitas no per\u00edodo de retomada das atividades, fechadas em mar\u00e7o por causa da pandemia de covid-19. Ser\u00e3o beneficiados moradores do estado do Rio de Janeiro, mediante apresenta\u00e7\u00e3o de comprovante de resid\u00eancia.<br \/>\nParticipam da campanha o AquaRio, o Bondinho do P\u00e3o de A\u00e7\u00facar, o Jardim Bot\u00e2nico, a roda gigante Rio Star e os dois sistemas que d\u00e3o acesso ao Cristo Redentor, que s\u00e3o o Trem do Corcovado e o Paineiras Corcovado. Os turistas ser\u00e3o levados por vans aos locais.<br \/>\nOs <a href=\"https:\/\/www.mochileiros.com\/blog\/pontos-turisticos-do-rio-voltam-a-funcionar-no-sabado\" target=\"_blank\" rel=\"noopener noreferrer\"><span style=\"text-decoration: underline;\">pontos tur\u00edsticos j\u00e1 anunciaram que v\u00e3o reabrir neste s\u00e1bad<\/span>o<\/a> (15) com restri\u00e7\u00f5es de capacidade e seguindo as normas sanit\u00e1rias para combater a propaga\u00e7\u00e3o do novo coronav\u00edrus. A campanha Redescubra o Rio termina no dia 15 de setembro.<\/p>\n<div id=\"attachment_50183\" style=\"width: 1034px\" class=\"wp-caption aligncenter\"><img loading=\"lazy\" decoding=\"async\" aria-describedby=\"caption-attachment-50183\" class=\"wp-image-50183 size-full\" src=\"https:\/\/www.mochileiros.com\/blog\/wp-content\/uploads\/2020\/08\/paodeacucar_brunaprado_mtur.jpg\" alt=\"\" width=\"1024\" height=\"683\" srcset=\"https:\/\/www.mochileiros.com\/blog\/wp-content\/uploads\/2020\/08\/paodeacucar_brunaprado_mtur.jpg 1024w, https:\/\/www.mochileiros.com\/blog\/wp-content\/uploads\/2020\/08\/paodeacucar_brunaprado_mtur-300x200.jpg 300w, https:\/\/www.mochileiros.com\/blog\/wp-content\/uploads\/2020\/08\/paodeacucar_brunaprado_mtur-768x512.jpg 768w, https:\/\/www.mochileiros.com\/blog\/wp-content\/uploads\/2020\/08\/paodeacucar_brunaprado_mtur-1536x1025.jpg 1536w, https:\/\/www.mochileiros.com\/blog\/wp-content\/uploads\/2020\/08\/paodeacucar_brunaprado_mtur-2048x1366.jpg 2048w, https:\/\/www.mochileiros.com\/blog\/wp-content\/uploads\/2020\/08\/paodeacucar_brunaprado_mtur-788x525.jpg 788w\" sizes=\"auto, (max-width: 1024px) 100vw, 1024px\" \/><p id=\"caption-attachment-50183\" class=\"wp-caption-text\">P\u00e3o de A\u00e7\u00facar | Foto: Bruna Prado\/MTur.<\/p><\/div>\n<h3>Jardim Bot\u00e2nico<\/h3>\n<p>A ades\u00e3o do Jardim Bot\u00e2nico do Rio de Janeiro, institui\u00e7\u00e3o vinculada ao Minist\u00e9rio do Meio Ambiente ocorreu por meio de decreto publicado na <span style=\"text-decoration: underline;\"><a href=\"https:\/\/www.in.gov.br\/en\/web\/dou\/-\/portaria-n-91-de-7-de-agosto-de-2020-271795562\" target=\"_blank\" rel=\"noopener noreferrer\">edi\u00e7\u00e3o de hoje do Di\u00e1rio Oficial da Uni\u00e3o<\/a><\/span>.<\/p>\n<p>O parque reabriu ao p\u00fablico no dia 9 de julho, com visitas agendadas. Alguns espa\u00e7os permanecem fechados, por serem prop\u00edcios a aglomera\u00e7\u00f5es. O ingresso custa R$ 15 a inteira e o desconto oferecido no Redescubra Rio \u00e9 de 30%.<\/p>\n<div id=\"attachment_50182\" style=\"width: 1034px\" class=\"wp-caption aligncenter\"><img loading=\"lazy\" decoding=\"async\" aria-describedby=\"caption-attachment-50182\" class=\"wp-image-50182 size-full\" src=\"https:\/\/www.mochileiros.com\/blog\/wp-content\/uploads\/2020\/08\/jardimbotanicorio_brunaprado_mtur.jpg\" alt=\"\" width=\"1024\" height=\"683\" srcset=\"https:\/\/www.mochileiros.com\/blog\/wp-content\/uploads\/2020\/08\/jardimbotanicorio_brunaprado_mtur.jpg 1024w, https:\/\/www.mochileiros.com\/blog\/wp-content\/uploads\/2020\/08\/jardimbotanicorio_brunaprado_mtur-300x200.jpg 300w, https:\/\/www.mochileiros.com\/blog\/wp-content\/uploads\/2020\/08\/jardimbotanicorio_brunaprado_mtur-768x512.jpg 768w, https:\/\/www.mochileiros.com\/blog\/wp-content\/uploads\/2020\/08\/jardimbotanicorio_brunaprado_mtur-1536x1025.jpg 1536w, https:\/\/www.mochileiros.com\/blog\/wp-content\/uploads\/2020\/08\/jardimbotanicorio_brunaprado_mtur-2048x1366.jpg 2048w, https:\/\/www.mochileiros.com\/blog\/wp-content\/uploads\/2020\/08\/jardimbotanicorio_brunaprado_mtur-788x525.jpg 788w\" sizes=\"auto, (max-width: 1024px) 100vw, 1024px\" \/><p id=\"caption-attachment-50182\" class=\"wp-caption-text\">Jardim Bot\u00e2nico | Foto: Bruna Prado\/MTur.<\/p><\/div>\n<h3>Turismo no estado<\/h3>\n<p>Em decreto publicado hoje no Di\u00e1rio Oficial do Rio de Janeiro, o governo do estado autoriza a abertura de pontos e locais de interesse tur\u00edsticos, limitados \u00e0 lota\u00e7\u00e3o de 50% da capacidade. Ag\u00eancias de viagens, operadores tur\u00edsticos e servi\u00e7os de reservas podem voltar a operar em hor\u00e1rio integral.<\/p>\n<p>O decreto autoriza tamb\u00e9m a realiza\u00e7\u00e3o de eventos sociais em sal\u00f5es e casas de festa nas regi\u00f5es classificadas como de baixo risco de propaga\u00e7\u00e3o do novo coronav\u00edrus. No momento, a libera\u00e7\u00e3o vale para as regi\u00f5es Metropolitana I, Metropolitana II, Centro Sul, M\u00e9dio Para\u00edba e Norte. Os estabelecimentos ter\u00e3o que assegurar o respeito ao limite de um ter\u00e7o da capacidade total e o m\u00e1ximo de 500 pessoas.<\/p>\n<p>Os dados usados como base para a libera\u00e7\u00e3o das atividades est\u00e3o no <span style=\"text-decoration: underline;\"><a href=\"https:\/\/www.saude.rj.gov.br\/noticias\/2020\/08\/mapa-de-risco-para-covid-passa-a-classificar-cinco-regioes-do-estado-do-rio-como-bandeira-amarela\" target=\"_blank\" rel=\"noopener noreferrer\">Pacto Covid<\/a><\/span>. A \u00faltima atualiza\u00e7\u00e3o do mapa de risco foi feita no dia 4 de agosto. O decreto autorizou tamb\u00e9m atividades presenciais em cursos, nas regi\u00f5es classificadas como de baixo risco de cont\u00e1gio.<\/p>\n<p><em>Texto: Akemi Nitahara\/<span style=\"text-decoration: underline;\"><a href=\"https:\/\/agenciabrasil.ebc.com.br\/geral\/noticia\/2020-08\/campanha-redescubra-o-rio-dara-descontos-em-atracoes-turisticas\" target=\"_blank\" rel=\"noopener noreferrer\">Ag\u00eancia Brasil<\/a><\/span>.<\/em><\/p>\n<ul>\n<li>Mais sobre a campanha acesse o <a href=\"https:\/\/redescubraorio.rio\/\" target=\"_blank\" rel=\"noopener noreferrer\"><span style=\"text-decoration: underline;\">https:\/\/redescubraorio.rio\/<\/span><\/a><\/li>\n<\/ul>\n<p><strong>Nota:<\/strong>\u00a0<span style=\"color: #ff0000;\"><em>Antes de planejar sua viagem a este destino informe-se sobre ele atrav\u00e9s do notici\u00e1rio (uma dica \u00e9 escrever o nome do destino no Google e clicar em \u2018not\u00edcias&#8217;) e confirme se ele segue aberto (eventualmente ele pode ser fechado novamente, haja vista que a pandemia n\u00e3o acabou) e quais regras devem ser seguidas.<\/em><\/span><\/p>\n","protected":false},"excerpt":{"rendered":"<p>Foi lan\u00e7ada hoje (12), no Rio de Janeiro, a campanha Redescubra o Rio, liderada pelas cinco principais atra\u00e7\u00f5es da cidade. O objetivo \u00e9 oferecer descontos de 30% a 50% nos ingressos para estimular visitas no per\u00edodo de retomada das atividades, fechadas em mar\u00e7o por causa da pandemia de covid-19. Ser\u00e3o beneficiados moradores do estado do [&hellip;]<\/p>\n","protected":false},"author":55,"featured_media":50183,"comment_status":"open","ping_status":"closed","sticky":false,"template":"","format":"standard","meta":{"googlesitekit_rrm_CAoiELM5mIOjYRN0nfylq3_9r-8:productID":"","_crdt_document":"","_daim_seo_power":"1000","_daim_enable_ail":"1","footnotes":""},"categories":[14],"tags":[66],"class_list":["post-50180","post","type-post","status-publish","format-standard","has-post-thumbnail","hentry","category-noticias","tag-rio-de-janeiro"],"_links":{"self":[{"href":"https:\/\/www.mochileiros.com\/blog\/wp-json\/wp\/v2\/posts\/50180","targetHints":{"allow":["GET"]}}],"collection":[{"href":"https:\/\/www.mochileiros.com\/blog\/wp-json\/wp\/v2\/posts"}],"about":[{"href":"https:\/\/www.mochileiros.com\/blog\/wp-json\/wp\/v2\/types\/post"}],"author":[{"embeddable":true,"href":"https:\/\/www.mochileiros.com\/blog\/wp-json\/wp\/v2\/users\/55"}],"replies":[{"embeddable":true,"href":"https:\/\/www.mochileiros.com\/blog\/wp-json\/wp\/v2\/comments?post=50180"}],"version-history":[{"count":0,"href":"https:\/\/www.mochileiros.com\/blog\/wp-json\/wp\/v2\/posts\/50180\/revisions"}],"wp:featuredmedia":[{"embeddable":true,"href":"https:\/\/www.mochileiros.com\/blog\/wp-json\/wp\/v2\/media\/50183"}],"wp:attachment":[{"href":"https:\/\/www.mochileiros.com\/blog\/wp-json\/wp\/v2\/media?parent=50180"}],"wp:term":[{"taxonomy":"category","embeddable":true,"href":"https:\/\/www.mochileiros.com\/blog\/wp-json\/wp\/v2\/categories?post=50180"},{"taxonomy":"post_tag","embeddable":true,"href":"https:\/\/www.mochileiros.com\/blog\/wp-json\/wp\/v2\/tags?post=50180"}],"curies":[{"name":"wp","href":"https:\/\/api.w.org\/{rel}","templated":true}]}}